{"id":1467,"date":"2022-06-29T12:23:19","date_gmt":"2022-06-29T10:23:19","guid":{"rendered":"https:\/\/www.bcd.bzh\/becedia\/bretagne-1972\/?p=1467"},"modified":"2022-06-29T12:23:20","modified_gmt":"2022-06-29T10:23:20","slug":"an-taol-lagad-special-annee-1972-la-greve-du-lait","status":"publish","type":"post","link":"http:\/\/www.bcd.bzh\/becedia\/bretagne-1972\/mouvements-sociaux\/an-taol-lagad-special-annee-1972-la-greve-du-lait\/","title":{"rendered":"An Taol lagad sp\u00e9cial Ann\u00e9e 1972 : la gr\u00e8ve du lait"},"content":{"rendered":"\n<h2 class=\"wp-block-heading\">Des \u00e9leveurs bretons jettent leur lait pour d\u00e9fendre leur gagne-pain<\/h2>\n\n\n\n<figure class=\"wp-block-embed is-type-video is-provider-youtube wp-block-embed-youtube wp-embed-aspect-16-9 wp-has-aspect-ratio\"><div class=\"wp-block-embed__wrapper\">\n<iframe loading=\"lazy\" title=\"1972 : des \u00e9leveurs bretons jettent leur lait pour d\u00e9fendre leur gagne-pain\" width=\"750\" height=\"422\" src=\"https:\/\/www.youtube.com\/embed\/ZApDA_b3zJU?feature=oembed\" frameborder=\"0\" allow=\"accelerometer; autoplay; clipboard-write; encrypted-media; gyroscope; picture-in-picture\" allowfullscreen><\/iframe>\n<\/div><\/figure>\n\n\n\n<p>Afin de proposer une r\u00e9trospective de l\u2019ann\u00e9e 1972, France 3 Bretagne produit une s\u00e9rie de reportages diffus\u00e9s dans l\u2019\u00e9mission\u00a0<em>An Taol Lagad<\/em>. Cela permet de visualiser certains temps forts avec des invit\u00e9s, t\u00e9moins de ces \u00e9pisodes marquants.<\/p>\n\n\n\n<p>1972 : des \u00e9leveurs bretons jettent leur lait pour d\u00e9fendre leur gagne-pain.<br>La Gr\u00e8ve du lait est l\u2019une des luttes embl\u00e9matiques de l\u2019ann\u00e9e 1972. Mi-Mai, dans plusieurs coins de Bretagne, des producteurs de lait d\u00e9cident de se mettre en gr\u00e8ve et de jeter leur lait pour protester contre des prix d\u2019achats trop bas par les laiteries. Apr\u00e8s deux semaines d\u2019\u00e2pres discussions, la lutte semble payer\u2026 mais la satisfaction des \u00e9leveurs est de courte de dur\u00e9e.<\/p>\n\n\n\n<p>La s\u00e9rie de reportages est \u00e0 retrouver sur&nbsp;<a href=\"https:\/\/www.bcd.bzh\/becedia\/bretagne-1972\/videotheque\/#france3\" target=\"_blank\" rel=\"noreferrer noopener\">notre site&nbsp;<\/a>et sur le portail France 3 Bretagne.<\/p>\n","protected":false},"excerpt":{"rendered":"<p>Des \u00e9leveurs bretons jettent leur lait pour d\u00e9fendre leur gagne-pain Afin de proposer une r\u00e9trospective de l\u2019ann\u00e9e 1972, France 3 Bretagne produit une s\u00e9rie de reportages diffus\u00e9s dans l\u2019\u00e9mission\u00a0An Taol Lagad. Cela permet de visualiser certains temps forts avec des invit\u00e9s, t\u00e9moins de ces \u00e9pisodes marquants. 1972 : des \u00e9leveurs bretons jettent leur lait pour&hellip; <a class=\"more-link\" href=\"http:\/\/www.bcd.bzh\/becedia\/bretagne-1972\/mouvements-sociaux\/an-taol-lagad-special-annee-1972-la-greve-du-lait\/\">Poursuivre la lecture <span class=\"screen-reader-text\">An Taol lagad sp\u00e9cial Ann\u00e9e 1972 : la gr\u00e8ve du lait<\/span><\/a><\/p>\n","protected":false},"author":5,"featured_media":1468,"comment_status":"closed","ping_status":"closed","sticky":false,"template":"","format":"standard","meta":{"inline_featured_image":false,"footnotes":""},"categories":[2],"tags":[],"class_list":["post-1467","post","type-post","status-publish","format-standard","has-post-thumbnail","hentry","category-mouvements-sociaux","entry"],"acf":[],"yoast_head":"<!-- This site is optimized with the Yoast SEO plugin v27.5 - https:\/\/yoast.com\/product\/yoast-seo-wordpress\/ -->\n<title>An Taol lagad sp\u00e9cial Ann\u00e9e 1972 : la gr\u00e8ve du lait - La Bretagne en 1972<\/title>\n<meta name=\"robots\" content=\"index, follow, max-snippet:-1, max-image-preview:large, max-video-preview:-1\" \/>\n<link rel=\"canonical\" href=\"http:\/\/www.bcd.bzh\/becedia\/bretagne-1972\/mouvements-sociaux\/an-taol-lagad-special-annee-1972-la-greve-du-lait\/\" \/>\n<meta property=\"og:locale\" content=\"fr_FR\" \/>\n<meta property=\"og:type\" content=\"article\" \/>\n<meta property=\"og:title\" content=\"An Taol lagad sp\u00e9cial Ann\u00e9e 1972 : la gr\u00e8ve du lait - La Bretagne en 1972\" \/>\n<meta property=\"og:description\" content=\"Des \u00e9leveurs bretons jettent leur lait pour d\u00e9fendre leur gagne-pain Afin de proposer une r\u00e9trospective de l\u2019ann\u00e9e 1972, France 3 Bretagne produit une s\u00e9rie de reportages diffus\u00e9s dans l\u2019\u00e9mission\u00a0An Taol Lagad. Cela permet de visualiser certains temps forts avec des invit\u00e9s, t\u00e9moins de ces \u00e9pisodes marquants. 1972 : des \u00e9leveurs bretons jettent leur lait pour&hellip; Poursuivre la lecture An Taol lagad sp\u00e9cial Ann\u00e9e 1972 : la gr\u00e8ve du lait\" \/>\n<meta property=\"og:url\" content=\"http:\/\/www.bcd.bzh\/becedia\/bretagne-1972\/mouvements-sociaux\/an-taol-lagad-special-annee-1972-la-greve-du-lait\/\" \/>\n<meta property=\"og:site_name\" content=\"La Bretagne en 1972\" \/>\n<meta property=\"article:published_time\" content=\"2022-06-29T10:23:19+00:00\" \/>\n<meta property=\"article:modified_time\" content=\"2022-06-29T10:23:20+00:00\" \/>\n<meta property=\"og:image\" content=\"http:\/\/www.bcd.bzh\/becedia\/bretagne-1972\/wp-content\/uploads\/2022\/06\/grevedulait1972.png\" \/>\n\t<meta property=\"og:image:width\" content=\"900\" \/>\n\t<meta property=\"og:image:height\" content=\"506\" \/>\n\t<meta property=\"og:image:type\" content=\"image\/png\" \/>\n<meta name=\"author\" content=\"Soizick Aubry\" \/>\n<meta name=\"twitter:card\" content=\"summary_large_image\" \/>\n<meta name=\"twitter:label1\" content=\"\u00c9crit par\" \/>\n\t<meta name=\"twitter:data1\" content=\"Soizick Aubry\" \/>\n\t<meta name=\"twitter:label2\" content=\"Dur\u00e9e de lecture estim\u00e9e\" \/>\n\t<meta name=\"twitter:data2\" content=\"1 minute\" \/>\n<script type=\"application\/ld+json\" class=\"yoast-schema-graph\">{\"@context\":\"https:\\\/\\\/schema.org\",\"@graph\":[{\"@type\":\"Article\",\"@id\":\"http:\\\/\\\/www.bcd.bzh\\\/becedia\\\/bretagne-1972\\\/mouvements-sociaux\\\/an-taol-lagad-special-annee-1972-la-greve-du-lait\\\/#article\",\"isPartOf\":{\"@id\":\"http:\\\/\\\/www.bcd.bzh\\\/becedia\\\/bretagne-1972\\\/mouvements-sociaux\\\/an-taol-lagad-special-annee-1972-la-greve-du-lait\\\/\"},\"author\":{\"name\":\"Soizick Aubry\",\"@id\":\"\\\/#\\\/schema\\\/person\\\/2bcd7655170c96bdbb1145f1ee07cedd\"},\"headline\":\"An Taol lagad sp\u00e9cial Ann\u00e9e 1972 : la gr\u00e8ve du lait\",\"datePublished\":\"2022-06-29T10:23:19+00:00\",\"dateModified\":\"2022-06-29T10:23:20+00:00\",\"mainEntityOfPage\":{\"@id\":\"http:\\\/\\\/www.bcd.bzh\\\/becedia\\\/bretagne-1972\\\/mouvements-sociaux\\\/an-taol-lagad-special-annee-1972-la-greve-du-lait\\\/\"},\"wordCount\":177,\"publisher\":{\"@id\":\"\\\/#organization\"},\"image\":{\"@id\":\"http:\\\/\\\/www.bcd.bzh\\\/becedia\\\/bretagne-1972\\\/mouvements-sociaux\\\/an-taol-lagad-special-annee-1972-la-greve-du-lait\\\/#primaryimage\"},\"thumbnailUrl\":\"http:\\\/\\\/www.bcd.bzh\\\/becedia\\\/bretagne-1972\\\/wp-content\\\/uploads\\\/2022\\\/06\\\/grevedulait1972.png\",\"articleSection\":[\"Mouvements sociaux\"],\"inLanguage\":\"fr-FR\"},{\"@type\":\"WebPage\",\"@id\":\"http:\\\/\\\/www.bcd.bzh\\\/becedia\\\/bretagne-1972\\\/mouvements-sociaux\\\/an-taol-lagad-special-annee-1972-la-greve-du-lait\\\/\",\"url\":\"http:\\\/\\\/www.bcd.bzh\\\/becedia\\\/bretagne-1972\\\/mouvements-sociaux\\\/an-taol-lagad-special-annee-1972-la-greve-du-lait\\\/\",\"name\":\"An Taol lagad sp\u00e9cial Ann\u00e9e 1972 : la gr\u00e8ve du lait - La Bretagne en 1972\",\"isPartOf\":{\"@id\":\"\\\/#website\"},\"primaryImageOfPage\":{\"@id\":\"http:\\\/\\\/www.bcd.bzh\\\/becedia\\\/bretagne-1972\\\/mouvements-sociaux\\\/an-taol-lagad-special-annee-1972-la-greve-du-lait\\\/#primaryimage\"},\"image\":{\"@id\":\"http:\\\/\\\/www.bcd.bzh\\\/becedia\\\/bretagne-1972\\\/mouvements-sociaux\\\/an-taol-lagad-special-annee-1972-la-greve-du-lait\\\/#primaryimage\"},\"thumbnailUrl\":\"http:\\\/\\\/www.bcd.bzh\\\/becedia\\\/bretagne-1972\\\/wp-content\\\/uploads\\\/2022\\\/06\\\/grevedulait1972.png\",\"datePublished\":\"2022-06-29T10:23:19+00:00\",\"dateModified\":\"2022-06-29T10:23:20+00:00\",\"breadcrumb\":{\"@id\":\"http:\\\/\\\/www.bcd.bzh\\\/becedia\\\/bretagne-1972\\\/mouvements-sociaux\\\/an-taol-lagad-special-annee-1972-la-greve-du-lait\\\/#breadcrumb\"},\"inLanguage\":\"fr-FR\",\"potentialAction\":[{\"@type\":\"ReadAction\",\"target\":[\"http:\\\/\\\/www.bcd.bzh\\\/becedia\\\/bretagne-1972\\\/mouvements-sociaux\\\/an-taol-lagad-special-annee-1972-la-greve-du-lait\\\/\"]}]},{\"@type\":\"ImageObject\",\"inLanguage\":\"fr-FR\",\"@id\":\"http:\\\/\\\/www.bcd.bzh\\\/becedia\\\/bretagne-1972\\\/mouvements-sociaux\\\/an-taol-lagad-special-annee-1972-la-greve-du-lait\\\/#primaryimage\",\"url\":\"http:\\\/\\\/www.bcd.bzh\\\/becedia\\\/bretagne-1972\\\/wp-content\\\/uploads\\\/2022\\\/06\\\/grevedulait1972.png\",\"contentUrl\":\"http:\\\/\\\/www.bcd.bzh\\\/becedia\\\/bretagne-1972\\\/wp-content\\\/uploads\\\/2022\\\/06\\\/grevedulait1972.png\",\"width\":900,\"height\":506},{\"@type\":\"BreadcrumbList\",\"@id\":\"http:\\\/\\\/www.bcd.bzh\\\/becedia\\\/bretagne-1972\\\/mouvements-sociaux\\\/an-taol-lagad-special-annee-1972-la-greve-du-lait\\\/#breadcrumb\",\"itemListElement\":[{\"@type\":\"ListItem\",\"position\":1,\"name\":\"Accueil\",\"item\":\"https:\\\/\\\/www.bcd.bzh\\\/becedia\\\/bretagne-1972\\\/\"},{\"@type\":\"ListItem\",\"position\":2,\"name\":\"An Taol lagad sp\u00e9cial Ann\u00e9e 1972 : la gr\u00e8ve du lait\"}]},{\"@type\":\"WebSite\",\"@id\":\"\\\/#website\",\"url\":\"\\\/\",\"name\":\"La Bretagne en 1972\",\"description\":\"\",\"publisher\":{\"@id\":\"\\\/#organization\"},\"potentialAction\":[{\"@type\":\"SearchAction\",\"target\":{\"@type\":\"EntryPoint\",\"urlTemplate\":\"\\\/?s={search_term_string}\"},\"query-input\":{\"@type\":\"PropertyValueSpecification\",\"valueRequired\":true,\"valueName\":\"search_term_string\"}}],\"inLanguage\":\"fr-FR\"},{\"@type\":\"Organization\",\"@id\":\"\\\/#organization\",\"name\":\"La Bretagne en 1972\",\"url\":\"\\\/\",\"logo\":{\"@type\":\"ImageObject\",\"inLanguage\":\"fr-FR\",\"@id\":\"\\\/#\\\/schema\\\/logo\\\/image\\\/\",\"url\":\"http:\\\/\\\/www.bcd.bzh\\\/becedia\\\/bretagne-1972\\\/wp-content\\\/uploads\\\/2022\\\/01\\\/site-logo.svg\",\"contentUrl\":\"http:\\\/\\\/www.bcd.bzh\\\/becedia\\\/bretagne-1972\\\/wp-content\\\/uploads\\\/2022\\\/01\\\/site-logo.svg\",\"width\":309,\"height\":107,\"caption\":\"La Bretagne en 1972\"},\"image\":{\"@id\":\"\\\/#\\\/schema\\\/logo\\\/image\\\/\"}},{\"@type\":\"Person\",\"@id\":\"\\\/#\\\/schema\\\/person\\\/2bcd7655170c96bdbb1145f1ee07cedd\",\"name\":\"Soizick Aubry\",\"image\":{\"@type\":\"ImageObject\",\"inLanguage\":\"fr-FR\",\"@id\":\"https:\\\/\\\/secure.gravatar.com\\\/avatar\\\/35ad961778bcb4f839d707d8dcb2b5b36fa179b63de5c0bca78636ce89e8cb96?s=96&d=mm&r=g\",\"url\":\"https:\\\/\\\/secure.gravatar.com\\\/avatar\\\/35ad961778bcb4f839d707d8dcb2b5b36fa179b63de5c0bca78636ce89e8cb96?s=96&d=mm&r=g\",\"contentUrl\":\"https:\\\/\\\/secure.gravatar.com\\\/avatar\\\/35ad961778bcb4f839d707d8dcb2b5b36fa179b63de5c0bca78636ce89e8cb96?s=96&d=mm&r=g\",\"caption\":\"Soizick Aubry\"},\"url\":\"http:\\\/\\\/www.bcd.bzh\\\/becedia\\\/bretagne-1972\\\/author\\\/saubry\\\/\"}]}<\/script>\n<!-- \/ Yoast SEO plugin. -->","yoast_head_json":{"title":"An Taol lagad sp\u00e9cial Ann\u00e9e 1972 : la gr\u00e8ve du lait - La Bretagne en 1972","robots":{"index":"index","follow":"follow","max-snippet":"max-snippet:-1","max-image-preview":"max-image-preview:large","max-video-preview":"max-video-preview:-1"},"canonical":"http:\/\/www.bcd.bzh\/becedia\/bretagne-1972\/mouvements-sociaux\/an-taol-lagad-special-annee-1972-la-greve-du-lait\/","og_locale":"fr_FR","og_type":"article","og_title":"An Taol lagad sp\u00e9cial Ann\u00e9e 1972 : la gr\u00e8ve du lait - La Bretagne en 1972","og_description":"Des \u00e9leveurs bretons jettent leur lait pour d\u00e9fendre leur gagne-pain Afin de proposer une r\u00e9trospective de l\u2019ann\u00e9e 1972, France 3 Bretagne produit une s\u00e9rie de reportages diffus\u00e9s dans l\u2019\u00e9mission\u00a0An Taol Lagad. Cela permet de visualiser certains temps forts avec des invit\u00e9s, t\u00e9moins de ces \u00e9pisodes marquants. 1972 : des \u00e9leveurs bretons jettent leur lait pour&hellip; Poursuivre la lecture An Taol lagad sp\u00e9cial Ann\u00e9e 1972 : la gr\u00e8ve du lait","og_url":"http:\/\/www.bcd.bzh\/becedia\/bretagne-1972\/mouvements-sociaux\/an-taol-lagad-special-annee-1972-la-greve-du-lait\/","og_site_name":"La Bretagne en 1972","article_published_time":"2022-06-29T10:23:19+00:00","article_modified_time":"2022-06-29T10:23:20+00:00","og_image":[{"width":900,"height":506,"url":"http:\/\/www.bcd.bzh\/becedia\/bretagne-1972\/wp-content\/uploads\/2022\/06\/grevedulait1972.png","type":"image\/png"}],"author":"Soizick Aubry","twitter_card":"summary_large_image","twitter_misc":{"\u00c9crit par":"Soizick Aubry","Dur\u00e9e de lecture estim\u00e9e":"1 minute"},"schema":{"@context":"https:\/\/schema.org","@graph":[{"@type":"Article","@id":"http:\/\/www.bcd.bzh\/becedia\/bretagne-1972\/mouvements-sociaux\/an-taol-lagad-special-annee-1972-la-greve-du-lait\/#article","isPartOf":{"@id":"http:\/\/www.bcd.bzh\/becedia\/bretagne-1972\/mouvements-sociaux\/an-taol-lagad-special-annee-1972-la-greve-du-lait\/"},"author":{"name":"Soizick Aubry","@id":"\/#\/schema\/person\/2bcd7655170c96bdbb1145f1ee07cedd"},"headline":"An Taol lagad sp\u00e9cial Ann\u00e9e 1972 : la gr\u00e8ve du lait","datePublished":"2022-06-29T10:23:19+00:00","dateModified":"2022-06-29T10:23:20+00:00","mainEntityOfPage":{"@id":"http:\/\/www.bcd.bzh\/becedia\/bretagne-1972\/mouvements-sociaux\/an-taol-lagad-special-annee-1972-la-greve-du-lait\/"},"wordCount":177,"publisher":{"@id":"\/#organization"},"image":{"@id":"http:\/\/www.bcd.bzh\/becedia\/bretagne-1972\/mouvements-sociaux\/an-taol-lagad-special-annee-1972-la-greve-du-lait\/#primaryimage"},"thumbnailUrl":"http:\/\/www.bcd.bzh\/becedia\/bretagne-1972\/wp-content\/uploads\/2022\/06\/grevedulait1972.png","articleSection":["Mouvements sociaux"],"inLanguage":"fr-FR"},{"@type":"WebPage","@id":"http:\/\/www.bcd.bzh\/becedia\/bretagne-1972\/mouvements-sociaux\/an-taol-lagad-special-annee-1972-la-greve-du-lait\/","url":"http:\/\/www.bcd.bzh\/becedia\/bretagne-1972\/mouvements-sociaux\/an-taol-lagad-special-annee-1972-la-greve-du-lait\/","name":"An Taol lagad sp\u00e9cial Ann\u00e9e 1972 : la gr\u00e8ve du lait - La Bretagne en 1972","isPartOf":{"@id":"\/#website"},"primaryImageOfPage":{"@id":"http:\/\/www.bcd.bzh\/becedia\/bretagne-1972\/mouvements-sociaux\/an-taol-lagad-special-annee-1972-la-greve-du-lait\/#primaryimage"},"image":{"@id":"http:\/\/www.bcd.bzh\/becedia\/bretagne-1972\/mouvements-sociaux\/an-taol-lagad-special-annee-1972-la-greve-du-lait\/#primaryimage"},"thumbnailUrl":"http:\/\/www.bcd.bzh\/becedia\/bretagne-1972\/wp-content\/uploads\/2022\/06\/grevedulait1972.png","datePublished":"2022-06-29T10:23:19+00:00","dateModified":"2022-06-29T10:23:20+00:00","breadcrumb":{"@id":"http:\/\/www.bcd.bzh\/becedia\/bretagne-1972\/mouvements-sociaux\/an-taol-lagad-special-annee-1972-la-greve-du-lait\/#breadcrumb"},"inLanguage":"fr-FR","potentialAction":[{"@type":"ReadAction","target":["http:\/\/www.bcd.bzh\/becedia\/bretagne-1972\/mouvements-sociaux\/an-taol-lagad-special-annee-1972-la-greve-du-lait\/"]}]},{"@type":"ImageObject","inLanguage":"fr-FR","@id":"http:\/\/www.bcd.bzh\/becedia\/bretagne-1972\/mouvements-sociaux\/an-taol-lagad-special-annee-1972-la-greve-du-lait\/#primaryimage","url":"http:\/\/www.bcd.bzh\/becedia\/bretagne-1972\/wp-content\/uploads\/2022\/06\/grevedulait1972.png","contentUrl":"http:\/\/www.bcd.bzh\/becedia\/bretagne-1972\/wp-content\/uploads\/2022\/06\/grevedulait1972.png","width":900,"height":506},{"@type":"BreadcrumbList","@id":"http:\/\/www.bcd.bzh\/becedia\/bretagne-1972\/mouvements-sociaux\/an-taol-lagad-special-annee-1972-la-greve-du-lait\/#breadcrumb","itemListElement":[{"@type":"ListItem","position":1,"name":"Accueil","item":"https:\/\/www.bcd.bzh\/becedia\/bretagne-1972\/"},{"@type":"ListItem","position":2,"name":"An Taol lagad sp\u00e9cial Ann\u00e9e 1972 : la gr\u00e8ve du lait"}]},{"@type":"WebSite","@id":"\/#website","url":"\/","name":"La Bretagne en 1972","description":"","publisher":{"@id":"\/#organization"},"potentialAction":[{"@type":"SearchAction","target":{"@type":"EntryPoint","urlTemplate":"\/?s={search_term_string}"},"query-input":{"@type":"PropertyValueSpecification","valueRequired":true,"valueName":"search_term_string"}}],"inLanguage":"fr-FR"},{"@type":"Organization","@id":"\/#organization","name":"La Bretagne en 1972","url":"\/","logo":{"@type":"ImageObject","inLanguage":"fr-FR","@id":"\/#\/schema\/logo\/image\/","url":"http:\/\/www.bcd.bzh\/becedia\/bretagne-1972\/wp-content\/uploads\/2022\/01\/site-logo.svg","contentUrl":"http:\/\/www.bcd.bzh\/becedia\/bretagne-1972\/wp-content\/uploads\/2022\/01\/site-logo.svg","width":309,"height":107,"caption":"La Bretagne en 1972"},"image":{"@id":"\/#\/schema\/logo\/image\/"}},{"@type":"Person","@id":"\/#\/schema\/person\/2bcd7655170c96bdbb1145f1ee07cedd","name":"Soizick Aubry","image":{"@type":"ImageObject","inLanguage":"fr-FR","@id":"https:\/\/secure.gravatar.com\/avatar\/35ad961778bcb4f839d707d8dcb2b5b36fa179b63de5c0bca78636ce89e8cb96?s=96&d=mm&r=g","url":"https:\/\/secure.gravatar.com\/avatar\/35ad961778bcb4f839d707d8dcb2b5b36fa179b63de5c0bca78636ce89e8cb96?s=96&d=mm&r=g","contentUrl":"https:\/\/secure.gravatar.com\/avatar\/35ad961778bcb4f839d707d8dcb2b5b36fa179b63de5c0bca78636ce89e8cb96?s=96&d=mm&r=g","caption":"Soizick Aubry"},"url":"http:\/\/www.bcd.bzh\/becedia\/bretagne-1972\/author\/saubry\/"}]}},"_links":{"self":[{"href":"http:\/\/www.bcd.bzh\/becedia\/bretagne-1972\/wp-json\/wp\/v2\/posts\/1467","targetHints":{"allow":["GET"]}}],"collection":[{"href":"http:\/\/www.bcd.bzh\/becedia\/bretagne-1972\/wp-json\/wp\/v2\/posts"}],"about":[{"href":"http:\/\/www.bcd.bzh\/becedia\/bretagne-1972\/wp-json\/wp\/v2\/types\/post"}],"author":[{"embeddable":true,"href":"http:\/\/www.bcd.bzh\/becedia\/bretagne-1972\/wp-json\/wp\/v2\/users\/5"}],"replies":[{"embeddable":true,"href":"http:\/\/www.bcd.bzh\/becedia\/bretagne-1972\/wp-json\/wp\/v2\/comments?post=1467"}],"version-history":[{"count":1,"href":"http:\/\/www.bcd.bzh\/becedia\/bretagne-1972\/wp-json\/wp\/v2\/posts\/1467\/revisions"}],"predecessor-version":[{"id":1469,"href":"http:\/\/www.bcd.bzh\/becedia\/bretagne-1972\/wp-json\/wp\/v2\/posts\/1467\/revisions\/1469"}],"wp:featuredmedia":[{"embeddable":true,"href":"http:\/\/www.bcd.bzh\/becedia\/bretagne-1972\/wp-json\/wp\/v2\/media\/1468"}],"wp:attachment":[{"href":"http:\/\/www.bcd.bzh\/becedia\/bretagne-1972\/wp-json\/wp\/v2\/media?parent=1467"}],"wp:term":[{"taxonomy":"category","embeddable":true,"href":"http:\/\/www.bcd.bzh\/becedia\/bretagne-1972\/wp-json\/wp\/v2\/categories?post=1467"},{"taxonomy":"post_tag","embeddable":true,"href":"http:\/\/www.bcd.bzh\/becedia\/bretagne-1972\/wp-json\/wp\/v2\/tags?post=1467"}],"curies":[{"name":"wp","href":"https:\/\/api.w.org\/{rel}","templated":true}]}}