{"id":161,"date":"2022-02-12T14:39:39","date_gmt":"2022-02-12T13:39:39","guid":{"rendered":"https:\/\/www.bcd.bzh\/becedia\/bretagne-1972\/?p=161"},"modified":"2022-02-21T14:14:03","modified_gmt":"2022-02-21T13:14:03","slug":"16-manifestation-de-commercants-et-artisans-a-plonevez-du-faou-le-25-avril-1972","status":"publish","type":"post","link":"http:\/\/www.bcd.bzh\/becedia\/bretagne-1972\/mouvements-sociaux\/16-manifestation-de-commercants-et-artisans-a-plonevez-du-faou-le-25-avril-1972\/","title":{"rendered":"Manifestation de commer\u00e7ants et artisans \u00e0 Plon\u00e9vez-du-Faou, le 25 avril 1972"},"content":{"rendered":"\n<div class=\"wp-block-columns is-layout-flex wp-container-core-columns-is-layout-9d6595d7 wp-block-columns-is-layout-flex\">\n<div class=\"wp-block-column is-layout-flow wp-block-column-is-layout-flow\" style=\"flex-basis:100%\">\n<iframe loading=\"lazy\" style=\"overflow:hidden;\" src=\"https:\/\/podcasts.ouest-france.fr\/share\/player_of\/mode=broadcast&amp;id=15509\" width=\"100%\" height=\"110px\" frameborder=\"0\">Wikiradio Saooti<\/iframe>\n<\/div>\n<\/div>\n\n\n\n<p><strong>Le 25 avril 1972, apr\u00e8s des mois d&#8217;actions souvent violentes des artisans et des commer\u00e7ants, plusieurs milliers d&#8217;entre eux se retrouvent dans la commune dont le maire est leur leader en Bretagne, Jean Hourmant. Ils viennent le soutenir suite \u00e0 la d\u00e9ch\u00e9ance de son mandat de maire et de ses droits civiques&#8230;<\/strong><br><br>Gilles Richard est professeur \u00e9m\u00e9rite d\u2019histoire contemporaine de l\u2019Universit\u00e9 Rennes 2. Il a notamment publi\u00e9 une Histoire des droites en France de 1815 \u00e0 nos jours et co-dirig\u00e9 les ouvrages Les partis \u00e0 l&#8217;\u00e9preuve de 68 et L&#8217;Ouest dans les ann\u00e9es 68.<br><br>Dans cet \u00e9pisode, il nous raconte comment les revendications des artisans et commer\u00e7ants s&#8217;ins\u00e8rent dans le bouillonnement social, politique et \u00e9conomique des ann\u00e9es 68, en Bretagne mais aussi partout en France.<br><br>L\u2019<em>Almanac\u2019h<\/em> est une s\u00e9rie produite par <strong>Bretagne Culture Diversit\u00e9<\/strong>.<br><br>Propos\u00e9e et r\u00e9alis\u00e9e par <strong>Antoine Gouritin<\/strong>.<br><br>Les archives de cet \u00e9pisode ont \u00e9t\u00e9 lues par <strong>Dimitri R\u00e9gnier<\/strong> et <strong>Alexis Poulin<\/strong>.<br><br>La musique originale est de <strong>Jeff Alluin<\/strong>.<br><br><strong>Pour aller plus loin :<\/strong><\/p>\n\n\n\n<ul class=\"wp-block-list\"><li>Gilles Richard et Jacqueline Sainclivier (dir.), <em><a href=\"https:\/\/books.openedition.org\/pur\/125022\">Les partis \u00e0 l\u2019\u00e9preuve de 68 &#8211; L\u2019\u00e9mergence de nouveaux clivages<\/a><\/em>, 1971-1974, PUR, 2012.<\/li><li>Christian Bougeard, Jacqueline Sainclivier, Vincent Porhel et Gilles Richard (dir.), <em><a href=\"https:\/\/books.openedition.org\/pur\/129924\">L&#8217;Ouest dans les ann\u00e9es 68<\/a><\/em>, PUR, 2012.<\/li><li>Tristan Jacques, <em><a href=\"http:\/\/www.theses.fr\/2017PA01H022\">L&#8217;Etat, le petit commerce et la grande distribution, 1945-1996 : une histoire politique et \u00e9conomique du remembrement commercial<\/a><\/em>, 2017.<\/li><li>Erwan Chartier &#8211; Le Floch, Jean Hourmant &#8211; <em><a href=\"https:\/\/link.infini.fr\/hourmant\">M\u00e9moires d&#8217;un irr\u00e9ductible Breton<\/a><\/em>, Coop Breizh, 2016.<\/li><\/ul>\n\n\n\n<div class=\"wp-block-group\"><div class=\"wp-block-group__inner-container is-layout-flow wp-block-group-is-layout-flow\">\n<div class=\"wp-block-group\"><div class=\"wp-block-group__inner-container is-layout-flow wp-block-group-is-layout-flow\">\n<p>\u00c0 voir \u00e9galement :<\/p>\n<\/div><\/div>\n\n\n<ul class=\"wp-block-latest-posts__list is-grid columns-3 is-style-default wp-block-latest-posts\"><li><div class=\"wp-block-latest-posts__featured-image\"><img loading=\"lazy\" decoding=\"async\" width=\"300\" height=\"240\" src=\"http:\/\/www.bcd.bzh\/becedia\/bretagne-1972\/wp-content\/uploads\/2022\/03\/visuel-web-joint-FR-colloque-3-300x240.jpg\" class=\"attachment-medium size-medium wp-post-image\" alt=\"\" style=\"width:100%;height:79.99%;max-width:2084px;\" srcset=\"http:\/\/www.bcd.bzh\/becedia\/bretagne-1972\/wp-content\/uploads\/2022\/03\/visuel-web-joint-FR-colloque-3-300x240.jpg 300w, http:\/\/www.bcd.bzh\/becedia\/bretagne-1972\/wp-content\/uploads\/2022\/03\/visuel-web-joint-FR-colloque-3-1024x819.jpg 1024w, http:\/\/www.bcd.bzh\/becedia\/bretagne-1972\/wp-content\/uploads\/2022\/03\/visuel-web-joint-FR-colloque-3-768x614.jpg 768w, http:\/\/www.bcd.bzh\/becedia\/bretagne-1972\/wp-content\/uploads\/2022\/03\/visuel-web-joint-FR-colloque-3-1536x1229.jpg 1536w, http:\/\/www.bcd.bzh\/becedia\/bretagne-1972\/wp-content\/uploads\/2022\/03\/visuel-web-joint-FR-colloque-3-2048x1638.jpg 2048w, http:\/\/www.bcd.bzh\/becedia\/bretagne-1972\/wp-content\/uploads\/2022\/03\/visuel-web-joint-FR-colloque-3-1568x1254.jpg 1568w\" sizes=\"auto, (max-width: 300px) 100vw, 300px\" \/><\/div><a class=\"wp-block-latest-posts__post-title\" href=\"http:\/\/www.bcd.bzh\/becedia\/bretagne-1972\/mouvements-sociaux\/les-relations-entre-les-militants-de-lip-et-du-joint-francais-guillaume-gourgues\/\">Les relations entre les militants de LIP et du Joint Fran\u00e7ais &#8211; Guillaume Gourgues<\/a><\/li>\n<li><div class=\"wp-block-latest-posts__featured-image\"><img loading=\"lazy\" decoding=\"async\" width=\"300\" height=\"240\" src=\"http:\/\/www.bcd.bzh\/becedia\/bretagne-1972\/wp-content\/uploads\/2022\/03\/visuel-web-joint-FR-colloque-3-300x240.jpg\" class=\"attachment-medium size-medium wp-post-image\" alt=\"\" style=\"width:100%;height:79.99%;max-width:2084px;\" srcset=\"http:\/\/www.bcd.bzh\/becedia\/bretagne-1972\/wp-content\/uploads\/2022\/03\/visuel-web-joint-FR-colloque-3-300x240.jpg 300w, http:\/\/www.bcd.bzh\/becedia\/bretagne-1972\/wp-content\/uploads\/2022\/03\/visuel-web-joint-FR-colloque-3-1024x819.jpg 1024w, http:\/\/www.bcd.bzh\/becedia\/bretagne-1972\/wp-content\/uploads\/2022\/03\/visuel-web-joint-FR-colloque-3-768x614.jpg 768w, http:\/\/www.bcd.bzh\/becedia\/bretagne-1972\/wp-content\/uploads\/2022\/03\/visuel-web-joint-FR-colloque-3-1536x1229.jpg 1536w, http:\/\/www.bcd.bzh\/becedia\/bretagne-1972\/wp-content\/uploads\/2022\/03\/visuel-web-joint-FR-colloque-3-2048x1638.jpg 2048w, http:\/\/www.bcd.bzh\/becedia\/bretagne-1972\/wp-content\/uploads\/2022\/03\/visuel-web-joint-FR-colloque-3-1568x1254.jpg 1568w\" sizes=\"auto, (max-width: 300px) 100vw, 300px\" \/><\/div><a class=\"wp-block-latest-posts__post-title\" href=\"http:\/\/www.bcd.bzh\/becedia\/bretagne-1972\/mouvements-sociaux\/les-droites-bretonnes-face-a-la-greve-david-bensoussan\/\">Les droites bretonnes face \u00e0 la gr\u00e8ve &#8211; David Bensoussan<\/a><\/li>\n<li><div class=\"wp-block-latest-posts__featured-image\"><img loading=\"lazy\" decoding=\"async\" width=\"300\" height=\"169\" src=\"http:\/\/www.bcd.bzh\/becedia\/bretagne-1972\/wp-content\/uploads\/2022\/06\/grevedulait1972-300x169.png\" class=\"attachment-medium size-medium wp-post-image\" alt=\"\" style=\"width:100%;height:56.22%;max-width:900px;\" srcset=\"http:\/\/www.bcd.bzh\/becedia\/bretagne-1972\/wp-content\/uploads\/2022\/06\/grevedulait1972-300x169.png 300w, http:\/\/www.bcd.bzh\/becedia\/bretagne-1972\/wp-content\/uploads\/2022\/06\/grevedulait1972-768x432.png 768w, http:\/\/www.bcd.bzh\/becedia\/bretagne-1972\/wp-content\/uploads\/2022\/06\/grevedulait1972.png 900w\" sizes=\"auto, (max-width: 300px) 100vw, 300px\" \/><\/div><a class=\"wp-block-latest-posts__post-title\" href=\"http:\/\/www.bcd.bzh\/becedia\/bretagne-1972\/mouvements-sociaux\/an-taol-lagad-special-annee-1972-la-greve-du-lait\/\">An Taol lagad sp\u00e9cial Ann\u00e9e 1972 : la gr\u00e8ve du lait<\/a><\/li>\n<li><div class=\"wp-block-latest-posts__featured-image\"><img loading=\"lazy\" decoding=\"async\" width=\"300\" height=\"169\" src=\"http:\/\/www.bcd.bzh\/becedia\/bretagne-1972\/wp-content\/uploads\/2022\/06\/1972greveartisans-300x169.png\" class=\"attachment-medium size-medium wp-post-image\" alt=\"\" style=\"width:100%;height:56.22%;max-width:900px;\" srcset=\"http:\/\/www.bcd.bzh\/becedia\/bretagne-1972\/wp-content\/uploads\/2022\/06\/1972greveartisans-300x169.png 300w, http:\/\/www.bcd.bzh\/becedia\/bretagne-1972\/wp-content\/uploads\/2022\/06\/1972greveartisans-768x432.png 768w, http:\/\/www.bcd.bzh\/becedia\/bretagne-1972\/wp-content\/uploads\/2022\/06\/1972greveartisans.png 900w\" sizes=\"auto, (max-width: 300px) 100vw, 300px\" \/><\/div><a class=\"wp-block-latest-posts__post-title\" href=\"http:\/\/www.bcd.bzh\/becedia\/bretagne-1972\/mouvements-sociaux\/an-taol-lagad-special-annee-1972-les-greves-des-commercants\/\">An Taol lagad sp\u00e9cial Ann\u00e9e 1972 : les gr\u00e8ves des commer\u00e7ants<\/a><\/li>\n<li><div class=\"wp-block-latest-posts__featured-image\"><img loading=\"lazy\" decoding=\"async\" width=\"300\" height=\"170\" src=\"http:\/\/www.bcd.bzh\/becedia\/bretagne-1972\/wp-content\/uploads\/2022\/05\/image_2022-05-05_154636026-300x170.png\" class=\"attachment-medium size-medium wp-post-image\" alt=\"\" style=\"width:100%;height:56.8%;max-width:1111px;\" srcset=\"http:\/\/www.bcd.bzh\/becedia\/bretagne-1972\/wp-content\/uploads\/2022\/05\/image_2022-05-05_154636026-300x170.png 300w, http:\/\/www.bcd.bzh\/becedia\/bretagne-1972\/wp-content\/uploads\/2022\/05\/image_2022-05-05_154636026-1024x582.png 1024w, http:\/\/www.bcd.bzh\/becedia\/bretagne-1972\/wp-content\/uploads\/2022\/05\/image_2022-05-05_154636026-768x436.png 768w, http:\/\/www.bcd.bzh\/becedia\/bretagne-1972\/wp-content\/uploads\/2022\/05\/image_2022-05-05_154636026.png 1111w\" sizes=\"auto, (max-width: 300px) 100vw, 300px\" \/><\/div><a class=\"wp-block-latest-posts__post-title\" href=\"http:\/\/www.bcd.bzh\/becedia\/bretagne-1972\/mouvements-sociaux\/la-greve-du-lait-une-lutte-feministe-2\/\">La gr\u00e8ve du lait, une lutte f\u00e9ministe ?<\/a><\/li>\n<li><div class=\"wp-block-latest-posts__featured-image\"><img loading=\"lazy\" decoding=\"async\" width=\"300\" height=\"170\" src=\"http:\/\/www.bcd.bzh\/becedia\/bretagne-1972\/wp-content\/uploads\/2022\/05\/greve_lait_DT_1972-300x170.jpg\" class=\"attachment-medium size-medium wp-post-image\" alt=\"\" style=\"width:100%;height:56.64%;max-width:768px;\" srcset=\"http:\/\/www.bcd.bzh\/becedia\/bretagne-1972\/wp-content\/uploads\/2022\/05\/greve_lait_DT_1972-300x170.jpg 300w, http:\/\/www.bcd.bzh\/becedia\/bretagne-1972\/wp-content\/uploads\/2022\/05\/greve_lait_DT_1972.jpg 768w\" sizes=\"auto, (max-width: 300px) 100vw, 300px\" \/><\/div><a class=\"wp-block-latest-posts__post-title\" href=\"http:\/\/www.bcd.bzh\/becedia\/bretagne-1972\/mouvements-sociaux\/les-memoires-de-la-greve-du-lait\/\">Les m\u00e9moires de la gr\u00e8ve du lait<\/a><\/li>\n<li><div class=\"wp-block-latest-posts__featured-image\"><img loading=\"lazy\" decoding=\"async\" width=\"300\" height=\"169\" src=\"http:\/\/www.bcd.bzh\/becedia\/bretagne-1972\/wp-content\/uploads\/2022\/05\/georges_dauphin-ok-300x169.jpg\" class=\"attachment-medium size-medium wp-post-image\" alt=\"\" style=\"width:100%;height:56.3%;max-width:1000px;\" srcset=\"http:\/\/www.bcd.bzh\/becedia\/bretagne-1972\/wp-content\/uploads\/2022\/05\/georges_dauphin-ok-300x169.jpg 300w, http:\/\/www.bcd.bzh\/becedia\/bretagne-1972\/wp-content\/uploads\/2022\/05\/georges_dauphin-ok-768x432.jpg 768w, http:\/\/www.bcd.bzh\/becedia\/bretagne-1972\/wp-content\/uploads\/2022\/05\/georges_dauphin-ok.jpg 1000w\" sizes=\"auto, (max-width: 300px) 100vw, 300px\" \/><\/div><a class=\"wp-block-latest-posts__post-title\" href=\"http:\/\/www.bcd.bzh\/becedia\/bretagne-1972\/mouvements-sociaux\/les-acteurs-de-la-greve-du-lait-deux-generations-trois-parcours-militants\/\">Les acteurs de la gr\u00e8ve du lait. Deux g\u00e9n\u00e9rations, trois parcours militants<\/a><\/li>\n<li><div class=\"wp-block-latest-posts__featured-image\"><img loading=\"lazy\" decoding=\"async\" width=\"300\" height=\"180\" src=\"http:\/\/www.bcd.bzh\/becedia\/bretagne-1972\/wp-content\/uploads\/2022\/05\/manif-lait-1972-le_paysan_breton-ok-300x180.jpg\" class=\"attachment-medium size-medium wp-post-image\" alt=\"\" style=\"width:100%;height:60%;max-width:1000px;\" srcset=\"http:\/\/www.bcd.bzh\/becedia\/bretagne-1972\/wp-content\/uploads\/2022\/05\/manif-lait-1972-le_paysan_breton-ok-300x180.jpg 300w, http:\/\/www.bcd.bzh\/becedia\/bretagne-1972\/wp-content\/uploads\/2022\/05\/manif-lait-1972-le_paysan_breton-ok-768x461.jpg 768w, http:\/\/www.bcd.bzh\/becedia\/bretagne-1972\/wp-content\/uploads\/2022\/05\/manif-lait-1972-le_paysan_breton-ok.jpg 1000w\" sizes=\"auto, (max-width: 300px) 100vw, 300px\" \/><\/div><a class=\"wp-block-latest-posts__post-title\" href=\"http:\/\/www.bcd.bzh\/becedia\/bretagne-1972\/mouvements-sociaux\/la-greve-du-lait-un-mai-68-paysan-en-bretagne\/\">La gr\u00e8ve du lait. Un Mai 68 paysan en Bretagne ?\u200b<\/a><\/li>\n<li><div class=\"wp-block-latest-posts__featured-image\"><img loading=\"lazy\" decoding=\"async\" width=\"300\" height=\"169\" src=\"http:\/\/www.bcd.bzh\/becedia\/bretagne-1972\/wp-content\/uploads\/2022\/04\/antaollagadjointfrancais-300x169.png\" class=\"attachment-medium size-medium wp-post-image\" alt=\"\" style=\"width:100%;height:56.22%;max-width:900px;\" srcset=\"http:\/\/www.bcd.bzh\/becedia\/bretagne-1972\/wp-content\/uploads\/2022\/04\/antaollagadjointfrancais-300x169.png 300w, http:\/\/www.bcd.bzh\/becedia\/bretagne-1972\/wp-content\/uploads\/2022\/04\/antaollagadjointfrancais-768x432.png 768w, http:\/\/www.bcd.bzh\/becedia\/bretagne-1972\/wp-content\/uploads\/2022\/04\/antaollagadjointfrancais.png 900w\" sizes=\"auto, (max-width: 300px) 100vw, 300px\" \/><\/div><a class=\"wp-block-latest-posts__post-title\" href=\"http:\/\/www.bcd.bzh\/becedia\/bretagne-1972\/mouvements-sociaux\/an-taol-lagad-special-annee-1972-la-greve-du-joint-francais\/\">An Taol lagad sp\u00e9cial Ann\u00e9e 1972 \u2013 La gr\u00e8ve du Joint Fran\u00e7ais<\/a><\/li>\n<li><div class=\"wp-block-latest-posts__featured-image\"><img loading=\"lazy\" decoding=\"async\" width=\"300\" height=\"170\" src=\"http:\/\/www.bcd.bzh\/becedia\/bretagne-1972\/wp-content\/uploads\/2022\/03\/Jean-Le-Faucheur-300x170.jpg\" class=\"attachment-medium size-medium wp-post-image\" alt=\"\" style=\"width:100%;height:56.63%;max-width:800px;\" srcset=\"http:\/\/www.bcd.bzh\/becedia\/bretagne-1972\/wp-content\/uploads\/2022\/03\/Jean-Le-Faucheur-300x170.jpg 300w, http:\/\/www.bcd.bzh\/becedia\/bretagne-1972\/wp-content\/uploads\/2022\/03\/Jean-Le-Faucheur-768x435.jpg 768w, http:\/\/www.bcd.bzh\/becedia\/bretagne-1972\/wp-content\/uploads\/2022\/03\/Jean-Le-Faucheur.jpg 800w\" sizes=\"auto, (max-width: 300px) 100vw, 300px\" \/><\/div><a class=\"wp-block-latest-posts__post-title\" href=\"http:\/\/www.bcd.bzh\/becedia\/bretagne-1972\/mouvements-sociaux\/jean-le-faucheur\/\">Jean Le Faucheur, chef de file des luttes sociales briochines<\/a><\/li>\n<li><div class=\"wp-block-latest-posts__featured-image\"><img loading=\"lazy\" decoding=\"async\" width=\"300\" height=\"170\" src=\"http:\/\/www.bcd.bzh\/becedia\/bretagne-1972\/wp-content\/uploads\/2022\/02\/vignette-lutte-Guerande-300x170.jpg\" class=\"attachment-medium size-medium wp-post-image\" alt=\"\" style=\"width:100%;height:56.63%;max-width:800px;\" srcset=\"http:\/\/www.bcd.bzh\/becedia\/bretagne-1972\/wp-content\/uploads\/2022\/02\/vignette-lutte-Guerande-300x170.jpg 300w, http:\/\/www.bcd.bzh\/becedia\/bretagne-1972\/wp-content\/uploads\/2022\/02\/vignette-lutte-Guerande-768x435.jpg 768w, http:\/\/www.bcd.bzh\/becedia\/bretagne-1972\/wp-content\/uploads\/2022\/02\/vignette-lutte-Guerande.jpg 800w\" sizes=\"auto, (max-width: 300px) 100vw, 300px\" \/><\/div><a class=\"wp-block-latest-posts__post-title\" href=\"http:\/\/www.bcd.bzh\/becedia\/bretagne-1972\/mouvements-sociaux\/la-grande-crise-et-le-combat-pour-sauver-les-marais-salants\/\">La grande crise et le combat pour sauver les marais salants<\/a><\/li>\n<li><div class=\"wp-block-latest-posts__featured-image\"><img loading=\"lazy\" decoding=\"async\" width=\"300\" height=\"169\" src=\"http:\/\/www.bcd.bzh\/becedia\/bretagne-1972\/wp-content\/uploads\/2022\/01\/julie_la_louarn-300x169.jpg\" class=\"attachment-medium size-medium wp-post-image\" alt=\"\" style=\"width:100%;height:56.25%;max-width:640px;\" srcset=\"http:\/\/www.bcd.bzh\/becedia\/bretagne-1972\/wp-content\/uploads\/2022\/01\/julie_la_louarn-300x169.jpg 300w, http:\/\/www.bcd.bzh\/becedia\/bretagne-1972\/wp-content\/uploads\/2022\/01\/julie_la_louarn.jpg 640w\" sizes=\"auto, (max-width: 300px) 100vw, 300px\" \/><\/div><a class=\"wp-block-latest-posts__post-title\" href=\"http:\/\/www.bcd.bzh\/becedia\/bretagne-1972\/mouvements-sociaux\/julia-le-louarn-salariee-au-joint-francais\/\">Julia Le Louarn, salari\u00e9e au Joint Fran\u00e7ais<\/a><\/li>\n<\/ul><\/div><\/div>\n","protected":false},"excerpt":{"rendered":"<p>Wikiradio Saooti Le 25 avril 1972, apr\u00e8s des mois d&#8217;actions souvent violentes des artisans et des commer\u00e7ants, plusieurs milliers d&#8217;entre eux se retrouvent dans la commune dont le maire est leur leader en Bretagne, Jean Hourmant. Ils viennent le soutenir suite \u00e0 la d\u00e9ch\u00e9ance de son mandat de maire et de ses droits civiques&#8230; Gilles&hellip; <a class=\"more-link\" href=\"http:\/\/www.bcd.bzh\/becedia\/bretagne-1972\/mouvements-sociaux\/16-manifestation-de-commercants-et-artisans-a-plonevez-du-faou-le-25-avril-1972\/\">Poursuivre la lecture <span class=\"screen-reader-text\">Manifestation de commer\u00e7ants et artisans \u00e0 Plon\u00e9vez-du-Faou, le 25 avril 1972<\/span><\/a><\/p>\n","protected":false},"author":4,"featured_media":636,"comment_status":"closed","ping_status":"closed","sticky":false,"template":"","format":"standard","meta":{"inline_featured_image":false,"footnotes":""},"categories":[12,2,21],"tags":[14],"class_list":["post-161","post","type-post","status-publish","format-standard","has-post-thumbnail","hentry","category-article","category-mouvements-sociaux","category-podcast","tag-podcasts","entry"],"acf":[],"yoast_head":"<!-- This site is optimized with the Yoast SEO plugin v27.5 - https:\/\/yoast.com\/product\/yoast-seo-wordpress\/ -->\n<title>Manifestation de commer\u00e7ants et artisans \u00e0 Plon\u00e9vez-du-Faou, le 25 avril 1972 - La Bretagne en 1972<\/title>\n<meta name=\"robots\" content=\"index, follow, max-snippet:-1, max-image-preview:large, max-video-preview:-1\" \/>\n<link rel=\"canonical\" href=\"http:\/\/www.bcd.bzh\/becedia\/bretagne-1972\/mouvements-sociaux\/16-manifestation-de-commercants-et-artisans-a-plonevez-du-faou-le-25-avril-1972\/\" \/>\n<meta property=\"og:locale\" content=\"fr_FR\" \/>\n<meta property=\"og:type\" content=\"article\" \/>\n<meta property=\"og:title\" content=\"Manifestation de commer\u00e7ants et artisans \u00e0 Plon\u00e9vez-du-Faou, le 25 avril 1972 - La Bretagne en 1972\" \/>\n<meta property=\"og:description\" content=\"Wikiradio Saooti Le 25 avril 1972, apr\u00e8s des mois d&#8217;actions souvent violentes des artisans et des commer\u00e7ants, plusieurs milliers d&#8217;entre eux se retrouvent dans la commune dont le maire est leur leader en Bretagne, Jean Hourmant. Ils viennent le soutenir suite \u00e0 la d\u00e9ch\u00e9ance de son mandat de maire et de ses droits civiques&#8230; Gilles&hellip; Poursuivre la lecture Manifestation de commer\u00e7ants et artisans \u00e0 Plon\u00e9vez-du-Faou, le 25 avril 1972\" \/>\n<meta property=\"og:url\" content=\"http:\/\/www.bcd.bzh\/becedia\/bretagne-1972\/mouvements-sociaux\/16-manifestation-de-commercants-et-artisans-a-plonevez-du-faou-le-25-avril-1972\/\" \/>\n<meta property=\"og:site_name\" content=\"La Bretagne en 1972\" \/>\n<meta property=\"article:published_time\" content=\"2022-02-12T13:39:39+00:00\" \/>\n<meta property=\"article:modified_time\" content=\"2022-02-21T13:14:03+00:00\" \/>\n<meta property=\"og:image\" content=\"http:\/\/www.bcd.bzh\/becedia\/bretagne-1972\/wp-content\/uploads\/2022\/02\/commercants-plonevez.jpg\" \/>\n\t<meta property=\"og:image:width\" content=\"800\" \/>\n\t<meta property=\"og:image:height\" content=\"453\" \/>\n\t<meta property=\"og:image:type\" content=\"image\/jpeg\" \/>\n<meta name=\"author\" content=\"Mika\u00ebl Le Bihannic\" \/>\n<meta name=\"twitter:card\" content=\"summary_large_image\" \/>\n<meta name=\"twitter:label1\" content=\"\u00c9crit par\" \/>\n\t<meta name=\"twitter:data1\" content=\"Mika\u00ebl Le Bihannic\" \/>\n\t<meta name=\"twitter:label2\" content=\"Dur\u00e9e de lecture estim\u00e9e\" \/>\n\t<meta name=\"twitter:data2\" content=\"2 minutes\" \/>\n<script type=\"application\/ld+json\" class=\"yoast-schema-graph\">{\"@context\":\"https:\\\/\\\/schema.org\",\"@graph\":[{\"@type\":\"Article\",\"@id\":\"http:\\\/\\\/www.bcd.bzh\\\/becedia\\\/bretagne-1972\\\/mouvements-sociaux\\\/16-manifestation-de-commercants-et-artisans-a-plonevez-du-faou-le-25-avril-1972\\\/#article\",\"isPartOf\":{\"@id\":\"http:\\\/\\\/www.bcd.bzh\\\/becedia\\\/bretagne-1972\\\/mouvements-sociaux\\\/16-manifestation-de-commercants-et-artisans-a-plonevez-du-faou-le-25-avril-1972\\\/\"},\"author\":{\"name\":\"Mika\u00ebl Le Bihannic\",\"@id\":\"\\\/#\\\/schema\\\/person\\\/7b31a5eeb64de6f4dd9d15a7aa1986ad\"},\"headline\":\"Manifestation de commer\u00e7ants et artisans \u00e0 Plon\u00e9vez-du-Faou, le 25 avril 1972\",\"datePublished\":\"2022-02-12T13:39:39+00:00\",\"dateModified\":\"2022-02-21T13:14:03+00:00\",\"mainEntityOfPage\":{\"@id\":\"http:\\\/\\\/www.bcd.bzh\\\/becedia\\\/bretagne-1972\\\/mouvements-sociaux\\\/16-manifestation-de-commercants-et-artisans-a-plonevez-du-faou-le-25-avril-1972\\\/\"},\"wordCount\":258,\"publisher\":{\"@id\":\"\\\/#organization\"},\"image\":{\"@id\":\"http:\\\/\\\/www.bcd.bzh\\\/becedia\\\/bretagne-1972\\\/mouvements-sociaux\\\/16-manifestation-de-commercants-et-artisans-a-plonevez-du-faou-le-25-avril-1972\\\/#primaryimage\"},\"thumbnailUrl\":\"http:\\\/\\\/www.bcd.bzh\\\/becedia\\\/bretagne-1972\\\/wp-content\\\/uploads\\\/2022\\\/02\\\/commercants-plonevez.jpg\",\"keywords\":[\"Podcasts\"],\"articleSection\":[\"Article\",\"Mouvements sociaux\",\"Podcast\"],\"inLanguage\":\"fr-FR\"},{\"@type\":\"WebPage\",\"@id\":\"http:\\\/\\\/www.bcd.bzh\\\/becedia\\\/bretagne-1972\\\/mouvements-sociaux\\\/16-manifestation-de-commercants-et-artisans-a-plonevez-du-faou-le-25-avril-1972\\\/\",\"url\":\"http:\\\/\\\/www.bcd.bzh\\\/becedia\\\/bretagne-1972\\\/mouvements-sociaux\\\/16-manifestation-de-commercants-et-artisans-a-plonevez-du-faou-le-25-avril-1972\\\/\",\"name\":\"Manifestation de commer\u00e7ants et artisans \u00e0 Plon\u00e9vez-du-Faou, le 25 avril 1972 - La Bretagne en 1972\",\"isPartOf\":{\"@id\":\"\\\/#website\"},\"primaryImageOfPage\":{\"@id\":\"http:\\\/\\\/www.bcd.bzh\\\/becedia\\\/bretagne-1972\\\/mouvements-sociaux\\\/16-manifestation-de-commercants-et-artisans-a-plonevez-du-faou-le-25-avril-1972\\\/#primaryimage\"},\"image\":{\"@id\":\"http:\\\/\\\/www.bcd.bzh\\\/becedia\\\/bretagne-1972\\\/mouvements-sociaux\\\/16-manifestation-de-commercants-et-artisans-a-plonevez-du-faou-le-25-avril-1972\\\/#primaryimage\"},\"thumbnailUrl\":\"http:\\\/\\\/www.bcd.bzh\\\/becedia\\\/bretagne-1972\\\/wp-content\\\/uploads\\\/2022\\\/02\\\/commercants-plonevez.jpg\",\"datePublished\":\"2022-02-12T13:39:39+00:00\",\"dateModified\":\"2022-02-21T13:14:03+00:00\",\"breadcrumb\":{\"@id\":\"http:\\\/\\\/www.bcd.bzh\\\/becedia\\\/bretagne-1972\\\/mouvements-sociaux\\\/16-manifestation-de-commercants-et-artisans-a-plonevez-du-faou-le-25-avril-1972\\\/#breadcrumb\"},\"inLanguage\":\"fr-FR\",\"potentialAction\":[{\"@type\":\"ReadAction\",\"target\":[\"http:\\\/\\\/www.bcd.bzh\\\/becedia\\\/bretagne-1972\\\/mouvements-sociaux\\\/16-manifestation-de-commercants-et-artisans-a-plonevez-du-faou-le-25-avril-1972\\\/\"]}]},{\"@type\":\"ImageObject\",\"inLanguage\":\"fr-FR\",\"@id\":\"http:\\\/\\\/www.bcd.bzh\\\/becedia\\\/bretagne-1972\\\/mouvements-sociaux\\\/16-manifestation-de-commercants-et-artisans-a-plonevez-du-faou-le-25-avril-1972\\\/#primaryimage\",\"url\":\"http:\\\/\\\/www.bcd.bzh\\\/becedia\\\/bretagne-1972\\\/wp-content\\\/uploads\\\/2022\\\/02\\\/commercants-plonevez.jpg\",\"contentUrl\":\"http:\\\/\\\/www.bcd.bzh\\\/becedia\\\/bretagne-1972\\\/wp-content\\\/uploads\\\/2022\\\/02\\\/commercants-plonevez.jpg\",\"width\":800,\"height\":453,\"caption\":\"Manifestation de commer\u00e7ants et artisans \u00e0 Plon\u00e9vez-du-Faou - Collection Jean Hourmant\"},{\"@type\":\"BreadcrumbList\",\"@id\":\"http:\\\/\\\/www.bcd.bzh\\\/becedia\\\/bretagne-1972\\\/mouvements-sociaux\\\/16-manifestation-de-commercants-et-artisans-a-plonevez-du-faou-le-25-avril-1972\\\/#breadcrumb\",\"itemListElement\":[{\"@type\":\"ListItem\",\"position\":1,\"name\":\"Accueil\",\"item\":\"https:\\\/\\\/www.bcd.bzh\\\/becedia\\\/bretagne-1972\\\/\"},{\"@type\":\"ListItem\",\"position\":2,\"name\":\"Manifestation de commer\u00e7ants et artisans \u00e0 Plon\u00e9vez-du-Faou, le 25 avril 1972\"}]},{\"@type\":\"WebSite\",\"@id\":\"\\\/#website\",\"url\":\"\\\/\",\"name\":\"La Bretagne en 1972\",\"description\":\"\",\"publisher\":{\"@id\":\"\\\/#organization\"},\"potentialAction\":[{\"@type\":\"SearchAction\",\"target\":{\"@type\":\"EntryPoint\",\"urlTemplate\":\"\\\/?s={search_term_string}\"},\"query-input\":{\"@type\":\"PropertyValueSpecification\",\"valueRequired\":true,\"valueName\":\"search_term_string\"}}],\"inLanguage\":\"fr-FR\"},{\"@type\":\"Organization\",\"@id\":\"\\\/#organization\",\"name\":\"La Bretagne en 1972\",\"url\":\"\\\/\",\"logo\":{\"@type\":\"ImageObject\",\"inLanguage\":\"fr-FR\",\"@id\":\"\\\/#\\\/schema\\\/logo\\\/image\\\/\",\"url\":\"http:\\\/\\\/www.bcd.bzh\\\/becedia\\\/bretagne-1972\\\/wp-content\\\/uploads\\\/2022\\\/01\\\/site-logo.svg\",\"contentUrl\":\"http:\\\/\\\/www.bcd.bzh\\\/becedia\\\/bretagne-1972\\\/wp-content\\\/uploads\\\/2022\\\/01\\\/site-logo.svg\",\"width\":309,\"height\":107,\"caption\":\"La Bretagne en 1972\"},\"image\":{\"@id\":\"\\\/#\\\/schema\\\/logo\\\/image\\\/\"}},{\"@type\":\"Person\",\"@id\":\"\\\/#\\\/schema\\\/person\\\/7b31a5eeb64de6f4dd9d15a7aa1986ad\",\"name\":\"Mika\u00ebl Le Bihannic\",\"image\":{\"@type\":\"ImageObject\",\"inLanguage\":\"fr-FR\",\"@id\":\"https:\\\/\\\/secure.gravatar.com\\\/avatar\\\/d21920759bff8844c5dfbdf914df557bcef7dc1afcd74962dacb1a3419cb7e63?s=96&d=mm&r=g\",\"url\":\"https:\\\/\\\/secure.gravatar.com\\\/avatar\\\/d21920759bff8844c5dfbdf914df557bcef7dc1afcd74962dacb1a3419cb7e63?s=96&d=mm&r=g\",\"contentUrl\":\"https:\\\/\\\/secure.gravatar.com\\\/avatar\\\/d21920759bff8844c5dfbdf914df557bcef7dc1afcd74962dacb1a3419cb7e63?s=96&d=mm&r=g\",\"caption\":\"Mika\u00ebl Le Bihannic\"},\"url\":\"http:\\\/\\\/www.bcd.bzh\\\/becedia\\\/bretagne-1972\\\/author\\\/mbihannic\\\/\"}]}<\/script>\n<!-- \/ Yoast SEO plugin. -->","yoast_head_json":{"title":"Manifestation de commer\u00e7ants et artisans \u00e0 Plon\u00e9vez-du-Faou, le 25 avril 1972 - La Bretagne en 1972","robots":{"index":"index","follow":"follow","max-snippet":"max-snippet:-1","max-image-preview":"max-image-preview:large","max-video-preview":"max-video-preview:-1"},"canonical":"http:\/\/www.bcd.bzh\/becedia\/bretagne-1972\/mouvements-sociaux\/16-manifestation-de-commercants-et-artisans-a-plonevez-du-faou-le-25-avril-1972\/","og_locale":"fr_FR","og_type":"article","og_title":"Manifestation de commer\u00e7ants et artisans \u00e0 Plon\u00e9vez-du-Faou, le 25 avril 1972 - La Bretagne en 1972","og_description":"Wikiradio Saooti Le 25 avril 1972, apr\u00e8s des mois d&#8217;actions souvent violentes des artisans et des commer\u00e7ants, plusieurs milliers d&#8217;entre eux se retrouvent dans la commune dont le maire est leur leader en Bretagne, Jean Hourmant. Ils viennent le soutenir suite \u00e0 la d\u00e9ch\u00e9ance de son mandat de maire et de ses droits civiques&#8230; Gilles&hellip; Poursuivre la lecture Manifestation de commer\u00e7ants et artisans \u00e0 Plon\u00e9vez-du-Faou, le 25 avril 1972","og_url":"http:\/\/www.bcd.bzh\/becedia\/bretagne-1972\/mouvements-sociaux\/16-manifestation-de-commercants-et-artisans-a-plonevez-du-faou-le-25-avril-1972\/","og_site_name":"La Bretagne en 1972","article_published_time":"2022-02-12T13:39:39+00:00","article_modified_time":"2022-02-21T13:14:03+00:00","og_image":[{"width":800,"height":453,"url":"http:\/\/www.bcd.bzh\/becedia\/bretagne-1972\/wp-content\/uploads\/2022\/02\/commercants-plonevez.jpg","type":"image\/jpeg"}],"author":"Mika\u00ebl Le Bihannic","twitter_card":"summary_large_image","twitter_misc":{"\u00c9crit par":"Mika\u00ebl Le Bihannic","Dur\u00e9e de lecture estim\u00e9e":"2 minutes"},"schema":{"@context":"https:\/\/schema.org","@graph":[{"@type":"Article","@id":"http:\/\/www.bcd.bzh\/becedia\/bretagne-1972\/mouvements-sociaux\/16-manifestation-de-commercants-et-artisans-a-plonevez-du-faou-le-25-avril-1972\/#article","isPartOf":{"@id":"http:\/\/www.bcd.bzh\/becedia\/bretagne-1972\/mouvements-sociaux\/16-manifestation-de-commercants-et-artisans-a-plonevez-du-faou-le-25-avril-1972\/"},"author":{"name":"Mika\u00ebl Le Bihannic","@id":"\/#\/schema\/person\/7b31a5eeb64de6f4dd9d15a7aa1986ad"},"headline":"Manifestation de commer\u00e7ants et artisans \u00e0 Plon\u00e9vez-du-Faou, le 25 avril 1972","datePublished":"2022-02-12T13:39:39+00:00","dateModified":"2022-02-21T13:14:03+00:00","mainEntityOfPage":{"@id":"http:\/\/www.bcd.bzh\/becedia\/bretagne-1972\/mouvements-sociaux\/16-manifestation-de-commercants-et-artisans-a-plonevez-du-faou-le-25-avril-1972\/"},"wordCount":258,"publisher":{"@id":"\/#organization"},"image":{"@id":"http:\/\/www.bcd.bzh\/becedia\/bretagne-1972\/mouvements-sociaux\/16-manifestation-de-commercants-et-artisans-a-plonevez-du-faou-le-25-avril-1972\/#primaryimage"},"thumbnailUrl":"http:\/\/www.bcd.bzh\/becedia\/bretagne-1972\/wp-content\/uploads\/2022\/02\/commercants-plonevez.jpg","keywords":["Podcasts"],"articleSection":["Article","Mouvements sociaux","Podcast"],"inLanguage":"fr-FR"},{"@type":"WebPage","@id":"http:\/\/www.bcd.bzh\/becedia\/bretagne-1972\/mouvements-sociaux\/16-manifestation-de-commercants-et-artisans-a-plonevez-du-faou-le-25-avril-1972\/","url":"http:\/\/www.bcd.bzh\/becedia\/bretagne-1972\/mouvements-sociaux\/16-manifestation-de-commercants-et-artisans-a-plonevez-du-faou-le-25-avril-1972\/","name":"Manifestation de commer\u00e7ants et artisans \u00e0 Plon\u00e9vez-du-Faou, le 25 avril 1972 - La Bretagne en 1972","isPartOf":{"@id":"\/#website"},"primaryImageOfPage":{"@id":"http:\/\/www.bcd.bzh\/becedia\/bretagne-1972\/mouvements-sociaux\/16-manifestation-de-commercants-et-artisans-a-plonevez-du-faou-le-25-avril-1972\/#primaryimage"},"image":{"@id":"http:\/\/www.bcd.bzh\/becedia\/bretagne-1972\/mouvements-sociaux\/16-manifestation-de-commercants-et-artisans-a-plonevez-du-faou-le-25-avril-1972\/#primaryimage"},"thumbnailUrl":"http:\/\/www.bcd.bzh\/becedia\/bretagne-1972\/wp-content\/uploads\/2022\/02\/commercants-plonevez.jpg","datePublished":"2022-02-12T13:39:39+00:00","dateModified":"2022-02-21T13:14:03+00:00","breadcrumb":{"@id":"http:\/\/www.bcd.bzh\/becedia\/bretagne-1972\/mouvements-sociaux\/16-manifestation-de-commercants-et-artisans-a-plonevez-du-faou-le-25-avril-1972\/#breadcrumb"},"inLanguage":"fr-FR","potentialAction":[{"@type":"ReadAction","target":["http:\/\/www.bcd.bzh\/becedia\/bretagne-1972\/mouvements-sociaux\/16-manifestation-de-commercants-et-artisans-a-plonevez-du-faou-le-25-avril-1972\/"]}]},{"@type":"ImageObject","inLanguage":"fr-FR","@id":"http:\/\/www.bcd.bzh\/becedia\/bretagne-1972\/mouvements-sociaux\/16-manifestation-de-commercants-et-artisans-a-plonevez-du-faou-le-25-avril-1972\/#primaryimage","url":"http:\/\/www.bcd.bzh\/becedia\/bretagne-1972\/wp-content\/uploads\/2022\/02\/commercants-plonevez.jpg","contentUrl":"http:\/\/www.bcd.bzh\/becedia\/bretagne-1972\/wp-content\/uploads\/2022\/02\/commercants-plonevez.jpg","width":800,"height":453,"caption":"Manifestation de commer\u00e7ants et artisans \u00e0 Plon\u00e9vez-du-Faou - Collection Jean Hourmant"},{"@type":"BreadcrumbList","@id":"http:\/\/www.bcd.bzh\/becedia\/bretagne-1972\/mouvements-sociaux\/16-manifestation-de-commercants-et-artisans-a-plonevez-du-faou-le-25-avril-1972\/#breadcrumb","itemListElement":[{"@type":"ListItem","position":1,"name":"Accueil","item":"https:\/\/www.bcd.bzh\/becedia\/bretagne-1972\/"},{"@type":"ListItem","position":2,"name":"Manifestation de commer\u00e7ants et artisans \u00e0 Plon\u00e9vez-du-Faou, le 25 avril 1972"}]},{"@type":"WebSite","@id":"\/#website","url":"\/","name":"La Bretagne en 1972","description":"","publisher":{"@id":"\/#organization"},"potentialAction":[{"@type":"SearchAction","target":{"@type":"EntryPoint","urlTemplate":"\/?s={search_term_string}"},"query-input":{"@type":"PropertyValueSpecification","valueRequired":true,"valueName":"search_term_string"}}],"inLanguage":"fr-FR"},{"@type":"Organization","@id":"\/#organization","name":"La Bretagne en 1972","url":"\/","logo":{"@type":"ImageObject","inLanguage":"fr-FR","@id":"\/#\/schema\/logo\/image\/","url":"http:\/\/www.bcd.bzh\/becedia\/bretagne-1972\/wp-content\/uploads\/2022\/01\/site-logo.svg","contentUrl":"http:\/\/www.bcd.bzh\/becedia\/bretagne-1972\/wp-content\/uploads\/2022\/01\/site-logo.svg","width":309,"height":107,"caption":"La Bretagne en 1972"},"image":{"@id":"\/#\/schema\/logo\/image\/"}},{"@type":"Person","@id":"\/#\/schema\/person\/7b31a5eeb64de6f4dd9d15a7aa1986ad","name":"Mika\u00ebl Le Bihannic","image":{"@type":"ImageObject","inLanguage":"fr-FR","@id":"https:\/\/secure.gravatar.com\/avatar\/d21920759bff8844c5dfbdf914df557bcef7dc1afcd74962dacb1a3419cb7e63?s=96&d=mm&r=g","url":"https:\/\/secure.gravatar.com\/avatar\/d21920759bff8844c5dfbdf914df557bcef7dc1afcd74962dacb1a3419cb7e63?s=96&d=mm&r=g","contentUrl":"https:\/\/secure.gravatar.com\/avatar\/d21920759bff8844c5dfbdf914df557bcef7dc1afcd74962dacb1a3419cb7e63?s=96&d=mm&r=g","caption":"Mika\u00ebl Le Bihannic"},"url":"http:\/\/www.bcd.bzh\/becedia\/bretagne-1972\/author\/mbihannic\/"}]}},"_links":{"self":[{"href":"http:\/\/www.bcd.bzh\/becedia\/bretagne-1972\/wp-json\/wp\/v2\/posts\/161","targetHints":{"allow":["GET"]}}],"collection":[{"href":"http:\/\/www.bcd.bzh\/becedia\/bretagne-1972\/wp-json\/wp\/v2\/posts"}],"about":[{"href":"http:\/\/www.bcd.bzh\/becedia\/bretagne-1972\/wp-json\/wp\/v2\/types\/post"}],"author":[{"embeddable":true,"href":"http:\/\/www.bcd.bzh\/becedia\/bretagne-1972\/wp-json\/wp\/v2\/users\/4"}],"replies":[{"embeddable":true,"href":"http:\/\/www.bcd.bzh\/becedia\/bretagne-1972\/wp-json\/wp\/v2\/comments?post=161"}],"version-history":[{"count":6,"href":"http:\/\/www.bcd.bzh\/becedia\/bretagne-1972\/wp-json\/wp\/v2\/posts\/161\/revisions"}],"predecessor-version":[{"id":847,"href":"http:\/\/www.bcd.bzh\/becedia\/bretagne-1972\/wp-json\/wp\/v2\/posts\/161\/revisions\/847"}],"wp:featuredmedia":[{"embeddable":true,"href":"http:\/\/www.bcd.bzh\/becedia\/bretagne-1972\/wp-json\/wp\/v2\/media\/636"}],"wp:attachment":[{"href":"http:\/\/www.bcd.bzh\/becedia\/bretagne-1972\/wp-json\/wp\/v2\/media?parent=161"}],"wp:term":[{"taxonomy":"category","embeddable":true,"href":"http:\/\/www.bcd.bzh\/becedia\/bretagne-1972\/wp-json\/wp\/v2\/categories?post=161"},{"taxonomy":"post_tag","embeddable":true,"href":"http:\/\/www.bcd.bzh\/becedia\/bretagne-1972\/wp-json\/wp\/v2\/tags?post=161"}],"curies":[{"name":"wp","href":"https:\/\/api.w.org\/{rel}","templated":true}]}}