{"id":332,"date":"2022-01-02T11:50:00","date_gmt":"2022-01-02T10:50:00","guid":{"rendered":"https:\/\/www.bcd.bzh\/becedia\/bretagne-1972\/?p=332"},"modified":"2022-03-09T14:29:50","modified_gmt":"2022-03-09T13:29:50","slug":"freres-de-classe","status":"publish","type":"post","link":"http:\/\/www.bcd.bzh\/becedia\/bretagne-1972\/mouvements-sociaux\/freres-de-classe\/","title":{"rendered":"Fr\u00e8res de classe"},"content":{"rendered":"\n<p><strong>Auteur :<\/strong> Christophe Cordier<\/p>\n\n\n\n<p>La Bretagne, Saint-Brieuc, mars 1972. Une gr\u00e8ve avec occupation \u00e9clate aux usines du Joint fran\u00e7ais. Le 6 avril, l&#8217;affrontement avec les forces de l&#8217;ordre est imminent.<br>De cette lutte un moment unique va \u00eatre immortalis\u00e9 par un clich\u00e9 photographique : un manifestant, un CRS face-\u00e0-face. L&#8217;ouvrier est en rage, semble hurler, le visage d\u00e9form\u00e9 par la col\u00e8re. Il tient le CRS par la vareuse&#8230; Deux hommes pr\u00eats au corps \u00e0 corps. Mais l&#8217;image ne dit pas tout&#8230;<\/p>\n\n\n\n<div class=\"wp-block-buttons is-layout-flex wp-block-buttons-is-layout-flex\">\n<div class=\"wp-block-button aligncenter\"><a class=\"wp-block-button__link\" href=\"http:\/\/www.bed.bzh\/fr\/films\/freres-de-classe\/\">Voir le film sur Bed<\/a><\/div>\n<\/div>\n","protected":false},"excerpt":{"rendered":"<p>Auteur : Christophe Cordier La Bretagne, Saint-Brieuc, mars 1972. Une gr\u00e8ve avec occupation \u00e9clate aux usines du Joint fran\u00e7ais. Le 6 avril, l&#8217;affrontement avec les forces de l&#8217;ordre est imminent.De cette lutte un moment unique va \u00eatre immortalis\u00e9 par un clich\u00e9 photographique : un manifestant, un CRS face-\u00e0-face. L&#8217;ouvrier est en rage, semble hurler, le&hellip; <a class=\"more-link\" href=\"http:\/\/www.bcd.bzh\/becedia\/bretagne-1972\/mouvements-sociaux\/freres-de-classe\/\">Poursuivre la lecture <span class=\"screen-reader-text\">Fr\u00e8res de classe<\/span><\/a><\/p>\n","protected":false},"author":5,"featured_media":1199,"comment_status":"closed","ping_status":"closed","sticky":false,"template":"","format":"standard","meta":{"inline_featured_image":false,"footnotes":""},"categories":[2],"tags":[15],"class_list":["post-332","post","type-post","status-publish","format-standard","has-post-thumbnail","hentry","category-mouvements-sociaux","tag-video","entry"],"acf":[],"yoast_head":"<!-- This site is optimized with the Yoast SEO plugin v27.5 - https:\/\/yoast.com\/product\/yoast-seo-wordpress\/ -->\n<title>Fr\u00e8res de classe - La Bretagne en 1972<\/title>\n<meta name=\"robots\" content=\"index, follow, max-snippet:-1, max-image-preview:large, max-video-preview:-1\" \/>\n<link rel=\"canonical\" href=\"https:\/\/www.bcd.bzh\/becedia\/bretagne-1972\/mouvements-sociaux\/freres-de-classe\/\" \/>\n<meta property=\"og:locale\" content=\"fr_FR\" \/>\n<meta property=\"og:type\" content=\"article\" \/>\n<meta property=\"og:title\" content=\"Fr\u00e8res de classe - La Bretagne en 1972\" \/>\n<meta property=\"og:description\" content=\"Auteur : Christophe Cordier La Bretagne, Saint-Brieuc, mars 1972. Une gr\u00e8ve avec occupation \u00e9clate aux usines du Joint fran\u00e7ais. Le 6 avril, l&#8217;affrontement avec les forces de l&#8217;ordre est imminent.De cette lutte un moment unique va \u00eatre immortalis\u00e9 par un clich\u00e9 photographique : un manifestant, un CRS face-\u00e0-face. L&#8217;ouvrier est en rage, semble hurler, le&hellip; Poursuivre la lecture Fr\u00e8res de classe\" \/>\n<meta property=\"og:url\" content=\"https:\/\/www.bcd.bzh\/becedia\/bretagne-1972\/mouvements-sociaux\/freres-de-classe\/\" \/>\n<meta property=\"og:site_name\" content=\"La Bretagne en 1972\" \/>\n<meta property=\"article:published_time\" content=\"2022-01-02T10:50:00+00:00\" \/>\n<meta property=\"article:modified_time\" content=\"2022-03-09T13:29:50+00:00\" \/>\n<meta property=\"og:image\" content=\"https:\/\/www.bcd.bzh\/becedia\/bretagne-1972\/wp-content\/uploads\/2022\/01\/freres-de-classe-2-ok.jpg\" \/>\n\t<meta property=\"og:image:width\" content=\"800\" \/>\n\t<meta property=\"og:image:height\" content=\"453\" \/>\n\t<meta property=\"og:image:type\" content=\"image\/jpeg\" \/>\n<meta name=\"author\" content=\"Soizick Aubry\" \/>\n<meta name=\"twitter:card\" content=\"summary_large_image\" \/>\n<meta name=\"twitter:label1\" content=\"\u00c9crit par\" \/>\n\t<meta name=\"twitter:data1\" content=\"Soizick Aubry\" \/>\n\t<meta name=\"twitter:label2\" content=\"Dur\u00e9e de lecture estim\u00e9e\" \/>\n\t<meta name=\"twitter:data2\" content=\"1 minute\" \/>\n<script type=\"application\/ld+json\" class=\"yoast-schema-graph\">{\"@context\":\"https:\\\/\\\/schema.org\",\"@graph\":[{\"@type\":\"Article\",\"@id\":\"https:\\\/\\\/www.bcd.bzh\\\/becedia\\\/bretagne-1972\\\/mouvements-sociaux\\\/freres-de-classe\\\/#article\",\"isPartOf\":{\"@id\":\"https:\\\/\\\/www.bcd.bzh\\\/becedia\\\/bretagne-1972\\\/mouvements-sociaux\\\/freres-de-classe\\\/\"},\"author\":{\"name\":\"Soizick Aubry\",\"@id\":\"\\\/#\\\/schema\\\/person\\\/2bcd7655170c96bdbb1145f1ee07cedd\"},\"headline\":\"Fr\u00e8res de classe\",\"datePublished\":\"2022-01-02T10:50:00+00:00\",\"dateModified\":\"2022-03-09T13:29:50+00:00\",\"mainEntityOfPage\":{\"@id\":\"https:\\\/\\\/www.bcd.bzh\\\/becedia\\\/bretagne-1972\\\/mouvements-sociaux\\\/freres-de-classe\\\/\"},\"wordCount\":91,\"publisher\":{\"@id\":\"\\\/#organization\"},\"image\":{\"@id\":\"https:\\\/\\\/www.bcd.bzh\\\/becedia\\\/bretagne-1972\\\/mouvements-sociaux\\\/freres-de-classe\\\/#primaryimage\"},\"thumbnailUrl\":\"http:\\\/\\\/www.bcd.bzh\\\/becedia\\\/bretagne-1972\\\/wp-content\\\/uploads\\\/2022\\\/01\\\/freres-de-classe-2-ok.jpg\",\"keywords\":[\"Vid\u00e9o\"],\"articleSection\":[\"Mouvements sociaux\"],\"inLanguage\":\"fr-FR\"},{\"@type\":\"WebPage\",\"@id\":\"https:\\\/\\\/www.bcd.bzh\\\/becedia\\\/bretagne-1972\\\/mouvements-sociaux\\\/freres-de-classe\\\/\",\"url\":\"https:\\\/\\\/www.bcd.bzh\\\/becedia\\\/bretagne-1972\\\/mouvements-sociaux\\\/freres-de-classe\\\/\",\"name\":\"Fr\u00e8res de classe - La Bretagne en 1972\",\"isPartOf\":{\"@id\":\"\\\/#website\"},\"primaryImageOfPage\":{\"@id\":\"https:\\\/\\\/www.bcd.bzh\\\/becedia\\\/bretagne-1972\\\/mouvements-sociaux\\\/freres-de-classe\\\/#primaryimage\"},\"image\":{\"@id\":\"https:\\\/\\\/www.bcd.bzh\\\/becedia\\\/bretagne-1972\\\/mouvements-sociaux\\\/freres-de-classe\\\/#primaryimage\"},\"thumbnailUrl\":\"http:\\\/\\\/www.bcd.bzh\\\/becedia\\\/bretagne-1972\\\/wp-content\\\/uploads\\\/2022\\\/01\\\/freres-de-classe-2-ok.jpg\",\"datePublished\":\"2022-01-02T10:50:00+00:00\",\"dateModified\":\"2022-03-09T13:29:50+00:00\",\"breadcrumb\":{\"@id\":\"https:\\\/\\\/www.bcd.bzh\\\/becedia\\\/bretagne-1972\\\/mouvements-sociaux\\\/freres-de-classe\\\/#breadcrumb\"},\"inLanguage\":\"fr-FR\",\"potentialAction\":[{\"@type\":\"ReadAction\",\"target\":[\"https:\\\/\\\/www.bcd.bzh\\\/becedia\\\/bretagne-1972\\\/mouvements-sociaux\\\/freres-de-classe\\\/\"]}]},{\"@type\":\"ImageObject\",\"inLanguage\":\"fr-FR\",\"@id\":\"https:\\\/\\\/www.bcd.bzh\\\/becedia\\\/bretagne-1972\\\/mouvements-sociaux\\\/freres-de-classe\\\/#primaryimage\",\"url\":\"http:\\\/\\\/www.bcd.bzh\\\/becedia\\\/bretagne-1972\\\/wp-content\\\/uploads\\\/2022\\\/01\\\/freres-de-classe-2-ok.jpg\",\"contentUrl\":\"http:\\\/\\\/www.bcd.bzh\\\/becedia\\\/bretagne-1972\\\/wp-content\\\/uploads\\\/2022\\\/01\\\/freres-de-classe-2-ok.jpg\",\"width\":800,\"height\":453},{\"@type\":\"BreadcrumbList\",\"@id\":\"https:\\\/\\\/www.bcd.bzh\\\/becedia\\\/bretagne-1972\\\/mouvements-sociaux\\\/freres-de-classe\\\/#breadcrumb\",\"itemListElement\":[{\"@type\":\"ListItem\",\"position\":1,\"name\":\"Accueil\",\"item\":\"https:\\\/\\\/www.bcd.bzh\\\/becedia\\\/bretagne-1972\\\/\"},{\"@type\":\"ListItem\",\"position\":2,\"name\":\"Fr\u00e8res de classe\"}]},{\"@type\":\"WebSite\",\"@id\":\"\\\/#website\",\"url\":\"\\\/\",\"name\":\"La Bretagne en 1972\",\"description\":\"\",\"publisher\":{\"@id\":\"\\\/#organization\"},\"potentialAction\":[{\"@type\":\"SearchAction\",\"target\":{\"@type\":\"EntryPoint\",\"urlTemplate\":\"\\\/?s={search_term_string}\"},\"query-input\":{\"@type\":\"PropertyValueSpecification\",\"valueRequired\":true,\"valueName\":\"search_term_string\"}}],\"inLanguage\":\"fr-FR\"},{\"@type\":\"Organization\",\"@id\":\"\\\/#organization\",\"name\":\"La Bretagne en 1972\",\"url\":\"\\\/\",\"logo\":{\"@type\":\"ImageObject\",\"inLanguage\":\"fr-FR\",\"@id\":\"\\\/#\\\/schema\\\/logo\\\/image\\\/\",\"url\":\"http:\\\/\\\/www.bcd.bzh\\\/becedia\\\/bretagne-1972\\\/wp-content\\\/uploads\\\/2022\\\/01\\\/site-logo.svg\",\"contentUrl\":\"http:\\\/\\\/www.bcd.bzh\\\/becedia\\\/bretagne-1972\\\/wp-content\\\/uploads\\\/2022\\\/01\\\/site-logo.svg\",\"width\":309,\"height\":107,\"caption\":\"La Bretagne en 1972\"},\"image\":{\"@id\":\"\\\/#\\\/schema\\\/logo\\\/image\\\/\"}},{\"@type\":\"Person\",\"@id\":\"\\\/#\\\/schema\\\/person\\\/2bcd7655170c96bdbb1145f1ee07cedd\",\"name\":\"Soizick Aubry\",\"image\":{\"@type\":\"ImageObject\",\"inLanguage\":\"fr-FR\",\"@id\":\"https:\\\/\\\/secure.gravatar.com\\\/avatar\\\/35ad961778bcb4f839d707d8dcb2b5b36fa179b63de5c0bca78636ce89e8cb96?s=96&d=mm&r=g\",\"url\":\"https:\\\/\\\/secure.gravatar.com\\\/avatar\\\/35ad961778bcb4f839d707d8dcb2b5b36fa179b63de5c0bca78636ce89e8cb96?s=96&d=mm&r=g\",\"contentUrl\":\"https:\\\/\\\/secure.gravatar.com\\\/avatar\\\/35ad961778bcb4f839d707d8dcb2b5b36fa179b63de5c0bca78636ce89e8cb96?s=96&d=mm&r=g\",\"caption\":\"Soizick Aubry\"},\"url\":\"http:\\\/\\\/www.bcd.bzh\\\/becedia\\\/bretagne-1972\\\/author\\\/saubry\\\/\"}]}<\/script>\n<!-- \/ Yoast SEO plugin. -->","yoast_head_json":{"title":"Fr\u00e8res de classe - La Bretagne en 1972","robots":{"index":"index","follow":"follow","max-snippet":"max-snippet:-1","max-image-preview":"max-image-preview:large","max-video-preview":"max-video-preview:-1"},"canonical":"https:\/\/www.bcd.bzh\/becedia\/bretagne-1972\/mouvements-sociaux\/freres-de-classe\/","og_locale":"fr_FR","og_type":"article","og_title":"Fr\u00e8res de classe - La Bretagne en 1972","og_description":"Auteur : Christophe Cordier La Bretagne, Saint-Brieuc, mars 1972. Une gr\u00e8ve avec occupation \u00e9clate aux usines du Joint fran\u00e7ais. Le 6 avril, l&#8217;affrontement avec les forces de l&#8217;ordre est imminent.De cette lutte un moment unique va \u00eatre immortalis\u00e9 par un clich\u00e9 photographique : un manifestant, un CRS face-\u00e0-face. L&#8217;ouvrier est en rage, semble hurler, le&hellip; Poursuivre la lecture Fr\u00e8res de classe","og_url":"https:\/\/www.bcd.bzh\/becedia\/bretagne-1972\/mouvements-sociaux\/freres-de-classe\/","og_site_name":"La Bretagne en 1972","article_published_time":"2022-01-02T10:50:00+00:00","article_modified_time":"2022-03-09T13:29:50+00:00","og_image":[{"width":800,"height":453,"url":"https:\/\/www.bcd.bzh\/becedia\/bretagne-1972\/wp-content\/uploads\/2022\/01\/freres-de-classe-2-ok.jpg","type":"image\/jpeg"}],"author":"Soizick Aubry","twitter_card":"summary_large_image","twitter_misc":{"\u00c9crit par":"Soizick Aubry","Dur\u00e9e de lecture estim\u00e9e":"1 minute"},"schema":{"@context":"https:\/\/schema.org","@graph":[{"@type":"Article","@id":"https:\/\/www.bcd.bzh\/becedia\/bretagne-1972\/mouvements-sociaux\/freres-de-classe\/#article","isPartOf":{"@id":"https:\/\/www.bcd.bzh\/becedia\/bretagne-1972\/mouvements-sociaux\/freres-de-classe\/"},"author":{"name":"Soizick Aubry","@id":"\/#\/schema\/person\/2bcd7655170c96bdbb1145f1ee07cedd"},"headline":"Fr\u00e8res de classe","datePublished":"2022-01-02T10:50:00+00:00","dateModified":"2022-03-09T13:29:50+00:00","mainEntityOfPage":{"@id":"https:\/\/www.bcd.bzh\/becedia\/bretagne-1972\/mouvements-sociaux\/freres-de-classe\/"},"wordCount":91,"publisher":{"@id":"\/#organization"},"image":{"@id":"https:\/\/www.bcd.bzh\/becedia\/bretagne-1972\/mouvements-sociaux\/freres-de-classe\/#primaryimage"},"thumbnailUrl":"http:\/\/www.bcd.bzh\/becedia\/bretagne-1972\/wp-content\/uploads\/2022\/01\/freres-de-classe-2-ok.jpg","keywords":["Vid\u00e9o"],"articleSection":["Mouvements sociaux"],"inLanguage":"fr-FR"},{"@type":"WebPage","@id":"https:\/\/www.bcd.bzh\/becedia\/bretagne-1972\/mouvements-sociaux\/freres-de-classe\/","url":"https:\/\/www.bcd.bzh\/becedia\/bretagne-1972\/mouvements-sociaux\/freres-de-classe\/","name":"Fr\u00e8res de classe - La Bretagne en 1972","isPartOf":{"@id":"\/#website"},"primaryImageOfPage":{"@id":"https:\/\/www.bcd.bzh\/becedia\/bretagne-1972\/mouvements-sociaux\/freres-de-classe\/#primaryimage"},"image":{"@id":"https:\/\/www.bcd.bzh\/becedia\/bretagne-1972\/mouvements-sociaux\/freres-de-classe\/#primaryimage"},"thumbnailUrl":"http:\/\/www.bcd.bzh\/becedia\/bretagne-1972\/wp-content\/uploads\/2022\/01\/freres-de-classe-2-ok.jpg","datePublished":"2022-01-02T10:50:00+00:00","dateModified":"2022-03-09T13:29:50+00:00","breadcrumb":{"@id":"https:\/\/www.bcd.bzh\/becedia\/bretagne-1972\/mouvements-sociaux\/freres-de-classe\/#breadcrumb"},"inLanguage":"fr-FR","potentialAction":[{"@type":"ReadAction","target":["https:\/\/www.bcd.bzh\/becedia\/bretagne-1972\/mouvements-sociaux\/freres-de-classe\/"]}]},{"@type":"ImageObject","inLanguage":"fr-FR","@id":"https:\/\/www.bcd.bzh\/becedia\/bretagne-1972\/mouvements-sociaux\/freres-de-classe\/#primaryimage","url":"http:\/\/www.bcd.bzh\/becedia\/bretagne-1972\/wp-content\/uploads\/2022\/01\/freres-de-classe-2-ok.jpg","contentUrl":"http:\/\/www.bcd.bzh\/becedia\/bretagne-1972\/wp-content\/uploads\/2022\/01\/freres-de-classe-2-ok.jpg","width":800,"height":453},{"@type":"BreadcrumbList","@id":"https:\/\/www.bcd.bzh\/becedia\/bretagne-1972\/mouvements-sociaux\/freres-de-classe\/#breadcrumb","itemListElement":[{"@type":"ListItem","position":1,"name":"Accueil","item":"https:\/\/www.bcd.bzh\/becedia\/bretagne-1972\/"},{"@type":"ListItem","position":2,"name":"Fr\u00e8res de classe"}]},{"@type":"WebSite","@id":"\/#website","url":"\/","name":"La Bretagne en 1972","description":"","publisher":{"@id":"\/#organization"},"potentialAction":[{"@type":"SearchAction","target":{"@type":"EntryPoint","urlTemplate":"\/?s={search_term_string}"},"query-input":{"@type":"PropertyValueSpecification","valueRequired":true,"valueName":"search_term_string"}}],"inLanguage":"fr-FR"},{"@type":"Organization","@id":"\/#organization","name":"La Bretagne en 1972","url":"\/","logo":{"@type":"ImageObject","inLanguage":"fr-FR","@id":"\/#\/schema\/logo\/image\/","url":"http:\/\/www.bcd.bzh\/becedia\/bretagne-1972\/wp-content\/uploads\/2022\/01\/site-logo.svg","contentUrl":"http:\/\/www.bcd.bzh\/becedia\/bretagne-1972\/wp-content\/uploads\/2022\/01\/site-logo.svg","width":309,"height":107,"caption":"La Bretagne en 1972"},"image":{"@id":"\/#\/schema\/logo\/image\/"}},{"@type":"Person","@id":"\/#\/schema\/person\/2bcd7655170c96bdbb1145f1ee07cedd","name":"Soizick Aubry","image":{"@type":"ImageObject","inLanguage":"fr-FR","@id":"https:\/\/secure.gravatar.com\/avatar\/35ad961778bcb4f839d707d8dcb2b5b36fa179b63de5c0bca78636ce89e8cb96?s=96&d=mm&r=g","url":"https:\/\/secure.gravatar.com\/avatar\/35ad961778bcb4f839d707d8dcb2b5b36fa179b63de5c0bca78636ce89e8cb96?s=96&d=mm&r=g","contentUrl":"https:\/\/secure.gravatar.com\/avatar\/35ad961778bcb4f839d707d8dcb2b5b36fa179b63de5c0bca78636ce89e8cb96?s=96&d=mm&r=g","caption":"Soizick Aubry"},"url":"http:\/\/www.bcd.bzh\/becedia\/bretagne-1972\/author\/saubry\/"}]}},"_links":{"self":[{"href":"http:\/\/www.bcd.bzh\/becedia\/bretagne-1972\/wp-json\/wp\/v2\/posts\/332","targetHints":{"allow":["GET"]}}],"collection":[{"href":"http:\/\/www.bcd.bzh\/becedia\/bretagne-1972\/wp-json\/wp\/v2\/posts"}],"about":[{"href":"http:\/\/www.bcd.bzh\/becedia\/bretagne-1972\/wp-json\/wp\/v2\/types\/post"}],"author":[{"embeddable":true,"href":"http:\/\/www.bcd.bzh\/becedia\/bretagne-1972\/wp-json\/wp\/v2\/users\/5"}],"replies":[{"embeddable":true,"href":"http:\/\/www.bcd.bzh\/becedia\/bretagne-1972\/wp-json\/wp\/v2\/comments?post=332"}],"version-history":[{"count":2,"href":"http:\/\/www.bcd.bzh\/becedia\/bretagne-1972\/wp-json\/wp\/v2\/posts\/332\/revisions"}],"predecessor-version":[{"id":1170,"href":"http:\/\/www.bcd.bzh\/becedia\/bretagne-1972\/wp-json\/wp\/v2\/posts\/332\/revisions\/1170"}],"wp:featuredmedia":[{"embeddable":true,"href":"http:\/\/www.bcd.bzh\/becedia\/bretagne-1972\/wp-json\/wp\/v2\/media\/1199"}],"wp:attachment":[{"href":"http:\/\/www.bcd.bzh\/becedia\/bretagne-1972\/wp-json\/wp\/v2\/media?parent=332"}],"wp:term":[{"taxonomy":"category","embeddable":true,"href":"http:\/\/www.bcd.bzh\/becedia\/bretagne-1972\/wp-json\/wp\/v2\/categories?post=332"},{"taxonomy":"post_tag","embeddable":true,"href":"http:\/\/www.bcd.bzh\/becedia\/bretagne-1972\/wp-json\/wp\/v2\/tags?post=332"}],"curies":[{"name":"wp","href":"https:\/\/api.w.org\/{rel}","templated":true}]}}