{"id":659,"date":"2022-02-09T15:28:06","date_gmt":"2022-02-09T14:28:06","guid":{"rendered":"https:\/\/www.bcd.bzh\/becedia\/bretagne-1972\/?p=659"},"modified":"2022-03-18T21:57:59","modified_gmt":"2022-03-18T20:57:59","slug":"le-demarrage-de-la-greve-du-lait-par-georges-dauphin","status":"publish","type":"post","link":"http:\/\/www.bcd.bzh\/becedia\/bretagne-1972\/temoignage\/le-demarrage-de-la-greve-du-lait-par-georges-dauphin\/","title":{"rendered":"Le d\u00e9marrage de la gr\u00e8ve du lait par Georges Dauphin"},"content":{"rendered":"\n<h3 class=\"has-text-align-center wp-block-heading\" id=\"ils-nous-racontent-1972\"><strong>Ils nous racontent 1972<\/strong><\/h3>\n\n\n\n<div class=\"wp-block-columns alignwide are-vertically-aligned-top is-style-twentytwentyone-columns-overlap is-layout-flex wp-container-core-columns-is-layout-9d6595d7 wp-block-columns-is-layout-flex\">\n<div class=\"wp-block-column is-vertically-aligned-top is-layout-flow wp-block-column-is-layout-flow\" style=\"flex-basis:100%\">\n<div class=\"wp-block-columns is-style-default is-layout-flex wp-container-core-columns-is-layout-9d6595d7 wp-block-columns-is-layout-flex\">\n<div class=\"wp-block-column is-layout-flow wp-block-column-is-layout-flow\">\n<figure class=\"wp-block-embed is-type-video is-provider-vimeo wp-block-embed-vimeo wp-embed-aspect-16-9 wp-has-aspect-ratio\"><div class=\"wp-block-embed__wrapper\">\n<iframe loading=\"lazy\" title=\"Le d&amp;eacute;marrage de la gr&amp;egrave;ve du lait par Georges Dauphin\" src=\"https:\/\/player.vimeo.com\/video\/262008263?h=4464c7ad88&amp;dnt=1&amp;app_id=122963\" width=\"750\" height=\"422\" frameborder=\"0\" allow=\"autoplay; fullscreen; picture-in-picture\" allowfullscreen><\/iframe>\n<\/div><\/figure>\n<\/div>\n<\/div>\n<\/div>\n<\/div>\n\n\n\n<p><a href=\"http:\/\/www.bretania.bzh\/portail\/doc\/MAITRON\/21553\/dauphin-georges\" target=\"_blank\" rel=\"noreferrer noopener\">Georges Dauphin<\/a>, pr\u00e9sident de la FDSEA (syndicat des agriculteurs) du Finist\u00e8re de 1969 \u00e0 1973, nous raconte comment le mouvement de la gr\u00e8ve du lait a commenc\u00e9.<\/p>\n\n\n\n<p>Cette interview a \u00e9t\u00e9 r\u00e9alis\u00e9e dans le cadre du webdocumentaire <em><a href=\"http:\/\/www.bcd.bzh\/bretagne68\/\" target=\"_blank\" rel=\"noreferrer noopener\">Autour de mai 68, une soci\u00e9t\u00e9 en mutation (1958-1981)<\/a><\/em>.<\/p>\n\n\n\n<div class=\"wp-block-group\"><div class=\"wp-block-group__inner-container is-layout-flow wp-block-group-is-layout-flow\">\n<div class=\"wp-block-group\"><div class=\"wp-block-group__inner-container is-layout-flow wp-block-group-is-layout-flow\">\n<p>\u00c0 voir \u00e9galement :<\/p>\n<\/div><\/div>\n\n\n<ul class=\"wp-block-latest-posts__list is-grid columns-3 is-style-default wp-block-latest-posts\"><li><div class=\"wp-block-latest-posts__featured-image\"><img loading=\"lazy\" decoding=\"async\" width=\"300\" height=\"240\" src=\"http:\/\/www.bcd.bzh\/becedia\/bretagne-1972\/wp-content\/uploads\/2022\/03\/visuel-web-joint-FR-colloque-3-300x240.jpg\" class=\"attachment-medium size-medium wp-post-image\" alt=\"\" style=\"width:100%;height:79.99%;max-width:2084px;\" srcset=\"http:\/\/www.bcd.bzh\/becedia\/bretagne-1972\/wp-content\/uploads\/2022\/03\/visuel-web-joint-FR-colloque-3-300x240.jpg 300w, http:\/\/www.bcd.bzh\/becedia\/bretagne-1972\/wp-content\/uploads\/2022\/03\/visuel-web-joint-FR-colloque-3-1024x819.jpg 1024w, http:\/\/www.bcd.bzh\/becedia\/bretagne-1972\/wp-content\/uploads\/2022\/03\/visuel-web-joint-FR-colloque-3-768x614.jpg 768w, http:\/\/www.bcd.bzh\/becedia\/bretagne-1972\/wp-content\/uploads\/2022\/03\/visuel-web-joint-FR-colloque-3-1536x1229.jpg 1536w, http:\/\/www.bcd.bzh\/becedia\/bretagne-1972\/wp-content\/uploads\/2022\/03\/visuel-web-joint-FR-colloque-3-2048x1638.jpg 2048w, http:\/\/www.bcd.bzh\/becedia\/bretagne-1972\/wp-content\/uploads\/2022\/03\/visuel-web-joint-FR-colloque-3-1568x1254.jpg 1568w\" sizes=\"auto, (max-width: 300px) 100vw, 300px\" \/><\/div><a class=\"wp-block-latest-posts__post-title\" href=\"http:\/\/www.bcd.bzh\/becedia\/bretagne-1972\/mouvements-sociaux\/les-relations-entre-les-militants-de-lip-et-du-joint-francais-guillaume-gourgues\/\">Les relations entre les militants de LIP et du Joint Fran\u00e7ais &#8211; Guillaume Gourgues<\/a><\/li>\n<li><div class=\"wp-block-latest-posts__featured-image\"><img loading=\"lazy\" decoding=\"async\" width=\"300\" height=\"240\" src=\"http:\/\/www.bcd.bzh\/becedia\/bretagne-1972\/wp-content\/uploads\/2022\/03\/visuel-web-joint-FR-colloque-3-300x240.jpg\" class=\"attachment-medium size-medium wp-post-image\" alt=\"\" style=\"width:100%;height:79.99%;max-width:2084px;\" srcset=\"http:\/\/www.bcd.bzh\/becedia\/bretagne-1972\/wp-content\/uploads\/2022\/03\/visuel-web-joint-FR-colloque-3-300x240.jpg 300w, http:\/\/www.bcd.bzh\/becedia\/bretagne-1972\/wp-content\/uploads\/2022\/03\/visuel-web-joint-FR-colloque-3-1024x819.jpg 1024w, http:\/\/www.bcd.bzh\/becedia\/bretagne-1972\/wp-content\/uploads\/2022\/03\/visuel-web-joint-FR-colloque-3-768x614.jpg 768w, http:\/\/www.bcd.bzh\/becedia\/bretagne-1972\/wp-content\/uploads\/2022\/03\/visuel-web-joint-FR-colloque-3-1536x1229.jpg 1536w, http:\/\/www.bcd.bzh\/becedia\/bretagne-1972\/wp-content\/uploads\/2022\/03\/visuel-web-joint-FR-colloque-3-2048x1638.jpg 2048w, http:\/\/www.bcd.bzh\/becedia\/bretagne-1972\/wp-content\/uploads\/2022\/03\/visuel-web-joint-FR-colloque-3-1568x1254.jpg 1568w\" sizes=\"auto, (max-width: 300px) 100vw, 300px\" \/><\/div><a class=\"wp-block-latest-posts__post-title\" href=\"http:\/\/www.bcd.bzh\/becedia\/bretagne-1972\/mouvements-sociaux\/les-droites-bretonnes-face-a-la-greve-david-bensoussan\/\">Les droites bretonnes face \u00e0 la gr\u00e8ve &#8211; David Bensoussan<\/a><\/li>\n<li><div class=\"wp-block-latest-posts__featured-image\"><img loading=\"lazy\" decoding=\"async\" width=\"300\" height=\"169\" src=\"http:\/\/www.bcd.bzh\/becedia\/bretagne-1972\/wp-content\/uploads\/2022\/06\/grevedulait1972-300x169.png\" class=\"attachment-medium size-medium wp-post-image\" alt=\"\" style=\"width:100%;height:56.22%;max-width:900px;\" srcset=\"http:\/\/www.bcd.bzh\/becedia\/bretagne-1972\/wp-content\/uploads\/2022\/06\/grevedulait1972-300x169.png 300w, http:\/\/www.bcd.bzh\/becedia\/bretagne-1972\/wp-content\/uploads\/2022\/06\/grevedulait1972-768x432.png 768w, http:\/\/www.bcd.bzh\/becedia\/bretagne-1972\/wp-content\/uploads\/2022\/06\/grevedulait1972.png 900w\" sizes=\"auto, (max-width: 300px) 100vw, 300px\" \/><\/div><a class=\"wp-block-latest-posts__post-title\" href=\"http:\/\/www.bcd.bzh\/becedia\/bretagne-1972\/mouvements-sociaux\/an-taol-lagad-special-annee-1972-la-greve-du-lait\/\">An Taol lagad sp\u00e9cial Ann\u00e9e 1972 : la gr\u00e8ve du lait<\/a><\/li>\n<li><div class=\"wp-block-latest-posts__featured-image\"><img loading=\"lazy\" decoding=\"async\" width=\"300\" height=\"169\" src=\"http:\/\/www.bcd.bzh\/becedia\/bretagne-1972\/wp-content\/uploads\/2022\/06\/1972greveartisans-300x169.png\" class=\"attachment-medium size-medium wp-post-image\" alt=\"\" style=\"width:100%;height:56.22%;max-width:900px;\" srcset=\"http:\/\/www.bcd.bzh\/becedia\/bretagne-1972\/wp-content\/uploads\/2022\/06\/1972greveartisans-300x169.png 300w, http:\/\/www.bcd.bzh\/becedia\/bretagne-1972\/wp-content\/uploads\/2022\/06\/1972greveartisans-768x432.png 768w, http:\/\/www.bcd.bzh\/becedia\/bretagne-1972\/wp-content\/uploads\/2022\/06\/1972greveartisans.png 900w\" sizes=\"auto, (max-width: 300px) 100vw, 300px\" \/><\/div><a class=\"wp-block-latest-posts__post-title\" href=\"http:\/\/www.bcd.bzh\/becedia\/bretagne-1972\/mouvements-sociaux\/an-taol-lagad-special-annee-1972-les-greves-des-commercants\/\">An Taol lagad sp\u00e9cial Ann\u00e9e 1972 : les gr\u00e8ves des commer\u00e7ants<\/a><\/li>\n<li><div class=\"wp-block-latest-posts__featured-image\"><img loading=\"lazy\" decoding=\"async\" width=\"300\" height=\"170\" src=\"http:\/\/www.bcd.bzh\/becedia\/bretagne-1972\/wp-content\/uploads\/2022\/05\/image_2022-05-05_154636026-300x170.png\" class=\"attachment-medium size-medium wp-post-image\" alt=\"\" style=\"width:100%;height:56.8%;max-width:1111px;\" srcset=\"http:\/\/www.bcd.bzh\/becedia\/bretagne-1972\/wp-content\/uploads\/2022\/05\/image_2022-05-05_154636026-300x170.png 300w, http:\/\/www.bcd.bzh\/becedia\/bretagne-1972\/wp-content\/uploads\/2022\/05\/image_2022-05-05_154636026-1024x582.png 1024w, http:\/\/www.bcd.bzh\/becedia\/bretagne-1972\/wp-content\/uploads\/2022\/05\/image_2022-05-05_154636026-768x436.png 768w, http:\/\/www.bcd.bzh\/becedia\/bretagne-1972\/wp-content\/uploads\/2022\/05\/image_2022-05-05_154636026.png 1111w\" sizes=\"auto, (max-width: 300px) 100vw, 300px\" \/><\/div><a class=\"wp-block-latest-posts__post-title\" href=\"http:\/\/www.bcd.bzh\/becedia\/bretagne-1972\/mouvements-sociaux\/la-greve-du-lait-une-lutte-feministe-2\/\">La gr\u00e8ve du lait, une lutte f\u00e9ministe ?<\/a><\/li>\n<li><div class=\"wp-block-latest-posts__featured-image\"><img loading=\"lazy\" decoding=\"async\" width=\"300\" height=\"170\" src=\"http:\/\/www.bcd.bzh\/becedia\/bretagne-1972\/wp-content\/uploads\/2022\/05\/greve_lait_DT_1972-300x170.jpg\" class=\"attachment-medium size-medium wp-post-image\" alt=\"\" style=\"width:100%;height:56.64%;max-width:768px;\" srcset=\"http:\/\/www.bcd.bzh\/becedia\/bretagne-1972\/wp-content\/uploads\/2022\/05\/greve_lait_DT_1972-300x170.jpg 300w, http:\/\/www.bcd.bzh\/becedia\/bretagne-1972\/wp-content\/uploads\/2022\/05\/greve_lait_DT_1972.jpg 768w\" sizes=\"auto, (max-width: 300px) 100vw, 300px\" \/><\/div><a class=\"wp-block-latest-posts__post-title\" href=\"http:\/\/www.bcd.bzh\/becedia\/bretagne-1972\/mouvements-sociaux\/les-memoires-de-la-greve-du-lait\/\">Les m\u00e9moires de la gr\u00e8ve du lait<\/a><\/li>\n<li><div class=\"wp-block-latest-posts__featured-image\"><img loading=\"lazy\" decoding=\"async\" width=\"300\" height=\"169\" src=\"http:\/\/www.bcd.bzh\/becedia\/bretagne-1972\/wp-content\/uploads\/2022\/05\/georges_dauphin-ok-300x169.jpg\" class=\"attachment-medium size-medium wp-post-image\" alt=\"\" style=\"width:100%;height:56.3%;max-width:1000px;\" srcset=\"http:\/\/www.bcd.bzh\/becedia\/bretagne-1972\/wp-content\/uploads\/2022\/05\/georges_dauphin-ok-300x169.jpg 300w, http:\/\/www.bcd.bzh\/becedia\/bretagne-1972\/wp-content\/uploads\/2022\/05\/georges_dauphin-ok-768x432.jpg 768w, http:\/\/www.bcd.bzh\/becedia\/bretagne-1972\/wp-content\/uploads\/2022\/05\/georges_dauphin-ok.jpg 1000w\" sizes=\"auto, (max-width: 300px) 100vw, 300px\" \/><\/div><a class=\"wp-block-latest-posts__post-title\" href=\"http:\/\/www.bcd.bzh\/becedia\/bretagne-1972\/mouvements-sociaux\/les-acteurs-de-la-greve-du-lait-deux-generations-trois-parcours-militants\/\">Les acteurs de la gr\u00e8ve du lait. Deux g\u00e9n\u00e9rations, trois parcours militants<\/a><\/li>\n<li><div class=\"wp-block-latest-posts__featured-image\"><img loading=\"lazy\" decoding=\"async\" width=\"300\" height=\"180\" src=\"http:\/\/www.bcd.bzh\/becedia\/bretagne-1972\/wp-content\/uploads\/2022\/05\/manif-lait-1972-le_paysan_breton-ok-300x180.jpg\" class=\"attachment-medium size-medium wp-post-image\" alt=\"\" style=\"width:100%;height:60%;max-width:1000px;\" srcset=\"http:\/\/www.bcd.bzh\/becedia\/bretagne-1972\/wp-content\/uploads\/2022\/05\/manif-lait-1972-le_paysan_breton-ok-300x180.jpg 300w, http:\/\/www.bcd.bzh\/becedia\/bretagne-1972\/wp-content\/uploads\/2022\/05\/manif-lait-1972-le_paysan_breton-ok-768x461.jpg 768w, http:\/\/www.bcd.bzh\/becedia\/bretagne-1972\/wp-content\/uploads\/2022\/05\/manif-lait-1972-le_paysan_breton-ok.jpg 1000w\" sizes=\"auto, (max-width: 300px) 100vw, 300px\" \/><\/div><a class=\"wp-block-latest-posts__post-title\" href=\"http:\/\/www.bcd.bzh\/becedia\/bretagne-1972\/mouvements-sociaux\/la-greve-du-lait-un-mai-68-paysan-en-bretagne\/\">La gr\u00e8ve du lait. Un Mai 68 paysan en Bretagne ?\u200b<\/a><\/li>\n<li><div class=\"wp-block-latest-posts__featured-image\"><img loading=\"lazy\" decoding=\"async\" width=\"300\" height=\"169\" src=\"http:\/\/www.bcd.bzh\/becedia\/bretagne-1972\/wp-content\/uploads\/2022\/04\/antaollagadjointfrancais-300x169.png\" class=\"attachment-medium size-medium wp-post-image\" alt=\"\" style=\"width:100%;height:56.22%;max-width:900px;\" srcset=\"http:\/\/www.bcd.bzh\/becedia\/bretagne-1972\/wp-content\/uploads\/2022\/04\/antaollagadjointfrancais-300x169.png 300w, http:\/\/www.bcd.bzh\/becedia\/bretagne-1972\/wp-content\/uploads\/2022\/04\/antaollagadjointfrancais-768x432.png 768w, http:\/\/www.bcd.bzh\/becedia\/bretagne-1972\/wp-content\/uploads\/2022\/04\/antaollagadjointfrancais.png 900w\" sizes=\"auto, (max-width: 300px) 100vw, 300px\" \/><\/div><a class=\"wp-block-latest-posts__post-title\" href=\"http:\/\/www.bcd.bzh\/becedia\/bretagne-1972\/mouvements-sociaux\/an-taol-lagad-special-annee-1972-la-greve-du-joint-francais\/\">An Taol lagad sp\u00e9cial Ann\u00e9e 1972 \u2013 La gr\u00e8ve du Joint Fran\u00e7ais<\/a><\/li>\n<li><div class=\"wp-block-latest-posts__featured-image\"><img loading=\"lazy\" decoding=\"async\" width=\"300\" height=\"170\" src=\"http:\/\/www.bcd.bzh\/becedia\/bretagne-1972\/wp-content\/uploads\/2022\/03\/Jean-Le-Faucheur-300x170.jpg\" class=\"attachment-medium size-medium wp-post-image\" alt=\"\" style=\"width:100%;height:56.63%;max-width:800px;\" srcset=\"http:\/\/www.bcd.bzh\/becedia\/bretagne-1972\/wp-content\/uploads\/2022\/03\/Jean-Le-Faucheur-300x170.jpg 300w, http:\/\/www.bcd.bzh\/becedia\/bretagne-1972\/wp-content\/uploads\/2022\/03\/Jean-Le-Faucheur-768x435.jpg 768w, http:\/\/www.bcd.bzh\/becedia\/bretagne-1972\/wp-content\/uploads\/2022\/03\/Jean-Le-Faucheur.jpg 800w\" sizes=\"auto, (max-width: 300px) 100vw, 300px\" \/><\/div><a class=\"wp-block-latest-posts__post-title\" href=\"http:\/\/www.bcd.bzh\/becedia\/bretagne-1972\/mouvements-sociaux\/jean-le-faucheur\/\">Jean Le Faucheur, chef de file des luttes sociales briochines<\/a><\/li>\n<li><div class=\"wp-block-latest-posts__featured-image\"><img loading=\"lazy\" decoding=\"async\" width=\"300\" height=\"170\" src=\"http:\/\/www.bcd.bzh\/becedia\/bretagne-1972\/wp-content\/uploads\/2022\/02\/vignette-lutte-Guerande-300x170.jpg\" class=\"attachment-medium size-medium wp-post-image\" alt=\"\" style=\"width:100%;height:56.63%;max-width:800px;\" srcset=\"http:\/\/www.bcd.bzh\/becedia\/bretagne-1972\/wp-content\/uploads\/2022\/02\/vignette-lutte-Guerande-300x170.jpg 300w, http:\/\/www.bcd.bzh\/becedia\/bretagne-1972\/wp-content\/uploads\/2022\/02\/vignette-lutte-Guerande-768x435.jpg 768w, http:\/\/www.bcd.bzh\/becedia\/bretagne-1972\/wp-content\/uploads\/2022\/02\/vignette-lutte-Guerande.jpg 800w\" sizes=\"auto, (max-width: 300px) 100vw, 300px\" \/><\/div><a class=\"wp-block-latest-posts__post-title\" href=\"http:\/\/www.bcd.bzh\/becedia\/bretagne-1972\/mouvements-sociaux\/la-grande-crise-et-le-combat-pour-sauver-les-marais-salants\/\">La grande crise et le combat pour sauver les marais salants<\/a><\/li>\n<li><div class=\"wp-block-latest-posts__featured-image\"><img loading=\"lazy\" decoding=\"async\" width=\"300\" height=\"169\" src=\"http:\/\/www.bcd.bzh\/becedia\/bretagne-1972\/wp-content\/uploads\/2022\/01\/julie_la_louarn-300x169.jpg\" class=\"attachment-medium size-medium wp-post-image\" alt=\"\" style=\"width:100%;height:56.25%;max-width:640px;\" srcset=\"http:\/\/www.bcd.bzh\/becedia\/bretagne-1972\/wp-content\/uploads\/2022\/01\/julie_la_louarn-300x169.jpg 300w, http:\/\/www.bcd.bzh\/becedia\/bretagne-1972\/wp-content\/uploads\/2022\/01\/julie_la_louarn.jpg 640w\" sizes=\"auto, (max-width: 300px) 100vw, 300px\" \/><\/div><a class=\"wp-block-latest-posts__post-title\" href=\"http:\/\/www.bcd.bzh\/becedia\/bretagne-1972\/mouvements-sociaux\/julia-le-louarn-salariee-au-joint-francais\/\">Julia Le Louarn, salari\u00e9e au Joint Fran\u00e7ais<\/a><\/li>\n<\/ul><\/div><\/div>\n","protected":false},"excerpt":{"rendered":"<p>Ils nous racontent 1972 Georges Dauphin, pr\u00e9sident de la FDSEA (syndicat des agriculteurs) du Finist\u00e8re de 1969 \u00e0 1973, nous raconte comment le mouvement de la gr\u00e8ve du lait a commenc\u00e9. Cette interview a \u00e9t\u00e9 r\u00e9alis\u00e9e dans le cadre du webdocumentaire Autour de mai 68, une soci\u00e9t\u00e9 en mutation (1958-1981). \u00c0 voir \u00e9galement :<\/p>\n","protected":false},"author":4,"featured_media":660,"comment_status":"closed","ping_status":"closed","sticky":false,"template":"","format":"video","meta":{"inline_featured_image":false,"footnotes":""},"categories":[2,11],"tags":[15],"class_list":["post-659","post","type-post","status-publish","format-video","has-post-thumbnail","hentry","category-mouvements-sociaux","category-temoignage","tag-video","post_format-post-format-video","entry"],"acf":[],"yoast_head":"<!-- This site is optimized with the Yoast SEO plugin v27.5 - https:\/\/yoast.com\/product\/yoast-seo-wordpress\/ -->\n<title>Le d\u00e9marrage de la gr\u00e8ve du lait par Georges Dauphin - La Bretagne en 1972<\/title>\n<meta name=\"robots\" content=\"index, follow, max-snippet:-1, max-image-preview:large, max-video-preview:-1\" \/>\n<link rel=\"canonical\" href=\"https:\/\/www.bcd.bzh\/becedia\/bretagne-1972\/temoignage\/le-demarrage-de-la-greve-du-lait-par-georges-dauphin\/\" \/>\n<meta property=\"og:locale\" content=\"fr_FR\" \/>\n<meta property=\"og:type\" content=\"article\" \/>\n<meta property=\"og:title\" content=\"Le d\u00e9marrage de la gr\u00e8ve du lait par Georges Dauphin - La Bretagne en 1972\" \/>\n<meta property=\"og:description\" content=\"Ils nous racontent 1972 Georges Dauphin, pr\u00e9sident de la FDSEA (syndicat des agriculteurs) du Finist\u00e8re de 1969 \u00e0 1973, nous raconte comment le mouvement de la gr\u00e8ve du lait a commenc\u00e9. Cette interview a \u00e9t\u00e9 r\u00e9alis\u00e9e dans le cadre du webdocumentaire Autour de mai 68, une soci\u00e9t\u00e9 en mutation (1958-1981). \u00c0 voir \u00e9galement :\" \/>\n<meta property=\"og:url\" content=\"https:\/\/www.bcd.bzh\/becedia\/bretagne-1972\/temoignage\/le-demarrage-de-la-greve-du-lait-par-georges-dauphin\/\" \/>\n<meta property=\"og:site_name\" content=\"La Bretagne en 1972\" \/>\n<meta property=\"article:published_time\" content=\"2022-02-09T14:28:06+00:00\" \/>\n<meta property=\"article:modified_time\" content=\"2022-03-18T20:57:59+00:00\" \/>\n<meta property=\"og:image\" content=\"https:\/\/www.bcd.bzh\/becedia\/bretagne-1972\/wp-content\/uploads\/2022\/02\/greve-du-lait-dauphin.jpg\" \/>\n\t<meta property=\"og:image:width\" content=\"800\" \/>\n\t<meta property=\"og:image:height\" content=\"453\" \/>\n\t<meta property=\"og:image:type\" content=\"image\/jpeg\" \/>\n<meta name=\"author\" content=\"Mika\u00ebl Le Bihannic\" \/>\n<meta name=\"twitter:card\" content=\"summary_large_image\" \/>\n<meta name=\"twitter:label1\" content=\"\u00c9crit par\" \/>\n\t<meta name=\"twitter:data1\" content=\"Mika\u00ebl Le Bihannic\" \/>\n\t<meta name=\"twitter:label2\" content=\"Dur\u00e9e de lecture estim\u00e9e\" \/>\n\t<meta name=\"twitter:data2\" content=\"1 minute\" \/>\n<script type=\"application\/ld+json\" class=\"yoast-schema-graph\">{\"@context\":\"https:\\\/\\\/schema.org\",\"@graph\":[{\"@type\":\"Article\",\"@id\":\"https:\\\/\\\/www.bcd.bzh\\\/becedia\\\/bretagne-1972\\\/temoignage\\\/le-demarrage-de-la-greve-du-lait-par-georges-dauphin\\\/#article\",\"isPartOf\":{\"@id\":\"https:\\\/\\\/www.bcd.bzh\\\/becedia\\\/bretagne-1972\\\/temoignage\\\/le-demarrage-de-la-greve-du-lait-par-georges-dauphin\\\/\"},\"author\":{\"name\":\"Mika\u00ebl Le Bihannic\",\"@id\":\"\\\/#\\\/schema\\\/person\\\/7b31a5eeb64de6f4dd9d15a7aa1986ad\"},\"headline\":\"Le d\u00e9marrage de la gr\u00e8ve du lait par Georges Dauphin\",\"datePublished\":\"2022-02-09T14:28:06+00:00\",\"dateModified\":\"2022-03-18T20:57:59+00:00\",\"mainEntityOfPage\":{\"@id\":\"https:\\\/\\\/www.bcd.bzh\\\/becedia\\\/bretagne-1972\\\/temoignage\\\/le-demarrage-de-la-greve-du-lait-par-georges-dauphin\\\/\"},\"wordCount\":68,\"publisher\":{\"@id\":\"\\\/#organization\"},\"image\":{\"@id\":\"https:\\\/\\\/www.bcd.bzh\\\/becedia\\\/bretagne-1972\\\/temoignage\\\/le-demarrage-de-la-greve-du-lait-par-georges-dauphin\\\/#primaryimage\"},\"thumbnailUrl\":\"http:\\\/\\\/www.bcd.bzh\\\/becedia\\\/bretagne-1972\\\/wp-content\\\/uploads\\\/2022\\\/02\\\/greve-du-lait-dauphin.jpg\",\"keywords\":[\"Vid\u00e9o\"],\"articleSection\":[\"Mouvements sociaux\",\"T\u00e9moignage\"],\"inLanguage\":\"fr-FR\"},{\"@type\":\"WebPage\",\"@id\":\"https:\\\/\\\/www.bcd.bzh\\\/becedia\\\/bretagne-1972\\\/temoignage\\\/le-demarrage-de-la-greve-du-lait-par-georges-dauphin\\\/\",\"url\":\"https:\\\/\\\/www.bcd.bzh\\\/becedia\\\/bretagne-1972\\\/temoignage\\\/le-demarrage-de-la-greve-du-lait-par-georges-dauphin\\\/\",\"name\":\"Le d\u00e9marrage de la gr\u00e8ve du lait par Georges Dauphin - La Bretagne en 1972\",\"isPartOf\":{\"@id\":\"\\\/#website\"},\"primaryImageOfPage\":{\"@id\":\"https:\\\/\\\/www.bcd.bzh\\\/becedia\\\/bretagne-1972\\\/temoignage\\\/le-demarrage-de-la-greve-du-lait-par-georges-dauphin\\\/#primaryimage\"},\"image\":{\"@id\":\"https:\\\/\\\/www.bcd.bzh\\\/becedia\\\/bretagne-1972\\\/temoignage\\\/le-demarrage-de-la-greve-du-lait-par-georges-dauphin\\\/#primaryimage\"},\"thumbnailUrl\":\"http:\\\/\\\/www.bcd.bzh\\\/becedia\\\/bretagne-1972\\\/wp-content\\\/uploads\\\/2022\\\/02\\\/greve-du-lait-dauphin.jpg\",\"datePublished\":\"2022-02-09T14:28:06+00:00\",\"dateModified\":\"2022-03-18T20:57:59+00:00\",\"breadcrumb\":{\"@id\":\"https:\\\/\\\/www.bcd.bzh\\\/becedia\\\/bretagne-1972\\\/temoignage\\\/le-demarrage-de-la-greve-du-lait-par-georges-dauphin\\\/#breadcrumb\"},\"inLanguage\":\"fr-FR\",\"potentialAction\":[{\"@type\":\"ReadAction\",\"target\":[\"https:\\\/\\\/www.bcd.bzh\\\/becedia\\\/bretagne-1972\\\/temoignage\\\/le-demarrage-de-la-greve-du-lait-par-georges-dauphin\\\/\"]}]},{\"@type\":\"ImageObject\",\"inLanguage\":\"fr-FR\",\"@id\":\"https:\\\/\\\/www.bcd.bzh\\\/becedia\\\/bretagne-1972\\\/temoignage\\\/le-demarrage-de-la-greve-du-lait-par-georges-dauphin\\\/#primaryimage\",\"url\":\"http:\\\/\\\/www.bcd.bzh\\\/becedia\\\/bretagne-1972\\\/wp-content\\\/uploads\\\/2022\\\/02\\\/greve-du-lait-dauphin.jpg\",\"contentUrl\":\"http:\\\/\\\/www.bcd.bzh\\\/becedia\\\/bretagne-1972\\\/wp-content\\\/uploads\\\/2022\\\/02\\\/greve-du-lait-dauphin.jpg\",\"width\":800,\"height\":453},{\"@type\":\"BreadcrumbList\",\"@id\":\"https:\\\/\\\/www.bcd.bzh\\\/becedia\\\/bretagne-1972\\\/temoignage\\\/le-demarrage-de-la-greve-du-lait-par-georges-dauphin\\\/#breadcrumb\",\"itemListElement\":[{\"@type\":\"ListItem\",\"position\":1,\"name\":\"Accueil\",\"item\":\"https:\\\/\\\/www.bcd.bzh\\\/becedia\\\/bretagne-1972\\\/\"},{\"@type\":\"ListItem\",\"position\":2,\"name\":\"Le d\u00e9marrage de la gr\u00e8ve du lait par Georges Dauphin\"}]},{\"@type\":\"WebSite\",\"@id\":\"\\\/#website\",\"url\":\"\\\/\",\"name\":\"La Bretagne en 1972\",\"description\":\"\",\"publisher\":{\"@id\":\"\\\/#organization\"},\"potentialAction\":[{\"@type\":\"SearchAction\",\"target\":{\"@type\":\"EntryPoint\",\"urlTemplate\":\"\\\/?s={search_term_string}\"},\"query-input\":{\"@type\":\"PropertyValueSpecification\",\"valueRequired\":true,\"valueName\":\"search_term_string\"}}],\"inLanguage\":\"fr-FR\"},{\"@type\":\"Organization\",\"@id\":\"\\\/#organization\",\"name\":\"La Bretagne en 1972\",\"url\":\"\\\/\",\"logo\":{\"@type\":\"ImageObject\",\"inLanguage\":\"fr-FR\",\"@id\":\"\\\/#\\\/schema\\\/logo\\\/image\\\/\",\"url\":\"http:\\\/\\\/www.bcd.bzh\\\/becedia\\\/bretagne-1972\\\/wp-content\\\/uploads\\\/2022\\\/01\\\/site-logo.svg\",\"contentUrl\":\"http:\\\/\\\/www.bcd.bzh\\\/becedia\\\/bretagne-1972\\\/wp-content\\\/uploads\\\/2022\\\/01\\\/site-logo.svg\",\"width\":309,\"height\":107,\"caption\":\"La Bretagne en 1972\"},\"image\":{\"@id\":\"\\\/#\\\/schema\\\/logo\\\/image\\\/\"}},{\"@type\":\"Person\",\"@id\":\"\\\/#\\\/schema\\\/person\\\/7b31a5eeb64de6f4dd9d15a7aa1986ad\",\"name\":\"Mika\u00ebl Le Bihannic\",\"image\":{\"@type\":\"ImageObject\",\"inLanguage\":\"fr-FR\",\"@id\":\"https:\\\/\\\/secure.gravatar.com\\\/avatar\\\/d21920759bff8844c5dfbdf914df557bcef7dc1afcd74962dacb1a3419cb7e63?s=96&d=mm&r=g\",\"url\":\"https:\\\/\\\/secure.gravatar.com\\\/avatar\\\/d21920759bff8844c5dfbdf914df557bcef7dc1afcd74962dacb1a3419cb7e63?s=96&d=mm&r=g\",\"contentUrl\":\"https:\\\/\\\/secure.gravatar.com\\\/avatar\\\/d21920759bff8844c5dfbdf914df557bcef7dc1afcd74962dacb1a3419cb7e63?s=96&d=mm&r=g\",\"caption\":\"Mika\u00ebl Le Bihannic\"},\"url\":\"http:\\\/\\\/www.bcd.bzh\\\/becedia\\\/bretagne-1972\\\/author\\\/mbihannic\\\/\"}]}<\/script>\n<!-- \/ Yoast SEO plugin. -->","yoast_head_json":{"title":"Le d\u00e9marrage de la gr\u00e8ve du lait par Georges Dauphin - La Bretagne en 1972","robots":{"index":"index","follow":"follow","max-snippet":"max-snippet:-1","max-image-preview":"max-image-preview:large","max-video-preview":"max-video-preview:-1"},"canonical":"https:\/\/www.bcd.bzh\/becedia\/bretagne-1972\/temoignage\/le-demarrage-de-la-greve-du-lait-par-georges-dauphin\/","og_locale":"fr_FR","og_type":"article","og_title":"Le d\u00e9marrage de la gr\u00e8ve du lait par Georges Dauphin - La Bretagne en 1972","og_description":"Ils nous racontent 1972 Georges Dauphin, pr\u00e9sident de la FDSEA (syndicat des agriculteurs) du Finist\u00e8re de 1969 \u00e0 1973, nous raconte comment le mouvement de la gr\u00e8ve du lait a commenc\u00e9. Cette interview a \u00e9t\u00e9 r\u00e9alis\u00e9e dans le cadre du webdocumentaire Autour de mai 68, une soci\u00e9t\u00e9 en mutation (1958-1981). \u00c0 voir \u00e9galement :","og_url":"https:\/\/www.bcd.bzh\/becedia\/bretagne-1972\/temoignage\/le-demarrage-de-la-greve-du-lait-par-georges-dauphin\/","og_site_name":"La Bretagne en 1972","article_published_time":"2022-02-09T14:28:06+00:00","article_modified_time":"2022-03-18T20:57:59+00:00","og_image":[{"width":800,"height":453,"url":"https:\/\/www.bcd.bzh\/becedia\/bretagne-1972\/wp-content\/uploads\/2022\/02\/greve-du-lait-dauphin.jpg","type":"image\/jpeg"}],"author":"Mika\u00ebl Le Bihannic","twitter_card":"summary_large_image","twitter_misc":{"\u00c9crit par":"Mika\u00ebl Le Bihannic","Dur\u00e9e de lecture estim\u00e9e":"1 minute"},"schema":{"@context":"https:\/\/schema.org","@graph":[{"@type":"Article","@id":"https:\/\/www.bcd.bzh\/becedia\/bretagne-1972\/temoignage\/le-demarrage-de-la-greve-du-lait-par-georges-dauphin\/#article","isPartOf":{"@id":"https:\/\/www.bcd.bzh\/becedia\/bretagne-1972\/temoignage\/le-demarrage-de-la-greve-du-lait-par-georges-dauphin\/"},"author":{"name":"Mika\u00ebl Le Bihannic","@id":"\/#\/schema\/person\/7b31a5eeb64de6f4dd9d15a7aa1986ad"},"headline":"Le d\u00e9marrage de la gr\u00e8ve du lait par Georges Dauphin","datePublished":"2022-02-09T14:28:06+00:00","dateModified":"2022-03-18T20:57:59+00:00","mainEntityOfPage":{"@id":"https:\/\/www.bcd.bzh\/becedia\/bretagne-1972\/temoignage\/le-demarrage-de-la-greve-du-lait-par-georges-dauphin\/"},"wordCount":68,"publisher":{"@id":"\/#organization"},"image":{"@id":"https:\/\/www.bcd.bzh\/becedia\/bretagne-1972\/temoignage\/le-demarrage-de-la-greve-du-lait-par-georges-dauphin\/#primaryimage"},"thumbnailUrl":"http:\/\/www.bcd.bzh\/becedia\/bretagne-1972\/wp-content\/uploads\/2022\/02\/greve-du-lait-dauphin.jpg","keywords":["Vid\u00e9o"],"articleSection":["Mouvements sociaux","T\u00e9moignage"],"inLanguage":"fr-FR"},{"@type":"WebPage","@id":"https:\/\/www.bcd.bzh\/becedia\/bretagne-1972\/temoignage\/le-demarrage-de-la-greve-du-lait-par-georges-dauphin\/","url":"https:\/\/www.bcd.bzh\/becedia\/bretagne-1972\/temoignage\/le-demarrage-de-la-greve-du-lait-par-georges-dauphin\/","name":"Le d\u00e9marrage de la gr\u00e8ve du lait par Georges Dauphin - La Bretagne en 1972","isPartOf":{"@id":"\/#website"},"primaryImageOfPage":{"@id":"https:\/\/www.bcd.bzh\/becedia\/bretagne-1972\/temoignage\/le-demarrage-de-la-greve-du-lait-par-georges-dauphin\/#primaryimage"},"image":{"@id":"https:\/\/www.bcd.bzh\/becedia\/bretagne-1972\/temoignage\/le-demarrage-de-la-greve-du-lait-par-georges-dauphin\/#primaryimage"},"thumbnailUrl":"http:\/\/www.bcd.bzh\/becedia\/bretagne-1972\/wp-content\/uploads\/2022\/02\/greve-du-lait-dauphin.jpg","datePublished":"2022-02-09T14:28:06+00:00","dateModified":"2022-03-18T20:57:59+00:00","breadcrumb":{"@id":"https:\/\/www.bcd.bzh\/becedia\/bretagne-1972\/temoignage\/le-demarrage-de-la-greve-du-lait-par-georges-dauphin\/#breadcrumb"},"inLanguage":"fr-FR","potentialAction":[{"@type":"ReadAction","target":["https:\/\/www.bcd.bzh\/becedia\/bretagne-1972\/temoignage\/le-demarrage-de-la-greve-du-lait-par-georges-dauphin\/"]}]},{"@type":"ImageObject","inLanguage":"fr-FR","@id":"https:\/\/www.bcd.bzh\/becedia\/bretagne-1972\/temoignage\/le-demarrage-de-la-greve-du-lait-par-georges-dauphin\/#primaryimage","url":"http:\/\/www.bcd.bzh\/becedia\/bretagne-1972\/wp-content\/uploads\/2022\/02\/greve-du-lait-dauphin.jpg","contentUrl":"http:\/\/www.bcd.bzh\/becedia\/bretagne-1972\/wp-content\/uploads\/2022\/02\/greve-du-lait-dauphin.jpg","width":800,"height":453},{"@type":"BreadcrumbList","@id":"https:\/\/www.bcd.bzh\/becedia\/bretagne-1972\/temoignage\/le-demarrage-de-la-greve-du-lait-par-georges-dauphin\/#breadcrumb","itemListElement":[{"@type":"ListItem","position":1,"name":"Accueil","item":"https:\/\/www.bcd.bzh\/becedia\/bretagne-1972\/"},{"@type":"ListItem","position":2,"name":"Le d\u00e9marrage de la gr\u00e8ve du lait par Georges Dauphin"}]},{"@type":"WebSite","@id":"\/#website","url":"\/","name":"La Bretagne en 1972","description":"","publisher":{"@id":"\/#organization"},"potentialAction":[{"@type":"SearchAction","target":{"@type":"EntryPoint","urlTemplate":"\/?s={search_term_string}"},"query-input":{"@type":"PropertyValueSpecification","valueRequired":true,"valueName":"search_term_string"}}],"inLanguage":"fr-FR"},{"@type":"Organization","@id":"\/#organization","name":"La Bretagne en 1972","url":"\/","logo":{"@type":"ImageObject","inLanguage":"fr-FR","@id":"\/#\/schema\/logo\/image\/","url":"http:\/\/www.bcd.bzh\/becedia\/bretagne-1972\/wp-content\/uploads\/2022\/01\/site-logo.svg","contentUrl":"http:\/\/www.bcd.bzh\/becedia\/bretagne-1972\/wp-content\/uploads\/2022\/01\/site-logo.svg","width":309,"height":107,"caption":"La Bretagne en 1972"},"image":{"@id":"\/#\/schema\/logo\/image\/"}},{"@type":"Person","@id":"\/#\/schema\/person\/7b31a5eeb64de6f4dd9d15a7aa1986ad","name":"Mika\u00ebl Le Bihannic","image":{"@type":"ImageObject","inLanguage":"fr-FR","@id":"https:\/\/secure.gravatar.com\/avatar\/d21920759bff8844c5dfbdf914df557bcef7dc1afcd74962dacb1a3419cb7e63?s=96&d=mm&r=g","url":"https:\/\/secure.gravatar.com\/avatar\/d21920759bff8844c5dfbdf914df557bcef7dc1afcd74962dacb1a3419cb7e63?s=96&d=mm&r=g","contentUrl":"https:\/\/secure.gravatar.com\/avatar\/d21920759bff8844c5dfbdf914df557bcef7dc1afcd74962dacb1a3419cb7e63?s=96&d=mm&r=g","caption":"Mika\u00ebl Le Bihannic"},"url":"http:\/\/www.bcd.bzh\/becedia\/bretagne-1972\/author\/mbihannic\/"}]}},"_links":{"self":[{"href":"http:\/\/www.bcd.bzh\/becedia\/bretagne-1972\/wp-json\/wp\/v2\/posts\/659","targetHints":{"allow":["GET"]}}],"collection":[{"href":"http:\/\/www.bcd.bzh\/becedia\/bretagne-1972\/wp-json\/wp\/v2\/posts"}],"about":[{"href":"http:\/\/www.bcd.bzh\/becedia\/bretagne-1972\/wp-json\/wp\/v2\/types\/post"}],"author":[{"embeddable":true,"href":"http:\/\/www.bcd.bzh\/becedia\/bretagne-1972\/wp-json\/wp\/v2\/users\/4"}],"replies":[{"embeddable":true,"href":"http:\/\/www.bcd.bzh\/becedia\/bretagne-1972\/wp-json\/wp\/v2\/comments?post=659"}],"version-history":[{"count":7,"href":"http:\/\/www.bcd.bzh\/becedia\/bretagne-1972\/wp-json\/wp\/v2\/posts\/659\/revisions"}],"predecessor-version":[{"id":1239,"href":"http:\/\/www.bcd.bzh\/becedia\/bretagne-1972\/wp-json\/wp\/v2\/posts\/659\/revisions\/1239"}],"wp:featuredmedia":[{"embeddable":true,"href":"http:\/\/www.bcd.bzh\/becedia\/bretagne-1972\/wp-json\/wp\/v2\/media\/660"}],"wp:attachment":[{"href":"http:\/\/www.bcd.bzh\/becedia\/bretagne-1972\/wp-json\/wp\/v2\/media?parent=659"}],"wp:term":[{"taxonomy":"category","embeddable":true,"href":"http:\/\/www.bcd.bzh\/becedia\/bretagne-1972\/wp-json\/wp\/v2\/categories?post=659"},{"taxonomy":"post_tag","embeddable":true,"href":"http:\/\/www.bcd.bzh\/becedia\/bretagne-1972\/wp-json\/wp\/v2\/tags?post=659"}],"curies":[{"name":"wp","href":"https:\/\/api.w.org\/{rel}","templated":true}]}}