{"id":1206,"date":"2022-03-14T16:40:47","date_gmt":"2022-03-14T15:40:47","guid":{"rendered":"https:\/\/www.bcd.bzh\/becedia\/bretagne-1972\/?p=1206"},"modified":"2022-05-17T10:54:05","modified_gmt":"2022-05-17T08:54:05","slug":"jean-le-faucheur","status":"publish","type":"post","link":"https:\/\/www.bcd.bzh\/becedia\/bretagne-1972\/mouvements-sociaux\/jean-le-faucheur\/","title":{"rendered":"Jean Le Faucheur, chef de file des luttes sociales briochines"},"content":{"rendered":"\n<figure class=\"wp-block-embed alignwide is-type-video is-provider-vimeo wp-block-embed-vimeo wp-embed-aspect-16-9 wp-has-aspect-ratio\"><div class=\"wp-block-embed__wrapper\">\n<iframe loading=\"lazy\" title=\"Jean Le Faucheur, chef de fil des luttes sociales briochines\" src=\"https:\/\/player.vimeo.com\/video\/687974633?h=f0a56cb22a&amp;dnt=1&amp;app_id=122963\" width=\"750\" height=\"422\" frameborder=\"0\" allow=\"autoplay; fullscreen; picture-in-picture\" allowfullscreen><\/iframe>\n<\/div><\/figure>\n\n\n\n<p><strong>N\u00e9 en 1925 dans le pays du Men\u00e9, Jean Le Faucheur est originaire d\u2019une famille d\u2019agriculteurs, ce qui l\u2019a amen\u00e9 tr\u00e8s jeune \u00e0 travailler dans les fermes, avant d\u2019opter pour le m\u00e9tier de boulanger.&nbsp;&nbsp;&nbsp;&nbsp;&nbsp;&nbsp;&nbsp;<\/strong><\/p>\n\n\n\n<p><strong>Tour \u00e0 tour militant au MLP (Mouvement de lib\u00e9ration du peuple, issu de la Jeunesse ouvri\u00e8re chr\u00e9tienne), puis de l\u2019UGS (Union de la gauche socialiste qui regroupe d\u00e8s 1957 des militants de gauche fran\u00e7ais), il rejoint \u00e0 sa fondation le PSU (Parti socialiste unifi\u00e9).&nbsp; Il adh\u00e8re au PS (Parti socialiste) apr\u00e8s le Congr\u00e8s de la Courneuve en janvier 1977. Il est maire adjoint charg\u00e9 des affaires sociales de Saint Brieuc de 1977 \u00e0 1989. Il est d\u00e9c\u00e9d\u00e9 le 12 Juin 2011 \u00e0 l\u2019\u00e2ge de 85 ans<\/strong>.<\/p>\n\n\n\n<p><strong>Maire adjoint \u00e0 Saint Brieuc de 1977 \u00e0 1984. <\/strong>Jean Le Faucheur, apr\u00e8s avoir \u00e9t\u00e9 boulanger et milit\u00e9 au syndicat des ouvriers boulangers pendant 20 ans, devient d\u00e8s 1960 permanent de la CFTC puis il va int\u00e9grer l\u2019union d\u00e9partementale CFDT pour des fonctions syndicales qu\u2019il va occuper pendant 15 ann\u00e9es. Il est ainsi amen\u00e9 \u00e0 prendre une part active dans plusieurs conflits sociaux dans la d\u00e9cennie 1970 en Bretagne&nbsp;: Big Dutchman \u00e0 Saint-Carreuc,&nbsp; Kaolins \u00e0 Pl\u00e9met, Joint Fran\u00e7ais \u00e0 Saint Brieuc. Dans cet \u00e9pisode, il analyse le r\u00f4le et le positionnement des syndicats dans ces nouvelles conflictualit\u00e9s sociales, marqu\u00e9es par l\u2019\u00e9mergence de l\u2019extr\u00eame gauche et&nbsp; de Mai 68, et aborde des th\u00e9matiques comme&nbsp;: les occupations d\u2019entreprises,&nbsp; l\u2019autogestion, le r\u00e9gionalisme, le \u00ab&nbsp;Vivre et travailler au pays&nbsp;\u00bb. \u00c0 travers son t\u00e9moignage vivant et impliqu\u00e9, Jean Le Faucheur apporte une vision du monde du travail, ouvrier ou paysan, qui a \u00e9t\u00e9 travers\u00e9 par de profondes mutations. Un monde qu\u2019il a tent\u00e9 de transformer, dans le cadre d\u2019une lutte qu\u2019il consid\u00e8re comme perp\u00e9tuellement \u00e0 reconduire.<\/p>\n\n\n\n<p><strong>\u00ab&nbsp;<\/strong><em>Des R\u00e9volutionnaires en Pays Breton<\/em><strong>&nbsp;\u00bb <\/strong>est une s\u00e9rie produite et pr\u00e9par\u00e9e par <strong>Bretagne Culture et Diversit\u00e9<\/strong><\/p>\n\n\n\n<p>Propos\u00e9e et r\u00e9alis\u00e9e par <strong>Roland Michon<\/strong><\/p>\n\n\n\n<p>Musique du g\u00e9n\u00e9rique de <strong>Per Tallec<\/strong><\/p>\n","protected":false},"excerpt":{"rendered":"<p>N\u00e9 en 1925 dans le pays du Men\u00e9, Jean Le Faucheur est originaire d\u2019une famille d\u2019agriculteurs, ce qui l\u2019a amen\u00e9 tr\u00e8s jeune \u00e0 travailler dans les fermes, avant d\u2019opter pour le m\u00e9tier de boulanger.&nbsp;&nbsp;&nbsp;&nbsp;&nbsp;&nbsp;&nbsp; Tour \u00e0 tour militant au MLP (Mouvement de lib\u00e9ration du peuple, issu de la Jeunesse ouvri\u00e8re chr\u00e9tienne), puis de l\u2019UGS (Union&hellip; <a class=\"more-link\" href=\"https:\/\/www.bcd.bzh\/becedia\/bretagne-1972\/mouvements-sociaux\/jean-le-faucheur\/\">Poursuivre la lecture <span class=\"screen-reader-text\">Jean Le Faucheur, chef de file des luttes sociales briochines<\/span><\/a><\/p>\n","protected":false},"author":4,"featured_media":1207,"comment_status":"closed","ping_status":"closed","sticky":false,"template":"","format":"video","meta":{"inline_featured_image":false,"footnotes":""},"categories":[2,11],"tags":[],"class_list":["post-1206","post","type-post","status-publish","format-video","has-post-thumbnail","hentry","category-mouvements-sociaux","category-temoignage","post_format-post-format-video","entry"],"acf":[],"yoast_head":"<!-- This site is optimized with the Yoast SEO plugin v27.5 - https:\/\/yoast.com\/product\/yoast-seo-wordpress\/ -->\n<title>Jean Le Faucheur, chef de file des luttes sociales briochines - La Bretagne en 1972<\/title>\n<meta name=\"robots\" content=\"index, follow, max-snippet:-1, max-image-preview:large, max-video-preview:-1\" \/>\n<link rel=\"canonical\" href=\"https:\/\/www.bcd.bzh\/becedia\/bretagne-1972\/mouvements-sociaux\/jean-le-faucheur\/\" \/>\n<meta property=\"og:locale\" content=\"fr_FR\" \/>\n<meta property=\"og:type\" content=\"article\" \/>\n<meta property=\"og:title\" content=\"Jean Le Faucheur, chef de file des luttes sociales briochines - La Bretagne en 1972\" \/>\n<meta property=\"og:description\" content=\"N\u00e9 en 1925 dans le pays du Men\u00e9, Jean Le Faucheur est originaire d\u2019une famille d\u2019agriculteurs, ce qui l\u2019a amen\u00e9 tr\u00e8s jeune \u00e0 travailler dans les fermes, avant d\u2019opter pour le m\u00e9tier de boulanger.&nbsp;&nbsp;&nbsp;&nbsp;&nbsp;&nbsp;&nbsp; Tour \u00e0 tour militant au MLP (Mouvement de lib\u00e9ration du peuple, issu de la Jeunesse ouvri\u00e8re chr\u00e9tienne), puis de l\u2019UGS (Union&hellip; Poursuivre la lecture Jean Le Faucheur, chef de file des luttes sociales briochines\" \/>\n<meta property=\"og:url\" content=\"https:\/\/www.bcd.bzh\/becedia\/bretagne-1972\/mouvements-sociaux\/jean-le-faucheur\/\" \/>\n<meta property=\"og:site_name\" content=\"La Bretagne en 1972\" \/>\n<meta property=\"article:published_time\" content=\"2022-03-14T15:40:47+00:00\" \/>\n<meta property=\"article:modified_time\" content=\"2022-05-17T08:54:05+00:00\" \/>\n<meta property=\"og:image\" content=\"https:\/\/www.bcd.bzh\/becedia\/bretagne-1972\/wp-content\/uploads\/2022\/03\/Jean-Le-Faucheur.jpg\" \/>\n\t<meta property=\"og:image:width\" content=\"800\" \/>\n\t<meta property=\"og:image:height\" content=\"453\" \/>\n\t<meta property=\"og:image:type\" content=\"image\/jpeg\" \/>\n<meta name=\"author\" content=\"Mika\u00ebl Le Bihannic\" \/>\n<meta name=\"twitter:card\" content=\"summary_large_image\" \/>\n<meta name=\"twitter:label1\" content=\"\u00c9crit par\" \/>\n\t<meta name=\"twitter:data1\" content=\"Mika\u00ebl Le Bihannic\" \/>\n\t<meta name=\"twitter:label2\" content=\"Dur\u00e9e de lecture estim\u00e9e\" \/>\n\t<meta name=\"twitter:data2\" content=\"2 minutes\" \/>\n<script type=\"application\/ld+json\" class=\"yoast-schema-graph\">{\"@context\":\"https:\\\/\\\/schema.org\",\"@graph\":[{\"@type\":\"Article\",\"@id\":\"https:\\\/\\\/www.bcd.bzh\\\/becedia\\\/bretagne-1972\\\/mouvements-sociaux\\\/jean-le-faucheur\\\/#article\",\"isPartOf\":{\"@id\":\"https:\\\/\\\/www.bcd.bzh\\\/becedia\\\/bretagne-1972\\\/mouvements-sociaux\\\/jean-le-faucheur\\\/\"},\"author\":{\"name\":\"Mika\u00ebl Le Bihannic\",\"@id\":\"\\\/#\\\/schema\\\/person\\\/7b31a5eeb64de6f4dd9d15a7aa1986ad\"},\"headline\":\"Jean Le Faucheur, chef de file des luttes sociales briochines\",\"datePublished\":\"2022-03-14T15:40:47+00:00\",\"dateModified\":\"2022-05-17T08:54:05+00:00\",\"mainEntityOfPage\":{\"@id\":\"https:\\\/\\\/www.bcd.bzh\\\/becedia\\\/bretagne-1972\\\/mouvements-sociaux\\\/jean-le-faucheur\\\/\"},\"wordCount\":374,\"publisher\":{\"@id\":\"\\\/#organization\"},\"image\":{\"@id\":\"https:\\\/\\\/www.bcd.bzh\\\/becedia\\\/bretagne-1972\\\/mouvements-sociaux\\\/jean-le-faucheur\\\/#primaryimage\"},\"thumbnailUrl\":\"https:\\\/\\\/www.bcd.bzh\\\/becedia\\\/bretagne-1972\\\/wp-content\\\/uploads\\\/2022\\\/03\\\/Jean-Le-Faucheur.jpg\",\"articleSection\":[\"Mouvements sociaux\",\"T\u00e9moignage\"],\"inLanguage\":\"fr-FR\"},{\"@type\":\"WebPage\",\"@id\":\"https:\\\/\\\/www.bcd.bzh\\\/becedia\\\/bretagne-1972\\\/mouvements-sociaux\\\/jean-le-faucheur\\\/\",\"url\":\"https:\\\/\\\/www.bcd.bzh\\\/becedia\\\/bretagne-1972\\\/mouvements-sociaux\\\/jean-le-faucheur\\\/\",\"name\":\"Jean Le Faucheur, chef de file des luttes sociales briochines - La Bretagne en 1972\",\"isPartOf\":{\"@id\":\"\\\/#website\"},\"primaryImageOfPage\":{\"@id\":\"https:\\\/\\\/www.bcd.bzh\\\/becedia\\\/bretagne-1972\\\/mouvements-sociaux\\\/jean-le-faucheur\\\/#primaryimage\"},\"image\":{\"@id\":\"https:\\\/\\\/www.bcd.bzh\\\/becedia\\\/bretagne-1972\\\/mouvements-sociaux\\\/jean-le-faucheur\\\/#primaryimage\"},\"thumbnailUrl\":\"https:\\\/\\\/www.bcd.bzh\\\/becedia\\\/bretagne-1972\\\/wp-content\\\/uploads\\\/2022\\\/03\\\/Jean-Le-Faucheur.jpg\",\"datePublished\":\"2022-03-14T15:40:47+00:00\",\"dateModified\":\"2022-05-17T08:54:05+00:00\",\"breadcrumb\":{\"@id\":\"https:\\\/\\\/www.bcd.bzh\\\/becedia\\\/bretagne-1972\\\/mouvements-sociaux\\\/jean-le-faucheur\\\/#breadcrumb\"},\"inLanguage\":\"fr-FR\",\"potentialAction\":[{\"@type\":\"ReadAction\",\"target\":[\"https:\\\/\\\/www.bcd.bzh\\\/becedia\\\/bretagne-1972\\\/mouvements-sociaux\\\/jean-le-faucheur\\\/\"]}]},{\"@type\":\"ImageObject\",\"inLanguage\":\"fr-FR\",\"@id\":\"https:\\\/\\\/www.bcd.bzh\\\/becedia\\\/bretagne-1972\\\/mouvements-sociaux\\\/jean-le-faucheur\\\/#primaryimage\",\"url\":\"https:\\\/\\\/www.bcd.bzh\\\/becedia\\\/bretagne-1972\\\/wp-content\\\/uploads\\\/2022\\\/03\\\/Jean-Le-Faucheur.jpg\",\"contentUrl\":\"https:\\\/\\\/www.bcd.bzh\\\/becedia\\\/bretagne-1972\\\/wp-content\\\/uploads\\\/2022\\\/03\\\/Jean-Le-Faucheur.jpg\",\"width\":800,\"height\":453},{\"@type\":\"BreadcrumbList\",\"@id\":\"https:\\\/\\\/www.bcd.bzh\\\/becedia\\\/bretagne-1972\\\/mouvements-sociaux\\\/jean-le-faucheur\\\/#breadcrumb\",\"itemListElement\":[{\"@type\":\"ListItem\",\"position\":1,\"name\":\"Accueil\",\"item\":\"https:\\\/\\\/www.bcd.bzh\\\/becedia\\\/bretagne-1972\\\/\"},{\"@type\":\"ListItem\",\"position\":2,\"name\":\"Jean Le Faucheur, chef de file des luttes sociales briochines\"}]},{\"@type\":\"WebSite\",\"@id\":\"\\\/#website\",\"url\":\"\\\/\",\"name\":\"La Bretagne en 1972\",\"description\":\"\",\"publisher\":{\"@id\":\"\\\/#organization\"},\"potentialAction\":[{\"@type\":\"SearchAction\",\"target\":{\"@type\":\"EntryPoint\",\"urlTemplate\":\"\\\/?s={search_term_string}\"},\"query-input\":{\"@type\":\"PropertyValueSpecification\",\"valueRequired\":true,\"valueName\":\"search_term_string\"}}],\"inLanguage\":\"fr-FR\"},{\"@type\":\"Organization\",\"@id\":\"\\\/#organization\",\"name\":\"La Bretagne en 1972\",\"url\":\"\\\/\",\"logo\":{\"@type\":\"ImageObject\",\"inLanguage\":\"fr-FR\",\"@id\":\"\\\/#\\\/schema\\\/logo\\\/image\\\/\",\"url\":\"https:\\\/\\\/www.bcd.bzh\\\/becedia\\\/bretagne-1972\\\/wp-content\\\/uploads\\\/2022\\\/01\\\/site-logo.svg\",\"contentUrl\":\"https:\\\/\\\/www.bcd.bzh\\\/becedia\\\/bretagne-1972\\\/wp-content\\\/uploads\\\/2022\\\/01\\\/site-logo.svg\",\"width\":309,\"height\":107,\"caption\":\"La Bretagne en 1972\"},\"image\":{\"@id\":\"\\\/#\\\/schema\\\/logo\\\/image\\\/\"}},{\"@type\":\"Person\",\"@id\":\"\\\/#\\\/schema\\\/person\\\/7b31a5eeb64de6f4dd9d15a7aa1986ad\",\"name\":\"Mika\u00ebl Le Bihannic\",\"image\":{\"@type\":\"ImageObject\",\"inLanguage\":\"fr-FR\",\"@id\":\"https:\\\/\\\/secure.gravatar.com\\\/avatar\\\/d21920759bff8844c5dfbdf914df557bcef7dc1afcd74962dacb1a3419cb7e63?s=96&d=mm&r=g\",\"url\":\"https:\\\/\\\/secure.gravatar.com\\\/avatar\\\/d21920759bff8844c5dfbdf914df557bcef7dc1afcd74962dacb1a3419cb7e63?s=96&d=mm&r=g\",\"contentUrl\":\"https:\\\/\\\/secure.gravatar.com\\\/avatar\\\/d21920759bff8844c5dfbdf914df557bcef7dc1afcd74962dacb1a3419cb7e63?s=96&d=mm&r=g\",\"caption\":\"Mika\u00ebl Le Bihannic\"},\"url\":\"https:\\\/\\\/www.bcd.bzh\\\/becedia\\\/bretagne-1972\\\/author\\\/mbihannic\\\/\"}]}<\/script>\n<!-- \/ Yoast SEO plugin. -->","yoast_head_json":{"title":"Jean Le Faucheur, chef de file des luttes sociales briochines - La Bretagne en 1972","robots":{"index":"index","follow":"follow","max-snippet":"max-snippet:-1","max-image-preview":"max-image-preview:large","max-video-preview":"max-video-preview:-1"},"canonical":"https:\/\/www.bcd.bzh\/becedia\/bretagne-1972\/mouvements-sociaux\/jean-le-faucheur\/","og_locale":"fr_FR","og_type":"article","og_title":"Jean Le Faucheur, chef de file des luttes sociales briochines - La Bretagne en 1972","og_description":"N\u00e9 en 1925 dans le pays du Men\u00e9, Jean Le Faucheur est originaire d\u2019une famille d\u2019agriculteurs, ce qui l\u2019a amen\u00e9 tr\u00e8s jeune \u00e0 travailler dans les fermes, avant d\u2019opter pour le m\u00e9tier de boulanger.&nbsp;&nbsp;&nbsp;&nbsp;&nbsp;&nbsp;&nbsp; Tour \u00e0 tour militant au MLP (Mouvement de lib\u00e9ration du peuple, issu de la Jeunesse ouvri\u00e8re chr\u00e9tienne), puis de l\u2019UGS (Union&hellip; Poursuivre la lecture Jean Le Faucheur, chef de file des luttes sociales briochines","og_url":"https:\/\/www.bcd.bzh\/becedia\/bretagne-1972\/mouvements-sociaux\/jean-le-faucheur\/","og_site_name":"La Bretagne en 1972","article_published_time":"2022-03-14T15:40:47+00:00","article_modified_time":"2022-05-17T08:54:05+00:00","og_image":[{"width":800,"height":453,"url":"https:\/\/www.bcd.bzh\/becedia\/bretagne-1972\/wp-content\/uploads\/2022\/03\/Jean-Le-Faucheur.jpg","type":"image\/jpeg"}],"author":"Mika\u00ebl Le Bihannic","twitter_card":"summary_large_image","twitter_misc":{"\u00c9crit par":"Mika\u00ebl Le Bihannic","Dur\u00e9e de lecture estim\u00e9e":"2 minutes"},"schema":{"@context":"https:\/\/schema.org","@graph":[{"@type":"Article","@id":"https:\/\/www.bcd.bzh\/becedia\/bretagne-1972\/mouvements-sociaux\/jean-le-faucheur\/#article","isPartOf":{"@id":"https:\/\/www.bcd.bzh\/becedia\/bretagne-1972\/mouvements-sociaux\/jean-le-faucheur\/"},"author":{"name":"Mika\u00ebl Le Bihannic","@id":"\/#\/schema\/person\/7b31a5eeb64de6f4dd9d15a7aa1986ad"},"headline":"Jean Le Faucheur, chef de file des luttes sociales briochines","datePublished":"2022-03-14T15:40:47+00:00","dateModified":"2022-05-17T08:54:05+00:00","mainEntityOfPage":{"@id":"https:\/\/www.bcd.bzh\/becedia\/bretagne-1972\/mouvements-sociaux\/jean-le-faucheur\/"},"wordCount":374,"publisher":{"@id":"\/#organization"},"image":{"@id":"https:\/\/www.bcd.bzh\/becedia\/bretagne-1972\/mouvements-sociaux\/jean-le-faucheur\/#primaryimage"},"thumbnailUrl":"https:\/\/www.bcd.bzh\/becedia\/bretagne-1972\/wp-content\/uploads\/2022\/03\/Jean-Le-Faucheur.jpg","articleSection":["Mouvements sociaux","T\u00e9moignage"],"inLanguage":"fr-FR"},{"@type":"WebPage","@id":"https:\/\/www.bcd.bzh\/becedia\/bretagne-1972\/mouvements-sociaux\/jean-le-faucheur\/","url":"https:\/\/www.bcd.bzh\/becedia\/bretagne-1972\/mouvements-sociaux\/jean-le-faucheur\/","name":"Jean Le Faucheur, chef de file des luttes sociales briochines - La Bretagne en 1972","isPartOf":{"@id":"\/#website"},"primaryImageOfPage":{"@id":"https:\/\/www.bcd.bzh\/becedia\/bretagne-1972\/mouvements-sociaux\/jean-le-faucheur\/#primaryimage"},"image":{"@id":"https:\/\/www.bcd.bzh\/becedia\/bretagne-1972\/mouvements-sociaux\/jean-le-faucheur\/#primaryimage"},"thumbnailUrl":"https:\/\/www.bcd.bzh\/becedia\/bretagne-1972\/wp-content\/uploads\/2022\/03\/Jean-Le-Faucheur.jpg","datePublished":"2022-03-14T15:40:47+00:00","dateModified":"2022-05-17T08:54:05+00:00","breadcrumb":{"@id":"https:\/\/www.bcd.bzh\/becedia\/bretagne-1972\/mouvements-sociaux\/jean-le-faucheur\/#breadcrumb"},"inLanguage":"fr-FR","potentialAction":[{"@type":"ReadAction","target":["https:\/\/www.bcd.bzh\/becedia\/bretagne-1972\/mouvements-sociaux\/jean-le-faucheur\/"]}]},{"@type":"ImageObject","inLanguage":"fr-FR","@id":"https:\/\/www.bcd.bzh\/becedia\/bretagne-1972\/mouvements-sociaux\/jean-le-faucheur\/#primaryimage","url":"https:\/\/www.bcd.bzh\/becedia\/bretagne-1972\/wp-content\/uploads\/2022\/03\/Jean-Le-Faucheur.jpg","contentUrl":"https:\/\/www.bcd.bzh\/becedia\/bretagne-1972\/wp-content\/uploads\/2022\/03\/Jean-Le-Faucheur.jpg","width":800,"height":453},{"@type":"BreadcrumbList","@id":"https:\/\/www.bcd.bzh\/becedia\/bretagne-1972\/mouvements-sociaux\/jean-le-faucheur\/#breadcrumb","itemListElement":[{"@type":"ListItem","position":1,"name":"Accueil","item":"https:\/\/www.bcd.bzh\/becedia\/bretagne-1972\/"},{"@type":"ListItem","position":2,"name":"Jean Le Faucheur, chef de file des luttes sociales briochines"}]},{"@type":"WebSite","@id":"\/#website","url":"\/","name":"La Bretagne en 1972","description":"","publisher":{"@id":"\/#organization"},"potentialAction":[{"@type":"SearchAction","target":{"@type":"EntryPoint","urlTemplate":"\/?s={search_term_string}"},"query-input":{"@type":"PropertyValueSpecification","valueRequired":true,"valueName":"search_term_string"}}],"inLanguage":"fr-FR"},{"@type":"Organization","@id":"\/#organization","name":"La Bretagne en 1972","url":"\/","logo":{"@type":"ImageObject","inLanguage":"fr-FR","@id":"\/#\/schema\/logo\/image\/","url":"https:\/\/www.bcd.bzh\/becedia\/bretagne-1972\/wp-content\/uploads\/2022\/01\/site-logo.svg","contentUrl":"https:\/\/www.bcd.bzh\/becedia\/bretagne-1972\/wp-content\/uploads\/2022\/01\/site-logo.svg","width":309,"height":107,"caption":"La Bretagne en 1972"},"image":{"@id":"\/#\/schema\/logo\/image\/"}},{"@type":"Person","@id":"\/#\/schema\/person\/7b31a5eeb64de6f4dd9d15a7aa1986ad","name":"Mika\u00ebl Le Bihannic","image":{"@type":"ImageObject","inLanguage":"fr-FR","@id":"https:\/\/secure.gravatar.com\/avatar\/d21920759bff8844c5dfbdf914df557bcef7dc1afcd74962dacb1a3419cb7e63?s=96&d=mm&r=g","url":"https:\/\/secure.gravatar.com\/avatar\/d21920759bff8844c5dfbdf914df557bcef7dc1afcd74962dacb1a3419cb7e63?s=96&d=mm&r=g","contentUrl":"https:\/\/secure.gravatar.com\/avatar\/d21920759bff8844c5dfbdf914df557bcef7dc1afcd74962dacb1a3419cb7e63?s=96&d=mm&r=g","caption":"Mika\u00ebl Le Bihannic"},"url":"https:\/\/www.bcd.bzh\/becedia\/bretagne-1972\/author\/mbihannic\/"}]}},"_links":{"self":[{"href":"https:\/\/www.bcd.bzh\/becedia\/bretagne-1972\/wp-json\/wp\/v2\/posts\/1206","targetHints":{"allow":["GET"]}}],"collection":[{"href":"https:\/\/www.bcd.bzh\/becedia\/bretagne-1972\/wp-json\/wp\/v2\/posts"}],"about":[{"href":"https:\/\/www.bcd.bzh\/becedia\/bretagne-1972\/wp-json\/wp\/v2\/types\/post"}],"author":[{"embeddable":true,"href":"https:\/\/www.bcd.bzh\/becedia\/bretagne-1972\/wp-json\/wp\/v2\/users\/4"}],"replies":[{"embeddable":true,"href":"https:\/\/www.bcd.bzh\/becedia\/bretagne-1972\/wp-json\/wp\/v2\/comments?post=1206"}],"version-history":[{"count":5,"href":"https:\/\/www.bcd.bzh\/becedia\/bretagne-1972\/wp-json\/wp\/v2\/posts\/1206\/revisions"}],"predecessor-version":[{"id":1446,"href":"https:\/\/www.bcd.bzh\/becedia\/bretagne-1972\/wp-json\/wp\/v2\/posts\/1206\/revisions\/1446"}],"wp:featuredmedia":[{"embeddable":true,"href":"https:\/\/www.bcd.bzh\/becedia\/bretagne-1972\/wp-json\/wp\/v2\/media\/1207"}],"wp:attachment":[{"href":"https:\/\/www.bcd.bzh\/becedia\/bretagne-1972\/wp-json\/wp\/v2\/media?parent=1206"}],"wp:term":[{"taxonomy":"category","embeddable":true,"href":"https:\/\/www.bcd.bzh\/becedia\/bretagne-1972\/wp-json\/wp\/v2\/categories?post=1206"},{"taxonomy":"post_tag","embeddable":true,"href":"https:\/\/www.bcd.bzh\/becedia\/bretagne-1972\/wp-json\/wp\/v2\/tags?post=1206"}],"curies":[{"name":"wp","href":"https:\/\/api.w.org\/{rel}","templated":true}]}}