{"id":1255,"date":"2022-03-22T16:41:12","date_gmt":"2022-03-22T15:41:12","guid":{"rendered":"https:\/\/www.bcd.bzh\/becedia\/bretagne-1972\/?p=1255"},"modified":"2022-03-22T17:34:02","modified_gmt":"2022-03-22T16:34:02","slug":"mars-1972-les-etats-generaux-de-lenvironnement-en-bretagne","status":"publish","type":"post","link":"https:\/\/www.bcd.bzh\/becedia\/bretagne-1972\/article\/mars-1972-les-etats-generaux-de-lenvironnement-en-bretagne\/","title":{"rendered":"Mars 1972. Les \u00c9tats g\u00e9n\u00e9raux de l\u2019environnement en Bretagne"},"content":{"rendered":"\n<p><strong>Auteur :<\/strong> Tudi Kernalegenn<\/p>\n\n\n\n<p><strong>Au d\u00e9but des ann\u00e9es 1970, les pouvoirs publics commencent progressivement \u00e0 s\u2019emparer des questions environnementales. Le 25 mars 1972, les \u00c9tats g\u00e9n\u00e9raux de l\u2019environnement \u00e0 Pontivy t\u00e9moignent d\u2019une nouvelle prise de conscience, posant par exemple le principe du \u00ab tiers sauvage \u00bb sur le littoral.<\/strong><\/p>\n\n\n\n<p>Apr\u00e8s plusieurs signaux d\u2019alertes dans les ann\u00e9es&nbsp;1960 sur les menaces caus\u00e9es par les pollutions, \u00e0 l\u2019instar de la mar\u00e9e noire du <em>Torrey Canyon<\/em> en 1967, le d\u00e9but des ann\u00e9es&nbsp;1970 se caract\u00e9rise par une prise de conscience environnementale qui d\u00e9passe largement les milieux scientifiques et militants. Le livre <em>Les&nbsp;Limites \u00e0 la croissance (dans un monde fini)<\/em> (<em>The Limits to Growth<\/em>), rapport pour le club de Rome ou \u00ab&nbsp;Rapport Meadows&nbsp;\u00bb, publi\u00e9 en 1972, est un premier cri d\u2019alarme plan\u00e9taire sur les cons\u00e9quences \u00e9cologiques de la croissance \u00e9conomique et d\u00e9mographique. Cette m\u00eame ann\u00e9e se tient \u00e0 Stockholm la premi\u00e8re conf\u00e9rence des Nations unies sur l\u2019environnement, \u00e0 l\u2019origine du Programme des Nations Unies pour l\u2019environnement (PNUE), d\u00e9but de l\u2019implication de la communaut\u00e9 internationale sur l\u2019\u00e9cologie.<\/p>\n\n\n\n<p>Les pouvoirs publics aussi s\u2019emparent de la question. En France, un minist\u00e8re de la Protection de la nature et de l\u2019environnement est mis en place en 1971, avec Robert Poujade pour premier titulaire. Le 25&nbsp;mars 1972 se tiennent, en Bretagne, les \u00c9tats g\u00e9n\u00e9raux de l\u2019environnement, moment historique de prise en compte d\u2019un probl\u00e8me public nouveau \u00e0 l\u2019\u00e9chelle r\u00e9gionale.<\/p>\n\n\n\n<h2 class=\"wp-block-heading\"><strong>Une politique de l\u2019environnement<\/strong><\/h2>\n\n\n\n<p>Ce jour-l\u00e0, \u00e0 Pontivy, les quatre conseils g\u00e9n\u00e9raux de la Bretagne administrative se r\u00e9unissent sous la pr\u00e9sidence de Raymond Marcellin et Ren\u00e9 Pl\u00e9ven. L\u2019objectif, apr\u00e8s avoir d\u00e9battu des rapports pr\u00e9par\u00e9s par des groupes de travail consacr\u00e9s au littoral, \u00e0 l\u2019am\u00e9nagement rural, aux pollutions, aux ressources naturelles et au d\u00e9veloppement touristique, est \u00ab&nbsp;d\u2019examiner les conditions d\u2019am\u00e9lioration du milieu de vie dans la perspective d\u2019un d\u00e9veloppement harmonieux et \u00e9quilibr\u00e9 de la Bretagne&nbsp;\u00bb. L\u2019assembl\u00e9e vote \u00e0 l\u2019unanimit\u00e9 une r\u00e9solution, remise au ministre de l\u2019Environnement, o\u00f9 les participants proclament notamment que&nbsp;:<\/p>\n\n\n\n<p>\u00ab&nbsp;La priorit\u00e9 accord\u00e9e par la R\u00e9gion au d\u00e9veloppement \u00e9conomique, en particulier \u00e0 l\u2019industrialisation et \u00e0 la promotion de l\u2019agriculture et du tourisme, exige, comme compl\u00e9ment indissociable, une politique de l\u2019environnement de nature \u00e0 pr\u00e9server la personnalit\u00e9 de la Bretagne.&nbsp;\u00bb<\/p>\n\n\n\n<p>Les conseillers g\u00e9n\u00e9raux r\u00e9clament en conclusion un sch\u00e9ma g\u00e9n\u00e9ral d\u2019am\u00e9nagement du littoral breton, pr\u00e9voyant une zone dite de \u00ab&nbsp;tiers naturel&nbsp;\u00bb excluant tout am\u00e9nagement destructeur de la nature en m\u00e9nageant les possibilit\u00e9s d\u2019activit\u00e9s traditionnelles. Il s\u2019agit d\u2019une vieille revendication de la Soci\u00e9t\u00e9 pour l\u2019\u00e9tude et la protection de la nature en Bretagne (SEPNB), mais les signataires la justifient avant tout par l\u2019argument qu\u2019\u00ab&nbsp;une sauvegarde dynamique de l\u2019environnement contribue directement \u00e0 l\u2019expansion \u00e9conomique&nbsp;\u00bb.<\/p>\n\n\n\n<div class=\"wp-block-buttons is-layout-flex wp-block-buttons-is-layout-flex\">\n<div class=\"wp-block-button aligncenter\"><a class=\"wp-block-button__link\" href=\"http:\/\/bcd.bzh\/becedia\/fr\/mars-1972-les-etats-generaux-de-l-environnement-en-bretagne\" target=\"_blank\" rel=\"noreferrer noopener\">Lire la suite sur B\u00e9c\u00e9dia<\/a><\/div>\n<\/div>\n\n\n\n<p><\/p>\n","protected":false},"excerpt":{"rendered":"<p>Auteur : Tudi Kernalegenn Au d\u00e9but des ann\u00e9es 1970, les pouvoirs publics commencent progressivement \u00e0 s\u2019emparer des questions environnementales. Le 25 mars 1972, les \u00c9tats g\u00e9n\u00e9raux de l\u2019environnement \u00e0 Pontivy t\u00e9moignent d\u2019une nouvelle prise de conscience, posant par exemple le principe du \u00ab tiers sauvage \u00bb sur le littoral. Apr\u00e8s plusieurs signaux d\u2019alertes dans les&hellip; <a class=\"more-link\" href=\"https:\/\/www.bcd.bzh\/becedia\/bretagne-1972\/article\/mars-1972-les-etats-generaux-de-lenvironnement-en-bretagne\/\">Poursuivre la lecture <span class=\"screen-reader-text\">Mars 1972. Les \u00c9tats g\u00e9n\u00e9raux de l\u2019environnement en Bretagne<\/span><\/a><\/p>\n","protected":false},"author":5,"featured_media":1256,"comment_status":"closed","ping_status":"closed","sticky":false,"template":"","format":"standard","meta":{"inline_featured_image":false,"footnotes":""},"categories":[12,4],"tags":[],"class_list":["post-1255","post","type-post","status-publish","format-standard","has-post-thumbnail","hentry","category-article","category-societe","entry"],"acf":[],"yoast_head":"<!-- This site is optimized with the Yoast SEO plugin v27.5 - https:\/\/yoast.com\/product\/yoast-seo-wordpress\/ -->\n<title>Mars 1972. Les \u00c9tats g\u00e9n\u00e9raux de l\u2019environnement en Bretagne - La Bretagne en 1972<\/title>\n<meta name=\"robots\" content=\"index, follow, max-snippet:-1, max-image-preview:large, max-video-preview:-1\" \/>\n<link rel=\"canonical\" href=\"http:\/\/www.bcd.bzh\/becedia\/bretagne-1972\/article\/mars-1972-les-etats-generaux-de-lenvironnement-en-bretagne\/\" \/>\n<meta property=\"og:locale\" content=\"fr_FR\" \/>\n<meta property=\"og:type\" content=\"article\" \/>\n<meta property=\"og:title\" content=\"Mars 1972. Les \u00c9tats g\u00e9n\u00e9raux de l\u2019environnement en Bretagne - La Bretagne en 1972\" \/>\n<meta property=\"og:description\" content=\"Auteur : Tudi Kernalegenn Au d\u00e9but des ann\u00e9es 1970, les pouvoirs publics commencent progressivement \u00e0 s\u2019emparer des questions environnementales. Le 25 mars 1972, les \u00c9tats g\u00e9n\u00e9raux de l\u2019environnement \u00e0 Pontivy t\u00e9moignent d\u2019une nouvelle prise de conscience, posant par exemple le principe du \u00ab tiers sauvage \u00bb sur le littoral. Apr\u00e8s plusieurs signaux d\u2019alertes dans les&hellip; Poursuivre la lecture Mars 1972. Les \u00c9tats g\u00e9n\u00e9raux de l\u2019environnement en Bretagne\" \/>\n<meta property=\"og:url\" content=\"http:\/\/www.bcd.bzh\/becedia\/bretagne-1972\/article\/mars-1972-les-etats-generaux-de-lenvironnement-en-bretagne\/\" \/>\n<meta property=\"og:site_name\" content=\"La Bretagne en 1972\" \/>\n<meta property=\"article:published_time\" content=\"2022-03-22T15:41:12+00:00\" \/>\n<meta property=\"article:modified_time\" content=\"2022-03-22T16:34:02+00:00\" \/>\n<meta property=\"og:image\" content=\"http:\/\/www.bcd.bzh\/becedia\/bretagne-1972\/wp-content\/uploads\/2022\/03\/goelands-musee_de_b-ok-e1647966806209.jpg\" \/>\n\t<meta property=\"og:image:width\" content=\"800\" \/>\n\t<meta property=\"og:image:height\" content=\"454\" \/>\n\t<meta property=\"og:image:type\" content=\"image\/jpeg\" \/>\n<meta name=\"author\" content=\"Soizick Aubry\" \/>\n<meta name=\"twitter:card\" content=\"summary_large_image\" \/>\n<meta name=\"twitter:label1\" content=\"\u00c9crit par\" \/>\n\t<meta name=\"twitter:data1\" content=\"Soizick Aubry\" \/>\n\t<meta name=\"twitter:label2\" content=\"Dur\u00e9e de lecture estim\u00e9e\" \/>\n\t<meta name=\"twitter:data2\" content=\"3 minutes\" \/>\n<script type=\"application\/ld+json\" class=\"yoast-schema-graph\">{\"@context\":\"https:\\\/\\\/schema.org\",\"@graph\":[{\"@type\":\"Article\",\"@id\":\"http:\\\/\\\/www.bcd.bzh\\\/becedia\\\/bretagne-1972\\\/article\\\/mars-1972-les-etats-generaux-de-lenvironnement-en-bretagne\\\/#article\",\"isPartOf\":{\"@id\":\"http:\\\/\\\/www.bcd.bzh\\\/becedia\\\/bretagne-1972\\\/article\\\/mars-1972-les-etats-generaux-de-lenvironnement-en-bretagne\\\/\"},\"author\":{\"name\":\"Soizick Aubry\",\"@id\":\"\\\/#\\\/schema\\\/person\\\/2bcd7655170c96bdbb1145f1ee07cedd\"},\"headline\":\"Mars 1972. Les \u00c9tats g\u00e9n\u00e9raux de l\u2019environnement en Bretagne\",\"datePublished\":\"2022-03-22T15:41:12+00:00\",\"dateModified\":\"2022-03-22T16:34:02+00:00\",\"mainEntityOfPage\":{\"@id\":\"http:\\\/\\\/www.bcd.bzh\\\/becedia\\\/bretagne-1972\\\/article\\\/mars-1972-les-etats-generaux-de-lenvironnement-en-bretagne\\\/\"},\"wordCount\":536,\"publisher\":{\"@id\":\"\\\/#organization\"},\"image\":{\"@id\":\"http:\\\/\\\/www.bcd.bzh\\\/becedia\\\/bretagne-1972\\\/article\\\/mars-1972-les-etats-generaux-de-lenvironnement-en-bretagne\\\/#primaryimage\"},\"thumbnailUrl\":\"https:\\\/\\\/www.bcd.bzh\\\/becedia\\\/bretagne-1972\\\/wp-content\\\/uploads\\\/2022\\\/03\\\/goelands-musee_de_b-ok-e1647966806209.jpg\",\"articleSection\":[\"Article\",\"Soci\u00e9t\u00e9\"],\"inLanguage\":\"fr-FR\"},{\"@type\":\"WebPage\",\"@id\":\"http:\\\/\\\/www.bcd.bzh\\\/becedia\\\/bretagne-1972\\\/article\\\/mars-1972-les-etats-generaux-de-lenvironnement-en-bretagne\\\/\",\"url\":\"http:\\\/\\\/www.bcd.bzh\\\/becedia\\\/bretagne-1972\\\/article\\\/mars-1972-les-etats-generaux-de-lenvironnement-en-bretagne\\\/\",\"name\":\"Mars 1972. Les \u00c9tats g\u00e9n\u00e9raux de l\u2019environnement en Bretagne - La Bretagne en 1972\",\"isPartOf\":{\"@id\":\"\\\/#website\"},\"primaryImageOfPage\":{\"@id\":\"http:\\\/\\\/www.bcd.bzh\\\/becedia\\\/bretagne-1972\\\/article\\\/mars-1972-les-etats-generaux-de-lenvironnement-en-bretagne\\\/#primaryimage\"},\"image\":{\"@id\":\"http:\\\/\\\/www.bcd.bzh\\\/becedia\\\/bretagne-1972\\\/article\\\/mars-1972-les-etats-generaux-de-lenvironnement-en-bretagne\\\/#primaryimage\"},\"thumbnailUrl\":\"https:\\\/\\\/www.bcd.bzh\\\/becedia\\\/bretagne-1972\\\/wp-content\\\/uploads\\\/2022\\\/03\\\/goelands-musee_de_b-ok-e1647966806209.jpg\",\"datePublished\":\"2022-03-22T15:41:12+00:00\",\"dateModified\":\"2022-03-22T16:34:02+00:00\",\"breadcrumb\":{\"@id\":\"http:\\\/\\\/www.bcd.bzh\\\/becedia\\\/bretagne-1972\\\/article\\\/mars-1972-les-etats-generaux-de-lenvironnement-en-bretagne\\\/#breadcrumb\"},\"inLanguage\":\"fr-FR\",\"potentialAction\":[{\"@type\":\"ReadAction\",\"target\":[\"http:\\\/\\\/www.bcd.bzh\\\/becedia\\\/bretagne-1972\\\/article\\\/mars-1972-les-etats-generaux-de-lenvironnement-en-bretagne\\\/\"]}]},{\"@type\":\"ImageObject\",\"inLanguage\":\"fr-FR\",\"@id\":\"http:\\\/\\\/www.bcd.bzh\\\/becedia\\\/bretagne-1972\\\/article\\\/mars-1972-les-etats-generaux-de-lenvironnement-en-bretagne\\\/#primaryimage\",\"url\":\"https:\\\/\\\/www.bcd.bzh\\\/becedia\\\/bretagne-1972\\\/wp-content\\\/uploads\\\/2022\\\/03\\\/goelands-musee_de_b-ok-e1647966806209.jpg\",\"contentUrl\":\"https:\\\/\\\/www.bcd.bzh\\\/becedia\\\/bretagne-1972\\\/wp-content\\\/uploads\\\/2022\\\/03\\\/goelands-musee_de_b-ok-e1647966806209.jpg\",\"width\":800,\"height\":454,\"caption\":\"Go\u00e9lands agent\u00e9s et grisards . Carte postale des \u00e9ditions Jos Le Doar\u00e9. Num\u00e9ro d'inventaire : 980.0018.2258. Collections du Mus\u00e9e de Bretagne\"},{\"@type\":\"BreadcrumbList\",\"@id\":\"http:\\\/\\\/www.bcd.bzh\\\/becedia\\\/bretagne-1972\\\/article\\\/mars-1972-les-etats-generaux-de-lenvironnement-en-bretagne\\\/#breadcrumb\",\"itemListElement\":[{\"@type\":\"ListItem\",\"position\":1,\"name\":\"Accueil\",\"item\":\"https:\\\/\\\/www.bcd.bzh\\\/becedia\\\/bretagne-1972\\\/\"},{\"@type\":\"ListItem\",\"position\":2,\"name\":\"Mars 1972. Les \u00c9tats g\u00e9n\u00e9raux de l\u2019environnement en Bretagne\"}]},{\"@type\":\"WebSite\",\"@id\":\"\\\/#website\",\"url\":\"\\\/\",\"name\":\"La Bretagne en 1972\",\"description\":\"\",\"publisher\":{\"@id\":\"\\\/#organization\"},\"potentialAction\":[{\"@type\":\"SearchAction\",\"target\":{\"@type\":\"EntryPoint\",\"urlTemplate\":\"\\\/?s={search_term_string}\"},\"query-input\":{\"@type\":\"PropertyValueSpecification\",\"valueRequired\":true,\"valueName\":\"search_term_string\"}}],\"inLanguage\":\"fr-FR\"},{\"@type\":\"Organization\",\"@id\":\"\\\/#organization\",\"name\":\"La Bretagne en 1972\",\"url\":\"\\\/\",\"logo\":{\"@type\":\"ImageObject\",\"inLanguage\":\"fr-FR\",\"@id\":\"\\\/#\\\/schema\\\/logo\\\/image\\\/\",\"url\":\"https:\\\/\\\/www.bcd.bzh\\\/becedia\\\/bretagne-1972\\\/wp-content\\\/uploads\\\/2022\\\/01\\\/site-logo.svg\",\"contentUrl\":\"https:\\\/\\\/www.bcd.bzh\\\/becedia\\\/bretagne-1972\\\/wp-content\\\/uploads\\\/2022\\\/01\\\/site-logo.svg\",\"width\":309,\"height\":107,\"caption\":\"La Bretagne en 1972\"},\"image\":{\"@id\":\"\\\/#\\\/schema\\\/logo\\\/image\\\/\"}},{\"@type\":\"Person\",\"@id\":\"\\\/#\\\/schema\\\/person\\\/2bcd7655170c96bdbb1145f1ee07cedd\",\"name\":\"Soizick Aubry\",\"image\":{\"@type\":\"ImageObject\",\"inLanguage\":\"fr-FR\",\"@id\":\"https:\\\/\\\/secure.gravatar.com\\\/avatar\\\/35ad961778bcb4f839d707d8dcb2b5b36fa179b63de5c0bca78636ce89e8cb96?s=96&d=mm&r=g\",\"url\":\"https:\\\/\\\/secure.gravatar.com\\\/avatar\\\/35ad961778bcb4f839d707d8dcb2b5b36fa179b63de5c0bca78636ce89e8cb96?s=96&d=mm&r=g\",\"contentUrl\":\"https:\\\/\\\/secure.gravatar.com\\\/avatar\\\/35ad961778bcb4f839d707d8dcb2b5b36fa179b63de5c0bca78636ce89e8cb96?s=96&d=mm&r=g\",\"caption\":\"Soizick Aubry\"},\"url\":\"https:\\\/\\\/www.bcd.bzh\\\/becedia\\\/bretagne-1972\\\/author\\\/saubry\\\/\"}]}<\/script>\n<!-- \/ Yoast SEO plugin. -->","yoast_head_json":{"title":"Mars 1972. Les \u00c9tats g\u00e9n\u00e9raux de l\u2019environnement en Bretagne - La Bretagne en 1972","robots":{"index":"index","follow":"follow","max-snippet":"max-snippet:-1","max-image-preview":"max-image-preview:large","max-video-preview":"max-video-preview:-1"},"canonical":"http:\/\/www.bcd.bzh\/becedia\/bretagne-1972\/article\/mars-1972-les-etats-generaux-de-lenvironnement-en-bretagne\/","og_locale":"fr_FR","og_type":"article","og_title":"Mars 1972. Les \u00c9tats g\u00e9n\u00e9raux de l\u2019environnement en Bretagne - La Bretagne en 1972","og_description":"Auteur : Tudi Kernalegenn Au d\u00e9but des ann\u00e9es 1970, les pouvoirs publics commencent progressivement \u00e0 s\u2019emparer des questions environnementales. Le 25 mars 1972, les \u00c9tats g\u00e9n\u00e9raux de l\u2019environnement \u00e0 Pontivy t\u00e9moignent d\u2019une nouvelle prise de conscience, posant par exemple le principe du \u00ab tiers sauvage \u00bb sur le littoral. Apr\u00e8s plusieurs signaux d\u2019alertes dans les&hellip; Poursuivre la lecture Mars 1972. Les \u00c9tats g\u00e9n\u00e9raux de l\u2019environnement en Bretagne","og_url":"http:\/\/www.bcd.bzh\/becedia\/bretagne-1972\/article\/mars-1972-les-etats-generaux-de-lenvironnement-en-bretagne\/","og_site_name":"La Bretagne en 1972","article_published_time":"2022-03-22T15:41:12+00:00","article_modified_time":"2022-03-22T16:34:02+00:00","og_image":[{"width":800,"height":454,"url":"http:\/\/www.bcd.bzh\/becedia\/bretagne-1972\/wp-content\/uploads\/2022\/03\/goelands-musee_de_b-ok-e1647966806209.jpg","type":"image\/jpeg"}],"author":"Soizick Aubry","twitter_card":"summary_large_image","twitter_misc":{"\u00c9crit par":"Soizick Aubry","Dur\u00e9e de lecture estim\u00e9e":"3 minutes"},"schema":{"@context":"https:\/\/schema.org","@graph":[{"@type":"Article","@id":"http:\/\/www.bcd.bzh\/becedia\/bretagne-1972\/article\/mars-1972-les-etats-generaux-de-lenvironnement-en-bretagne\/#article","isPartOf":{"@id":"http:\/\/www.bcd.bzh\/becedia\/bretagne-1972\/article\/mars-1972-les-etats-generaux-de-lenvironnement-en-bretagne\/"},"author":{"name":"Soizick Aubry","@id":"\/#\/schema\/person\/2bcd7655170c96bdbb1145f1ee07cedd"},"headline":"Mars 1972. Les \u00c9tats g\u00e9n\u00e9raux de l\u2019environnement en Bretagne","datePublished":"2022-03-22T15:41:12+00:00","dateModified":"2022-03-22T16:34:02+00:00","mainEntityOfPage":{"@id":"http:\/\/www.bcd.bzh\/becedia\/bretagne-1972\/article\/mars-1972-les-etats-generaux-de-lenvironnement-en-bretagne\/"},"wordCount":536,"publisher":{"@id":"\/#organization"},"image":{"@id":"http:\/\/www.bcd.bzh\/becedia\/bretagne-1972\/article\/mars-1972-les-etats-generaux-de-lenvironnement-en-bretagne\/#primaryimage"},"thumbnailUrl":"https:\/\/www.bcd.bzh\/becedia\/bretagne-1972\/wp-content\/uploads\/2022\/03\/goelands-musee_de_b-ok-e1647966806209.jpg","articleSection":["Article","Soci\u00e9t\u00e9"],"inLanguage":"fr-FR"},{"@type":"WebPage","@id":"http:\/\/www.bcd.bzh\/becedia\/bretagne-1972\/article\/mars-1972-les-etats-generaux-de-lenvironnement-en-bretagne\/","url":"http:\/\/www.bcd.bzh\/becedia\/bretagne-1972\/article\/mars-1972-les-etats-generaux-de-lenvironnement-en-bretagne\/","name":"Mars 1972. Les \u00c9tats g\u00e9n\u00e9raux de l\u2019environnement en Bretagne - La Bretagne en 1972","isPartOf":{"@id":"\/#website"},"primaryImageOfPage":{"@id":"http:\/\/www.bcd.bzh\/becedia\/bretagne-1972\/article\/mars-1972-les-etats-generaux-de-lenvironnement-en-bretagne\/#primaryimage"},"image":{"@id":"http:\/\/www.bcd.bzh\/becedia\/bretagne-1972\/article\/mars-1972-les-etats-generaux-de-lenvironnement-en-bretagne\/#primaryimage"},"thumbnailUrl":"https:\/\/www.bcd.bzh\/becedia\/bretagne-1972\/wp-content\/uploads\/2022\/03\/goelands-musee_de_b-ok-e1647966806209.jpg","datePublished":"2022-03-22T15:41:12+00:00","dateModified":"2022-03-22T16:34:02+00:00","breadcrumb":{"@id":"http:\/\/www.bcd.bzh\/becedia\/bretagne-1972\/article\/mars-1972-les-etats-generaux-de-lenvironnement-en-bretagne\/#breadcrumb"},"inLanguage":"fr-FR","potentialAction":[{"@type":"ReadAction","target":["http:\/\/www.bcd.bzh\/becedia\/bretagne-1972\/article\/mars-1972-les-etats-generaux-de-lenvironnement-en-bretagne\/"]}]},{"@type":"ImageObject","inLanguage":"fr-FR","@id":"http:\/\/www.bcd.bzh\/becedia\/bretagne-1972\/article\/mars-1972-les-etats-generaux-de-lenvironnement-en-bretagne\/#primaryimage","url":"https:\/\/www.bcd.bzh\/becedia\/bretagne-1972\/wp-content\/uploads\/2022\/03\/goelands-musee_de_b-ok-e1647966806209.jpg","contentUrl":"https:\/\/www.bcd.bzh\/becedia\/bretagne-1972\/wp-content\/uploads\/2022\/03\/goelands-musee_de_b-ok-e1647966806209.jpg","width":800,"height":454,"caption":"Go\u00e9lands agent\u00e9s et grisards . Carte postale des \u00e9ditions Jos Le Doar\u00e9. Num\u00e9ro d'inventaire : 980.0018.2258. Collections du Mus\u00e9e de Bretagne"},{"@type":"BreadcrumbList","@id":"http:\/\/www.bcd.bzh\/becedia\/bretagne-1972\/article\/mars-1972-les-etats-generaux-de-lenvironnement-en-bretagne\/#breadcrumb","itemListElement":[{"@type":"ListItem","position":1,"name":"Accueil","item":"https:\/\/www.bcd.bzh\/becedia\/bretagne-1972\/"},{"@type":"ListItem","position":2,"name":"Mars 1972. Les \u00c9tats g\u00e9n\u00e9raux de l\u2019environnement en Bretagne"}]},{"@type":"WebSite","@id":"\/#website","url":"\/","name":"La Bretagne en 1972","description":"","publisher":{"@id":"\/#organization"},"potentialAction":[{"@type":"SearchAction","target":{"@type":"EntryPoint","urlTemplate":"\/?s={search_term_string}"},"query-input":{"@type":"PropertyValueSpecification","valueRequired":true,"valueName":"search_term_string"}}],"inLanguage":"fr-FR"},{"@type":"Organization","@id":"\/#organization","name":"La Bretagne en 1972","url":"\/","logo":{"@type":"ImageObject","inLanguage":"fr-FR","@id":"\/#\/schema\/logo\/image\/","url":"https:\/\/www.bcd.bzh\/becedia\/bretagne-1972\/wp-content\/uploads\/2022\/01\/site-logo.svg","contentUrl":"https:\/\/www.bcd.bzh\/becedia\/bretagne-1972\/wp-content\/uploads\/2022\/01\/site-logo.svg","width":309,"height":107,"caption":"La Bretagne en 1972"},"image":{"@id":"\/#\/schema\/logo\/image\/"}},{"@type":"Person","@id":"\/#\/schema\/person\/2bcd7655170c96bdbb1145f1ee07cedd","name":"Soizick Aubry","image":{"@type":"ImageObject","inLanguage":"fr-FR","@id":"https:\/\/secure.gravatar.com\/avatar\/35ad961778bcb4f839d707d8dcb2b5b36fa179b63de5c0bca78636ce89e8cb96?s=96&d=mm&r=g","url":"https:\/\/secure.gravatar.com\/avatar\/35ad961778bcb4f839d707d8dcb2b5b36fa179b63de5c0bca78636ce89e8cb96?s=96&d=mm&r=g","contentUrl":"https:\/\/secure.gravatar.com\/avatar\/35ad961778bcb4f839d707d8dcb2b5b36fa179b63de5c0bca78636ce89e8cb96?s=96&d=mm&r=g","caption":"Soizick Aubry"},"url":"https:\/\/www.bcd.bzh\/becedia\/bretagne-1972\/author\/saubry\/"}]}},"_links":{"self":[{"href":"https:\/\/www.bcd.bzh\/becedia\/bretagne-1972\/wp-json\/wp\/v2\/posts\/1255","targetHints":{"allow":["GET"]}}],"collection":[{"href":"https:\/\/www.bcd.bzh\/becedia\/bretagne-1972\/wp-json\/wp\/v2\/posts"}],"about":[{"href":"https:\/\/www.bcd.bzh\/becedia\/bretagne-1972\/wp-json\/wp\/v2\/types\/post"}],"author":[{"embeddable":true,"href":"https:\/\/www.bcd.bzh\/becedia\/bretagne-1972\/wp-json\/wp\/v2\/users\/5"}],"replies":[{"embeddable":true,"href":"https:\/\/www.bcd.bzh\/becedia\/bretagne-1972\/wp-json\/wp\/v2\/comments?post=1255"}],"version-history":[{"count":4,"href":"https:\/\/www.bcd.bzh\/becedia\/bretagne-1972\/wp-json\/wp\/v2\/posts\/1255\/revisions"}],"predecessor-version":[{"id":1261,"href":"https:\/\/www.bcd.bzh\/becedia\/bretagne-1972\/wp-json\/wp\/v2\/posts\/1255\/revisions\/1261"}],"wp:featuredmedia":[{"embeddable":true,"href":"https:\/\/www.bcd.bzh\/becedia\/bretagne-1972\/wp-json\/wp\/v2\/media\/1256"}],"wp:attachment":[{"href":"https:\/\/www.bcd.bzh\/becedia\/bretagne-1972\/wp-json\/wp\/v2\/media?parent=1255"}],"wp:term":[{"taxonomy":"category","embeddable":true,"href":"https:\/\/www.bcd.bzh\/becedia\/bretagne-1972\/wp-json\/wp\/v2\/categories?post=1255"},{"taxonomy":"post_tag","embeddable":true,"href":"https:\/\/www.bcd.bzh\/becedia\/bretagne-1972\/wp-json\/wp\/v2\/tags?post=1255"}],"curies":[{"name":"wp","href":"https:\/\/api.w.org\/{rel}","templated":true}]}}