{"id":1441,"date":"2022-05-10T16:43:53","date_gmt":"2022-05-10T14:43:53","guid":{"rendered":"https:\/\/www.bcd.bzh\/becedia\/bretagne-1972\/?p=1441"},"modified":"2022-05-10T16:47:09","modified_gmt":"2022-05-10T14:47:09","slug":"danielle-bousquet-militante-feministe-et-ancienne-deputee","status":"publish","type":"post","link":"https:\/\/www.bcd.bzh\/becedia\/bretagne-1972\/temoignage\/danielle-bousquet-militante-feministe-et-ancienne-deputee\/","title":{"rendered":"Danielle Bousquet, militante f\u00e9ministe et ancienne d\u00e9put\u00e9e"},"content":{"rendered":"\n<figure class=\"wp-block-embed alignwide is-type-video is-provider-vimeo wp-block-embed-vimeo wp-embed-aspect-16-9 wp-has-aspect-ratio\"><div class=\"wp-block-embed__wrapper\">\n<iframe loading=\"lazy\" title=\"Danielle Bousquet, militante f&amp;eacute;ministe et ancienne d&amp;eacute;put&amp;eacute;e\" src=\"https:\/\/player.vimeo.com\/video\/701676308?h=24def8375b&amp;dnt=1&amp;app_id=122963\" width=\"750\" height=\"422\" frameborder=\"0\" allow=\"autoplay; fullscreen; picture-in-picture\" allowfullscreen><\/iframe>\n<\/div><\/figure>\n\n\n\n<p>Danielle Bousquet est une f\u00e9ministe de la premi\u00e8re heure. Cette ancienne professeure et cheffe d\u2019\u00e9tablissement rejoint le Planning familial de Saint-Brieuc en 1974. Tout est \u00e0 construire, ou presque&nbsp;: la pilule contraceptive est autoris\u00e9e depuis 1967 mais son usage est loin d\u2019\u00eatre g\u00e9n\u00e9ralis\u00e9 ; l\u2019avortement est interdit et ne sera l\u00e9galis\u00e9 qu\u2019en 1975. A partir de 1980, la jeune femme pr\u00e9side le Centre d\u2019Information sur les droits des femmes puis devient charg\u00e9e de mission d\u00e9partementale aux droits des femmes aupr\u00e8s du pr\u00e9fet des C\u00f4tes-d&#8217;Armor. Danielle Bousquet est d\u00e9put\u00e9e des C\u00f4tes d\u2019Armor de 1997 \u00e0 2012 et agit pour autoriser la contraception d\u2019urgence ou lutter contre les violences faites aux femmes. Elle est aujourd\u2019hui pr\u00e9sidente de la F\u00e9d\u00e9ration Nationale des CIDFF&nbsp;<em>(Centres d&#8217;information sur les droits des femmes et des familles).<\/em><\/p>\n","protected":false},"excerpt":{"rendered":"<p>Danielle Bousquet est une f\u00e9ministe de la premi\u00e8re heure. Cette ancienne professeure et cheffe d\u2019\u00e9tablissement rejoint le Planning familial de Saint-Brieuc en 1974. Tout est \u00e0 construire, ou presque&nbsp;: la pilule contraceptive est autoris\u00e9e depuis 1967 mais son usage est loin d\u2019\u00eatre g\u00e9n\u00e9ralis\u00e9 ; l\u2019avortement est interdit et ne sera l\u00e9galis\u00e9 qu\u2019en 1975. A partir&hellip; <a class=\"more-link\" href=\"https:\/\/www.bcd.bzh\/becedia\/bretagne-1972\/temoignage\/danielle-bousquet-militante-feministe-et-ancienne-deputee\/\">Poursuivre la lecture <span class=\"screen-reader-text\">Danielle Bousquet, militante f\u00e9ministe et ancienne d\u00e9put\u00e9e<\/span><\/a><\/p>\n","protected":false},"author":4,"featured_media":1444,"comment_status":"closed","ping_status":"closed","sticky":false,"template":"","format":"standard","meta":{"inline_featured_image":false,"footnotes":""},"categories":[4,11],"tags":[],"class_list":["post-1441","post","type-post","status-publish","format-standard","has-post-thumbnail","hentry","category-societe","category-temoignage","entry"],"acf":[],"yoast_head":"<!-- This site is optimized with the Yoast SEO plugin v27.5 - https:\/\/yoast.com\/product\/yoast-seo-wordpress\/ -->\n<title>Danielle Bousquet, militante f\u00e9ministe et ancienne d\u00e9put\u00e9e - La Bretagne en 1972<\/title>\n<meta name=\"robots\" content=\"index, follow, max-snippet:-1, max-image-preview:large, max-video-preview:-1\" \/>\n<link rel=\"canonical\" href=\"https:\/\/www.bcd.bzh\/becedia\/bretagne-1972\/temoignage\/danielle-bousquet-militante-feministe-et-ancienne-deputee\/\" \/>\n<meta property=\"og:locale\" content=\"fr_FR\" \/>\n<meta property=\"og:type\" content=\"article\" \/>\n<meta property=\"og:title\" content=\"Danielle Bousquet, militante f\u00e9ministe et ancienne d\u00e9put\u00e9e - La Bretagne en 1972\" \/>\n<meta property=\"og:description\" content=\"Danielle Bousquet est une f\u00e9ministe de la premi\u00e8re heure. Cette ancienne professeure et cheffe d\u2019\u00e9tablissement rejoint le Planning familial de Saint-Brieuc en 1974. Tout est \u00e0 construire, ou presque&nbsp;: la pilule contraceptive est autoris\u00e9e depuis 1967 mais son usage est loin d\u2019\u00eatre g\u00e9n\u00e9ralis\u00e9 ; l\u2019avortement est interdit et ne sera l\u00e9galis\u00e9 qu\u2019en 1975. A partir&hellip; Poursuivre la lecture Danielle Bousquet, militante f\u00e9ministe et ancienne d\u00e9put\u00e9e\" \/>\n<meta property=\"og:url\" content=\"https:\/\/www.bcd.bzh\/becedia\/bretagne-1972\/temoignage\/danielle-bousquet-militante-feministe-et-ancienne-deputee\/\" \/>\n<meta property=\"og:site_name\" content=\"La Bretagne en 1972\" \/>\n<meta property=\"article:published_time\" content=\"2022-05-10T14:43:53+00:00\" \/>\n<meta property=\"article:modified_time\" content=\"2022-05-10T14:47:09+00:00\" \/>\n<meta property=\"og:image\" content=\"https:\/\/www.bcd.bzh\/becedia\/bretagne-1972\/wp-content\/uploads\/2022\/05\/danielle-bousquet.jpg\" \/>\n\t<meta property=\"og:image:width\" content=\"768\" \/>\n\t<meta property=\"og:image:height\" content=\"453\" \/>\n\t<meta property=\"og:image:type\" content=\"image\/jpeg\" \/>\n<meta name=\"author\" content=\"Mika\u00ebl Le Bihannic\" \/>\n<meta name=\"twitter:card\" content=\"summary_large_image\" \/>\n<meta name=\"twitter:label1\" content=\"\u00c9crit par\" \/>\n\t<meta name=\"twitter:data1\" content=\"Mika\u00ebl Le Bihannic\" \/>\n\t<meta name=\"twitter:label2\" content=\"Dur\u00e9e de lecture estim\u00e9e\" \/>\n\t<meta name=\"twitter:data2\" content=\"1 minute\" \/>\n<script type=\"application\/ld+json\" class=\"yoast-schema-graph\">{\"@context\":\"https:\\\/\\\/schema.org\",\"@graph\":[{\"@type\":\"Article\",\"@id\":\"https:\\\/\\\/www.bcd.bzh\\\/becedia\\\/bretagne-1972\\\/temoignage\\\/danielle-bousquet-militante-feministe-et-ancienne-deputee\\\/#article\",\"isPartOf\":{\"@id\":\"https:\\\/\\\/www.bcd.bzh\\\/becedia\\\/bretagne-1972\\\/temoignage\\\/danielle-bousquet-militante-feministe-et-ancienne-deputee\\\/\"},\"author\":{\"name\":\"Mika\u00ebl Le Bihannic\",\"@id\":\"\\\/#\\\/schema\\\/person\\\/7b31a5eeb64de6f4dd9d15a7aa1986ad\"},\"headline\":\"Danielle Bousquet, militante f\u00e9ministe et ancienne d\u00e9put\u00e9e\",\"datePublished\":\"2022-05-10T14:43:53+00:00\",\"dateModified\":\"2022-05-10T14:47:09+00:00\",\"mainEntityOfPage\":{\"@id\":\"https:\\\/\\\/www.bcd.bzh\\\/becedia\\\/bretagne-1972\\\/temoignage\\\/danielle-bousquet-militante-feministe-et-ancienne-deputee\\\/\"},\"wordCount\":162,\"publisher\":{\"@id\":\"\\\/#organization\"},\"image\":{\"@id\":\"https:\\\/\\\/www.bcd.bzh\\\/becedia\\\/bretagne-1972\\\/temoignage\\\/danielle-bousquet-militante-feministe-et-ancienne-deputee\\\/#primaryimage\"},\"thumbnailUrl\":\"https:\\\/\\\/www.bcd.bzh\\\/becedia\\\/bretagne-1972\\\/wp-content\\\/uploads\\\/2022\\\/05\\\/danielle-bousquet.jpg\",\"articleSection\":[\"Soci\u00e9t\u00e9\",\"T\u00e9moignage\"],\"inLanguage\":\"fr-FR\"},{\"@type\":\"WebPage\",\"@id\":\"https:\\\/\\\/www.bcd.bzh\\\/becedia\\\/bretagne-1972\\\/temoignage\\\/danielle-bousquet-militante-feministe-et-ancienne-deputee\\\/\",\"url\":\"https:\\\/\\\/www.bcd.bzh\\\/becedia\\\/bretagne-1972\\\/temoignage\\\/danielle-bousquet-militante-feministe-et-ancienne-deputee\\\/\",\"name\":\"Danielle Bousquet, militante f\u00e9ministe et ancienne d\u00e9put\u00e9e - La Bretagne en 1972\",\"isPartOf\":{\"@id\":\"\\\/#website\"},\"primaryImageOfPage\":{\"@id\":\"https:\\\/\\\/www.bcd.bzh\\\/becedia\\\/bretagne-1972\\\/temoignage\\\/danielle-bousquet-militante-feministe-et-ancienne-deputee\\\/#primaryimage\"},\"image\":{\"@id\":\"https:\\\/\\\/www.bcd.bzh\\\/becedia\\\/bretagne-1972\\\/temoignage\\\/danielle-bousquet-militante-feministe-et-ancienne-deputee\\\/#primaryimage\"},\"thumbnailUrl\":\"https:\\\/\\\/www.bcd.bzh\\\/becedia\\\/bretagne-1972\\\/wp-content\\\/uploads\\\/2022\\\/05\\\/danielle-bousquet.jpg\",\"datePublished\":\"2022-05-10T14:43:53+00:00\",\"dateModified\":\"2022-05-10T14:47:09+00:00\",\"breadcrumb\":{\"@id\":\"https:\\\/\\\/www.bcd.bzh\\\/becedia\\\/bretagne-1972\\\/temoignage\\\/danielle-bousquet-militante-feministe-et-ancienne-deputee\\\/#breadcrumb\"},\"inLanguage\":\"fr-FR\",\"potentialAction\":[{\"@type\":\"ReadAction\",\"target\":[\"https:\\\/\\\/www.bcd.bzh\\\/becedia\\\/bretagne-1972\\\/temoignage\\\/danielle-bousquet-militante-feministe-et-ancienne-deputee\\\/\"]}]},{\"@type\":\"ImageObject\",\"inLanguage\":\"fr-FR\",\"@id\":\"https:\\\/\\\/www.bcd.bzh\\\/becedia\\\/bretagne-1972\\\/temoignage\\\/danielle-bousquet-militante-feministe-et-ancienne-deputee\\\/#primaryimage\",\"url\":\"https:\\\/\\\/www.bcd.bzh\\\/becedia\\\/bretagne-1972\\\/wp-content\\\/uploads\\\/2022\\\/05\\\/danielle-bousquet.jpg\",\"contentUrl\":\"https:\\\/\\\/www.bcd.bzh\\\/becedia\\\/bretagne-1972\\\/wp-content\\\/uploads\\\/2022\\\/05\\\/danielle-bousquet.jpg\",\"width\":768,\"height\":453},{\"@type\":\"BreadcrumbList\",\"@id\":\"https:\\\/\\\/www.bcd.bzh\\\/becedia\\\/bretagne-1972\\\/temoignage\\\/danielle-bousquet-militante-feministe-et-ancienne-deputee\\\/#breadcrumb\",\"itemListElement\":[{\"@type\":\"ListItem\",\"position\":1,\"name\":\"Accueil\",\"item\":\"https:\\\/\\\/www.bcd.bzh\\\/becedia\\\/bretagne-1972\\\/\"},{\"@type\":\"ListItem\",\"position\":2,\"name\":\"Danielle Bousquet, militante f\u00e9ministe et ancienne d\u00e9put\u00e9e\"}]},{\"@type\":\"WebSite\",\"@id\":\"\\\/#website\",\"url\":\"\\\/\",\"name\":\"La Bretagne en 1972\",\"description\":\"\",\"publisher\":{\"@id\":\"\\\/#organization\"},\"potentialAction\":[{\"@type\":\"SearchAction\",\"target\":{\"@type\":\"EntryPoint\",\"urlTemplate\":\"\\\/?s={search_term_string}\"},\"query-input\":{\"@type\":\"PropertyValueSpecification\",\"valueRequired\":true,\"valueName\":\"search_term_string\"}}],\"inLanguage\":\"fr-FR\"},{\"@type\":\"Organization\",\"@id\":\"\\\/#organization\",\"name\":\"La Bretagne en 1972\",\"url\":\"\\\/\",\"logo\":{\"@type\":\"ImageObject\",\"inLanguage\":\"fr-FR\",\"@id\":\"\\\/#\\\/schema\\\/logo\\\/image\\\/\",\"url\":\"https:\\\/\\\/www.bcd.bzh\\\/becedia\\\/bretagne-1972\\\/wp-content\\\/uploads\\\/2022\\\/01\\\/site-logo.svg\",\"contentUrl\":\"https:\\\/\\\/www.bcd.bzh\\\/becedia\\\/bretagne-1972\\\/wp-content\\\/uploads\\\/2022\\\/01\\\/site-logo.svg\",\"width\":309,\"height\":107,\"caption\":\"La Bretagne en 1972\"},\"image\":{\"@id\":\"\\\/#\\\/schema\\\/logo\\\/image\\\/\"}},{\"@type\":\"Person\",\"@id\":\"\\\/#\\\/schema\\\/person\\\/7b31a5eeb64de6f4dd9d15a7aa1986ad\",\"name\":\"Mika\u00ebl Le Bihannic\",\"image\":{\"@type\":\"ImageObject\",\"inLanguage\":\"fr-FR\",\"@id\":\"https:\\\/\\\/secure.gravatar.com\\\/avatar\\\/d21920759bff8844c5dfbdf914df557bcef7dc1afcd74962dacb1a3419cb7e63?s=96&d=mm&r=g\",\"url\":\"https:\\\/\\\/secure.gravatar.com\\\/avatar\\\/d21920759bff8844c5dfbdf914df557bcef7dc1afcd74962dacb1a3419cb7e63?s=96&d=mm&r=g\",\"contentUrl\":\"https:\\\/\\\/secure.gravatar.com\\\/avatar\\\/d21920759bff8844c5dfbdf914df557bcef7dc1afcd74962dacb1a3419cb7e63?s=96&d=mm&r=g\",\"caption\":\"Mika\u00ebl Le Bihannic\"},\"url\":\"https:\\\/\\\/www.bcd.bzh\\\/becedia\\\/bretagne-1972\\\/author\\\/mbihannic\\\/\"}]}<\/script>\n<!-- \/ Yoast SEO plugin. -->","yoast_head_json":{"title":"Danielle Bousquet, militante f\u00e9ministe et ancienne d\u00e9put\u00e9e - La Bretagne en 1972","robots":{"index":"index","follow":"follow","max-snippet":"max-snippet:-1","max-image-preview":"max-image-preview:large","max-video-preview":"max-video-preview:-1"},"canonical":"https:\/\/www.bcd.bzh\/becedia\/bretagne-1972\/temoignage\/danielle-bousquet-militante-feministe-et-ancienne-deputee\/","og_locale":"fr_FR","og_type":"article","og_title":"Danielle Bousquet, militante f\u00e9ministe et ancienne d\u00e9put\u00e9e - La Bretagne en 1972","og_description":"Danielle Bousquet est une f\u00e9ministe de la premi\u00e8re heure. Cette ancienne professeure et cheffe d\u2019\u00e9tablissement rejoint le Planning familial de Saint-Brieuc en 1974. Tout est \u00e0 construire, ou presque&nbsp;: la pilule contraceptive est autoris\u00e9e depuis 1967 mais son usage est loin d\u2019\u00eatre g\u00e9n\u00e9ralis\u00e9 ; l\u2019avortement est interdit et ne sera l\u00e9galis\u00e9 qu\u2019en 1975. A partir&hellip; Poursuivre la lecture Danielle Bousquet, militante f\u00e9ministe et ancienne d\u00e9put\u00e9e","og_url":"https:\/\/www.bcd.bzh\/becedia\/bretagne-1972\/temoignage\/danielle-bousquet-militante-feministe-et-ancienne-deputee\/","og_site_name":"La Bretagne en 1972","article_published_time":"2022-05-10T14:43:53+00:00","article_modified_time":"2022-05-10T14:47:09+00:00","og_image":[{"width":768,"height":453,"url":"https:\/\/www.bcd.bzh\/becedia\/bretagne-1972\/wp-content\/uploads\/2022\/05\/danielle-bousquet.jpg","type":"image\/jpeg"}],"author":"Mika\u00ebl Le Bihannic","twitter_card":"summary_large_image","twitter_misc":{"\u00c9crit par":"Mika\u00ebl Le Bihannic","Dur\u00e9e de lecture estim\u00e9e":"1 minute"},"schema":{"@context":"https:\/\/schema.org","@graph":[{"@type":"Article","@id":"https:\/\/www.bcd.bzh\/becedia\/bretagne-1972\/temoignage\/danielle-bousquet-militante-feministe-et-ancienne-deputee\/#article","isPartOf":{"@id":"https:\/\/www.bcd.bzh\/becedia\/bretagne-1972\/temoignage\/danielle-bousquet-militante-feministe-et-ancienne-deputee\/"},"author":{"name":"Mika\u00ebl Le Bihannic","@id":"\/#\/schema\/person\/7b31a5eeb64de6f4dd9d15a7aa1986ad"},"headline":"Danielle Bousquet, militante f\u00e9ministe et ancienne d\u00e9put\u00e9e","datePublished":"2022-05-10T14:43:53+00:00","dateModified":"2022-05-10T14:47:09+00:00","mainEntityOfPage":{"@id":"https:\/\/www.bcd.bzh\/becedia\/bretagne-1972\/temoignage\/danielle-bousquet-militante-feministe-et-ancienne-deputee\/"},"wordCount":162,"publisher":{"@id":"\/#organization"},"image":{"@id":"https:\/\/www.bcd.bzh\/becedia\/bretagne-1972\/temoignage\/danielle-bousquet-militante-feministe-et-ancienne-deputee\/#primaryimage"},"thumbnailUrl":"https:\/\/www.bcd.bzh\/becedia\/bretagne-1972\/wp-content\/uploads\/2022\/05\/danielle-bousquet.jpg","articleSection":["Soci\u00e9t\u00e9","T\u00e9moignage"],"inLanguage":"fr-FR"},{"@type":"WebPage","@id":"https:\/\/www.bcd.bzh\/becedia\/bretagne-1972\/temoignage\/danielle-bousquet-militante-feministe-et-ancienne-deputee\/","url":"https:\/\/www.bcd.bzh\/becedia\/bretagne-1972\/temoignage\/danielle-bousquet-militante-feministe-et-ancienne-deputee\/","name":"Danielle Bousquet, militante f\u00e9ministe et ancienne d\u00e9put\u00e9e - La Bretagne en 1972","isPartOf":{"@id":"\/#website"},"primaryImageOfPage":{"@id":"https:\/\/www.bcd.bzh\/becedia\/bretagne-1972\/temoignage\/danielle-bousquet-militante-feministe-et-ancienne-deputee\/#primaryimage"},"image":{"@id":"https:\/\/www.bcd.bzh\/becedia\/bretagne-1972\/temoignage\/danielle-bousquet-militante-feministe-et-ancienne-deputee\/#primaryimage"},"thumbnailUrl":"https:\/\/www.bcd.bzh\/becedia\/bretagne-1972\/wp-content\/uploads\/2022\/05\/danielle-bousquet.jpg","datePublished":"2022-05-10T14:43:53+00:00","dateModified":"2022-05-10T14:47:09+00:00","breadcrumb":{"@id":"https:\/\/www.bcd.bzh\/becedia\/bretagne-1972\/temoignage\/danielle-bousquet-militante-feministe-et-ancienne-deputee\/#breadcrumb"},"inLanguage":"fr-FR","potentialAction":[{"@type":"ReadAction","target":["https:\/\/www.bcd.bzh\/becedia\/bretagne-1972\/temoignage\/danielle-bousquet-militante-feministe-et-ancienne-deputee\/"]}]},{"@type":"ImageObject","inLanguage":"fr-FR","@id":"https:\/\/www.bcd.bzh\/becedia\/bretagne-1972\/temoignage\/danielle-bousquet-militante-feministe-et-ancienne-deputee\/#primaryimage","url":"https:\/\/www.bcd.bzh\/becedia\/bretagne-1972\/wp-content\/uploads\/2022\/05\/danielle-bousquet.jpg","contentUrl":"https:\/\/www.bcd.bzh\/becedia\/bretagne-1972\/wp-content\/uploads\/2022\/05\/danielle-bousquet.jpg","width":768,"height":453},{"@type":"BreadcrumbList","@id":"https:\/\/www.bcd.bzh\/becedia\/bretagne-1972\/temoignage\/danielle-bousquet-militante-feministe-et-ancienne-deputee\/#breadcrumb","itemListElement":[{"@type":"ListItem","position":1,"name":"Accueil","item":"https:\/\/www.bcd.bzh\/becedia\/bretagne-1972\/"},{"@type":"ListItem","position":2,"name":"Danielle Bousquet, militante f\u00e9ministe et ancienne d\u00e9put\u00e9e"}]},{"@type":"WebSite","@id":"\/#website","url":"\/","name":"La Bretagne en 1972","description":"","publisher":{"@id":"\/#organization"},"potentialAction":[{"@type":"SearchAction","target":{"@type":"EntryPoint","urlTemplate":"\/?s={search_term_string}"},"query-input":{"@type":"PropertyValueSpecification","valueRequired":true,"valueName":"search_term_string"}}],"inLanguage":"fr-FR"},{"@type":"Organization","@id":"\/#organization","name":"La Bretagne en 1972","url":"\/","logo":{"@type":"ImageObject","inLanguage":"fr-FR","@id":"\/#\/schema\/logo\/image\/","url":"https:\/\/www.bcd.bzh\/becedia\/bretagne-1972\/wp-content\/uploads\/2022\/01\/site-logo.svg","contentUrl":"https:\/\/www.bcd.bzh\/becedia\/bretagne-1972\/wp-content\/uploads\/2022\/01\/site-logo.svg","width":309,"height":107,"caption":"La Bretagne en 1972"},"image":{"@id":"\/#\/schema\/logo\/image\/"}},{"@type":"Person","@id":"\/#\/schema\/person\/7b31a5eeb64de6f4dd9d15a7aa1986ad","name":"Mika\u00ebl Le Bihannic","image":{"@type":"ImageObject","inLanguage":"fr-FR","@id":"https:\/\/secure.gravatar.com\/avatar\/d21920759bff8844c5dfbdf914df557bcef7dc1afcd74962dacb1a3419cb7e63?s=96&d=mm&r=g","url":"https:\/\/secure.gravatar.com\/avatar\/d21920759bff8844c5dfbdf914df557bcef7dc1afcd74962dacb1a3419cb7e63?s=96&d=mm&r=g","contentUrl":"https:\/\/secure.gravatar.com\/avatar\/d21920759bff8844c5dfbdf914df557bcef7dc1afcd74962dacb1a3419cb7e63?s=96&d=mm&r=g","caption":"Mika\u00ebl Le Bihannic"},"url":"https:\/\/www.bcd.bzh\/becedia\/bretagne-1972\/author\/mbihannic\/"}]}},"_links":{"self":[{"href":"https:\/\/www.bcd.bzh\/becedia\/bretagne-1972\/wp-json\/wp\/v2\/posts\/1441","targetHints":{"allow":["GET"]}}],"collection":[{"href":"https:\/\/www.bcd.bzh\/becedia\/bretagne-1972\/wp-json\/wp\/v2\/posts"}],"about":[{"href":"https:\/\/www.bcd.bzh\/becedia\/bretagne-1972\/wp-json\/wp\/v2\/types\/post"}],"author":[{"embeddable":true,"href":"https:\/\/www.bcd.bzh\/becedia\/bretagne-1972\/wp-json\/wp\/v2\/users\/4"}],"replies":[{"embeddable":true,"href":"https:\/\/www.bcd.bzh\/becedia\/bretagne-1972\/wp-json\/wp\/v2\/comments?post=1441"}],"version-history":[{"count":2,"href":"https:\/\/www.bcd.bzh\/becedia\/bretagne-1972\/wp-json\/wp\/v2\/posts\/1441\/revisions"}],"predecessor-version":[{"id":1443,"href":"https:\/\/www.bcd.bzh\/becedia\/bretagne-1972\/wp-json\/wp\/v2\/posts\/1441\/revisions\/1443"}],"wp:featuredmedia":[{"embeddable":true,"href":"https:\/\/www.bcd.bzh\/becedia\/bretagne-1972\/wp-json\/wp\/v2\/media\/1444"}],"wp:attachment":[{"href":"https:\/\/www.bcd.bzh\/becedia\/bretagne-1972\/wp-json\/wp\/v2\/media?parent=1441"}],"wp:term":[{"taxonomy":"category","embeddable":true,"href":"https:\/\/www.bcd.bzh\/becedia\/bretagne-1972\/wp-json\/wp\/v2\/categories?post=1441"},{"taxonomy":"post_tag","embeddable":true,"href":"https:\/\/www.bcd.bzh\/becedia\/bretagne-1972\/wp-json\/wp\/v2\/tags?post=1441"}],"curies":[{"name":"wp","href":"https:\/\/api.w.org\/{rel}","templated":true}]}}