{"id":1477,"date":"2022-09-07T11:57:38","date_gmt":"2022-09-07T09:57:38","guid":{"rendered":"https:\/\/www.bcd.bzh\/becedia\/bretagne-1972\/?p=1477"},"modified":"2022-09-07T11:57:39","modified_gmt":"2022-09-07T09:57:39","slug":"an-taol-lagad-special-annee-1972-le-festival-interceltique","status":"publish","type":"post","link":"https:\/\/www.bcd.bzh\/becedia\/bretagne-1972\/reveil-culturel\/an-taol-lagad-special-annee-1972-le-festival-interceltique\/","title":{"rendered":"An taol lagad sp\u00e9cial ann\u00e9e 1972 : le festival Interceltique"},"content":{"rendered":"\n<h2 class=\"wp-block-heading\">Ann\u00e9e 1972 : la f\u00eate des cornemuses devient Festival Interceltique \u00e0 Lorient<\/h2>\n\n\n\n<figure class=\"wp-block-embed is-type-video is-provider-youtube wp-block-embed-youtube wp-embed-aspect-16-9 wp-has-aspect-ratio\"><div class=\"wp-block-embed__wrapper\">\n<iframe loading=\"lazy\" title=\"1972 : la f\u00eate des cornemuses devient Festival Interceltique \u00e0 Lorient\" width=\"750\" height=\"422\" src=\"https:\/\/www.youtube.com\/embed\/gInG__CBpbI?feature=oembed\" frameborder=\"0\" allow=\"accelerometer; autoplay; clipboard-write; encrypted-media; gyroscope; picture-in-picture\" allowfullscreen><\/iframe>\n<\/div><\/figure>\n\n\n\n<p>Afin de proposer une r\u00e9trospective de l\u2019ann\u00e9e 1972, France 3 Bretagne produit une s\u00e9rie de reportages diffus\u00e9s dans l\u2019\u00e9mission\u00a0<em>An Taol Lagad<\/em>. Cela permet de visualiser certains temps forts avec des invit\u00e9s, t\u00e9moins de ces \u00e9pisodes marquants.<\/p>\n\n\n\n<p>1972 : la f\u00eate des cornemuses devient Festival Interceltique par France 3 pour <em>An Taol Lagad.<\/em> N\u00e9 \u00e0 Brest, le rassemblement des bagado\u00f9 se d\u00e9place \u00e0 Lorient en 1971 avant de prendre le nom de festival interceltique l&#8217;ann\u00e9e suivante. Depuis 51, l&#8217;\u00e9v\u00e9nement n&#8217;a cess\u00e9 de changer et de s&#8217;enrichir, comme le raconte Ronan Hirrien \u00e0 travers les archives.<\/p>\n\n\n\n<p>La s\u00e9rie de reportages est \u00e0 retrouver sur\u00a0<a href=\"https:\/\/www.bcd.bzh\/becedia\/bretagne-1972\/videotheque\/#france3\" target=\"_blank\" rel=\"noreferrer noopener\">notre site\u00a0<\/a>et sur le portail France 3 Bretagne.<\/p>\n","protected":false},"excerpt":{"rendered":"<p>Ann\u00e9e 1972 : la f\u00eate des cornemuses devient Festival Interceltique \u00e0 Lorient Afin de proposer une r\u00e9trospective de l\u2019ann\u00e9e 1972, France 3 Bretagne produit une s\u00e9rie de reportages diffus\u00e9s dans l\u2019\u00e9mission\u00a0An Taol Lagad. Cela permet de visualiser certains temps forts avec des invit\u00e9s, t\u00e9moins de ces \u00e9pisodes marquants. 1972 : la f\u00eate des cornemuses devient&hellip; <a class=\"more-link\" href=\"https:\/\/www.bcd.bzh\/becedia\/bretagne-1972\/reveil-culturel\/an-taol-lagad-special-annee-1972-le-festival-interceltique\/\">Poursuivre la lecture <span class=\"screen-reader-text\">An taol lagad sp\u00e9cial ann\u00e9e 1972 : le festival Interceltique<\/span><\/a><\/p>\n","protected":false},"author":5,"featured_media":1478,"comment_status":"closed","ping_status":"closed","sticky":false,"template":"","format":"standard","meta":{"inline_featured_image":false,"footnotes":""},"categories":[3],"tags":[],"class_list":["post-1477","post","type-post","status-publish","format-standard","has-post-thumbnail","hentry","category-reveil-culturel","entry"],"acf":[],"yoast_head":"<!-- This site is optimized with the Yoast SEO plugin v27.5 - https:\/\/yoast.com\/product\/yoast-seo-wordpress\/ -->\n<title>An taol lagad sp\u00e9cial ann\u00e9e 1972 : le festival Interceltique - La Bretagne en 1972<\/title>\n<meta name=\"robots\" content=\"index, follow, max-snippet:-1, max-image-preview:large, max-video-preview:-1\" \/>\n<link rel=\"canonical\" href=\"https:\/\/www.bcd.bzh\/becedia\/bretagne-1972\/reveil-culturel\/an-taol-lagad-special-annee-1972-le-festival-interceltique\/\" \/>\n<meta property=\"og:locale\" content=\"fr_FR\" \/>\n<meta property=\"og:type\" content=\"article\" \/>\n<meta property=\"og:title\" content=\"An taol lagad sp\u00e9cial ann\u00e9e 1972 : le festival Interceltique - La Bretagne en 1972\" \/>\n<meta property=\"og:description\" content=\"Ann\u00e9e 1972 : la f\u00eate des cornemuses devient Festival Interceltique \u00e0 Lorient Afin de proposer une r\u00e9trospective de l\u2019ann\u00e9e 1972, France 3 Bretagne produit une s\u00e9rie de reportages diffus\u00e9s dans l\u2019\u00e9mission\u00a0An Taol Lagad. Cela permet de visualiser certains temps forts avec des invit\u00e9s, t\u00e9moins de ces \u00e9pisodes marquants. 1972 : la f\u00eate des cornemuses devient&hellip; Poursuivre la lecture An taol lagad sp\u00e9cial ann\u00e9e 1972 : le festival Interceltique\" \/>\n<meta property=\"og:url\" content=\"https:\/\/www.bcd.bzh\/becedia\/bretagne-1972\/reveil-culturel\/an-taol-lagad-special-annee-1972-le-festival-interceltique\/\" \/>\n<meta property=\"og:site_name\" content=\"La Bretagne en 1972\" \/>\n<meta property=\"article:published_time\" content=\"2022-09-07T09:57:38+00:00\" \/>\n<meta property=\"article:modified_time\" content=\"2022-09-07T09:57:39+00:00\" \/>\n<meta property=\"og:image\" content=\"https:\/\/www.bcd.bzh\/becedia\/bretagne-1972\/wp-content\/uploads\/2022\/09\/1972interceltique.png\" \/>\n\t<meta property=\"og:image:width\" content=\"900\" \/>\n\t<meta property=\"og:image:height\" content=\"504\" \/>\n\t<meta property=\"og:image:type\" content=\"image\/png\" \/>\n<meta name=\"author\" content=\"Soizick Aubry\" \/>\n<meta name=\"twitter:card\" content=\"summary_large_image\" \/>\n<meta name=\"twitter:label1\" content=\"\u00c9crit par\" \/>\n\t<meta name=\"twitter:data1\" content=\"Soizick Aubry\" \/>\n\t<meta name=\"twitter:label2\" content=\"Dur\u00e9e de lecture estim\u00e9e\" \/>\n\t<meta name=\"twitter:data2\" content=\"1 minute\" \/>\n<script type=\"application\/ld+json\" class=\"yoast-schema-graph\">{\"@context\":\"https:\\\/\\\/schema.org\",\"@graph\":[{\"@type\":\"Article\",\"@id\":\"https:\\\/\\\/www.bcd.bzh\\\/becedia\\\/bretagne-1972\\\/reveil-culturel\\\/an-taol-lagad-special-annee-1972-le-festival-interceltique\\\/#article\",\"isPartOf\":{\"@id\":\"https:\\\/\\\/www.bcd.bzh\\\/becedia\\\/bretagne-1972\\\/reveil-culturel\\\/an-taol-lagad-special-annee-1972-le-festival-interceltique\\\/\"},\"author\":{\"name\":\"Soizick Aubry\",\"@id\":\"\\\/#\\\/schema\\\/person\\\/2bcd7655170c96bdbb1145f1ee07cedd\"},\"headline\":\"An taol lagad sp\u00e9cial ann\u00e9e 1972 : le festival Interceltique\",\"datePublished\":\"2022-09-07T09:57:38+00:00\",\"dateModified\":\"2022-09-07T09:57:39+00:00\",\"mainEntityOfPage\":{\"@id\":\"https:\\\/\\\/www.bcd.bzh\\\/becedia\\\/bretagne-1972\\\/reveil-culturel\\\/an-taol-lagad-special-annee-1972-le-festival-interceltique\\\/\"},\"wordCount\":143,\"publisher\":{\"@id\":\"\\\/#organization\"},\"image\":{\"@id\":\"https:\\\/\\\/www.bcd.bzh\\\/becedia\\\/bretagne-1972\\\/reveil-culturel\\\/an-taol-lagad-special-annee-1972-le-festival-interceltique\\\/#primaryimage\"},\"thumbnailUrl\":\"https:\\\/\\\/www.bcd.bzh\\\/becedia\\\/bretagne-1972\\\/wp-content\\\/uploads\\\/2022\\\/09\\\/1972interceltique.png\",\"articleSection\":[\"R\u00e9veil culturel\"],\"inLanguage\":\"fr-FR\"},{\"@type\":\"WebPage\",\"@id\":\"https:\\\/\\\/www.bcd.bzh\\\/becedia\\\/bretagne-1972\\\/reveil-culturel\\\/an-taol-lagad-special-annee-1972-le-festival-interceltique\\\/\",\"url\":\"https:\\\/\\\/www.bcd.bzh\\\/becedia\\\/bretagne-1972\\\/reveil-culturel\\\/an-taol-lagad-special-annee-1972-le-festival-interceltique\\\/\",\"name\":\"An taol lagad sp\u00e9cial ann\u00e9e 1972 : le festival Interceltique - La Bretagne en 1972\",\"isPartOf\":{\"@id\":\"\\\/#website\"},\"primaryImageOfPage\":{\"@id\":\"https:\\\/\\\/www.bcd.bzh\\\/becedia\\\/bretagne-1972\\\/reveil-culturel\\\/an-taol-lagad-special-annee-1972-le-festival-interceltique\\\/#primaryimage\"},\"image\":{\"@id\":\"https:\\\/\\\/www.bcd.bzh\\\/becedia\\\/bretagne-1972\\\/reveil-culturel\\\/an-taol-lagad-special-annee-1972-le-festival-interceltique\\\/#primaryimage\"},\"thumbnailUrl\":\"https:\\\/\\\/www.bcd.bzh\\\/becedia\\\/bretagne-1972\\\/wp-content\\\/uploads\\\/2022\\\/09\\\/1972interceltique.png\",\"datePublished\":\"2022-09-07T09:57:38+00:00\",\"dateModified\":\"2022-09-07T09:57:39+00:00\",\"breadcrumb\":{\"@id\":\"https:\\\/\\\/www.bcd.bzh\\\/becedia\\\/bretagne-1972\\\/reveil-culturel\\\/an-taol-lagad-special-annee-1972-le-festival-interceltique\\\/#breadcrumb\"},\"inLanguage\":\"fr-FR\",\"potentialAction\":[{\"@type\":\"ReadAction\",\"target\":[\"https:\\\/\\\/www.bcd.bzh\\\/becedia\\\/bretagne-1972\\\/reveil-culturel\\\/an-taol-lagad-special-annee-1972-le-festival-interceltique\\\/\"]}]},{\"@type\":\"ImageObject\",\"inLanguage\":\"fr-FR\",\"@id\":\"https:\\\/\\\/www.bcd.bzh\\\/becedia\\\/bretagne-1972\\\/reveil-culturel\\\/an-taol-lagad-special-annee-1972-le-festival-interceltique\\\/#primaryimage\",\"url\":\"https:\\\/\\\/www.bcd.bzh\\\/becedia\\\/bretagne-1972\\\/wp-content\\\/uploads\\\/2022\\\/09\\\/1972interceltique.png\",\"contentUrl\":\"https:\\\/\\\/www.bcd.bzh\\\/becedia\\\/bretagne-1972\\\/wp-content\\\/uploads\\\/2022\\\/09\\\/1972interceltique.png\",\"width\":900,\"height\":504,\"caption\":\"Images du festival Interceltique de Lorient sur France 3\"},{\"@type\":\"BreadcrumbList\",\"@id\":\"https:\\\/\\\/www.bcd.bzh\\\/becedia\\\/bretagne-1972\\\/reveil-culturel\\\/an-taol-lagad-special-annee-1972-le-festival-interceltique\\\/#breadcrumb\",\"itemListElement\":[{\"@type\":\"ListItem\",\"position\":1,\"name\":\"Accueil\",\"item\":\"https:\\\/\\\/www.bcd.bzh\\\/becedia\\\/bretagne-1972\\\/\"},{\"@type\":\"ListItem\",\"position\":2,\"name\":\"An taol lagad sp\u00e9cial ann\u00e9e 1972 : le festival Interceltique\"}]},{\"@type\":\"WebSite\",\"@id\":\"\\\/#website\",\"url\":\"\\\/\",\"name\":\"La Bretagne en 1972\",\"description\":\"\",\"publisher\":{\"@id\":\"\\\/#organization\"},\"potentialAction\":[{\"@type\":\"SearchAction\",\"target\":{\"@type\":\"EntryPoint\",\"urlTemplate\":\"\\\/?s={search_term_string}\"},\"query-input\":{\"@type\":\"PropertyValueSpecification\",\"valueRequired\":true,\"valueName\":\"search_term_string\"}}],\"inLanguage\":\"fr-FR\"},{\"@type\":\"Organization\",\"@id\":\"\\\/#organization\",\"name\":\"La Bretagne en 1972\",\"url\":\"\\\/\",\"logo\":{\"@type\":\"ImageObject\",\"inLanguage\":\"fr-FR\",\"@id\":\"\\\/#\\\/schema\\\/logo\\\/image\\\/\",\"url\":\"https:\\\/\\\/www.bcd.bzh\\\/becedia\\\/bretagne-1972\\\/wp-content\\\/uploads\\\/2022\\\/01\\\/site-logo.svg\",\"contentUrl\":\"https:\\\/\\\/www.bcd.bzh\\\/becedia\\\/bretagne-1972\\\/wp-content\\\/uploads\\\/2022\\\/01\\\/site-logo.svg\",\"width\":309,\"height\":107,\"caption\":\"La Bretagne en 1972\"},\"image\":{\"@id\":\"\\\/#\\\/schema\\\/logo\\\/image\\\/\"}},{\"@type\":\"Person\",\"@id\":\"\\\/#\\\/schema\\\/person\\\/2bcd7655170c96bdbb1145f1ee07cedd\",\"name\":\"Soizick Aubry\",\"image\":{\"@type\":\"ImageObject\",\"inLanguage\":\"fr-FR\",\"@id\":\"https:\\\/\\\/secure.gravatar.com\\\/avatar\\\/35ad961778bcb4f839d707d8dcb2b5b36fa179b63de5c0bca78636ce89e8cb96?s=96&d=mm&r=g\",\"url\":\"https:\\\/\\\/secure.gravatar.com\\\/avatar\\\/35ad961778bcb4f839d707d8dcb2b5b36fa179b63de5c0bca78636ce89e8cb96?s=96&d=mm&r=g\",\"contentUrl\":\"https:\\\/\\\/secure.gravatar.com\\\/avatar\\\/35ad961778bcb4f839d707d8dcb2b5b36fa179b63de5c0bca78636ce89e8cb96?s=96&d=mm&r=g\",\"caption\":\"Soizick Aubry\"},\"url\":\"https:\\\/\\\/www.bcd.bzh\\\/becedia\\\/bretagne-1972\\\/author\\\/saubry\\\/\"}]}<\/script>\n<!-- \/ Yoast SEO plugin. -->","yoast_head_json":{"title":"An taol lagad sp\u00e9cial ann\u00e9e 1972 : le festival Interceltique - La Bretagne en 1972","robots":{"index":"index","follow":"follow","max-snippet":"max-snippet:-1","max-image-preview":"max-image-preview:large","max-video-preview":"max-video-preview:-1"},"canonical":"https:\/\/www.bcd.bzh\/becedia\/bretagne-1972\/reveil-culturel\/an-taol-lagad-special-annee-1972-le-festival-interceltique\/","og_locale":"fr_FR","og_type":"article","og_title":"An taol lagad sp\u00e9cial ann\u00e9e 1972 : le festival Interceltique - La Bretagne en 1972","og_description":"Ann\u00e9e 1972 : la f\u00eate des cornemuses devient Festival Interceltique \u00e0 Lorient Afin de proposer une r\u00e9trospective de l\u2019ann\u00e9e 1972, France 3 Bretagne produit une s\u00e9rie de reportages diffus\u00e9s dans l\u2019\u00e9mission\u00a0An Taol Lagad. Cela permet de visualiser certains temps forts avec des invit\u00e9s, t\u00e9moins de ces \u00e9pisodes marquants. 1972 : la f\u00eate des cornemuses devient&hellip; Poursuivre la lecture An taol lagad sp\u00e9cial ann\u00e9e 1972 : le festival Interceltique","og_url":"https:\/\/www.bcd.bzh\/becedia\/bretagne-1972\/reveil-culturel\/an-taol-lagad-special-annee-1972-le-festival-interceltique\/","og_site_name":"La Bretagne en 1972","article_published_time":"2022-09-07T09:57:38+00:00","article_modified_time":"2022-09-07T09:57:39+00:00","og_image":[{"width":900,"height":504,"url":"https:\/\/www.bcd.bzh\/becedia\/bretagne-1972\/wp-content\/uploads\/2022\/09\/1972interceltique.png","type":"image\/png"}],"author":"Soizick Aubry","twitter_card":"summary_large_image","twitter_misc":{"\u00c9crit par":"Soizick Aubry","Dur\u00e9e de lecture estim\u00e9e":"1 minute"},"schema":{"@context":"https:\/\/schema.org","@graph":[{"@type":"Article","@id":"https:\/\/www.bcd.bzh\/becedia\/bretagne-1972\/reveil-culturel\/an-taol-lagad-special-annee-1972-le-festival-interceltique\/#article","isPartOf":{"@id":"https:\/\/www.bcd.bzh\/becedia\/bretagne-1972\/reveil-culturel\/an-taol-lagad-special-annee-1972-le-festival-interceltique\/"},"author":{"name":"Soizick Aubry","@id":"\/#\/schema\/person\/2bcd7655170c96bdbb1145f1ee07cedd"},"headline":"An taol lagad sp\u00e9cial ann\u00e9e 1972 : le festival Interceltique","datePublished":"2022-09-07T09:57:38+00:00","dateModified":"2022-09-07T09:57:39+00:00","mainEntityOfPage":{"@id":"https:\/\/www.bcd.bzh\/becedia\/bretagne-1972\/reveil-culturel\/an-taol-lagad-special-annee-1972-le-festival-interceltique\/"},"wordCount":143,"publisher":{"@id":"\/#organization"},"image":{"@id":"https:\/\/www.bcd.bzh\/becedia\/bretagne-1972\/reveil-culturel\/an-taol-lagad-special-annee-1972-le-festival-interceltique\/#primaryimage"},"thumbnailUrl":"https:\/\/www.bcd.bzh\/becedia\/bretagne-1972\/wp-content\/uploads\/2022\/09\/1972interceltique.png","articleSection":["R\u00e9veil culturel"],"inLanguage":"fr-FR"},{"@type":"WebPage","@id":"https:\/\/www.bcd.bzh\/becedia\/bretagne-1972\/reveil-culturel\/an-taol-lagad-special-annee-1972-le-festival-interceltique\/","url":"https:\/\/www.bcd.bzh\/becedia\/bretagne-1972\/reveil-culturel\/an-taol-lagad-special-annee-1972-le-festival-interceltique\/","name":"An taol lagad sp\u00e9cial ann\u00e9e 1972 : le festival Interceltique - La Bretagne en 1972","isPartOf":{"@id":"\/#website"},"primaryImageOfPage":{"@id":"https:\/\/www.bcd.bzh\/becedia\/bretagne-1972\/reveil-culturel\/an-taol-lagad-special-annee-1972-le-festival-interceltique\/#primaryimage"},"image":{"@id":"https:\/\/www.bcd.bzh\/becedia\/bretagne-1972\/reveil-culturel\/an-taol-lagad-special-annee-1972-le-festival-interceltique\/#primaryimage"},"thumbnailUrl":"https:\/\/www.bcd.bzh\/becedia\/bretagne-1972\/wp-content\/uploads\/2022\/09\/1972interceltique.png","datePublished":"2022-09-07T09:57:38+00:00","dateModified":"2022-09-07T09:57:39+00:00","breadcrumb":{"@id":"https:\/\/www.bcd.bzh\/becedia\/bretagne-1972\/reveil-culturel\/an-taol-lagad-special-annee-1972-le-festival-interceltique\/#breadcrumb"},"inLanguage":"fr-FR","potentialAction":[{"@type":"ReadAction","target":["https:\/\/www.bcd.bzh\/becedia\/bretagne-1972\/reveil-culturel\/an-taol-lagad-special-annee-1972-le-festival-interceltique\/"]}]},{"@type":"ImageObject","inLanguage":"fr-FR","@id":"https:\/\/www.bcd.bzh\/becedia\/bretagne-1972\/reveil-culturel\/an-taol-lagad-special-annee-1972-le-festival-interceltique\/#primaryimage","url":"https:\/\/www.bcd.bzh\/becedia\/bretagne-1972\/wp-content\/uploads\/2022\/09\/1972interceltique.png","contentUrl":"https:\/\/www.bcd.bzh\/becedia\/bretagne-1972\/wp-content\/uploads\/2022\/09\/1972interceltique.png","width":900,"height":504,"caption":"Images du festival Interceltique de Lorient sur France 3"},{"@type":"BreadcrumbList","@id":"https:\/\/www.bcd.bzh\/becedia\/bretagne-1972\/reveil-culturel\/an-taol-lagad-special-annee-1972-le-festival-interceltique\/#breadcrumb","itemListElement":[{"@type":"ListItem","position":1,"name":"Accueil","item":"https:\/\/www.bcd.bzh\/becedia\/bretagne-1972\/"},{"@type":"ListItem","position":2,"name":"An taol lagad sp\u00e9cial ann\u00e9e 1972 : le festival Interceltique"}]},{"@type":"WebSite","@id":"\/#website","url":"\/","name":"La Bretagne en 1972","description":"","publisher":{"@id":"\/#organization"},"potentialAction":[{"@type":"SearchAction","target":{"@type":"EntryPoint","urlTemplate":"\/?s={search_term_string}"},"query-input":{"@type":"PropertyValueSpecification","valueRequired":true,"valueName":"search_term_string"}}],"inLanguage":"fr-FR"},{"@type":"Organization","@id":"\/#organization","name":"La Bretagne en 1972","url":"\/","logo":{"@type":"ImageObject","inLanguage":"fr-FR","@id":"\/#\/schema\/logo\/image\/","url":"https:\/\/www.bcd.bzh\/becedia\/bretagne-1972\/wp-content\/uploads\/2022\/01\/site-logo.svg","contentUrl":"https:\/\/www.bcd.bzh\/becedia\/bretagne-1972\/wp-content\/uploads\/2022\/01\/site-logo.svg","width":309,"height":107,"caption":"La Bretagne en 1972"},"image":{"@id":"\/#\/schema\/logo\/image\/"}},{"@type":"Person","@id":"\/#\/schema\/person\/2bcd7655170c96bdbb1145f1ee07cedd","name":"Soizick Aubry","image":{"@type":"ImageObject","inLanguage":"fr-FR","@id":"https:\/\/secure.gravatar.com\/avatar\/35ad961778bcb4f839d707d8dcb2b5b36fa179b63de5c0bca78636ce89e8cb96?s=96&d=mm&r=g","url":"https:\/\/secure.gravatar.com\/avatar\/35ad961778bcb4f839d707d8dcb2b5b36fa179b63de5c0bca78636ce89e8cb96?s=96&d=mm&r=g","contentUrl":"https:\/\/secure.gravatar.com\/avatar\/35ad961778bcb4f839d707d8dcb2b5b36fa179b63de5c0bca78636ce89e8cb96?s=96&d=mm&r=g","caption":"Soizick Aubry"},"url":"https:\/\/www.bcd.bzh\/becedia\/bretagne-1972\/author\/saubry\/"}]}},"_links":{"self":[{"href":"https:\/\/www.bcd.bzh\/becedia\/bretagne-1972\/wp-json\/wp\/v2\/posts\/1477","targetHints":{"allow":["GET"]}}],"collection":[{"href":"https:\/\/www.bcd.bzh\/becedia\/bretagne-1972\/wp-json\/wp\/v2\/posts"}],"about":[{"href":"https:\/\/www.bcd.bzh\/becedia\/bretagne-1972\/wp-json\/wp\/v2\/types\/post"}],"author":[{"embeddable":true,"href":"https:\/\/www.bcd.bzh\/becedia\/bretagne-1972\/wp-json\/wp\/v2\/users\/5"}],"replies":[{"embeddable":true,"href":"https:\/\/www.bcd.bzh\/becedia\/bretagne-1972\/wp-json\/wp\/v2\/comments?post=1477"}],"version-history":[{"count":2,"href":"https:\/\/www.bcd.bzh\/becedia\/bretagne-1972\/wp-json\/wp\/v2\/posts\/1477\/revisions"}],"predecessor-version":[{"id":1480,"href":"https:\/\/www.bcd.bzh\/becedia\/bretagne-1972\/wp-json\/wp\/v2\/posts\/1477\/revisions\/1480"}],"wp:featuredmedia":[{"embeddable":true,"href":"https:\/\/www.bcd.bzh\/becedia\/bretagne-1972\/wp-json\/wp\/v2\/media\/1478"}],"wp:attachment":[{"href":"https:\/\/www.bcd.bzh\/becedia\/bretagne-1972\/wp-json\/wp\/v2\/media?parent=1477"}],"wp:term":[{"taxonomy":"category","embeddable":true,"href":"https:\/\/www.bcd.bzh\/becedia\/bretagne-1972\/wp-json\/wp\/v2\/categories?post=1477"},{"taxonomy":"post_tag","embeddable":true,"href":"https:\/\/www.bcd.bzh\/becedia\/bretagne-1972\/wp-json\/wp\/v2\/tags?post=1477"}],"curies":[{"name":"wp","href":"https:\/\/api.w.org\/{rel}","templated":true}]}}