{"id":1493,"date":"2022-10-10T17:43:52","date_gmt":"2022-10-10T15:43:52","guid":{"rendered":"https:\/\/www.bcd.bzh\/becedia\/bretagne-1972\/?p=1493"},"modified":"2022-10-10T17:43:52","modified_gmt":"2022-10-10T15:43:52","slug":"an-taol-lagad-special-annee-1972-le-proces-du-flb","status":"publish","type":"post","link":"https:\/\/www.bcd.bzh\/becedia\/bretagne-1972\/societe\/an-taol-lagad-special-annee-1972-le-proces-du-flb\/","title":{"rendered":"An taol lagad sp\u00e9cial ann\u00e9e 1972 : le proc\u00e8s du FLB"},"content":{"rendered":"\n<h2 class=\"wp-block-heading\">1972 : le Front de lib\u00e9ration de la Bretagne s&#8217;offre une tribune lors de son proc\u00e8s<\/h2>\n\n\n\n<figure class=\"wp-block-embed is-type-video is-provider-youtube wp-block-embed-youtube wp-embed-aspect-16-9 wp-has-aspect-ratio\"><div class=\"wp-block-embed__wrapper\">\n<iframe loading=\"lazy\" title=\"1972 : le Front de lib\u00e9ration de la Bretagne s&#039;offre une tribune lors de son proc\u00e8s\" width=\"750\" height=\"422\" src=\"https:\/\/www.youtube.com\/embed\/ZUbO7jRBnTI?feature=oembed\" frameborder=\"0\" allow=\"accelerometer; autoplay; clipboard-write; encrypted-media; gyroscope; picture-in-picture\" allowfullscreen><\/iframe>\n<\/div><\/figure>\n\n\n\n<p>Afin de proposer une r\u00e9trospective de l\u2019ann\u00e9e 1972, France 3 Bretagne produit une s\u00e9rie de reportages diffus\u00e9s dans l\u2019\u00e9mission\u00a0<em>An Taol Lagad<\/em>. Cela permet de visualiser certains temps forts avec des invit\u00e9s, t\u00e9moins de ces \u00e9pisodes marquants.<\/p>\n\n\n\n<p>Le d\u00e9but des ann\u00e9es 1970 en Bretagne est marqu\u00e9 par une reprise des attentats \u00e0 la bombe contre des symboles de l&#8217;Etat Fran\u00e7ais. Le Front de lib\u00e9ration de la Bretagne revendique ces attaques et met les services de police en \u00e9moi. En octobre 1972, la Cours de s\u00fbret\u00e9 de la R\u00e9publique juge 11 personnes qui transforment ce proc\u00e8s en tribune politique. Ronan Hirrien revient, en archives, sur ces \u00e9v\u00e9nements et la m\u00e9thode rocambolesque utilis\u00e9e par les policiers pour arr\u00eater les militants.<\/p>\n\n\n\n<p>La s\u00e9rie de reportages est \u00e0 retrouver sur\u00a0<a href=\"https:\/\/www.bcd.bzh\/becedia\/bretagne-1972\/videotheque\/#france3\" target=\"_blank\" rel=\"noreferrer noopener\">notre site\u00a0<\/a>et sur le portail France 3 Bretagne.<\/p>\n","protected":false},"excerpt":{"rendered":"<p>1972 : le Front de lib\u00e9ration de la Bretagne s&#8217;offre une tribune lors de son proc\u00e8s Afin de proposer une r\u00e9trospective de l\u2019ann\u00e9e 1972, France 3 Bretagne produit une s\u00e9rie de reportages diffus\u00e9s dans l\u2019\u00e9mission\u00a0An Taol Lagad. Cela permet de visualiser certains temps forts avec des invit\u00e9s, t\u00e9moins de ces \u00e9pisodes marquants. Le d\u00e9but des&hellip; <a class=\"more-link\" href=\"https:\/\/www.bcd.bzh\/becedia\/bretagne-1972\/societe\/an-taol-lagad-special-annee-1972-le-proces-du-flb\/\">Poursuivre la lecture <span class=\"screen-reader-text\">An taol lagad sp\u00e9cial ann\u00e9e 1972 : le proc\u00e8s du FLB<\/span><\/a><\/p>\n","protected":false},"author":5,"featured_media":1496,"comment_status":"closed","ping_status":"closed","sticky":false,"template":"","format":"standard","meta":{"inline_featured_image":false,"footnotes":""},"categories":[4],"tags":[],"class_list":["post-1493","post","type-post","status-publish","format-standard","has-post-thumbnail","hentry","category-societe","entry"],"acf":[],"yoast_head":"<!-- This site is optimized with the Yoast SEO plugin v27.5 - https:\/\/yoast.com\/product\/yoast-seo-wordpress\/ -->\n<title>An taol lagad sp\u00e9cial ann\u00e9e 1972 : le proc\u00e8s du FLB - La Bretagne en 1972<\/title>\n<meta name=\"robots\" content=\"index, follow, max-snippet:-1, max-image-preview:large, max-video-preview:-1\" \/>\n<link rel=\"canonical\" href=\"https:\/\/www.bcd.bzh\/becedia\/bretagne-1972\/societe\/an-taol-lagad-special-annee-1972-le-proces-du-flb\/\" \/>\n<meta property=\"og:locale\" content=\"fr_FR\" \/>\n<meta property=\"og:type\" content=\"article\" \/>\n<meta property=\"og:title\" content=\"An taol lagad sp\u00e9cial ann\u00e9e 1972 : le proc\u00e8s du FLB - La Bretagne en 1972\" \/>\n<meta property=\"og:description\" content=\"1972 : le Front de lib\u00e9ration de la Bretagne s&#8217;offre une tribune lors de son proc\u00e8s Afin de proposer une r\u00e9trospective de l\u2019ann\u00e9e 1972, France 3 Bretagne produit une s\u00e9rie de reportages diffus\u00e9s dans l\u2019\u00e9mission\u00a0An Taol Lagad. Cela permet de visualiser certains temps forts avec des invit\u00e9s, t\u00e9moins de ces \u00e9pisodes marquants. Le d\u00e9but des&hellip; Poursuivre la lecture An taol lagad sp\u00e9cial ann\u00e9e 1972 : le proc\u00e8s du FLB\" \/>\n<meta property=\"og:url\" content=\"https:\/\/www.bcd.bzh\/becedia\/bretagne-1972\/societe\/an-taol-lagad-special-annee-1972-le-proces-du-flb\/\" \/>\n<meta property=\"og:site_name\" content=\"La Bretagne en 1972\" \/>\n<meta property=\"article:published_time\" content=\"2022-10-10T15:43:52+00:00\" \/>\n<meta property=\"og:image\" content=\"https:\/\/www.bcd.bzh\/becedia\/bretagne-1972\/wp-content\/uploads\/2022\/10\/1972flbfrance3.png\" \/>\n\t<meta property=\"og:image:width\" content=\"768\" \/>\n\t<meta property=\"og:image:height\" content=\"435\" \/>\n\t<meta property=\"og:image:type\" content=\"image\/png\" \/>\n<meta name=\"author\" content=\"Soizick Aubry\" \/>\n<meta name=\"twitter:card\" content=\"summary_large_image\" \/>\n<meta name=\"twitter:label1\" content=\"\u00c9crit par\" \/>\n\t<meta name=\"twitter:data1\" content=\"Soizick Aubry\" \/>\n\t<meta name=\"twitter:label2\" content=\"Dur\u00e9e de lecture estim\u00e9e\" \/>\n\t<meta name=\"twitter:data2\" content=\"1 minute\" \/>\n<script type=\"application\/ld+json\" class=\"yoast-schema-graph\">{\"@context\":\"https:\\\/\\\/schema.org\",\"@graph\":[{\"@type\":\"Article\",\"@id\":\"https:\\\/\\\/www.bcd.bzh\\\/becedia\\\/bretagne-1972\\\/societe\\\/an-taol-lagad-special-annee-1972-le-proces-du-flb\\\/#article\",\"isPartOf\":{\"@id\":\"https:\\\/\\\/www.bcd.bzh\\\/becedia\\\/bretagne-1972\\\/societe\\\/an-taol-lagad-special-annee-1972-le-proces-du-flb\\\/\"},\"author\":{\"name\":\"Soizick Aubry\",\"@id\":\"\\\/#\\\/schema\\\/person\\\/2bcd7655170c96bdbb1145f1ee07cedd\"},\"headline\":\"An taol lagad sp\u00e9cial ann\u00e9e 1972 : le proc\u00e8s du FLB\",\"datePublished\":\"2022-10-10T15:43:52+00:00\",\"mainEntityOfPage\":{\"@id\":\"https:\\\/\\\/www.bcd.bzh\\\/becedia\\\/bretagne-1972\\\/societe\\\/an-taol-lagad-special-annee-1972-le-proces-du-flb\\\/\"},\"wordCount\":183,\"publisher\":{\"@id\":\"\\\/#organization\"},\"image\":{\"@id\":\"https:\\\/\\\/www.bcd.bzh\\\/becedia\\\/bretagne-1972\\\/societe\\\/an-taol-lagad-special-annee-1972-le-proces-du-flb\\\/#primaryimage\"},\"thumbnailUrl\":\"https:\\\/\\\/www.bcd.bzh\\\/becedia\\\/bretagne-1972\\\/wp-content\\\/uploads\\\/2022\\\/10\\\/1972flbfrance3.png\",\"articleSection\":[\"Soci\u00e9t\u00e9\"],\"inLanguage\":\"fr-FR\"},{\"@type\":\"WebPage\",\"@id\":\"https:\\\/\\\/www.bcd.bzh\\\/becedia\\\/bretagne-1972\\\/societe\\\/an-taol-lagad-special-annee-1972-le-proces-du-flb\\\/\",\"url\":\"https:\\\/\\\/www.bcd.bzh\\\/becedia\\\/bretagne-1972\\\/societe\\\/an-taol-lagad-special-annee-1972-le-proces-du-flb\\\/\",\"name\":\"An taol lagad sp\u00e9cial ann\u00e9e 1972 : le proc\u00e8s du FLB - La Bretagne en 1972\",\"isPartOf\":{\"@id\":\"\\\/#website\"},\"primaryImageOfPage\":{\"@id\":\"https:\\\/\\\/www.bcd.bzh\\\/becedia\\\/bretagne-1972\\\/societe\\\/an-taol-lagad-special-annee-1972-le-proces-du-flb\\\/#primaryimage\"},\"image\":{\"@id\":\"https:\\\/\\\/www.bcd.bzh\\\/becedia\\\/bretagne-1972\\\/societe\\\/an-taol-lagad-special-annee-1972-le-proces-du-flb\\\/#primaryimage\"},\"thumbnailUrl\":\"https:\\\/\\\/www.bcd.bzh\\\/becedia\\\/bretagne-1972\\\/wp-content\\\/uploads\\\/2022\\\/10\\\/1972flbfrance3.png\",\"datePublished\":\"2022-10-10T15:43:52+00:00\",\"breadcrumb\":{\"@id\":\"https:\\\/\\\/www.bcd.bzh\\\/becedia\\\/bretagne-1972\\\/societe\\\/an-taol-lagad-special-annee-1972-le-proces-du-flb\\\/#breadcrumb\"},\"inLanguage\":\"fr-FR\",\"potentialAction\":[{\"@type\":\"ReadAction\",\"target\":[\"https:\\\/\\\/www.bcd.bzh\\\/becedia\\\/bretagne-1972\\\/societe\\\/an-taol-lagad-special-annee-1972-le-proces-du-flb\\\/\"]}]},{\"@type\":\"ImageObject\",\"inLanguage\":\"fr-FR\",\"@id\":\"https:\\\/\\\/www.bcd.bzh\\\/becedia\\\/bretagne-1972\\\/societe\\\/an-taol-lagad-special-annee-1972-le-proces-du-flb\\\/#primaryimage\",\"url\":\"https:\\\/\\\/www.bcd.bzh\\\/becedia\\\/bretagne-1972\\\/wp-content\\\/uploads\\\/2022\\\/10\\\/1972flbfrance3.png\",\"contentUrl\":\"https:\\\/\\\/www.bcd.bzh\\\/becedia\\\/bretagne-1972\\\/wp-content\\\/uploads\\\/2022\\\/10\\\/1972flbfrance3.png\",\"width\":768,\"height\":435},{\"@type\":\"BreadcrumbList\",\"@id\":\"https:\\\/\\\/www.bcd.bzh\\\/becedia\\\/bretagne-1972\\\/societe\\\/an-taol-lagad-special-annee-1972-le-proces-du-flb\\\/#breadcrumb\",\"itemListElement\":[{\"@type\":\"ListItem\",\"position\":1,\"name\":\"Accueil\",\"item\":\"https:\\\/\\\/www.bcd.bzh\\\/becedia\\\/bretagne-1972\\\/\"},{\"@type\":\"ListItem\",\"position\":2,\"name\":\"An taol lagad sp\u00e9cial ann\u00e9e 1972 : le proc\u00e8s du FLB\"}]},{\"@type\":\"WebSite\",\"@id\":\"\\\/#website\",\"url\":\"\\\/\",\"name\":\"La Bretagne en 1972\",\"description\":\"\",\"publisher\":{\"@id\":\"\\\/#organization\"},\"potentialAction\":[{\"@type\":\"SearchAction\",\"target\":{\"@type\":\"EntryPoint\",\"urlTemplate\":\"\\\/?s={search_term_string}\"},\"query-input\":{\"@type\":\"PropertyValueSpecification\",\"valueRequired\":true,\"valueName\":\"search_term_string\"}}],\"inLanguage\":\"fr-FR\"},{\"@type\":\"Organization\",\"@id\":\"\\\/#organization\",\"name\":\"La Bretagne en 1972\",\"url\":\"\\\/\",\"logo\":{\"@type\":\"ImageObject\",\"inLanguage\":\"fr-FR\",\"@id\":\"\\\/#\\\/schema\\\/logo\\\/image\\\/\",\"url\":\"https:\\\/\\\/www.bcd.bzh\\\/becedia\\\/bretagne-1972\\\/wp-content\\\/uploads\\\/2022\\\/01\\\/site-logo.svg\",\"contentUrl\":\"https:\\\/\\\/www.bcd.bzh\\\/becedia\\\/bretagne-1972\\\/wp-content\\\/uploads\\\/2022\\\/01\\\/site-logo.svg\",\"width\":309,\"height\":107,\"caption\":\"La Bretagne en 1972\"},\"image\":{\"@id\":\"\\\/#\\\/schema\\\/logo\\\/image\\\/\"}},{\"@type\":\"Person\",\"@id\":\"\\\/#\\\/schema\\\/person\\\/2bcd7655170c96bdbb1145f1ee07cedd\",\"name\":\"Soizick Aubry\",\"image\":{\"@type\":\"ImageObject\",\"inLanguage\":\"fr-FR\",\"@id\":\"https:\\\/\\\/secure.gravatar.com\\\/avatar\\\/35ad961778bcb4f839d707d8dcb2b5b36fa179b63de5c0bca78636ce89e8cb96?s=96&d=mm&r=g\",\"url\":\"https:\\\/\\\/secure.gravatar.com\\\/avatar\\\/35ad961778bcb4f839d707d8dcb2b5b36fa179b63de5c0bca78636ce89e8cb96?s=96&d=mm&r=g\",\"contentUrl\":\"https:\\\/\\\/secure.gravatar.com\\\/avatar\\\/35ad961778bcb4f839d707d8dcb2b5b36fa179b63de5c0bca78636ce89e8cb96?s=96&d=mm&r=g\",\"caption\":\"Soizick Aubry\"},\"url\":\"https:\\\/\\\/www.bcd.bzh\\\/becedia\\\/bretagne-1972\\\/author\\\/saubry\\\/\"}]}<\/script>\n<!-- \/ Yoast SEO plugin. -->","yoast_head_json":{"title":"An taol lagad sp\u00e9cial ann\u00e9e 1972 : le proc\u00e8s du FLB - La Bretagne en 1972","robots":{"index":"index","follow":"follow","max-snippet":"max-snippet:-1","max-image-preview":"max-image-preview:large","max-video-preview":"max-video-preview:-1"},"canonical":"https:\/\/www.bcd.bzh\/becedia\/bretagne-1972\/societe\/an-taol-lagad-special-annee-1972-le-proces-du-flb\/","og_locale":"fr_FR","og_type":"article","og_title":"An taol lagad sp\u00e9cial ann\u00e9e 1972 : le proc\u00e8s du FLB - La Bretagne en 1972","og_description":"1972 : le Front de lib\u00e9ration de la Bretagne s&#8217;offre une tribune lors de son proc\u00e8s Afin de proposer une r\u00e9trospective de l\u2019ann\u00e9e 1972, France 3 Bretagne produit une s\u00e9rie de reportages diffus\u00e9s dans l\u2019\u00e9mission\u00a0An Taol Lagad. Cela permet de visualiser certains temps forts avec des invit\u00e9s, t\u00e9moins de ces \u00e9pisodes marquants. Le d\u00e9but des&hellip; Poursuivre la lecture An taol lagad sp\u00e9cial ann\u00e9e 1972 : le proc\u00e8s du FLB","og_url":"https:\/\/www.bcd.bzh\/becedia\/bretagne-1972\/societe\/an-taol-lagad-special-annee-1972-le-proces-du-flb\/","og_site_name":"La Bretagne en 1972","article_published_time":"2022-10-10T15:43:52+00:00","og_image":[{"width":768,"height":435,"url":"https:\/\/www.bcd.bzh\/becedia\/bretagne-1972\/wp-content\/uploads\/2022\/10\/1972flbfrance3.png","type":"image\/png"}],"author":"Soizick Aubry","twitter_card":"summary_large_image","twitter_misc":{"\u00c9crit par":"Soizick Aubry","Dur\u00e9e de lecture estim\u00e9e":"1 minute"},"schema":{"@context":"https:\/\/schema.org","@graph":[{"@type":"Article","@id":"https:\/\/www.bcd.bzh\/becedia\/bretagne-1972\/societe\/an-taol-lagad-special-annee-1972-le-proces-du-flb\/#article","isPartOf":{"@id":"https:\/\/www.bcd.bzh\/becedia\/bretagne-1972\/societe\/an-taol-lagad-special-annee-1972-le-proces-du-flb\/"},"author":{"name":"Soizick Aubry","@id":"\/#\/schema\/person\/2bcd7655170c96bdbb1145f1ee07cedd"},"headline":"An taol lagad sp\u00e9cial ann\u00e9e 1972 : le proc\u00e8s du FLB","datePublished":"2022-10-10T15:43:52+00:00","mainEntityOfPage":{"@id":"https:\/\/www.bcd.bzh\/becedia\/bretagne-1972\/societe\/an-taol-lagad-special-annee-1972-le-proces-du-flb\/"},"wordCount":183,"publisher":{"@id":"\/#organization"},"image":{"@id":"https:\/\/www.bcd.bzh\/becedia\/bretagne-1972\/societe\/an-taol-lagad-special-annee-1972-le-proces-du-flb\/#primaryimage"},"thumbnailUrl":"https:\/\/www.bcd.bzh\/becedia\/bretagne-1972\/wp-content\/uploads\/2022\/10\/1972flbfrance3.png","articleSection":["Soci\u00e9t\u00e9"],"inLanguage":"fr-FR"},{"@type":"WebPage","@id":"https:\/\/www.bcd.bzh\/becedia\/bretagne-1972\/societe\/an-taol-lagad-special-annee-1972-le-proces-du-flb\/","url":"https:\/\/www.bcd.bzh\/becedia\/bretagne-1972\/societe\/an-taol-lagad-special-annee-1972-le-proces-du-flb\/","name":"An taol lagad sp\u00e9cial ann\u00e9e 1972 : le proc\u00e8s du FLB - La Bretagne en 1972","isPartOf":{"@id":"\/#website"},"primaryImageOfPage":{"@id":"https:\/\/www.bcd.bzh\/becedia\/bretagne-1972\/societe\/an-taol-lagad-special-annee-1972-le-proces-du-flb\/#primaryimage"},"image":{"@id":"https:\/\/www.bcd.bzh\/becedia\/bretagne-1972\/societe\/an-taol-lagad-special-annee-1972-le-proces-du-flb\/#primaryimage"},"thumbnailUrl":"https:\/\/www.bcd.bzh\/becedia\/bretagne-1972\/wp-content\/uploads\/2022\/10\/1972flbfrance3.png","datePublished":"2022-10-10T15:43:52+00:00","breadcrumb":{"@id":"https:\/\/www.bcd.bzh\/becedia\/bretagne-1972\/societe\/an-taol-lagad-special-annee-1972-le-proces-du-flb\/#breadcrumb"},"inLanguage":"fr-FR","potentialAction":[{"@type":"ReadAction","target":["https:\/\/www.bcd.bzh\/becedia\/bretagne-1972\/societe\/an-taol-lagad-special-annee-1972-le-proces-du-flb\/"]}]},{"@type":"ImageObject","inLanguage":"fr-FR","@id":"https:\/\/www.bcd.bzh\/becedia\/bretagne-1972\/societe\/an-taol-lagad-special-annee-1972-le-proces-du-flb\/#primaryimage","url":"https:\/\/www.bcd.bzh\/becedia\/bretagne-1972\/wp-content\/uploads\/2022\/10\/1972flbfrance3.png","contentUrl":"https:\/\/www.bcd.bzh\/becedia\/bretagne-1972\/wp-content\/uploads\/2022\/10\/1972flbfrance3.png","width":768,"height":435},{"@type":"BreadcrumbList","@id":"https:\/\/www.bcd.bzh\/becedia\/bretagne-1972\/societe\/an-taol-lagad-special-annee-1972-le-proces-du-flb\/#breadcrumb","itemListElement":[{"@type":"ListItem","position":1,"name":"Accueil","item":"https:\/\/www.bcd.bzh\/becedia\/bretagne-1972\/"},{"@type":"ListItem","position":2,"name":"An taol lagad sp\u00e9cial ann\u00e9e 1972 : le proc\u00e8s du FLB"}]},{"@type":"WebSite","@id":"\/#website","url":"\/","name":"La Bretagne en 1972","description":"","publisher":{"@id":"\/#organization"},"potentialAction":[{"@type":"SearchAction","target":{"@type":"EntryPoint","urlTemplate":"\/?s={search_term_string}"},"query-input":{"@type":"PropertyValueSpecification","valueRequired":true,"valueName":"search_term_string"}}],"inLanguage":"fr-FR"},{"@type":"Organization","@id":"\/#organization","name":"La Bretagne en 1972","url":"\/","logo":{"@type":"ImageObject","inLanguage":"fr-FR","@id":"\/#\/schema\/logo\/image\/","url":"https:\/\/www.bcd.bzh\/becedia\/bretagne-1972\/wp-content\/uploads\/2022\/01\/site-logo.svg","contentUrl":"https:\/\/www.bcd.bzh\/becedia\/bretagne-1972\/wp-content\/uploads\/2022\/01\/site-logo.svg","width":309,"height":107,"caption":"La Bretagne en 1972"},"image":{"@id":"\/#\/schema\/logo\/image\/"}},{"@type":"Person","@id":"\/#\/schema\/person\/2bcd7655170c96bdbb1145f1ee07cedd","name":"Soizick Aubry","image":{"@type":"ImageObject","inLanguage":"fr-FR","@id":"https:\/\/secure.gravatar.com\/avatar\/35ad961778bcb4f839d707d8dcb2b5b36fa179b63de5c0bca78636ce89e8cb96?s=96&d=mm&r=g","url":"https:\/\/secure.gravatar.com\/avatar\/35ad961778bcb4f839d707d8dcb2b5b36fa179b63de5c0bca78636ce89e8cb96?s=96&d=mm&r=g","contentUrl":"https:\/\/secure.gravatar.com\/avatar\/35ad961778bcb4f839d707d8dcb2b5b36fa179b63de5c0bca78636ce89e8cb96?s=96&d=mm&r=g","caption":"Soizick Aubry"},"url":"https:\/\/www.bcd.bzh\/becedia\/bretagne-1972\/author\/saubry\/"}]}},"_links":{"self":[{"href":"https:\/\/www.bcd.bzh\/becedia\/bretagne-1972\/wp-json\/wp\/v2\/posts\/1493","targetHints":{"allow":["GET"]}}],"collection":[{"href":"https:\/\/www.bcd.bzh\/becedia\/bretagne-1972\/wp-json\/wp\/v2\/posts"}],"about":[{"href":"https:\/\/www.bcd.bzh\/becedia\/bretagne-1972\/wp-json\/wp\/v2\/types\/post"}],"author":[{"embeddable":true,"href":"https:\/\/www.bcd.bzh\/becedia\/bretagne-1972\/wp-json\/wp\/v2\/users\/5"}],"replies":[{"embeddable":true,"href":"https:\/\/www.bcd.bzh\/becedia\/bretagne-1972\/wp-json\/wp\/v2\/comments?post=1493"}],"version-history":[{"count":1,"href":"https:\/\/www.bcd.bzh\/becedia\/bretagne-1972\/wp-json\/wp\/v2\/posts\/1493\/revisions"}],"predecessor-version":[{"id":1494,"href":"https:\/\/www.bcd.bzh\/becedia\/bretagne-1972\/wp-json\/wp\/v2\/posts\/1493\/revisions\/1494"}],"wp:featuredmedia":[{"embeddable":true,"href":"https:\/\/www.bcd.bzh\/becedia\/bretagne-1972\/wp-json\/wp\/v2\/media\/1496"}],"wp:attachment":[{"href":"https:\/\/www.bcd.bzh\/becedia\/bretagne-1972\/wp-json\/wp\/v2\/media?parent=1493"}],"wp:term":[{"taxonomy":"category","embeddable":true,"href":"https:\/\/www.bcd.bzh\/becedia\/bretagne-1972\/wp-json\/wp\/v2\/categories?post=1493"},{"taxonomy":"post_tag","embeddable":true,"href":"https:\/\/www.bcd.bzh\/becedia\/bretagne-1972\/wp-json\/wp\/v2\/tags?post=1493"}],"curies":[{"name":"wp","href":"https:\/\/api.w.org\/{rel}","templated":true}]}}