{"id":321,"date":"2022-02-03T11:29:25","date_gmt":"2022-02-03T10:29:25","guid":{"rendered":"https:\/\/www.bcd.bzh\/becedia\/bretagne-1972\/?p=321"},"modified":"2022-02-18T12:05:28","modified_gmt":"2022-02-18T11:05:28","slug":"les-luttes-feministes-en-bretagne-dans-les-annees-1970","status":"publish","type":"post","link":"https:\/\/www.bcd.bzh\/becedia\/bretagne-1972\/societe\/les-luttes-feministes-en-bretagne-dans-les-annees-1970\/","title":{"rendered":"Les luttes f\u00e9ministes en Bretagne dans les ann\u00e9es 1970"},"content":{"rendered":"\n<p><strong>Auteur :<\/strong> Marine Gilis<\/p>\n\n\n\n<p><strong>Le Mouvement de lib\u00e9ration des femmes (MLF) na\u00eet en 1970 et regroupe diff\u00e9rentes tendances et divers groupes f\u00e9ministes luttant pour l\u2019acc\u00e8s \u00e0 la contraception, le droit \u00e0 l\u2019avortement, contre le viol et les violences, pour l\u2019\u00e9galit\u00e9 des sexes et la lib\u00e9ration de la parole des femmes. Si de nombreuses f\u00e9ministes de Bretagne engag\u00e9es dans les ann\u00e9es 1970 ne se reconnaissent pas dans l\u2019\u00e9tiquette \u00ab&nbsp;MLF&nbsp;\u00bb, leurs actions et groupes de r\u00e9flexion participent d\u2019une dynamique f\u00e9ministe nationale et internationale qu\u2019on appelle \u00ab&nbsp;la deuxi\u00e8me vague&nbsp;\u00bb du f\u00e9minisme.<\/strong><\/p>\n\n\n\n<h2 class=\"has-text-align-left wp-block-heading\" id=\"quand-les-femmes-prennent-la-parole\"><strong>Quand les femmes prennent la parole&nbsp;!<\/strong><\/h2>\n\n\n\n<p>Les mutations et les mouvements sociaux&nbsp;que conna\u00eet la Bretagne d\u00e8s les ann\u00e9es 1950&nbsp;favorisent une prise de conscience politique et un engagement militant.&nbsp;Le f\u00e9minisme de la r\u00e9gion&nbsp;est h\u00e9ritier&nbsp;des mobilisations de Mai&nbsp;1968, de la diffusion des id\u00e9es des groupes d\u2019extr\u00eame gauche et des mutations sociales et politiques locales (implantation de la gauche sur le plan politique, dynamisme des syndicats et des luttes ouvri\u00e8res, transformation du monde rural, d\u00e9veloppement des universit\u00e9s\u2026). Les id\u00e9es f\u00e9ministes circulent entre les \u00c9tats-Unis et la France mais aussi entre la Bretagne, Paris et d\u2019autres r\u00e9gions.<\/p>\n\n\n\n<p>Une autre r\u00e9volution est en marche, celle de la \u00ab&nbsp;r\u00e9volution sexuelle&nbsp;\u00bb. La jeunesse issue du baby-boom remet en question le mod\u00e8le du couple. La sexualit\u00e9 se lib\u00e8re, elle devient moins taboue. Le slogan f\u00e9ministe \u00ab&nbsp;Le priv\u00e9 est politique&nbsp;\u00bb est le marqueur d\u2019une lib\u00e9ration de la parole qui rend audibles les revendications li\u00e9es \u00e0 la diffusion de la contraception, \u00e0 la l\u00e9galisation de l\u2019avortement ainsi qu\u2019aux questions des violences et, plus tardivement, de l\u2019homosexualit\u00e9.<\/p>\n\n\n\n<h2 class=\"wp-block-heading\" id=\"la-bataille-pour-l-acces-a-la-contraception-et-la-legalisation-de-l-avortement\"><strong>La bataille pour l\u2019acc\u00e8s \u00e0 la contraception et la l\u00e9galisation de l\u2019avortement<\/strong><\/h2>\n\n\n\n<p>De nombreuses r\u00e9formes sur le plan de la contraception et des droits des femmes sont men\u00e9es d\u00e8s la fin des ann\u00e9es 1960. La&nbsp;loi Neuwirth&nbsp;autorise certes la contraception sur prescription m\u00e9dicale en 1967, mais les d\u00e9crets ne sont v\u00e9ritablement appliqu\u00e9s qu\u2019\u00e0 partir de 1973. En 1970, la \u00ab&nbsp;puissance paternelle&nbsp;\u00bb est remplac\u00e9e par \u00ab&nbsp;l\u2019autorit\u00e9 parentale&nbsp;\u00bb. Trois ans plus tard l\u2019\u00e9ducation sexuelle est autoris\u00e9e \u00e0 l\u2019\u00e9cole.<\/p>\n\n\n\n<div class=\"wp-block-buttons is-layout-flex wp-block-buttons-is-layout-flex\">\n<div class=\"wp-block-button aligncenter\"><a class=\"wp-block-button__link\" href=\"http:\/\/bcd.bzh\/becedia\/fr\/les-luttes-feministes-en-bretagne-dans-les-annees-1970\" target=\"_blank\" rel=\"noreferrer noopener\">Lire la suite sur B\u00e9c\u00e9dia<\/a><\/div>\n<\/div>\n\n\n\n<div class=\"wp-block-group\"><div class=\"wp-block-group__inner-container is-layout-flow wp-block-group-is-layout-flow\">\n<div class=\"wp-block-group\"><div class=\"wp-block-group__inner-container is-layout-flow wp-block-group-is-layout-flow\">\n<p>\u00c0 voir \u00e9galement :<\/p>\n<\/div><\/div>\n\n\n<ul class=\"wp-block-latest-posts__list is-grid columns-3 is-style-default wp-block-latest-posts\"><li><div class=\"wp-block-latest-posts__featured-image\"><img loading=\"lazy\" decoding=\"async\" width=\"300\" height=\"166\" src=\"https:\/\/www.bcd.bzh\/becedia\/bretagne-1972\/wp-content\/uploads\/2023\/01\/capture1972-300x166.png\" class=\"attachment-medium size-medium wp-post-image\" alt=\"\" style=\"width:100%;height:55.33%;max-width:900px;\" srcset=\"https:\/\/www.bcd.bzh\/becedia\/bretagne-1972\/wp-content\/uploads\/2023\/01\/capture1972-300x166.png 300w, https:\/\/www.bcd.bzh\/becedia\/bretagne-1972\/wp-content\/uploads\/2023\/01\/capture1972-768x425.png 768w, https:\/\/www.bcd.bzh\/becedia\/bretagne-1972\/wp-content\/uploads\/2023\/01\/capture1972.png 900w\" sizes=\"auto, (max-width: 300px) 100vw, 300px\" \/><\/div><a class=\"wp-block-latest-posts__post-title\" href=\"https:\/\/www.bcd.bzh\/becedia\/bretagne-1972\/societe\/an-taol-lagad-special-annee-1972-la-brittany-ferries\/\">An taol lagad sp\u00e9cial ann\u00e9e 1972 : la Brittany Ferries<\/a><\/li>\n<li><div class=\"wp-block-latest-posts__featured-image\"><img loading=\"lazy\" decoding=\"async\" width=\"300\" height=\"170\" src=\"https:\/\/www.bcd.bzh\/becedia\/bretagne-1972\/wp-content\/uploads\/2022\/10\/1972flbfrance3-300x170.png\" class=\"attachment-medium size-medium wp-post-image\" alt=\"\" style=\"width:100%;height:56.64%;max-width:768px;\" srcset=\"https:\/\/www.bcd.bzh\/becedia\/bretagne-1972\/wp-content\/uploads\/2022\/10\/1972flbfrance3-300x170.png 300w, https:\/\/www.bcd.bzh\/becedia\/bretagne-1972\/wp-content\/uploads\/2022\/10\/1972flbfrance3.png 768w\" sizes=\"auto, (max-width: 300px) 100vw, 300px\" \/><\/div><a class=\"wp-block-latest-posts__post-title\" href=\"https:\/\/www.bcd.bzh\/becedia\/bretagne-1972\/societe\/an-taol-lagad-special-annee-1972-le-proces-du-flb\/\">An taol lagad sp\u00e9cial ann\u00e9e 1972 : le proc\u00e8s du FLB<\/a><\/li>\n<li><div class=\"wp-block-latest-posts__featured-image\"><img loading=\"lazy\" decoding=\"async\" width=\"300\" height=\"169\" src=\"https:\/\/www.bcd.bzh\/becedia\/bretagne-1972\/wp-content\/uploads\/2022\/06\/environnement-1972-fr3-300x169.png\" class=\"attachment-medium size-medium wp-post-image\" alt=\"\" style=\"width:100%;height:56.22%;max-width:900px;\" srcset=\"https:\/\/www.bcd.bzh\/becedia\/bretagne-1972\/wp-content\/uploads\/2022\/06\/environnement-1972-fr3-300x169.png 300w, https:\/\/www.bcd.bzh\/becedia\/bretagne-1972\/wp-content\/uploads\/2022\/06\/environnement-1972-fr3-768x432.png 768w, https:\/\/www.bcd.bzh\/becedia\/bretagne-1972\/wp-content\/uploads\/2022\/06\/environnement-1972-fr3.png 900w\" sizes=\"auto, (max-width: 300px) 100vw, 300px\" \/><\/div><a class=\"wp-block-latest-posts__post-title\" href=\"https:\/\/www.bcd.bzh\/becedia\/bretagne-1972\/societe\/an-taol-lagad-special-annee-1972-les-debuts-de-lecologie\/\">An Taol lagad sp\u00e9cial Ann\u00e9e 1972 &#8211; Les d\u00e9buts de l&#8217;\u00e9cologie<\/a><\/li>\n<li><div class=\"wp-block-latest-posts__featured-image\"><img loading=\"lazy\" decoding=\"async\" width=\"300\" height=\"177\" src=\"https:\/\/www.bcd.bzh\/becedia\/bretagne-1972\/wp-content\/uploads\/2022\/05\/danielle-bousquet-300x177.jpg\" class=\"attachment-medium size-medium wp-post-image\" alt=\"\" style=\"width:100%;height:58.98%;max-width:768px;\" srcset=\"https:\/\/www.bcd.bzh\/becedia\/bretagne-1972\/wp-content\/uploads\/2022\/05\/danielle-bousquet-300x177.jpg 300w, https:\/\/www.bcd.bzh\/becedia\/bretagne-1972\/wp-content\/uploads\/2022\/05\/danielle-bousquet.jpg 768w\" sizes=\"auto, (max-width: 300px) 100vw, 300px\" \/><\/div><a class=\"wp-block-latest-posts__post-title\" href=\"https:\/\/www.bcd.bzh\/becedia\/bretagne-1972\/temoignage\/danielle-bousquet-militante-feministe-et-ancienne-deputee\/\">Danielle Bousquet, militante f\u00e9ministe et ancienne d\u00e9put\u00e9e<\/a><\/li>\n<li><div class=\"wp-block-latest-posts__featured-image\"><img loading=\"lazy\" decoding=\"async\" width=\"300\" height=\"170\" src=\"https:\/\/www.bcd.bzh\/becedia\/bretagne-1972\/wp-content\/uploads\/2022\/03\/urbe-musee_de_bretagne-ok-300x170.jpg\" class=\"attachment-medium size-medium wp-post-image\" alt=\"\" style=\"width:100%;height:56.63%;max-width:800px;\" srcset=\"https:\/\/www.bcd.bzh\/becedia\/bretagne-1972\/wp-content\/uploads\/2022\/03\/urbe-musee_de_bretagne-ok-300x170.jpg 300w, https:\/\/www.bcd.bzh\/becedia\/bretagne-1972\/wp-content\/uploads\/2022\/03\/urbe-musee_de_bretagne-ok-768x435.jpg 768w, https:\/\/www.bcd.bzh\/becedia\/bretagne-1972\/wp-content\/uploads\/2022\/03\/urbe-musee_de_bretagne-ok.jpg 800w\" sizes=\"auto, (max-width: 300px) 100vw, 300px\" \/><\/div><a class=\"wp-block-latest-posts__post-title\" href=\"https:\/\/www.bcd.bzh\/becedia\/bretagne-1972\/societe\/lunion-regionale-bretonne-de-lenvironnement\/\">1972: cr\u00e9ation de l\u2019Union R\u00e9gionale Bretonne de l\u2019Environnement<\/a><\/li>\n<li><div class=\"wp-block-latest-posts__featured-image\"><img loading=\"lazy\" decoding=\"async\" width=\"300\" height=\"170\" src=\"https:\/\/www.bcd.bzh\/becedia\/bretagne-1972\/wp-content\/uploads\/2022\/03\/goelands-musee_de_b-ok-e1647966806209-300x170.jpg\" class=\"attachment-medium size-medium wp-post-image\" alt=\"\" style=\"width:100%;height:56.75%;max-width:800px;\" srcset=\"https:\/\/www.bcd.bzh\/becedia\/bretagne-1972\/wp-content\/uploads\/2022\/03\/goelands-musee_de_b-ok-e1647966806209-300x170.jpg 300w, https:\/\/www.bcd.bzh\/becedia\/bretagne-1972\/wp-content\/uploads\/2022\/03\/goelands-musee_de_b-ok-e1647966806209-768x436.jpg 768w, https:\/\/www.bcd.bzh\/becedia\/bretagne-1972\/wp-content\/uploads\/2022\/03\/goelands-musee_de_b-ok-e1647966806209.jpg 800w\" sizes=\"auto, (max-width: 300px) 100vw, 300px\" \/><\/div><a class=\"wp-block-latest-posts__post-title\" href=\"https:\/\/www.bcd.bzh\/becedia\/bretagne-1972\/article\/mars-1972-les-etats-generaux-de-lenvironnement-en-bretagne\/\">Mars 1972. Les \u00c9tats g\u00e9n\u00e9raux de l\u2019environnement en Bretagne<\/a><\/li>\n<li><div class=\"wp-block-latest-posts__featured-image\"><img loading=\"lazy\" decoding=\"async\" width=\"300\" height=\"170\" src=\"https:\/\/www.bcd.bzh\/becedia\/bretagne-1972\/wp-content\/uploads\/2022\/02\/vignette-lutte-Guerande-300x170.jpg\" class=\"attachment-medium size-medium wp-post-image\" alt=\"\" style=\"width:100%;height:56.63%;max-width:800px;\" srcset=\"https:\/\/www.bcd.bzh\/becedia\/bretagne-1972\/wp-content\/uploads\/2022\/02\/vignette-lutte-Guerande-300x170.jpg 300w, https:\/\/www.bcd.bzh\/becedia\/bretagne-1972\/wp-content\/uploads\/2022\/02\/vignette-lutte-Guerande-768x435.jpg 768w, https:\/\/www.bcd.bzh\/becedia\/bretagne-1972\/wp-content\/uploads\/2022\/02\/vignette-lutte-Guerande.jpg 800w\" sizes=\"auto, (max-width: 300px) 100vw, 300px\" \/><\/div><a class=\"wp-block-latest-posts__post-title\" href=\"https:\/\/www.bcd.bzh\/becedia\/bretagne-1972\/mouvements-sociaux\/la-grande-crise-et-le-combat-pour-sauver-les-marais-salants\/\">La grande crise et le combat pour sauver les marais salants<\/a><\/li>\n<li><div class=\"wp-block-latest-posts__featured-image\"><img loading=\"lazy\" decoding=\"async\" width=\"300\" height=\"170\" src=\"https:\/\/www.bcd.bzh\/becedia\/bretagne-1972\/wp-content\/uploads\/2022\/02\/LESOUEF-300x170.jpg\" class=\"attachment-medium size-medium wp-post-image\" alt=\"\" style=\"width:100%;height:56.63%;max-width:800px;\" srcset=\"https:\/\/www.bcd.bzh\/becedia\/bretagne-1972\/wp-content\/uploads\/2022\/02\/LESOUEF-300x170.jpg 300w, https:\/\/www.bcd.bzh\/becedia\/bretagne-1972\/wp-content\/uploads\/2022\/02\/LESOUEF-768x435.jpg 768w, https:\/\/www.bcd.bzh\/becedia\/bretagne-1972\/wp-content\/uploads\/2022\/02\/LESOUEF.jpg 800w\" sizes=\"auto, (max-width: 300px) 100vw, 300px\" \/><\/div><a class=\"wp-block-latest-posts__post-title\" href=\"https:\/\/www.bcd.bzh\/becedia\/bretagne-1972\/temoignage\/jean-yves-lesouef-botaniste-a-la-retraite-et-ancien-militant-du-flb\/\">Jean-Yves Lesouef &#8211; botaniste \u00e0 la retraite et ancien militant du FLB<\/a><\/li>\n<li><div class=\"wp-block-latest-posts__featured-image\"><img loading=\"lazy\" decoding=\"async\" width=\"300\" height=\"170\" src=\"https:\/\/www.bcd.bzh\/becedia\/bretagne-1972\/wp-content\/uploads\/2022\/01\/brittany-ferries-300x170.jpg\" class=\"attachment-medium size-medium wp-post-image\" alt=\"\" style=\"width:100%;height:56.63%;max-width:800px;\" srcset=\"https:\/\/www.bcd.bzh\/becedia\/bretagne-1972\/wp-content\/uploads\/2022\/01\/brittany-ferries-300x170.jpg 300w, https:\/\/www.bcd.bzh\/becedia\/bretagne-1972\/wp-content\/uploads\/2022\/01\/brittany-ferries-768x435.jpg 768w, https:\/\/www.bcd.bzh\/becedia\/bretagne-1972\/wp-content\/uploads\/2022\/01\/brittany-ferries.jpg 800w\" sizes=\"auto, (max-width: 300px) 100vw, 300px\" \/><\/div><a class=\"wp-block-latest-posts__post-title\" href=\"https:\/\/www.bcd.bzh\/becedia\/bretagne-1972\/societe\/brittany-ferries-laventure-des-paysans-armateurs\/\">Cr\u00e9ation de la Brittany Ferries<\/a><\/li>\n<li><div class=\"wp-block-latest-posts__featured-image\"><img loading=\"lazy\" decoding=\"async\" width=\"300\" height=\"170\" src=\"https:\/\/www.bcd.bzh\/becedia\/bretagne-1972\/wp-content\/uploads\/2022\/02\/saunier-contexte-300x170.jpg\" class=\"attachment-medium size-medium wp-post-image\" alt=\"\" style=\"width:100%;height:56.63%;max-width:800px;\" srcset=\"https:\/\/www.bcd.bzh\/becedia\/bretagne-1972\/wp-content\/uploads\/2022\/02\/saunier-contexte-300x170.jpg 300w, https:\/\/www.bcd.bzh\/becedia\/bretagne-1972\/wp-content\/uploads\/2022\/02\/saunier-contexte-768x435.jpg 768w, https:\/\/www.bcd.bzh\/becedia\/bretagne-1972\/wp-content\/uploads\/2022\/02\/saunier-contexte.jpg 800w\" sizes=\"auto, (max-width: 300px) 100vw, 300px\" \/><\/div><a class=\"wp-block-latest-posts__post-title\" href=\"https:\/\/www.bcd.bzh\/becedia\/bretagne-1972\/societe\/le-contexte-breton-et-briochin-en-1972-par-claude-saunier\/\">Le contexte breton et briochin en 1972 par Claude Saunier<\/a><\/li>\n<li><div class=\"wp-block-latest-posts__featured-image\"><img loading=\"lazy\" decoding=\"async\" width=\"300\" height=\"170\" src=\"https:\/\/www.bcd.bzh\/becedia\/bretagne-1972\/wp-content\/uploads\/2022\/02\/avortement-300x170.jpg\" class=\"attachment-medium size-medium wp-post-image\" alt=\"\" style=\"width:100%;height:56.63%;max-width:800px;\" srcset=\"https:\/\/www.bcd.bzh\/becedia\/bretagne-1972\/wp-content\/uploads\/2022\/02\/avortement-300x170.jpg 300w, https:\/\/www.bcd.bzh\/becedia\/bretagne-1972\/wp-content\/uploads\/2022\/02\/avortement-768x435.jpg 768w, https:\/\/www.bcd.bzh\/becedia\/bretagne-1972\/wp-content\/uploads\/2022\/02\/avortement.jpg 800w\" sizes=\"auto, (max-width: 300px) 100vw, 300px\" \/><\/div><a class=\"wp-block-latest-posts__post-title\" href=\"https:\/\/www.bcd.bzh\/becedia\/bretagne-1972\/societe\/le-mouvement-francais-pour-le-planning-familial-en-bretagne\/\">Le Mouvement fran\u00e7ais pour le planning familial en Bretagne<\/a><\/li>\n<li><div class=\"wp-block-latest-posts__featured-image\"><img loading=\"lazy\" decoding=\"async\" width=\"300\" height=\"170\" src=\"https:\/\/www.bcd.bzh\/becedia\/bretagne-1972\/wp-content\/uploads\/2022\/02\/erik-neveu-300x170.jpg\" class=\"attachment-medium size-medium wp-post-image\" alt=\"\" style=\"width:100%;height:56.63%;max-width:800px;\" srcset=\"https:\/\/www.bcd.bzh\/becedia\/bretagne-1972\/wp-content\/uploads\/2022\/02\/erik-neveu-300x170.jpg 300w, https:\/\/www.bcd.bzh\/becedia\/bretagne-1972\/wp-content\/uploads\/2022\/02\/erik-neveu-768x435.jpg 768w, https:\/\/www.bcd.bzh\/becedia\/bretagne-1972\/wp-content\/uploads\/2022\/02\/erik-neveu.jpg 800w\" sizes=\"auto, (max-width: 300px) 100vw, 300px\" \/><\/div><a class=\"wp-block-latest-posts__post-title\" href=\"https:\/\/www.bcd.bzh\/becedia\/bretagne-1972\/temoignage\/des-revolutionnaires-en-pays-breton-introduction-par-erik-neveu\/\">\u00ab\u00a0Des R\u00e9volutionnaires en Pays Breton\u00a0\u00bb par \u00c9rik Neveu<\/a><\/li>\n<\/ul><\/div><\/div>\n","protected":false},"excerpt":{"rendered":"<p>Auteur : Marine Gilis Le Mouvement de lib\u00e9ration des femmes (MLF) na\u00eet en 1970 et regroupe diff\u00e9rentes tendances et divers groupes f\u00e9ministes luttant pour l\u2019acc\u00e8s \u00e0 la contraception, le droit \u00e0 l\u2019avortement, contre le viol et les violences, pour l\u2019\u00e9galit\u00e9 des sexes et la lib\u00e9ration de la parole des femmes. Si de nombreuses f\u00e9ministes de&hellip; <a class=\"more-link\" href=\"https:\/\/www.bcd.bzh\/becedia\/bretagne-1972\/societe\/les-luttes-feministes-en-bretagne-dans-les-annees-1970\/\">Poursuivre la lecture <span class=\"screen-reader-text\">Les luttes f\u00e9ministes en Bretagne dans les ann\u00e9es 1970<\/span><\/a><\/p>\n","protected":false},"author":5,"featured_media":622,"comment_status":"closed","ping_status":"closed","sticky":false,"template":"","format":"standard","meta":{"inline_featured_image":false,"footnotes":""},"categories":[12,4],"tags":[8],"class_list":["post-321","post","type-post","status-publish","format-standard","has-post-thumbnail","hentry","category-article","category-societe","tag-article","entry"],"acf":[],"yoast_head":"<!-- This site is optimized with the Yoast SEO plugin v27.5 - https:\/\/yoast.com\/product\/yoast-seo-wordpress\/ -->\n<title>Les luttes f\u00e9ministes en Bretagne dans les ann\u00e9es 1970 - La Bretagne en 1972<\/title>\n<meta name=\"robots\" content=\"index, follow, max-snippet:-1, max-image-preview:large, max-video-preview:-1\" \/>\n<link rel=\"canonical\" href=\"http:\/\/www.bcd.bzh\/becedia\/bretagne-1972\/societe\/les-luttes-feministes-en-bretagne-dans-les-annees-1970\/\" \/>\n<meta property=\"og:locale\" content=\"fr_FR\" \/>\n<meta property=\"og:type\" content=\"article\" \/>\n<meta property=\"og:title\" content=\"Les luttes f\u00e9ministes en Bretagne dans les ann\u00e9es 1970 - La Bretagne en 1972\" \/>\n<meta property=\"og:description\" content=\"Auteur : Marine Gilis Le Mouvement de lib\u00e9ration des femmes (MLF) na\u00eet en 1970 et regroupe diff\u00e9rentes tendances et divers groupes f\u00e9ministes luttant pour l\u2019acc\u00e8s \u00e0 la contraception, le droit \u00e0 l\u2019avortement, contre le viol et les violences, pour l\u2019\u00e9galit\u00e9 des sexes et la lib\u00e9ration de la parole des femmes. Si de nombreuses f\u00e9ministes de&hellip; Poursuivre la lecture Les luttes f\u00e9ministes en Bretagne dans les ann\u00e9es 1970\" \/>\n<meta property=\"og:url\" content=\"http:\/\/www.bcd.bzh\/becedia\/bretagne-1972\/societe\/les-luttes-feministes-en-bretagne-dans-les-annees-1970\/\" \/>\n<meta property=\"og:site_name\" content=\"La Bretagne en 1972\" \/>\n<meta property=\"article:published_time\" content=\"2022-02-03T10:29:25+00:00\" \/>\n<meta property=\"article:modified_time\" content=\"2022-02-18T11:05:28+00:00\" \/>\n<meta property=\"og:image\" content=\"http:\/\/www.bcd.bzh\/becedia\/bretagne-1972\/wp-content\/uploads\/2022\/02\/luttes-feministes.jpg\" \/>\n\t<meta property=\"og:image:width\" content=\"800\" \/>\n\t<meta property=\"og:image:height\" content=\"453\" \/>\n\t<meta property=\"og:image:type\" content=\"image\/jpeg\" \/>\n<meta name=\"author\" content=\"Soizick Aubry\" \/>\n<meta name=\"twitter:card\" content=\"summary_large_image\" \/>\n<meta name=\"twitter:label1\" content=\"\u00c9crit par\" \/>\n\t<meta name=\"twitter:data1\" content=\"Soizick Aubry\" \/>\n\t<meta name=\"twitter:label2\" content=\"Dur\u00e9e de lecture estim\u00e9e\" \/>\n\t<meta name=\"twitter:data2\" content=\"2 minutes\" \/>\n<script type=\"application\/ld+json\" class=\"yoast-schema-graph\">{\"@context\":\"https:\\\/\\\/schema.org\",\"@graph\":[{\"@type\":\"Article\",\"@id\":\"http:\\\/\\\/www.bcd.bzh\\\/becedia\\\/bretagne-1972\\\/societe\\\/les-luttes-feministes-en-bretagne-dans-les-annees-1970\\\/#article\",\"isPartOf\":{\"@id\":\"http:\\\/\\\/www.bcd.bzh\\\/becedia\\\/bretagne-1972\\\/societe\\\/les-luttes-feministes-en-bretagne-dans-les-annees-1970\\\/\"},\"author\":{\"name\":\"Soizick Aubry\",\"@id\":\"\\\/#\\\/schema\\\/person\\\/2bcd7655170c96bdbb1145f1ee07cedd\"},\"headline\":\"Les luttes f\u00e9ministes en Bretagne dans les ann\u00e9es 1970\",\"datePublished\":\"2022-02-03T10:29:25+00:00\",\"dateModified\":\"2022-02-18T11:05:28+00:00\",\"mainEntityOfPage\":{\"@id\":\"http:\\\/\\\/www.bcd.bzh\\\/becedia\\\/bretagne-1972\\\/societe\\\/les-luttes-feministes-en-bretagne-dans-les-annees-1970\\\/\"},\"wordCount\":426,\"publisher\":{\"@id\":\"\\\/#organization\"},\"image\":{\"@id\":\"http:\\\/\\\/www.bcd.bzh\\\/becedia\\\/bretagne-1972\\\/societe\\\/les-luttes-feministes-en-bretagne-dans-les-annees-1970\\\/#primaryimage\"},\"thumbnailUrl\":\"https:\\\/\\\/www.bcd.bzh\\\/becedia\\\/bretagne-1972\\\/wp-content\\\/uploads\\\/2022\\\/02\\\/luttes-feministes.jpg\",\"keywords\":[\"Article\"],\"articleSection\":[\"Article\",\"Soci\u00e9t\u00e9\"],\"inLanguage\":\"fr-FR\"},{\"@type\":\"WebPage\",\"@id\":\"http:\\\/\\\/www.bcd.bzh\\\/becedia\\\/bretagne-1972\\\/societe\\\/les-luttes-feministes-en-bretagne-dans-les-annees-1970\\\/\",\"url\":\"http:\\\/\\\/www.bcd.bzh\\\/becedia\\\/bretagne-1972\\\/societe\\\/les-luttes-feministes-en-bretagne-dans-les-annees-1970\\\/\",\"name\":\"Les luttes f\u00e9ministes en Bretagne dans les ann\u00e9es 1970 - La Bretagne en 1972\",\"isPartOf\":{\"@id\":\"\\\/#website\"},\"primaryImageOfPage\":{\"@id\":\"http:\\\/\\\/www.bcd.bzh\\\/becedia\\\/bretagne-1972\\\/societe\\\/les-luttes-feministes-en-bretagne-dans-les-annees-1970\\\/#primaryimage\"},\"image\":{\"@id\":\"http:\\\/\\\/www.bcd.bzh\\\/becedia\\\/bretagne-1972\\\/societe\\\/les-luttes-feministes-en-bretagne-dans-les-annees-1970\\\/#primaryimage\"},\"thumbnailUrl\":\"https:\\\/\\\/www.bcd.bzh\\\/becedia\\\/bretagne-1972\\\/wp-content\\\/uploads\\\/2022\\\/02\\\/luttes-feministes.jpg\",\"datePublished\":\"2022-02-03T10:29:25+00:00\",\"dateModified\":\"2022-02-18T11:05:28+00:00\",\"breadcrumb\":{\"@id\":\"http:\\\/\\\/www.bcd.bzh\\\/becedia\\\/bretagne-1972\\\/societe\\\/les-luttes-feministes-en-bretagne-dans-les-annees-1970\\\/#breadcrumb\"},\"inLanguage\":\"fr-FR\",\"potentialAction\":[{\"@type\":\"ReadAction\",\"target\":[\"http:\\\/\\\/www.bcd.bzh\\\/becedia\\\/bretagne-1972\\\/societe\\\/les-luttes-feministes-en-bretagne-dans-les-annees-1970\\\/\"]}]},{\"@type\":\"ImageObject\",\"inLanguage\":\"fr-FR\",\"@id\":\"http:\\\/\\\/www.bcd.bzh\\\/becedia\\\/bretagne-1972\\\/societe\\\/les-luttes-feministes-en-bretagne-dans-les-annees-1970\\\/#primaryimage\",\"url\":\"https:\\\/\\\/www.bcd.bzh\\\/becedia\\\/bretagne-1972\\\/wp-content\\\/uploads\\\/2022\\\/02\\\/luttes-feministes.jpg\",\"contentUrl\":\"https:\\\/\\\/www.bcd.bzh\\\/becedia\\\/bretagne-1972\\\/wp-content\\\/uploads\\\/2022\\\/02\\\/luttes-feministes.jpg\",\"width\":800,\"height\":453,\"caption\":\"Un enfant regarde un grand graffiti repr\u00e9sentant une femme enceinte et l\u00e9gend\u00e9 : \\\"C'est pas dr\u00f4le toute l'ann\u00e9e \u00e0 force d'avoir des enfants !!!! Avortement et contraception libres et gratuits\\\". Mus\u00e9e de Bretagne: 2015.0001.340.\"},{\"@type\":\"BreadcrumbList\",\"@id\":\"http:\\\/\\\/www.bcd.bzh\\\/becedia\\\/bretagne-1972\\\/societe\\\/les-luttes-feministes-en-bretagne-dans-les-annees-1970\\\/#breadcrumb\",\"itemListElement\":[{\"@type\":\"ListItem\",\"position\":1,\"name\":\"Accueil\",\"item\":\"https:\\\/\\\/www.bcd.bzh\\\/becedia\\\/bretagne-1972\\\/\"},{\"@type\":\"ListItem\",\"position\":2,\"name\":\"Les luttes f\u00e9ministes en Bretagne dans les ann\u00e9es 1970\"}]},{\"@type\":\"WebSite\",\"@id\":\"\\\/#website\",\"url\":\"\\\/\",\"name\":\"La Bretagne en 1972\",\"description\":\"\",\"publisher\":{\"@id\":\"\\\/#organization\"},\"potentialAction\":[{\"@type\":\"SearchAction\",\"target\":{\"@type\":\"EntryPoint\",\"urlTemplate\":\"\\\/?s={search_term_string}\"},\"query-input\":{\"@type\":\"PropertyValueSpecification\",\"valueRequired\":true,\"valueName\":\"search_term_string\"}}],\"inLanguage\":\"fr-FR\"},{\"@type\":\"Organization\",\"@id\":\"\\\/#organization\",\"name\":\"La Bretagne en 1972\",\"url\":\"\\\/\",\"logo\":{\"@type\":\"ImageObject\",\"inLanguage\":\"fr-FR\",\"@id\":\"\\\/#\\\/schema\\\/logo\\\/image\\\/\",\"url\":\"https:\\\/\\\/www.bcd.bzh\\\/becedia\\\/bretagne-1972\\\/wp-content\\\/uploads\\\/2022\\\/01\\\/site-logo.svg\",\"contentUrl\":\"https:\\\/\\\/www.bcd.bzh\\\/becedia\\\/bretagne-1972\\\/wp-content\\\/uploads\\\/2022\\\/01\\\/site-logo.svg\",\"width\":309,\"height\":107,\"caption\":\"La Bretagne en 1972\"},\"image\":{\"@id\":\"\\\/#\\\/schema\\\/logo\\\/image\\\/\"}},{\"@type\":\"Person\",\"@id\":\"\\\/#\\\/schema\\\/person\\\/2bcd7655170c96bdbb1145f1ee07cedd\",\"name\":\"Soizick Aubry\",\"image\":{\"@type\":\"ImageObject\",\"inLanguage\":\"fr-FR\",\"@id\":\"https:\\\/\\\/secure.gravatar.com\\\/avatar\\\/35ad961778bcb4f839d707d8dcb2b5b36fa179b63de5c0bca78636ce89e8cb96?s=96&d=mm&r=g\",\"url\":\"https:\\\/\\\/secure.gravatar.com\\\/avatar\\\/35ad961778bcb4f839d707d8dcb2b5b36fa179b63de5c0bca78636ce89e8cb96?s=96&d=mm&r=g\",\"contentUrl\":\"https:\\\/\\\/secure.gravatar.com\\\/avatar\\\/35ad961778bcb4f839d707d8dcb2b5b36fa179b63de5c0bca78636ce89e8cb96?s=96&d=mm&r=g\",\"caption\":\"Soizick Aubry\"},\"url\":\"https:\\\/\\\/www.bcd.bzh\\\/becedia\\\/bretagne-1972\\\/author\\\/saubry\\\/\"}]}<\/script>\n<!-- \/ Yoast SEO plugin. -->","yoast_head_json":{"title":"Les luttes f\u00e9ministes en Bretagne dans les ann\u00e9es 1970 - La Bretagne en 1972","robots":{"index":"index","follow":"follow","max-snippet":"max-snippet:-1","max-image-preview":"max-image-preview:large","max-video-preview":"max-video-preview:-1"},"canonical":"http:\/\/www.bcd.bzh\/becedia\/bretagne-1972\/societe\/les-luttes-feministes-en-bretagne-dans-les-annees-1970\/","og_locale":"fr_FR","og_type":"article","og_title":"Les luttes f\u00e9ministes en Bretagne dans les ann\u00e9es 1970 - La Bretagne en 1972","og_description":"Auteur : Marine Gilis Le Mouvement de lib\u00e9ration des femmes (MLF) na\u00eet en 1970 et regroupe diff\u00e9rentes tendances et divers groupes f\u00e9ministes luttant pour l\u2019acc\u00e8s \u00e0 la contraception, le droit \u00e0 l\u2019avortement, contre le viol et les violences, pour l\u2019\u00e9galit\u00e9 des sexes et la lib\u00e9ration de la parole des femmes. Si de nombreuses f\u00e9ministes de&hellip; Poursuivre la lecture Les luttes f\u00e9ministes en Bretagne dans les ann\u00e9es 1970","og_url":"http:\/\/www.bcd.bzh\/becedia\/bretagne-1972\/societe\/les-luttes-feministes-en-bretagne-dans-les-annees-1970\/","og_site_name":"La Bretagne en 1972","article_published_time":"2022-02-03T10:29:25+00:00","article_modified_time":"2022-02-18T11:05:28+00:00","og_image":[{"width":800,"height":453,"url":"http:\/\/www.bcd.bzh\/becedia\/bretagne-1972\/wp-content\/uploads\/2022\/02\/luttes-feministes.jpg","type":"image\/jpeg"}],"author":"Soizick Aubry","twitter_card":"summary_large_image","twitter_misc":{"\u00c9crit par":"Soizick Aubry","Dur\u00e9e de lecture estim\u00e9e":"2 minutes"},"schema":{"@context":"https:\/\/schema.org","@graph":[{"@type":"Article","@id":"http:\/\/www.bcd.bzh\/becedia\/bretagne-1972\/societe\/les-luttes-feministes-en-bretagne-dans-les-annees-1970\/#article","isPartOf":{"@id":"http:\/\/www.bcd.bzh\/becedia\/bretagne-1972\/societe\/les-luttes-feministes-en-bretagne-dans-les-annees-1970\/"},"author":{"name":"Soizick Aubry","@id":"\/#\/schema\/person\/2bcd7655170c96bdbb1145f1ee07cedd"},"headline":"Les luttes f\u00e9ministes en Bretagne dans les ann\u00e9es 1970","datePublished":"2022-02-03T10:29:25+00:00","dateModified":"2022-02-18T11:05:28+00:00","mainEntityOfPage":{"@id":"http:\/\/www.bcd.bzh\/becedia\/bretagne-1972\/societe\/les-luttes-feministes-en-bretagne-dans-les-annees-1970\/"},"wordCount":426,"publisher":{"@id":"\/#organization"},"image":{"@id":"http:\/\/www.bcd.bzh\/becedia\/bretagne-1972\/societe\/les-luttes-feministes-en-bretagne-dans-les-annees-1970\/#primaryimage"},"thumbnailUrl":"https:\/\/www.bcd.bzh\/becedia\/bretagne-1972\/wp-content\/uploads\/2022\/02\/luttes-feministes.jpg","keywords":["Article"],"articleSection":["Article","Soci\u00e9t\u00e9"],"inLanguage":"fr-FR"},{"@type":"WebPage","@id":"http:\/\/www.bcd.bzh\/becedia\/bretagne-1972\/societe\/les-luttes-feministes-en-bretagne-dans-les-annees-1970\/","url":"http:\/\/www.bcd.bzh\/becedia\/bretagne-1972\/societe\/les-luttes-feministes-en-bretagne-dans-les-annees-1970\/","name":"Les luttes f\u00e9ministes en Bretagne dans les ann\u00e9es 1970 - La Bretagne en 1972","isPartOf":{"@id":"\/#website"},"primaryImageOfPage":{"@id":"http:\/\/www.bcd.bzh\/becedia\/bretagne-1972\/societe\/les-luttes-feministes-en-bretagne-dans-les-annees-1970\/#primaryimage"},"image":{"@id":"http:\/\/www.bcd.bzh\/becedia\/bretagne-1972\/societe\/les-luttes-feministes-en-bretagne-dans-les-annees-1970\/#primaryimage"},"thumbnailUrl":"https:\/\/www.bcd.bzh\/becedia\/bretagne-1972\/wp-content\/uploads\/2022\/02\/luttes-feministes.jpg","datePublished":"2022-02-03T10:29:25+00:00","dateModified":"2022-02-18T11:05:28+00:00","breadcrumb":{"@id":"http:\/\/www.bcd.bzh\/becedia\/bretagne-1972\/societe\/les-luttes-feministes-en-bretagne-dans-les-annees-1970\/#breadcrumb"},"inLanguage":"fr-FR","potentialAction":[{"@type":"ReadAction","target":["http:\/\/www.bcd.bzh\/becedia\/bretagne-1972\/societe\/les-luttes-feministes-en-bretagne-dans-les-annees-1970\/"]}]},{"@type":"ImageObject","inLanguage":"fr-FR","@id":"http:\/\/www.bcd.bzh\/becedia\/bretagne-1972\/societe\/les-luttes-feministes-en-bretagne-dans-les-annees-1970\/#primaryimage","url":"https:\/\/www.bcd.bzh\/becedia\/bretagne-1972\/wp-content\/uploads\/2022\/02\/luttes-feministes.jpg","contentUrl":"https:\/\/www.bcd.bzh\/becedia\/bretagne-1972\/wp-content\/uploads\/2022\/02\/luttes-feministes.jpg","width":800,"height":453,"caption":"Un enfant regarde un grand graffiti repr\u00e9sentant une femme enceinte et l\u00e9gend\u00e9 : \"C'est pas dr\u00f4le toute l'ann\u00e9e \u00e0 force d'avoir des enfants !!!! Avortement et contraception libres et gratuits\". Mus\u00e9e de Bretagne: 2015.0001.340."},{"@type":"BreadcrumbList","@id":"http:\/\/www.bcd.bzh\/becedia\/bretagne-1972\/societe\/les-luttes-feministes-en-bretagne-dans-les-annees-1970\/#breadcrumb","itemListElement":[{"@type":"ListItem","position":1,"name":"Accueil","item":"https:\/\/www.bcd.bzh\/becedia\/bretagne-1972\/"},{"@type":"ListItem","position":2,"name":"Les luttes f\u00e9ministes en Bretagne dans les ann\u00e9es 1970"}]},{"@type":"WebSite","@id":"\/#website","url":"\/","name":"La Bretagne en 1972","description":"","publisher":{"@id":"\/#organization"},"potentialAction":[{"@type":"SearchAction","target":{"@type":"EntryPoint","urlTemplate":"\/?s={search_term_string}"},"query-input":{"@type":"PropertyValueSpecification","valueRequired":true,"valueName":"search_term_string"}}],"inLanguage":"fr-FR"},{"@type":"Organization","@id":"\/#organization","name":"La Bretagne en 1972","url":"\/","logo":{"@type":"ImageObject","inLanguage":"fr-FR","@id":"\/#\/schema\/logo\/image\/","url":"https:\/\/www.bcd.bzh\/becedia\/bretagne-1972\/wp-content\/uploads\/2022\/01\/site-logo.svg","contentUrl":"https:\/\/www.bcd.bzh\/becedia\/bretagne-1972\/wp-content\/uploads\/2022\/01\/site-logo.svg","width":309,"height":107,"caption":"La Bretagne en 1972"},"image":{"@id":"\/#\/schema\/logo\/image\/"}},{"@type":"Person","@id":"\/#\/schema\/person\/2bcd7655170c96bdbb1145f1ee07cedd","name":"Soizick Aubry","image":{"@type":"ImageObject","inLanguage":"fr-FR","@id":"https:\/\/secure.gravatar.com\/avatar\/35ad961778bcb4f839d707d8dcb2b5b36fa179b63de5c0bca78636ce89e8cb96?s=96&d=mm&r=g","url":"https:\/\/secure.gravatar.com\/avatar\/35ad961778bcb4f839d707d8dcb2b5b36fa179b63de5c0bca78636ce89e8cb96?s=96&d=mm&r=g","contentUrl":"https:\/\/secure.gravatar.com\/avatar\/35ad961778bcb4f839d707d8dcb2b5b36fa179b63de5c0bca78636ce89e8cb96?s=96&d=mm&r=g","caption":"Soizick Aubry"},"url":"https:\/\/www.bcd.bzh\/becedia\/bretagne-1972\/author\/saubry\/"}]}},"_links":{"self":[{"href":"https:\/\/www.bcd.bzh\/becedia\/bretagne-1972\/wp-json\/wp\/v2\/posts\/321","targetHints":{"allow":["GET"]}}],"collection":[{"href":"https:\/\/www.bcd.bzh\/becedia\/bretagne-1972\/wp-json\/wp\/v2\/posts"}],"about":[{"href":"https:\/\/www.bcd.bzh\/becedia\/bretagne-1972\/wp-json\/wp\/v2\/types\/post"}],"author":[{"embeddable":true,"href":"https:\/\/www.bcd.bzh\/becedia\/bretagne-1972\/wp-json\/wp\/v2\/users\/5"}],"replies":[{"embeddable":true,"href":"https:\/\/www.bcd.bzh\/becedia\/bretagne-1972\/wp-json\/wp\/v2\/comments?post=321"}],"version-history":[{"count":10,"href":"https:\/\/www.bcd.bzh\/becedia\/bretagne-1972\/wp-json\/wp\/v2\/posts\/321\/revisions"}],"predecessor-version":[{"id":1036,"href":"https:\/\/www.bcd.bzh\/becedia\/bretagne-1972\/wp-json\/wp\/v2\/posts\/321\/revisions\/1036"}],"wp:featuredmedia":[{"embeddable":true,"href":"https:\/\/www.bcd.bzh\/becedia\/bretagne-1972\/wp-json\/wp\/v2\/media\/622"}],"wp:attachment":[{"href":"https:\/\/www.bcd.bzh\/becedia\/bretagne-1972\/wp-json\/wp\/v2\/media?parent=321"}],"wp:term":[{"taxonomy":"category","embeddable":true,"href":"https:\/\/www.bcd.bzh\/becedia\/bretagne-1972\/wp-json\/wp\/v2\/categories?post=321"},{"taxonomy":"post_tag","embeddable":true,"href":"https:\/\/www.bcd.bzh\/becedia\/bretagne-1972\/wp-json\/wp\/v2\/tags?post=321"}],"curies":[{"name":"wp","href":"https:\/\/api.w.org\/{rel}","templated":true}]}}