{"id":111,"date":"2022-04-13T10:00:27","date_gmt":"2022-04-13T08:00:27","guid":{"rendered":"https:\/\/www.bcd.bzh\/becedia\/bretagne-celtique\/?p=111"},"modified":"2022-04-26T10:51:39","modified_gmt":"2022-04-26T08:51:39","slug":"une-residence-de-la-noblesse-gauloise-a-paule","status":"publish","type":"post","link":"https:\/\/www.bcd.bzh\/becedia\/bretagne-celtique\/2022\/04\/13\/une-residence-de-la-noblesse-gauloise-a-paule\/","title":{"rendered":"Une r\u00e9sidence de la noblesse gauloise \u00e0 Paule"},"content":{"rendered":"\n<p><em>Auteur : Yves Menez \/ novembre 2016<\/em><\/p>\n\n\n\n<p><strong>La r\u00e9sidence d\u2019une puissante famille de la noblesse gauloise a \u00e9t\u00e9 enti\u00e8rement fouill\u00e9e \u00e0 Paule, dans les C\u00f4tes-d\u2019Armor. Elle a livr\u00e9 notamment quatre bustes de puissants personnages de l\u2019aristocratie osisme, dont celui d\u2019un barde tenant une lyre.<\/strong><\/p>\n\n\n\n<p>L\u2019habitat gaulois de Saint-Symphorien \u00e0 Paule, dans les C\u00f4tes d\u2019Armor, a \u00e9t\u00e9 fouill\u00e9 de 1988 \u00e0 2010 sur une superficie de 5,2 hectares. Fond\u00e9 vers -550, il est d\u00e9moli vers -10, lors de la fondation \u00e0 une dizaine de kilom\u00e8tres de Vorgium &#8211; Carhaix, capitale de la cit\u00e9 des Osismes.<\/p>\n\n\n\n<h3 class=\"wp-block-heading\">De -550 \u00e0 -175 : une vaste exploitation agricole, transform\u00e9e en une r\u00e9sidence fortifi\u00e9e<\/h3>\n\n\n\n<p>Le grand domaine des origines abrite, dans un enclos d\u2019une superficie d\u2019un hectare, une vaste demeure comportant une citerne, une cave et de nombreuses annexes : des souterrains et des celliers pour entreposer les r\u00e9coltes ou les laitages ainsi que des ateliers pour le tissage. Un enclos \u00e9difi\u00e9 \u00e0 la p\u00e9riph\u00e9rie sert de corral pour le b\u00e9tail. Deux cimeti\u00e8res prot\u00e9g\u00e9s par des palissades accueillent les restes incin\u00e9r\u00e9s ou inhum\u00e9s des personnes qui vivaient en ce lieu.<\/p>\n\n\n\n<figure class=\"wp-block-image size-large\"><img loading=\"lazy\" decoding=\"async\" width=\"1024\" height=\"724\" src=\"https:\/\/www.bcd.bzh\/becedia\/bretagne-celtique\/wp-content\/uploads\/2022\/04\/restitution-300-1024x724.jpg\" alt=\"\" class=\"wp-image-122\" srcset=\"https:\/\/www.bcd.bzh\/becedia\/bretagne-celtique\/wp-content\/uploads\/2022\/04\/restitution-300-1024x724.jpg 1024w, https:\/\/www.bcd.bzh\/becedia\/bretagne-celtique\/wp-content\/uploads\/2022\/04\/restitution-300-300x212.jpg 300w, https:\/\/www.bcd.bzh\/becedia\/bretagne-celtique\/wp-content\/uploads\/2022\/04\/restitution-300-768x543.jpg 768w, https:\/\/www.bcd.bzh\/becedia\/bretagne-celtique\/wp-content\/uploads\/2022\/04\/restitution-300.jpg 1200w\" sizes=\"auto, (max-width: 1024px) 100vw, 1024px\" \/><\/figure>\n\n\n\n<p>Vers -300, la majeure partie de cet habitat est aras\u00e9e pour \u00e9difier deux enclos. L\u2019un, d\u00e9limit\u00e9 par un petit rempart domin\u00e9 par des tours, abrite le logis ; l\u2019autre, d\u00e9limit\u00e9 par un simple talus, abrite les d\u00e9pendances. Les cimeti\u00e8res sont abandonn\u00e9s. Un renforcement des cl\u00f4tures vers -250 correspond tr\u00e8s vraisemblablement \u00e0 une mise en d\u00e9fense de ce site.<\/p>\n\n\n\n<h3 class=\"wp-block-heading\">De -175 \u00e0 -10 : une agglom\u00e9ration est construite au pied de la r\u00e9sidence<\/h3>\n\n\n\n<p>\u00c0 l\u2019issue d\u2019un incendie, d\u2019importantes campagnes de travaux transforment cet habitat vers -175. Des constructions monumentales, \u00e9curies, granges et entrep\u00f4ts, sont \u00e9difi\u00e9es \u00e0 la p\u00e9riph\u00e9rie de la r\u00e9sidence, \u00e0 l\u2019abri d\u2019une ligne de remparts englobant une superficie estim\u00e9e \u00e0 10 hectares. De -150 \u00e0 -50 se succ\u00e8dent de nombreux chantiers. La r\u00e9sidence est \u00e0 nouveau fortifi\u00e9e, par la construction d\u2019un rempart et d\u2019acc\u00e8s dot\u00e9s de chicanes et de tours porti\u00e8res. De nombreux b\u00e2timents sont \u00e9difi\u00e9s aux alentours, \u00e0 l\u2019int\u00e9rieur de l\u2019enceinte de 10 hectares qui prot\u00e8ge d\u00e9sormais une petite agglom\u00e9ration.<\/p>\n\n\n\n<p>D\u00e8s -10, soit quelques d\u00e9cennies apr\u00e8s la conqu\u00eate de la Gaule par les arm\u00e9es de C\u00e9sar, les b\u00e2timents et les remparts sont syst\u00e9matiquement d\u00e9mont\u00e9s et les mat\u00e9riaux r\u00e9cup\u00e9r\u00e9s. Un lieu de culte \u00e9difi\u00e9 autour de deux tumulus de l\u2019\u00e2ge du bronze abrite durant trois si\u00e8cles des c\u00e9r\u00e9monies attestant l\u2019anciennet\u00e9 de la famille noble qui r\u00e9sidait autrefois en ce lieu.<\/p>\n\n\n\n<h3 class=\"wp-block-heading\">Un lieu de pouvoir, contr\u00f4lant des mines et des voies majeures<\/h3>\n\n\n\n<p>D\u00e8s l\u2019origine, l\u2019habitat de Paule est implant\u00e9 \u00e0 un carrefour de voies majeures qui traversent la p\u00e9ninsule bretonne. Dans un premier temps, il s\u2019agit de simples chemins creus\u00e9s par le passage des chariots. Vers -150, les voies, larges de 8 m\u00e8tres, sont empierr\u00e9es et bord\u00e9es de foss\u00e9s. Leurs trac\u00e9s seront repris par les voies romaines, m\u00e9di\u00e9vales et modernes. Le site domine les sources de Saint-Symphorien, qui ont certainement contribu\u00e9 \u00e0 son alimentation en eau, avec les citernes et le puits am\u00e9nag\u00e9s dans l\u2019enceinte. Il contr\u00f4le \u00e9galement des mines d\u00e9couvertes \u00e0 proximit\u00e9, exploitant vraisemblablement le quartz aurif\u00e8re. La m\u00e9tallurgie de l\u2019or est en effet attest\u00e9e dans l\u2019enceinte d\u00e8s -175. Les \u00e9l\u00e9ments d\u2019une machine en bois ont \u00e9t\u00e9 retrouv\u00e9s au fond du puits creus\u00e9 dans la roche \u00e0 une profondeur de 18,30 m\u00e8tres. Un tambour actionn\u00e9 par une perche facilitait la remont\u00e9e des seaux. Il est probable que des machines semblables aient \u00e9t\u00e9 en usage dans les mines toutes proches, afin d\u2019\u00e9vacuer les eaux s\u2019infiltrant dans les galeries souterraines.<\/p>\n\n\n\n<div class=\"wp-block-buttons is-content-justification-center is-layout-flex wp-container-core-buttons-is-layout-16018d1d wp-block-buttons-is-layout-flex\">\n<div class=\"wp-block-button\"><a class=\"wp-block-button__link\" href=\"http:\/\/bcd.bzh\/becedia\/fr\/une-residence-de-la-noblesse-gauloise-a-paule\">Lire la suite sur B\u00e9c\u00e9dia<\/a><\/div>\n<\/div>\n\n\n<ul class=\"wp-block-latest-posts__list is-grid columns-4 wp-block-latest-posts\"><li><div class=\"wp-block-latest-posts__featured-image\"><img loading=\"lazy\" decoding=\"async\" width=\"150\" height=\"150\" src=\"https:\/\/www.bcd.bzh\/becedia\/bretagne-celtique\/wp-content\/uploads\/2022\/08\/calorguen-france-panneau-150x150.jpg\" class=\"attachment-thumbnail size-thumbnail wp-post-image\" alt=\"\" style=\"width:100%;height:60%;max-width:1000px;\" srcset=\"https:\/\/www.bcd.bzh\/becedia\/bretagne-celtique\/wp-content\/uploads\/2022\/08\/calorguen-france-panneau-150x150.jpg 150w, https:\/\/www.bcd.bzh\/becedia\/bretagne-celtique\/wp-content\/uploads\/2022\/08\/calorguen-france-panneau-600x600.jpg 600w\" sizes=\"auto, (max-width: 150px) 100vw, 150px\" \/><\/div><a class=\"wp-block-latest-posts__post-title\" href=\"https:\/\/www.bcd.bzh\/becedia\/bretagne-celtique\/2022\/08\/24\/limpact-de-lhistoire-sur-la-toponymie-bretonne\/\">L&rsquo;impact de l&rsquo;histoire sur la toponymie bretonne<\/a><\/li>\n<li><div class=\"wp-block-latest-posts__featured-image\"><img loading=\"lazy\" decoding=\"async\" width=\"150\" height=\"150\" src=\"https:\/\/www.bcd.bzh\/becedia\/bretagne-celtique\/wp-content\/uploads\/2022\/08\/Temple-de-Mars-Corseul1-byRundvald-1-150x150.jpg\" class=\"attachment-thumbnail size-thumbnail wp-post-image\" alt=\"\" style=\"width:100%;height:60%;max-width:1000px;\" srcset=\"https:\/\/www.bcd.bzh\/becedia\/bretagne-celtique\/wp-content\/uploads\/2022\/08\/Temple-de-Mars-Corseul1-byRundvald-1-150x150.jpg 150w, https:\/\/www.bcd.bzh\/becedia\/bretagne-celtique\/wp-content\/uploads\/2022\/08\/Temple-de-Mars-Corseul1-byRundvald-1-600x600.jpg 600w\" sizes=\"auto, (max-width: 150px) 100vw, 150px\" \/><\/div><a class=\"wp-block-latest-posts__post-title\" href=\"https:\/\/www.bcd.bzh\/becedia\/bretagne-celtique\/2022\/08\/24\/la-desagregation-de-lempire-romain-en-armorique\/\">La d\u00e9sagr\u00e9gation de l\u2019Empire romain en Armorique<\/a><\/li>\n<li><div class=\"wp-block-latest-posts__featured-image\"><img loading=\"lazy\" decoding=\"async\" width=\"150\" height=\"150\" src=\"https:\/\/www.bcd.bzh\/becedia\/bretagne-celtique\/wp-content\/uploads\/2022\/05\/BAT-logo-abecedaire-C-e1651583985411-150x150.jpg\" class=\"attachment-thumbnail size-thumbnail wp-post-image\" alt=\"\" style=\"width:100%;height:59.95%;max-width:774px;\" \/><\/div><a class=\"wp-block-latest-posts__post-title\" href=\"https:\/\/www.bcd.bzh\/becedia\/bretagne-celtique\/2022\/04\/27\/podcast-c-comme-celtique-avec-manon-six\/\">Podcast &#8211; C comme celtique avec Manon Six<\/a><\/li>\n<li><div class=\"wp-block-latest-posts__featured-image\"><img loading=\"lazy\" decoding=\"async\" width=\"150\" height=\"150\" src=\"https:\/\/www.bcd.bzh\/becedia\/bretagne-celtique\/wp-content\/uploads\/2022\/04\/ferme-celtique-e1650018154339-150x150.jpg\" class=\"attachment-thumbnail size-thumbnail wp-post-image\" alt=\"\" style=\"width:100%;height:60%;max-width:800px;\" \/><\/div><a class=\"wp-block-latest-posts__post-title\" href=\"https:\/\/www.bcd.bzh\/becedia\/bretagne-celtique\/2022\/04\/15\/podcast-lhistoire-du-site-de-paule-residence-celtique\/\">Podcast &#8211; L&rsquo;histoire du site de Paule, r\u00e9sidence celtique<\/a><\/li>\n<li><div class=\"wp-block-latest-posts__featured-image\"><img loading=\"lazy\" decoding=\"async\" width=\"150\" height=\"150\" src=\"https:\/\/www.bcd.bzh\/becedia\/bretagne-celtique\/wp-content\/uploads\/2022\/04\/paule-e1649841320984-150x150.jpg\" class=\"attachment-thumbnail size-thumbnail wp-post-image\" alt=\"\" style=\"width:100%;height:60.04%;max-width:1106px;\" srcset=\"https:\/\/www.bcd.bzh\/becedia\/bretagne-celtique\/wp-content\/uploads\/2022\/04\/paule-e1649841320984-150x150.jpg 150w, https:\/\/www.bcd.bzh\/becedia\/bretagne-celtique\/wp-content\/uploads\/2022\/04\/paule-e1649841320984-600x600.jpg 600w\" sizes=\"auto, (max-width: 150px) 100vw, 150px\" \/><\/div><a class=\"wp-block-latest-posts__post-title\" href=\"https:\/\/www.bcd.bzh\/becedia\/bretagne-celtique\/2022\/04\/13\/une-residence-de-la-noblesse-gauloise-a-paule\/\">Une r\u00e9sidence de la noblesse gauloise \u00e0 Paule<\/a><\/li>\n<li><div class=\"wp-block-latest-posts__featured-image\"><img loading=\"lazy\" decoding=\"async\" width=\"150\" height=\"150\" src=\"https:\/\/www.bcd.bzh\/becedia\/bretagne-celtique\/wp-content\/uploads\/2022\/04\/evocation_de_la_ferme_du_boisanne-e1649841393247-150x150.jpg\" class=\"attachment-thumbnail size-thumbnail wp-post-image\" alt=\"\" style=\"width:100%;height:59.88%;max-width:805px;\" \/><\/div><a class=\"wp-block-latest-posts__post-title\" href=\"https:\/\/www.bcd.bzh\/becedia\/bretagne-celtique\/2022\/04\/13\/lage-du-fer-en-bretagne\/\">L\u2019\u00e2ge du fer en Bretagne<\/a><\/li>\n<\/ul>\n\n\n        <div class=\"alignwide nextprev\">\n\n    \n\n\n    \n\n                \n            <a class=\"bcd-lien nextprev__link nextprev__link--prev \" href=\"https:\/\/www.bcd.bzh\/becedia\/bretagne-celtique\/\">\n            <span class=\"arrow\">\n                <svg class=\"icon\" viewBox=\"0 0 20 14\" fill=\"none\" ><path d=\"M7 14L8.41 12.59L3.83 8L20 8L20 6L3.83 6L8.42 1.41L7 -1.1365e-06L6.11959e-07 7L7 14Z\" fill=\"white\"\/><\/svg>    \n            <\/span>\n            <span class=\"link-title\">Accueil<\/span>\n            \n        <\/a>\n        \n        \n                \n            <a class=\"bcd-lien nextprev__link nextprev__link--next\" href=\"https:\/\/www.bcd.bzh\/becedia\/bretagne-celtique\/aux-origines-haut-moyen-age\/\">Aux origines : Haut moyen \u00c2ge<span class=\"arrow\"> \n                            <svg class=\"icon\" viewBox=\"0 0 20 14\" fill=\"none\"><path d=\"M13 0L11.59 1.41L16.17 6H0V8H16.17L11.58 12.59L13 14L20 7L13 0Z\" fill=\"white\"><\/path><\/svg>\n                        <\/span><\/a>\n        \n            <\/div>\n\n    ","protected":false},"excerpt":{"rendered":"<p>Auteur : Yves Menez \/ novembre 2016 La r\u00e9sidence d\u2019une puissante famille de la noblesse gauloise a \u00e9t\u00e9 enti\u00e8rement fouill\u00e9e \u00e0 Paule, dans les C\u00f4tes-d\u2019Armor. Elle a livr\u00e9 notamment quatre bustes de puissants personnages de l\u2019aristocratie osisme, dont celui d\u2019un barde tenant une lyre. L\u2019habitat gaulois de Saint-Symphorien \u00e0 Paule, dans les C\u00f4tes d\u2019Armor, a&hellip; <a class=\"more-link\" href=\"https:\/\/www.bcd.bzh\/becedia\/bretagne-celtique\/2022\/04\/13\/une-residence-de-la-noblesse-gauloise-a-paule\/\">Poursuivre la lecture <span class=\"screen-reader-text\">Une r\u00e9sidence de la noblesse gauloise \u00e0 Paule<\/span><\/a><\/p>\n","protected":false},"author":2,"featured_media":113,"comment_status":"open","ping_status":"open","sticky":false,"template":"","format":"standard","meta":{"_acf_changed":false,"footnotes":""},"categories":[5],"tags":[],"class_list":["post-111","post","type-post","status-publish","format-standard","has-post-thumbnail","hentry","category-origines-antiquite","entry"],"acf":[],"yoast_head":"<!-- This site is optimized with the Yoast SEO plugin v24.2 - https:\/\/yoast.com\/wordpress\/plugins\/seo\/ -->\n<title>Une r\u00e9sidence de la noblesse gauloise \u00e0 Paule - La Bretagne, terre celtique ?<\/title>\n<meta name=\"robots\" content=\"index, follow, max-snippet:-1, max-image-preview:large, max-video-preview:-1\" \/>\n<link rel=\"canonical\" href=\"https:\/\/www.bcd.bzh\/becedia\/bretagne-celtique\/2022\/04\/13\/une-residence-de-la-noblesse-gauloise-a-paule\/\" \/>\n<meta property=\"og:locale\" content=\"fr_FR\" \/>\n<meta property=\"og:type\" content=\"article\" \/>\n<meta property=\"og:title\" content=\"Une r\u00e9sidence de la noblesse gauloise \u00e0 Paule - La Bretagne, terre celtique ?\" \/>\n<meta property=\"og:description\" content=\"Auteur : Yves Menez \/ novembre 2016 La r\u00e9sidence d\u2019une puissante famille de la noblesse gauloise a \u00e9t\u00e9 enti\u00e8rement fouill\u00e9e \u00e0 Paule, dans les C\u00f4tes-d\u2019Armor. Elle a livr\u00e9 notamment quatre bustes de puissants personnages de l\u2019aristocratie osisme, dont celui d\u2019un barde tenant une lyre. L\u2019habitat gaulois de Saint-Symphorien \u00e0 Paule, dans les C\u00f4tes d\u2019Armor, a&hellip; Poursuivre la lecture Une r\u00e9sidence de la noblesse gauloise \u00e0 Paule\" \/>\n<meta property=\"og:url\" content=\"https:\/\/www.bcd.bzh\/becedia\/bretagne-celtique\/2022\/04\/13\/une-residence-de-la-noblesse-gauloise-a-paule\/\" \/>\n<meta property=\"og:site_name\" content=\"La Bretagne, terre celtique ?\" \/>\n<meta property=\"article:publisher\" content=\"https:\/\/www.facebook.com\/bretagne.culturediversite\" \/>\n<meta property=\"article:published_time\" content=\"2022-04-13T08:00:27+00:00\" \/>\n<meta property=\"article:modified_time\" content=\"2022-04-26T08:51:39+00:00\" \/>\n<meta property=\"og:image\" content=\"https:\/\/www.bcd.bzh\/becedia\/bretagne-celtique\/wp-content\/uploads\/2022\/04\/paule-e1649841320984.jpg\" \/>\n\t<meta property=\"og:image:width\" content=\"1106\" \/>\n\t<meta property=\"og:image:height\" content=\"664\" \/>\n\t<meta property=\"og:image:type\" content=\"image\/jpeg\" \/>\n<meta name=\"author\" content=\"Gwena\u00ebl Carvou\" \/>\n<meta name=\"twitter:card\" content=\"summary_large_image\" \/>\n<meta name=\"twitter:creator\" content=\"@BCDsevenaduriou\" \/>\n<meta name=\"twitter:site\" content=\"@BCDsevenaduriou\" \/>\n<meta name=\"twitter:label1\" content=\"\u00c9crit par\" \/>\n\t<meta name=\"twitter:data1\" content=\"Gwena\u00ebl Carvou\" \/>\n\t<meta name=\"twitter:label2\" content=\"Dur\u00e9e de lecture estim\u00e9e\" \/>\n\t<meta name=\"twitter:data2\" content=\"3 minutes\" \/>\n<script type=\"application\/ld+json\" class=\"yoast-schema-graph\">{\"@context\":\"https:\/\/schema.org\",\"@graph\":[{\"@type\":\"Article\",\"@id\":\"https:\/\/www.bcd.bzh\/becedia\/bretagne-celtique\/2022\/04\/13\/une-residence-de-la-noblesse-gauloise-a-paule\/#article\",\"isPartOf\":{\"@id\":\"https:\/\/www.bcd.bzh\/becedia\/bretagne-celtique\/2022\/04\/13\/une-residence-de-la-noblesse-gauloise-a-paule\/\"},\"author\":{\"name\":\"Gwena\u00ebl Carvou\",\"@id\":\"https:\/\/www.bcd.bzh\/becedia\/bretagne-celtique\/#\/schema\/person\/681d3d855ee723e66e00f353b354afb2\"},\"headline\":\"Une r\u00e9sidence de la noblesse gauloise \u00e0 Paule\",\"datePublished\":\"2022-04-13T08:00:27+00:00\",\"dateModified\":\"2022-04-26T08:51:39+00:00\",\"mainEntityOfPage\":{\"@id\":\"https:\/\/www.bcd.bzh\/becedia\/bretagne-celtique\/2022\/04\/13\/une-residence-de-la-noblesse-gauloise-a-paule\/\"},\"wordCount\":685,\"commentCount\":0,\"publisher\":{\"@id\":\"https:\/\/www.bcd.bzh\/becedia\/bretagne-celtique\/#organization\"},\"image\":{\"@id\":\"https:\/\/www.bcd.bzh\/becedia\/bretagne-celtique\/2022\/04\/13\/une-residence-de-la-noblesse-gauloise-a-paule\/#primaryimage\"},\"thumbnailUrl\":\"https:\/\/www.bcd.bzh\/becedia\/bretagne-celtique\/wp-content\/uploads\/2022\/04\/paule-e1649841320984.jpg\",\"articleSection\":[\"Origines -- Antiquit\u00e9\"],\"inLanguage\":\"fr-FR\",\"potentialAction\":[{\"@type\":\"CommentAction\",\"name\":\"Comment\",\"target\":[\"https:\/\/www.bcd.bzh\/becedia\/bretagne-celtique\/2022\/04\/13\/une-residence-de-la-noblesse-gauloise-a-paule\/#respond\"]}]},{\"@type\":\"WebPage\",\"@id\":\"https:\/\/www.bcd.bzh\/becedia\/bretagne-celtique\/2022\/04\/13\/une-residence-de-la-noblesse-gauloise-a-paule\/\",\"url\":\"https:\/\/www.bcd.bzh\/becedia\/bretagne-celtique\/2022\/04\/13\/une-residence-de-la-noblesse-gauloise-a-paule\/\",\"name\":\"Une r\u00e9sidence de la noblesse gauloise \u00e0 Paule - La Bretagne, terre celtique ?\",\"isPartOf\":{\"@id\":\"https:\/\/www.bcd.bzh\/becedia\/bretagne-celtique\/#website\"},\"primaryImageOfPage\":{\"@id\":\"https:\/\/www.bcd.bzh\/becedia\/bretagne-celtique\/2022\/04\/13\/une-residence-de-la-noblesse-gauloise-a-paule\/#primaryimage\"},\"image\":{\"@id\":\"https:\/\/www.bcd.bzh\/becedia\/bretagne-celtique\/2022\/04\/13\/une-residence-de-la-noblesse-gauloise-a-paule\/#primaryimage\"},\"thumbnailUrl\":\"https:\/\/www.bcd.bzh\/becedia\/bretagne-celtique\/wp-content\/uploads\/2022\/04\/paule-e1649841320984.jpg\",\"datePublished\":\"2022-04-13T08:00:27+00:00\",\"dateModified\":\"2022-04-26T08:51:39+00:00\",\"breadcrumb\":{\"@id\":\"https:\/\/www.bcd.bzh\/becedia\/bretagne-celtique\/2022\/04\/13\/une-residence-de-la-noblesse-gauloise-a-paule\/#breadcrumb\"},\"inLanguage\":\"fr-FR\",\"potentialAction\":[{\"@type\":\"ReadAction\",\"target\":[\"https:\/\/www.bcd.bzh\/becedia\/bretagne-celtique\/2022\/04\/13\/une-residence-de-la-noblesse-gauloise-a-paule\/\"]}]},{\"@type\":\"ImageObject\",\"inLanguage\":\"fr-FR\",\"@id\":\"https:\/\/www.bcd.bzh\/becedia\/bretagne-celtique\/2022\/04\/13\/une-residence-de-la-noblesse-gauloise-a-paule\/#primaryimage\",\"url\":\"https:\/\/www.bcd.bzh\/becedia\/bretagne-celtique\/wp-content\/uploads\/2022\/04\/paule-e1649841320984.jpg\",\"contentUrl\":\"https:\/\/www.bcd.bzh\/becedia\/bretagne-celtique\/wp-content\/uploads\/2022\/04\/paule-e1649841320984.jpg\",\"width\":1106,\"height\":664,\"caption\":\"Restitution du premier habitat de Paule vers -450 (extrait), Laurence St\u00e9phanon, Arts graphiques et Patrimoine.\"},{\"@type\":\"BreadcrumbList\",\"@id\":\"https:\/\/www.bcd.bzh\/becedia\/bretagne-celtique\/2022\/04\/13\/une-residence-de-la-noblesse-gauloise-a-paule\/#breadcrumb\",\"itemListElement\":[{\"@type\":\"ListItem\",\"position\":1,\"name\":\"Accueil\",\"item\":\"https:\/\/www.bcd.bzh\/becedia\/bretagne-celtique\/\"},{\"@type\":\"ListItem\",\"position\":2,\"name\":\"Une r\u00e9sidence de la noblesse gauloise \u00e0 Paule\"}]},{\"@type\":\"WebSite\",\"@id\":\"https:\/\/www.bcd.bzh\/becedia\/bretagne-celtique\/#website\",\"url\":\"https:\/\/www.bcd.bzh\/becedia\/bretagne-celtique\/\",\"name\":\"La Bretagne, terre celtique ?\",\"description\":\"Bretagne Culture Diversit\u00e9\",\"publisher\":{\"@id\":\"https:\/\/www.bcd.bzh\/becedia\/bretagne-celtique\/#organization\"},\"potentialAction\":[{\"@type\":\"SearchAction\",\"target\":{\"@type\":\"EntryPoint\",\"urlTemplate\":\"https:\/\/www.bcd.bzh\/becedia\/bretagne-celtique\/?s={search_term_string}\"},\"query-input\":{\"@type\":\"PropertyValueSpecification\",\"valueRequired\":true,\"valueName\":\"search_term_string\"}}],\"inLanguage\":\"fr-FR\"},{\"@type\":\"Organization\",\"@id\":\"https:\/\/www.bcd.bzh\/becedia\/bretagne-celtique\/#organization\",\"name\":\"Bretagne Culture Diversit\u00e9\",\"url\":\"https:\/\/www.bcd.bzh\/becedia\/bretagne-celtique\/\",\"logo\":{\"@type\":\"ImageObject\",\"inLanguage\":\"fr-FR\",\"@id\":\"https:\/\/www.bcd.bzh\/becedia\/bretagne-celtique\/#\/schema\/logo\/image\/\",\"url\":\"https:\/\/www.bcd.bzh\/becedia\/bretagne-celtique\/wp-content\/uploads\/2022\/06\/Logo_Bretagne_Culture_Diversite.png\",\"contentUrl\":\"https:\/\/www.bcd.bzh\/becedia\/bretagne-celtique\/wp-content\/uploads\/2022\/06\/Logo_Bretagne_Culture_Diversite.png\",\"width\":400,\"height\":360,\"caption\":\"Bretagne Culture Diversit\u00e9\"},\"image\":{\"@id\":\"https:\/\/www.bcd.bzh\/becedia\/bretagne-celtique\/#\/schema\/logo\/image\/\"},\"sameAs\":[\"https:\/\/www.facebook.com\/bretagne.culturediversite\",\"https:\/\/x.com\/BCDsevenaduriou\"]},{\"@type\":\"Person\",\"@id\":\"https:\/\/www.bcd.bzh\/becedia\/bretagne-celtique\/#\/schema\/person\/681d3d855ee723e66e00f353b354afb2\",\"name\":\"Gwena\u00ebl Carvou\",\"image\":{\"@type\":\"ImageObject\",\"inLanguage\":\"fr-FR\",\"@id\":\"https:\/\/www.bcd.bzh\/becedia\/bretagne-celtique\/#\/schema\/person\/image\/\",\"url\":\"https:\/\/secure.gravatar.com\/avatar\/b8b255636c76cb91ef757e23e27175c6ae32349f6a2a05d1b95a86f3078094c8?s=96&d=mm&r=g\",\"contentUrl\":\"https:\/\/secure.gravatar.com\/avatar\/b8b255636c76cb91ef757e23e27175c6ae32349f6a2a05d1b95a86f3078094c8?s=96&d=mm&r=g\",\"caption\":\"Gwena\u00ebl Carvou\"},\"url\":\"https:\/\/www.bcd.bzh\/becedia\/bretagne-celtique\/author\/gcarvou\/\"}]}<\/script>\n<!-- \/ Yoast SEO plugin. -->","yoast_head_json":{"title":"Une r\u00e9sidence de la noblesse gauloise \u00e0 Paule - La Bretagne, terre celtique ?","robots":{"index":"index","follow":"follow","max-snippet":"max-snippet:-1","max-image-preview":"max-image-preview:large","max-video-preview":"max-video-preview:-1"},"canonical":"https:\/\/www.bcd.bzh\/becedia\/bretagne-celtique\/2022\/04\/13\/une-residence-de-la-noblesse-gauloise-a-paule\/","og_locale":"fr_FR","og_type":"article","og_title":"Une r\u00e9sidence de la noblesse gauloise \u00e0 Paule - La Bretagne, terre celtique ?","og_description":"Auteur : Yves Menez \/ novembre 2016 La r\u00e9sidence d\u2019une puissante famille de la noblesse gauloise a \u00e9t\u00e9 enti\u00e8rement fouill\u00e9e \u00e0 Paule, dans les C\u00f4tes-d\u2019Armor. Elle a livr\u00e9 notamment quatre bustes de puissants personnages de l\u2019aristocratie osisme, dont celui d\u2019un barde tenant une lyre. L\u2019habitat gaulois de Saint-Symphorien \u00e0 Paule, dans les C\u00f4tes d\u2019Armor, a&hellip; Poursuivre la lecture Une r\u00e9sidence de la noblesse gauloise \u00e0 Paule","og_url":"https:\/\/www.bcd.bzh\/becedia\/bretagne-celtique\/2022\/04\/13\/une-residence-de-la-noblesse-gauloise-a-paule\/","og_site_name":"La Bretagne, terre celtique ?","article_publisher":"https:\/\/www.facebook.com\/bretagne.culturediversite","article_published_time":"2022-04-13T08:00:27+00:00","article_modified_time":"2022-04-26T08:51:39+00:00","og_image":[{"width":1106,"height":664,"url":"https:\/\/www.bcd.bzh\/becedia\/bretagne-celtique\/wp-content\/uploads\/2022\/04\/paule-e1649841320984.jpg","type":"image\/jpeg"}],"author":"Gwena\u00ebl Carvou","twitter_card":"summary_large_image","twitter_creator":"@BCDsevenaduriou","twitter_site":"@BCDsevenaduriou","twitter_misc":{"\u00c9crit par":"Gwena\u00ebl Carvou","Dur\u00e9e de lecture estim\u00e9e":"3 minutes"},"schema":{"@context":"https:\/\/schema.org","@graph":[{"@type":"Article","@id":"https:\/\/www.bcd.bzh\/becedia\/bretagne-celtique\/2022\/04\/13\/une-residence-de-la-noblesse-gauloise-a-paule\/#article","isPartOf":{"@id":"https:\/\/www.bcd.bzh\/becedia\/bretagne-celtique\/2022\/04\/13\/une-residence-de-la-noblesse-gauloise-a-paule\/"},"author":{"name":"Gwena\u00ebl Carvou","@id":"https:\/\/www.bcd.bzh\/becedia\/bretagne-celtique\/#\/schema\/person\/681d3d855ee723e66e00f353b354afb2"},"headline":"Une r\u00e9sidence de la noblesse gauloise \u00e0 Paule","datePublished":"2022-04-13T08:00:27+00:00","dateModified":"2022-04-26T08:51:39+00:00","mainEntityOfPage":{"@id":"https:\/\/www.bcd.bzh\/becedia\/bretagne-celtique\/2022\/04\/13\/une-residence-de-la-noblesse-gauloise-a-paule\/"},"wordCount":685,"commentCount":0,"publisher":{"@id":"https:\/\/www.bcd.bzh\/becedia\/bretagne-celtique\/#organization"},"image":{"@id":"https:\/\/www.bcd.bzh\/becedia\/bretagne-celtique\/2022\/04\/13\/une-residence-de-la-noblesse-gauloise-a-paule\/#primaryimage"},"thumbnailUrl":"https:\/\/www.bcd.bzh\/becedia\/bretagne-celtique\/wp-content\/uploads\/2022\/04\/paule-e1649841320984.jpg","articleSection":["Origines -- Antiquit\u00e9"],"inLanguage":"fr-FR","potentialAction":[{"@type":"CommentAction","name":"Comment","target":["https:\/\/www.bcd.bzh\/becedia\/bretagne-celtique\/2022\/04\/13\/une-residence-de-la-noblesse-gauloise-a-paule\/#respond"]}]},{"@type":"WebPage","@id":"https:\/\/www.bcd.bzh\/becedia\/bretagne-celtique\/2022\/04\/13\/une-residence-de-la-noblesse-gauloise-a-paule\/","url":"https:\/\/www.bcd.bzh\/becedia\/bretagne-celtique\/2022\/04\/13\/une-residence-de-la-noblesse-gauloise-a-paule\/","name":"Une r\u00e9sidence de la noblesse gauloise \u00e0 Paule - La Bretagne, terre celtique ?","isPartOf":{"@id":"https:\/\/www.bcd.bzh\/becedia\/bretagne-celtique\/#website"},"primaryImageOfPage":{"@id":"https:\/\/www.bcd.bzh\/becedia\/bretagne-celtique\/2022\/04\/13\/une-residence-de-la-noblesse-gauloise-a-paule\/#primaryimage"},"image":{"@id":"https:\/\/www.bcd.bzh\/becedia\/bretagne-celtique\/2022\/04\/13\/une-residence-de-la-noblesse-gauloise-a-paule\/#primaryimage"},"thumbnailUrl":"https:\/\/www.bcd.bzh\/becedia\/bretagne-celtique\/wp-content\/uploads\/2022\/04\/paule-e1649841320984.jpg","datePublished":"2022-04-13T08:00:27+00:00","dateModified":"2022-04-26T08:51:39+00:00","breadcrumb":{"@id":"https:\/\/www.bcd.bzh\/becedia\/bretagne-celtique\/2022\/04\/13\/une-residence-de-la-noblesse-gauloise-a-paule\/#breadcrumb"},"inLanguage":"fr-FR","potentialAction":[{"@type":"ReadAction","target":["https:\/\/www.bcd.bzh\/becedia\/bretagne-celtique\/2022\/04\/13\/une-residence-de-la-noblesse-gauloise-a-paule\/"]}]},{"@type":"ImageObject","inLanguage":"fr-FR","@id":"https:\/\/www.bcd.bzh\/becedia\/bretagne-celtique\/2022\/04\/13\/une-residence-de-la-noblesse-gauloise-a-paule\/#primaryimage","url":"https:\/\/www.bcd.bzh\/becedia\/bretagne-celtique\/wp-content\/uploads\/2022\/04\/paule-e1649841320984.jpg","contentUrl":"https:\/\/www.bcd.bzh\/becedia\/bretagne-celtique\/wp-content\/uploads\/2022\/04\/paule-e1649841320984.jpg","width":1106,"height":664,"caption":"Restitution du premier habitat de Paule vers -450 (extrait), Laurence St\u00e9phanon, Arts graphiques et Patrimoine."},{"@type":"BreadcrumbList","@id":"https:\/\/www.bcd.bzh\/becedia\/bretagne-celtique\/2022\/04\/13\/une-residence-de-la-noblesse-gauloise-a-paule\/#breadcrumb","itemListElement":[{"@type":"ListItem","position":1,"name":"Accueil","item":"https:\/\/www.bcd.bzh\/becedia\/bretagne-celtique\/"},{"@type":"ListItem","position":2,"name":"Une r\u00e9sidence de la noblesse gauloise \u00e0 Paule"}]},{"@type":"WebSite","@id":"https:\/\/www.bcd.bzh\/becedia\/bretagne-celtique\/#website","url":"https:\/\/www.bcd.bzh\/becedia\/bretagne-celtique\/","name":"La Bretagne, terre celtique ?","description":"Bretagne Culture Diversit\u00e9","publisher":{"@id":"https:\/\/www.bcd.bzh\/becedia\/bretagne-celtique\/#organization"},"potentialAction":[{"@type":"SearchAction","target":{"@type":"EntryPoint","urlTemplate":"https:\/\/www.bcd.bzh\/becedia\/bretagne-celtique\/?s={search_term_string}"},"query-input":{"@type":"PropertyValueSpecification","valueRequired":true,"valueName":"search_term_string"}}],"inLanguage":"fr-FR"},{"@type":"Organization","@id":"https:\/\/www.bcd.bzh\/becedia\/bretagne-celtique\/#organization","name":"Bretagne Culture Diversit\u00e9","url":"https:\/\/www.bcd.bzh\/becedia\/bretagne-celtique\/","logo":{"@type":"ImageObject","inLanguage":"fr-FR","@id":"https:\/\/www.bcd.bzh\/becedia\/bretagne-celtique\/#\/schema\/logo\/image\/","url":"https:\/\/www.bcd.bzh\/becedia\/bretagne-celtique\/wp-content\/uploads\/2022\/06\/Logo_Bretagne_Culture_Diversite.png","contentUrl":"https:\/\/www.bcd.bzh\/becedia\/bretagne-celtique\/wp-content\/uploads\/2022\/06\/Logo_Bretagne_Culture_Diversite.png","width":400,"height":360,"caption":"Bretagne Culture Diversit\u00e9"},"image":{"@id":"https:\/\/www.bcd.bzh\/becedia\/bretagne-celtique\/#\/schema\/logo\/image\/"},"sameAs":["https:\/\/www.facebook.com\/bretagne.culturediversite","https:\/\/x.com\/BCDsevenaduriou"]},{"@type":"Person","@id":"https:\/\/www.bcd.bzh\/becedia\/bretagne-celtique\/#\/schema\/person\/681d3d855ee723e66e00f353b354afb2","name":"Gwena\u00ebl Carvou","image":{"@type":"ImageObject","inLanguage":"fr-FR","@id":"https:\/\/www.bcd.bzh\/becedia\/bretagne-celtique\/#\/schema\/person\/image\/","url":"https:\/\/secure.gravatar.com\/avatar\/b8b255636c76cb91ef757e23e27175c6ae32349f6a2a05d1b95a86f3078094c8?s=96&d=mm&r=g","contentUrl":"https:\/\/secure.gravatar.com\/avatar\/b8b255636c76cb91ef757e23e27175c6ae32349f6a2a05d1b95a86f3078094c8?s=96&d=mm&r=g","caption":"Gwena\u00ebl Carvou"},"url":"https:\/\/www.bcd.bzh\/becedia\/bretagne-celtique\/author\/gcarvou\/"}]}},"_links":{"self":[{"href":"https:\/\/www.bcd.bzh\/becedia\/bretagne-celtique\/wp-json\/wp\/v2\/posts\/111","targetHints":{"allow":["GET"]}}],"collection":[{"href":"https:\/\/www.bcd.bzh\/becedia\/bretagne-celtique\/wp-json\/wp\/v2\/posts"}],"about":[{"href":"https:\/\/www.bcd.bzh\/becedia\/bretagne-celtique\/wp-json\/wp\/v2\/types\/post"}],"author":[{"embeddable":true,"href":"https:\/\/www.bcd.bzh\/becedia\/bretagne-celtique\/wp-json\/wp\/v2\/users\/2"}],"replies":[{"embeddable":true,"href":"https:\/\/www.bcd.bzh\/becedia\/bretagne-celtique\/wp-json\/wp\/v2\/comments?post=111"}],"version-history":[{"count":8,"href":"https:\/\/www.bcd.bzh\/becedia\/bretagne-celtique\/wp-json\/wp\/v2\/posts\/111\/revisions"}],"predecessor-version":[{"id":520,"href":"https:\/\/www.bcd.bzh\/becedia\/bretagne-celtique\/wp-json\/wp\/v2\/posts\/111\/revisions\/520"}],"wp:featuredmedia":[{"embeddable":true,"href":"https:\/\/www.bcd.bzh\/becedia\/bretagne-celtique\/wp-json\/wp\/v2\/media\/113"}],"wp:attachment":[{"href":"https:\/\/www.bcd.bzh\/becedia\/bretagne-celtique\/wp-json\/wp\/v2\/media?parent=111"}],"wp:term":[{"taxonomy":"category","embeddable":true,"href":"https:\/\/www.bcd.bzh\/becedia\/bretagne-celtique\/wp-json\/wp\/v2\/categories?post=111"},{"taxonomy":"post_tag","embeddable":true,"href":"https:\/\/www.bcd.bzh\/becedia\/bretagne-celtique\/wp-json\/wp\/v2\/tags?post=111"}],"curies":[{"name":"wp","href":"https:\/\/api.w.org\/{rel}","templated":true}]}}