{"id":232,"date":"2022-04-12T13:38:53","date_gmt":"2022-04-12T11:38:53","guid":{"rendered":"https:\/\/www.bcd.bzh\/becedia\/bretagne-celtique\/?p=232"},"modified":"2022-04-27T10:22:48","modified_gmt":"2022-04-27T08:22:48","slug":"le-gouren-une-tradition-moderne","status":"publish","type":"post","link":"https:\/\/www.bcd.bzh\/becedia\/bretagne-celtique\/2022\/04\/12\/le-gouren-une-tradition-moderne\/","title":{"rendered":"Le gouren, une tradition moderne"},"content":{"rendered":"\n<p><em>Auteur : Aur\u00e9lie \u00c9pron \/ novembre 2016<\/em><\/p>\n\n\n\n<p><strong>Corps \u00e0 corps dont l\u2019histoire est marqu\u00e9e par des r\u00e9cits av\u00e9r\u00e9s ou mythiques, la lutte bretonne \u2013 ou gouren \u2013 constitue un pilier embl\u00e9matique de la ludodiversit\u00e9 bretonne.<\/strong><\/p>\n\n\n\n<h3 class=\"wp-block-heading\">Origines du gouren ?<\/h3>\n\n\n\n<p>Le gouren \u2013 dont les origines sont attest\u00e9es d\u00e8s le Moyen \u00c2ge (voir notamment les travaux de Le Menn G., 1994 ; Jaouen G., 2005) \u2013 est pr\u00e9sent\u00e9 par ses adeptes comme un h\u00e9ritage celtique. Cette forme de lutte aurait travers\u00e9 les si\u00e8cles en changeant quelque peu mais en conservant certaines de ses sp\u00e9cificit\u00e9s : preuve d\u2019une tradition vivante. La richesse de cette lutte r\u00e9side alors dans sa capacit\u00e9 \u00e0 faire \u00e9voluer ses rites et ses pratiques jusqu\u2019au XXe si\u00e8cle (\u00c9pron, 2008). Elle n\u2019est alors pas seulement \u00ab ce dont on se souvient, [\u2026] la tradition elle-m\u00eame, mais son laboratoire \u00bb (Nora P., 1984, p. X).<\/p>\n\n\n\n<p>Est fermement formul\u00e9e, par les acteurs, l\u2019hypoth\u00e8se d\u2019un m\u00e9tissage entre les apports des Bretons insulaires, fuyant l\u2019invasion de leur territoire par les Saxons, les Angles et les Jutes, et un style armoricain du haut Moyen \u00c2ge \u2013 dont aucune trace n\u2019a \u00e9t\u00e9 d\u00e9voil\u00e9e \u00e0 ce jour \u2013, lors des migrations, entre les IVe et VIe si\u00e8cles, en Petite Bretagne, de peuplades du sud-ouest de la Grande-Bretagne (Cornwall et Devon).<\/p>\n\n\n\n<p>Ces parent\u00e9s celtiques sont confort\u00e9es par le fait que des luttes qui se jouent uniquement debout \u2013 le combat ne se poursuit pas au sol \u2013 et \u00e0 la ceinture \u2013 les saisies avec les mains sont autoris\u00e9es uniquement au-dessus de la ceinture, celle-ci comprise \u2013 existent encore de nos jours dans d\u2019autres r\u00e9gions celtiques que la Bretagne. La lutte de Cornouailles britannique est en effet une forme ressemblante.<\/p>\n\n\n\n<figure class=\"wp-block-image size-large\"><img loading=\"lazy\" decoding=\"async\" width=\"1024\" height=\"683\" src=\"https:\/\/www.bcd.bzh\/becedia\/bretagne-celtique\/wp-content\/uploads\/2022\/04\/Maout-sur-les-epaules-1024x683.jpg\" alt=\"\" class=\"wp-image-235\" srcset=\"https:\/\/www.bcd.bzh\/becedia\/bretagne-celtique\/wp-content\/uploads\/2022\/04\/Maout-sur-les-epaules-1024x683.jpg 1024w, https:\/\/www.bcd.bzh\/becedia\/bretagne-celtique\/wp-content\/uploads\/2022\/04\/Maout-sur-les-epaules-300x200.jpg 300w, https:\/\/www.bcd.bzh\/becedia\/bretagne-celtique\/wp-content\/uploads\/2022\/04\/Maout-sur-les-epaules-768x512.jpg 768w, https:\/\/www.bcd.bzh\/becedia\/bretagne-celtique\/wp-content\/uploads\/2022\/04\/Maout-sur-les-epaules.jpg 1276w\" sizes=\"auto, (max-width: 1024px) 100vw, 1024px\" \/><\/figure>\n\n\n\n<h3 class=\"wp-block-heading\">\u00c9volution de la popularit\u00e9 des luttes dans l\u2019histoire<\/h3>\n\n\n\n<p>L\u2019engouement pour les luttes martiales a r\u00e9gn\u00e9 dans toute la vieille Europe du Moyen \u00c2ge. Elles participaient \u00e0 la pr\u00e9paration des troupes et de la chevalerie pour le combat au corps \u00e0 corps. Au XVIe si\u00e8cle, c\u2019est l\u2019une des principales activit\u00e9s physiques dans les cours royales ou seigneuriales. Ces luttes faisaient \u00e9galement figure de jeux et de pr\u00e9paration pour les joutes et les tournois. \u00c0 la Renaissance, l\u2019apparition des armes \u00e0 feu et la modernisation des moyens de faire la guerre ont fait partiellement tomber ces exercices en d\u00e9su\u00e9tude dans les milieux privil\u00e9gi\u00e9s. Cependant leur tradition s\u2019est maintenue dans les milieux populaires en tant que jeux, notamment dans des pays et r\u00e9gions de culture celtique. Ainsi, en France, \u00e0 partir de la R\u00e9volution et suite au rejet des pratiques de l\u2019Ancien R\u00e9gime, ce sont plut\u00f4t des hommes de basse condition sociale qui s\u2019adonnent aux luttes, pour le prestige mais aussi pour gagner de l\u2019argent ou des prix en nature. Les luttes font alors partie int\u00e9grante des festivit\u00e9s et de c\u00e9r\u00e9monies, qu\u2019elles soient ou non religieuses : naissances, mariages, rites de passage, changements de saisons, moissons, etc. (\u00c9pron A. &amp; Jaouen G., 2010).<\/p>\n\n\n\n<div class=\"wp-block-buttons is-content-justification-center is-layout-flex wp-container-core-buttons-is-layout-16018d1d wp-block-buttons-is-layout-flex\">\n<div class=\"wp-block-button\"><a class=\"wp-block-button__link\" href=\"http:\/\/bcd.bzh\/becedia\/fr\/le-gouren-une-tradition-moderne\" target=\"_blank\" rel=\"noreferrer noopener\">Lire la suite sur B\u00e9c\u00e9dia<\/a><\/div>\n<\/div>\n\n\n<ul class=\"wp-block-latest-posts__list is-grid columns-4 wp-block-latest-posts\"><li><div class=\"wp-block-latest-posts__featured-image\"><img loading=\"lazy\" decoding=\"async\" width=\"150\" height=\"150\" src=\"https:\/\/www.bcd.bzh\/becedia\/bretagne-celtique\/wp-content\/uploads\/2022\/04\/Alan-stivell-e1651055397868-150x150.jpg\" class=\"attachment-thumbnail size-thumbnail wp-post-image\" alt=\"\" style=\"width:100%;height:59.93%;max-width:1183px;\" srcset=\"https:\/\/www.bcd.bzh\/becedia\/bretagne-celtique\/wp-content\/uploads\/2022\/04\/Alan-stivell-e1651055397868-150x150.jpg 150w, https:\/\/www.bcd.bzh\/becedia\/bretagne-celtique\/wp-content\/uploads\/2022\/04\/Alan-stivell-e1651055397868-600x600.jpg 600w\" sizes=\"auto, (max-width: 150px) 100vw, 150px\" \/><\/div><a class=\"wp-block-latest-posts__post-title\" href=\"https:\/\/www.bcd.bzh\/becedia\/bretagne-celtique\/2022\/04\/27\/alan-stivell-a-lolympia-en-1972\/\">Alan Stivell \u00e0 l\u2019Olympia en 1972<\/a><\/li>\n<li><div class=\"wp-block-latest-posts__featured-image\"><img loading=\"lazy\" decoding=\"async\" width=\"150\" height=\"150\" src=\"https:\/\/www.bcd.bzh\/becedia\/bretagne-celtique\/wp-content\/uploads\/2022\/04\/fil_c-2019_-_the_international_celtic_pipes_and_drums_pendant_la_grande_parade-e1650034576706-150x150.jpg\" class=\"attachment-thumbnail size-thumbnail wp-post-image\" alt=\"\" style=\"width:100%;height:60%;max-width:800px;\" \/><\/div><a class=\"wp-block-latest-posts__post-title\" href=\"https:\/\/www.bcd.bzh\/becedia\/bretagne-celtique\/2022\/04\/15\/lorient-cinquante-ans-de-fetes-interceltiques\/\">Lorient, cinquante ans de f\u00eates interceltiques<\/a><\/li>\n<li><div class=\"wp-block-latest-posts__featured-image\"><img loading=\"lazy\" decoding=\"async\" width=\"150\" height=\"150\" src=\"https:\/\/www.bcd.bzh\/becedia\/bretagne-celtique\/wp-content\/uploads\/2022\/04\/bagad-e1649937236813-150x150.jpg\" class=\"attachment-thumbnail size-thumbnail wp-post-image\" alt=\"\" style=\"width:100%;height:60.1%;max-width:792px;\" \/><\/div><a class=\"wp-block-latest-posts__post-title\" href=\"https:\/\/www.bcd.bzh\/becedia\/bretagne-celtique\/2022\/04\/14\/les-bagadou\/\">Les Bagado\u00f9<\/a><\/li>\n<li><div class=\"wp-block-latest-posts__featured-image\"><img loading=\"lazy\" decoding=\"async\" width=\"150\" height=\"150\" src=\"https:\/\/www.bcd.bzh\/becedia\/bretagne-celtique\/wp-content\/uploads\/2022\/04\/an-delen-la-harpe-celtique-e1649936723884-150x150.jpg\" class=\"attachment-thumbnail size-thumbnail wp-post-image\" alt=\"\" style=\"width:100%;height:59.97%;max-width:1344px;\" srcset=\"https:\/\/www.bcd.bzh\/becedia\/bretagne-celtique\/wp-content\/uploads\/2022\/04\/an-delen-la-harpe-celtique-e1649936723884-150x150.jpg 150w, https:\/\/www.bcd.bzh\/becedia\/bretagne-celtique\/wp-content\/uploads\/2022\/04\/an-delen-la-harpe-celtique-e1649936723884-600x600.jpg 600w\" sizes=\"auto, (max-width: 150px) 100vw, 150px\" \/><\/div><a class=\"wp-block-latest-posts__post-title\" href=\"https:\/\/www.bcd.bzh\/becedia\/bretagne-celtique\/2022\/04\/13\/an-delenn-la-harpe-celtique\/\">An delenn &#8211; la harpe celtique<\/a><\/li>\n<li><div class=\"wp-block-latest-posts__featured-image\"><img loading=\"lazy\" decoding=\"async\" width=\"150\" height=\"150\" src=\"https:\/\/www.bcd.bzh\/becedia\/bretagne-celtique\/wp-content\/uploads\/2022\/04\/le-gouren-estampe-de-prosper-e1649936203882-150x150.jpg\" class=\"attachment-thumbnail size-thumbnail wp-post-image\" alt=\"\" style=\"width:100%;height:59.97%;max-width:1349px;\" srcset=\"https:\/\/www.bcd.bzh\/becedia\/bretagne-celtique\/wp-content\/uploads\/2022\/04\/le-gouren-estampe-de-prosper-e1649936203882-150x150.jpg 150w, https:\/\/www.bcd.bzh\/becedia\/bretagne-celtique\/wp-content\/uploads\/2022\/04\/le-gouren-estampe-de-prosper-e1649936203882-600x600.jpg 600w\" sizes=\"auto, (max-width: 150px) 100vw, 150px\" \/><\/div><a class=\"wp-block-latest-posts__post-title\" href=\"https:\/\/www.bcd.bzh\/becedia\/bretagne-celtique\/2022\/04\/12\/le-gouren-une-tradition-moderne\/\">Le gouren, une tradition moderne<\/a><\/li>\n<li><div class=\"wp-block-latest-posts__featured-image\"><img loading=\"lazy\" decoding=\"async\" width=\"150\" height=\"150\" src=\"https:\/\/www.bcd.bzh\/becedia\/bretagne-celtique\/wp-content\/uploads\/2022\/04\/Expo_sonerion-e1650034801453-150x150.png\" class=\"attachment-thumbnail size-thumbnail wp-post-image\" alt=\"\" style=\"width:100%;height:60.19%;max-width:932px;\" \/><\/div><a class=\"wp-block-latest-posts__post-title\" href=\"https:\/\/www.bcd.bzh\/becedia\/bretagne-celtique\/2022\/04\/10\/sonerion-une-extraordinaire-aventure\/\">Sonerion, une extraordinaire aventure<\/a><\/li>\n<\/ul>\n\n\n        <div class=\"alignwide nextprev\">\n\n    \n\n\n    \n\n                \n            <a class=\"bcd-lien nextprev__link nextprev__link--prev \" href=\"https:\/\/www.bcd.bzh\/becedia\/bretagne-celtique\/la-construction-recit-regionalisme-nationalisme-interceltisme\/\">\n            <span class=\"arrow\">\n                <svg class=\"icon\" viewBox=\"0 0 20 14\" fill=\"none\" ><path d=\"M7 14L8.41 12.59L3.83 8L20 8L20 6L3.83 6L8.42 1.41L7 -1.1365e-06L6.11959e-07 7L7 14Z\" fill=\"white\"\/><\/svg>    \n            <\/span>\n            <span class=\"link-title\">La construction d\u2019un r\u00e9cit : R\u00e9gionalisme, nationalisme, interceltisme<\/span>\n            \n        <\/a>\n        \n        \n                \n            <a class=\"bcd-lien nextprev__link nextprev__link--next\" href=\"https:\/\/www.bcd.bzh\/becedia\/bretagne-celtique\/les-cliches\/\">Les clich\u00e9s<span class=\"arrow\"> \n                            <svg class=\"icon\" viewBox=\"0 0 20 14\" fill=\"none\"><path d=\"M13 0L11.59 1.41L16.17 6H0V8H16.17L11.58 12.59L13 14L20 7L13 0Z\" fill=\"white\"><\/path><\/svg>\n                        <\/span><\/a>\n        \n            <\/div>\n\n    ","protected":false},"excerpt":{"rendered":"<p>Auteur : Aur\u00e9lie \u00c9pron \/ novembre 2016 Corps \u00e0 corps dont l\u2019histoire est marqu\u00e9e par des r\u00e9cits av\u00e9r\u00e9s ou mythiques, la lutte bretonne \u2013 ou gouren \u2013 constitue un pilier embl\u00e9matique de la ludodiversit\u00e9 bretonne. Origines du gouren ? Le gouren \u2013 dont les origines sont attest\u00e9es d\u00e8s le Moyen \u00c2ge (voir notamment les travaux&hellip; <a class=\"more-link\" href=\"https:\/\/www.bcd.bzh\/becedia\/bretagne-celtique\/2022\/04\/12\/le-gouren-une-tradition-moderne\/\">Poursuivre la lecture <span class=\"screen-reader-text\">Le gouren, une tradition moderne<\/span><\/a><\/p>\n","protected":false},"author":2,"featured_media":234,"comment_status":"open","ping_status":"open","sticky":false,"template":"","format":"standard","meta":{"_acf_changed":false,"footnotes":""},"categories":[9],"tags":[],"class_list":["post-232","post","type-post","status-publish","format-standard","has-post-thumbnail","hentry","category-celtattitude","entry"],"acf":[],"yoast_head":"<!-- This site is optimized with the Yoast SEO plugin v24.2 - https:\/\/yoast.com\/wordpress\/plugins\/seo\/ -->\n<title>Le gouren, une tradition moderne - La Bretagne, terre celtique ?<\/title>\n<meta name=\"robots\" content=\"index, follow, max-snippet:-1, max-image-preview:large, max-video-preview:-1\" \/>\n<link rel=\"canonical\" href=\"https:\/\/www.bcd.bzh\/becedia\/bretagne-celtique\/2022\/04\/12\/le-gouren-une-tradition-moderne\/\" \/>\n<meta property=\"og:locale\" content=\"fr_FR\" \/>\n<meta property=\"og:type\" content=\"article\" \/>\n<meta property=\"og:title\" content=\"Le gouren, une tradition moderne - La Bretagne, terre celtique ?\" \/>\n<meta property=\"og:description\" content=\"Auteur : Aur\u00e9lie \u00c9pron \/ novembre 2016 Corps \u00e0 corps dont l\u2019histoire est marqu\u00e9e par des r\u00e9cits av\u00e9r\u00e9s ou mythiques, la lutte bretonne \u2013 ou gouren \u2013 constitue un pilier embl\u00e9matique de la ludodiversit\u00e9 bretonne. Origines du gouren ? Le gouren \u2013 dont les origines sont attest\u00e9es d\u00e8s le Moyen \u00c2ge (voir notamment les travaux&hellip; Poursuivre la lecture Le gouren, une tradition moderne\" \/>\n<meta property=\"og:url\" content=\"https:\/\/www.bcd.bzh\/becedia\/bretagne-celtique\/2022\/04\/12\/le-gouren-une-tradition-moderne\/\" \/>\n<meta property=\"og:site_name\" content=\"La Bretagne, terre celtique ?\" \/>\n<meta property=\"article:publisher\" content=\"https:\/\/www.facebook.com\/bretagne.culturediversite\" \/>\n<meta property=\"article:published_time\" content=\"2022-04-12T11:38:53+00:00\" \/>\n<meta property=\"article:modified_time\" content=\"2022-04-27T08:22:48+00:00\" \/>\n<meta property=\"og:image\" content=\"https:\/\/www.bcd.bzh\/becedia\/bretagne-celtique\/wp-content\/uploads\/2022\/04\/le-gouren-estampe-de-prosper-e1649936203882.jpg\" \/>\n\t<meta property=\"og:image:width\" content=\"1349\" \/>\n\t<meta property=\"og:image:height\" content=\"809\" \/>\n\t<meta property=\"og:image:type\" content=\"image\/jpeg\" \/>\n<meta name=\"author\" content=\"Gwena\u00ebl Carvou\" \/>\n<meta name=\"twitter:card\" content=\"summary_large_image\" \/>\n<meta name=\"twitter:creator\" content=\"@BCDsevenaduriou\" \/>\n<meta name=\"twitter:site\" content=\"@BCDsevenaduriou\" \/>\n<meta name=\"twitter:label1\" content=\"\u00c9crit par\" \/>\n\t<meta name=\"twitter:data1\" content=\"Gwena\u00ebl Carvou\" \/>\n\t<meta name=\"twitter:label2\" content=\"Dur\u00e9e de lecture estim\u00e9e\" \/>\n\t<meta name=\"twitter:data2\" content=\"3 minutes\" \/>\n<script type=\"application\/ld+json\" class=\"yoast-schema-graph\">{\"@context\":\"https:\/\/schema.org\",\"@graph\":[{\"@type\":\"Article\",\"@id\":\"https:\/\/www.bcd.bzh\/becedia\/bretagne-celtique\/2022\/04\/12\/le-gouren-une-tradition-moderne\/#article\",\"isPartOf\":{\"@id\":\"https:\/\/www.bcd.bzh\/becedia\/bretagne-celtique\/2022\/04\/12\/le-gouren-une-tradition-moderne\/\"},\"author\":{\"name\":\"Gwena\u00ebl Carvou\",\"@id\":\"https:\/\/www.bcd.bzh\/becedia\/bretagne-celtique\/#\/schema\/person\/681d3d855ee723e66e00f353b354afb2\"},\"headline\":\"Le gouren, une tradition moderne\",\"datePublished\":\"2022-04-12T11:38:53+00:00\",\"dateModified\":\"2022-04-27T08:22:48+00:00\",\"mainEntityOfPage\":{\"@id\":\"https:\/\/www.bcd.bzh\/becedia\/bretagne-celtique\/2022\/04\/12\/le-gouren-une-tradition-moderne\/\"},\"wordCount\":523,\"commentCount\":0,\"publisher\":{\"@id\":\"https:\/\/www.bcd.bzh\/becedia\/bretagne-celtique\/#organization\"},\"image\":{\"@id\":\"https:\/\/www.bcd.bzh\/becedia\/bretagne-celtique\/2022\/04\/12\/le-gouren-une-tradition-moderne\/#primaryimage\"},\"thumbnailUrl\":\"https:\/\/www.bcd.bzh\/becedia\/bretagne-celtique\/wp-content\/uploads\/2022\/04\/le-gouren-estampe-de-prosper-e1649936203882.jpg\",\"articleSection\":[\"Celt'attitude\"],\"inLanguage\":\"fr-FR\",\"potentialAction\":[{\"@type\":\"CommentAction\",\"name\":\"Comment\",\"target\":[\"https:\/\/www.bcd.bzh\/becedia\/bretagne-celtique\/2022\/04\/12\/le-gouren-une-tradition-moderne\/#respond\"]}]},{\"@type\":\"WebPage\",\"@id\":\"https:\/\/www.bcd.bzh\/becedia\/bretagne-celtique\/2022\/04\/12\/le-gouren-une-tradition-moderne\/\",\"url\":\"https:\/\/www.bcd.bzh\/becedia\/bretagne-celtique\/2022\/04\/12\/le-gouren-une-tradition-moderne\/\",\"name\":\"Le gouren, une tradition moderne - La Bretagne, terre celtique ?\",\"isPartOf\":{\"@id\":\"https:\/\/www.bcd.bzh\/becedia\/bretagne-celtique\/#website\"},\"primaryImageOfPage\":{\"@id\":\"https:\/\/www.bcd.bzh\/becedia\/bretagne-celtique\/2022\/04\/12\/le-gouren-une-tradition-moderne\/#primaryimage\"},\"image\":{\"@id\":\"https:\/\/www.bcd.bzh\/becedia\/bretagne-celtique\/2022\/04\/12\/le-gouren-une-tradition-moderne\/#primaryimage\"},\"thumbnailUrl\":\"https:\/\/www.bcd.bzh\/becedia\/bretagne-celtique\/wp-content\/uploads\/2022\/04\/le-gouren-estampe-de-prosper-e1649936203882.jpg\",\"datePublished\":\"2022-04-12T11:38:53+00:00\",\"dateModified\":\"2022-04-27T08:22:48+00:00\",\"breadcrumb\":{\"@id\":\"https:\/\/www.bcd.bzh\/becedia\/bretagne-celtique\/2022\/04\/12\/le-gouren-une-tradition-moderne\/#breadcrumb\"},\"inLanguage\":\"fr-FR\",\"potentialAction\":[{\"@type\":\"ReadAction\",\"target\":[\"https:\/\/www.bcd.bzh\/becedia\/bretagne-celtique\/2022\/04\/12\/le-gouren-une-tradition-moderne\/\"]}]},{\"@type\":\"ImageObject\",\"inLanguage\":\"fr-FR\",\"@id\":\"https:\/\/www.bcd.bzh\/becedia\/bretagne-celtique\/2022\/04\/12\/le-gouren-une-tradition-moderne\/#primaryimage\",\"url\":\"https:\/\/www.bcd.bzh\/becedia\/bretagne-celtique\/wp-content\/uploads\/2022\/04\/le-gouren-estampe-de-prosper-e1649936203882.jpg\",\"contentUrl\":\"https:\/\/www.bcd.bzh\/becedia\/bretagne-celtique\/wp-content\/uploads\/2022\/04\/le-gouren-estampe-de-prosper-e1649936203882.jpg\",\"width\":1349,\"height\":809,\"caption\":\"\\\"Martin Eug\u00e8ne Prosper, La lutte, estampe (eau-forte) \u00bb [extrait], dans Les Bretons, m\u0153urs et coutumes, Paris, 1868. Coll. Mus\u00e9e d\u00e9partemental breton de Quimper\"},{\"@type\":\"BreadcrumbList\",\"@id\":\"https:\/\/www.bcd.bzh\/becedia\/bretagne-celtique\/2022\/04\/12\/le-gouren-une-tradition-moderne\/#breadcrumb\",\"itemListElement\":[{\"@type\":\"ListItem\",\"position\":1,\"name\":\"Accueil\",\"item\":\"https:\/\/www.bcd.bzh\/becedia\/bretagne-celtique\/\"},{\"@type\":\"ListItem\",\"position\":2,\"name\":\"Le gouren, une tradition moderne\"}]},{\"@type\":\"WebSite\",\"@id\":\"https:\/\/www.bcd.bzh\/becedia\/bretagne-celtique\/#website\",\"url\":\"https:\/\/www.bcd.bzh\/becedia\/bretagne-celtique\/\",\"name\":\"La Bretagne, terre celtique ?\",\"description\":\"Bretagne Culture Diversit\u00e9\",\"publisher\":{\"@id\":\"https:\/\/www.bcd.bzh\/becedia\/bretagne-celtique\/#organization\"},\"potentialAction\":[{\"@type\":\"SearchAction\",\"target\":{\"@type\":\"EntryPoint\",\"urlTemplate\":\"https:\/\/www.bcd.bzh\/becedia\/bretagne-celtique\/?s={search_term_string}\"},\"query-input\":{\"@type\":\"PropertyValueSpecification\",\"valueRequired\":true,\"valueName\":\"search_term_string\"}}],\"inLanguage\":\"fr-FR\"},{\"@type\":\"Organization\",\"@id\":\"https:\/\/www.bcd.bzh\/becedia\/bretagne-celtique\/#organization\",\"name\":\"Bretagne Culture Diversit\u00e9\",\"url\":\"https:\/\/www.bcd.bzh\/becedia\/bretagne-celtique\/\",\"logo\":{\"@type\":\"ImageObject\",\"inLanguage\":\"fr-FR\",\"@id\":\"https:\/\/www.bcd.bzh\/becedia\/bretagne-celtique\/#\/schema\/logo\/image\/\",\"url\":\"https:\/\/www.bcd.bzh\/becedia\/bretagne-celtique\/wp-content\/uploads\/2022\/06\/Logo_Bretagne_Culture_Diversite.png\",\"contentUrl\":\"https:\/\/www.bcd.bzh\/becedia\/bretagne-celtique\/wp-content\/uploads\/2022\/06\/Logo_Bretagne_Culture_Diversite.png\",\"width\":400,\"height\":360,\"caption\":\"Bretagne Culture Diversit\u00e9\"},\"image\":{\"@id\":\"https:\/\/www.bcd.bzh\/becedia\/bretagne-celtique\/#\/schema\/logo\/image\/\"},\"sameAs\":[\"https:\/\/www.facebook.com\/bretagne.culturediversite\",\"https:\/\/x.com\/BCDsevenaduriou\"]},{\"@type\":\"Person\",\"@id\":\"https:\/\/www.bcd.bzh\/becedia\/bretagne-celtique\/#\/schema\/person\/681d3d855ee723e66e00f353b354afb2\",\"name\":\"Gwena\u00ebl Carvou\",\"image\":{\"@type\":\"ImageObject\",\"inLanguage\":\"fr-FR\",\"@id\":\"https:\/\/www.bcd.bzh\/becedia\/bretagne-celtique\/#\/schema\/person\/image\/\",\"url\":\"https:\/\/secure.gravatar.com\/avatar\/b8b255636c76cb91ef757e23e27175c6ae32349f6a2a05d1b95a86f3078094c8?s=96&d=mm&r=g\",\"contentUrl\":\"https:\/\/secure.gravatar.com\/avatar\/b8b255636c76cb91ef757e23e27175c6ae32349f6a2a05d1b95a86f3078094c8?s=96&d=mm&r=g\",\"caption\":\"Gwena\u00ebl Carvou\"},\"url\":\"https:\/\/www.bcd.bzh\/becedia\/bretagne-celtique\/author\/gcarvou\/\"}]}<\/script>\n<!-- \/ Yoast SEO plugin. -->","yoast_head_json":{"title":"Le gouren, une tradition moderne - La Bretagne, terre celtique ?","robots":{"index":"index","follow":"follow","max-snippet":"max-snippet:-1","max-image-preview":"max-image-preview:large","max-video-preview":"max-video-preview:-1"},"canonical":"https:\/\/www.bcd.bzh\/becedia\/bretagne-celtique\/2022\/04\/12\/le-gouren-une-tradition-moderne\/","og_locale":"fr_FR","og_type":"article","og_title":"Le gouren, une tradition moderne - La Bretagne, terre celtique ?","og_description":"Auteur : Aur\u00e9lie \u00c9pron \/ novembre 2016 Corps \u00e0 corps dont l\u2019histoire est marqu\u00e9e par des r\u00e9cits av\u00e9r\u00e9s ou mythiques, la lutte bretonne \u2013 ou gouren \u2013 constitue un pilier embl\u00e9matique de la ludodiversit\u00e9 bretonne. Origines du gouren ? Le gouren \u2013 dont les origines sont attest\u00e9es d\u00e8s le Moyen \u00c2ge (voir notamment les travaux&hellip; Poursuivre la lecture Le gouren, une tradition moderne","og_url":"https:\/\/www.bcd.bzh\/becedia\/bretagne-celtique\/2022\/04\/12\/le-gouren-une-tradition-moderne\/","og_site_name":"La Bretagne, terre celtique ?","article_publisher":"https:\/\/www.facebook.com\/bretagne.culturediversite","article_published_time":"2022-04-12T11:38:53+00:00","article_modified_time":"2022-04-27T08:22:48+00:00","og_image":[{"width":1349,"height":809,"url":"https:\/\/www.bcd.bzh\/becedia\/bretagne-celtique\/wp-content\/uploads\/2022\/04\/le-gouren-estampe-de-prosper-e1649936203882.jpg","type":"image\/jpeg"}],"author":"Gwena\u00ebl Carvou","twitter_card":"summary_large_image","twitter_creator":"@BCDsevenaduriou","twitter_site":"@BCDsevenaduriou","twitter_misc":{"\u00c9crit par":"Gwena\u00ebl Carvou","Dur\u00e9e de lecture estim\u00e9e":"3 minutes"},"schema":{"@context":"https:\/\/schema.org","@graph":[{"@type":"Article","@id":"https:\/\/www.bcd.bzh\/becedia\/bretagne-celtique\/2022\/04\/12\/le-gouren-une-tradition-moderne\/#article","isPartOf":{"@id":"https:\/\/www.bcd.bzh\/becedia\/bretagne-celtique\/2022\/04\/12\/le-gouren-une-tradition-moderne\/"},"author":{"name":"Gwena\u00ebl Carvou","@id":"https:\/\/www.bcd.bzh\/becedia\/bretagne-celtique\/#\/schema\/person\/681d3d855ee723e66e00f353b354afb2"},"headline":"Le gouren, une tradition moderne","datePublished":"2022-04-12T11:38:53+00:00","dateModified":"2022-04-27T08:22:48+00:00","mainEntityOfPage":{"@id":"https:\/\/www.bcd.bzh\/becedia\/bretagne-celtique\/2022\/04\/12\/le-gouren-une-tradition-moderne\/"},"wordCount":523,"commentCount":0,"publisher":{"@id":"https:\/\/www.bcd.bzh\/becedia\/bretagne-celtique\/#organization"},"image":{"@id":"https:\/\/www.bcd.bzh\/becedia\/bretagne-celtique\/2022\/04\/12\/le-gouren-une-tradition-moderne\/#primaryimage"},"thumbnailUrl":"https:\/\/www.bcd.bzh\/becedia\/bretagne-celtique\/wp-content\/uploads\/2022\/04\/le-gouren-estampe-de-prosper-e1649936203882.jpg","articleSection":["Celt'attitude"],"inLanguage":"fr-FR","potentialAction":[{"@type":"CommentAction","name":"Comment","target":["https:\/\/www.bcd.bzh\/becedia\/bretagne-celtique\/2022\/04\/12\/le-gouren-une-tradition-moderne\/#respond"]}]},{"@type":"WebPage","@id":"https:\/\/www.bcd.bzh\/becedia\/bretagne-celtique\/2022\/04\/12\/le-gouren-une-tradition-moderne\/","url":"https:\/\/www.bcd.bzh\/becedia\/bretagne-celtique\/2022\/04\/12\/le-gouren-une-tradition-moderne\/","name":"Le gouren, une tradition moderne - La Bretagne, terre celtique ?","isPartOf":{"@id":"https:\/\/www.bcd.bzh\/becedia\/bretagne-celtique\/#website"},"primaryImageOfPage":{"@id":"https:\/\/www.bcd.bzh\/becedia\/bretagne-celtique\/2022\/04\/12\/le-gouren-une-tradition-moderne\/#primaryimage"},"image":{"@id":"https:\/\/www.bcd.bzh\/becedia\/bretagne-celtique\/2022\/04\/12\/le-gouren-une-tradition-moderne\/#primaryimage"},"thumbnailUrl":"https:\/\/www.bcd.bzh\/becedia\/bretagne-celtique\/wp-content\/uploads\/2022\/04\/le-gouren-estampe-de-prosper-e1649936203882.jpg","datePublished":"2022-04-12T11:38:53+00:00","dateModified":"2022-04-27T08:22:48+00:00","breadcrumb":{"@id":"https:\/\/www.bcd.bzh\/becedia\/bretagne-celtique\/2022\/04\/12\/le-gouren-une-tradition-moderne\/#breadcrumb"},"inLanguage":"fr-FR","potentialAction":[{"@type":"ReadAction","target":["https:\/\/www.bcd.bzh\/becedia\/bretagne-celtique\/2022\/04\/12\/le-gouren-une-tradition-moderne\/"]}]},{"@type":"ImageObject","inLanguage":"fr-FR","@id":"https:\/\/www.bcd.bzh\/becedia\/bretagne-celtique\/2022\/04\/12\/le-gouren-une-tradition-moderne\/#primaryimage","url":"https:\/\/www.bcd.bzh\/becedia\/bretagne-celtique\/wp-content\/uploads\/2022\/04\/le-gouren-estampe-de-prosper-e1649936203882.jpg","contentUrl":"https:\/\/www.bcd.bzh\/becedia\/bretagne-celtique\/wp-content\/uploads\/2022\/04\/le-gouren-estampe-de-prosper-e1649936203882.jpg","width":1349,"height":809,"caption":"\"Martin Eug\u00e8ne Prosper, La lutte, estampe (eau-forte) \u00bb [extrait], dans Les Bretons, m\u0153urs et coutumes, Paris, 1868. Coll. Mus\u00e9e d\u00e9partemental breton de Quimper"},{"@type":"BreadcrumbList","@id":"https:\/\/www.bcd.bzh\/becedia\/bretagne-celtique\/2022\/04\/12\/le-gouren-une-tradition-moderne\/#breadcrumb","itemListElement":[{"@type":"ListItem","position":1,"name":"Accueil","item":"https:\/\/www.bcd.bzh\/becedia\/bretagne-celtique\/"},{"@type":"ListItem","position":2,"name":"Le gouren, une tradition moderne"}]},{"@type":"WebSite","@id":"https:\/\/www.bcd.bzh\/becedia\/bretagne-celtique\/#website","url":"https:\/\/www.bcd.bzh\/becedia\/bretagne-celtique\/","name":"La Bretagne, terre celtique ?","description":"Bretagne Culture Diversit\u00e9","publisher":{"@id":"https:\/\/www.bcd.bzh\/becedia\/bretagne-celtique\/#organization"},"potentialAction":[{"@type":"SearchAction","target":{"@type":"EntryPoint","urlTemplate":"https:\/\/www.bcd.bzh\/becedia\/bretagne-celtique\/?s={search_term_string}"},"query-input":{"@type":"PropertyValueSpecification","valueRequired":true,"valueName":"search_term_string"}}],"inLanguage":"fr-FR"},{"@type":"Organization","@id":"https:\/\/www.bcd.bzh\/becedia\/bretagne-celtique\/#organization","name":"Bretagne Culture Diversit\u00e9","url":"https:\/\/www.bcd.bzh\/becedia\/bretagne-celtique\/","logo":{"@type":"ImageObject","inLanguage":"fr-FR","@id":"https:\/\/www.bcd.bzh\/becedia\/bretagne-celtique\/#\/schema\/logo\/image\/","url":"https:\/\/www.bcd.bzh\/becedia\/bretagne-celtique\/wp-content\/uploads\/2022\/06\/Logo_Bretagne_Culture_Diversite.png","contentUrl":"https:\/\/www.bcd.bzh\/becedia\/bretagne-celtique\/wp-content\/uploads\/2022\/06\/Logo_Bretagne_Culture_Diversite.png","width":400,"height":360,"caption":"Bretagne Culture Diversit\u00e9"},"image":{"@id":"https:\/\/www.bcd.bzh\/becedia\/bretagne-celtique\/#\/schema\/logo\/image\/"},"sameAs":["https:\/\/www.facebook.com\/bretagne.culturediversite","https:\/\/x.com\/BCDsevenaduriou"]},{"@type":"Person","@id":"https:\/\/www.bcd.bzh\/becedia\/bretagne-celtique\/#\/schema\/person\/681d3d855ee723e66e00f353b354afb2","name":"Gwena\u00ebl Carvou","image":{"@type":"ImageObject","inLanguage":"fr-FR","@id":"https:\/\/www.bcd.bzh\/becedia\/bretagne-celtique\/#\/schema\/person\/image\/","url":"https:\/\/secure.gravatar.com\/avatar\/b8b255636c76cb91ef757e23e27175c6ae32349f6a2a05d1b95a86f3078094c8?s=96&d=mm&r=g","contentUrl":"https:\/\/secure.gravatar.com\/avatar\/b8b255636c76cb91ef757e23e27175c6ae32349f6a2a05d1b95a86f3078094c8?s=96&d=mm&r=g","caption":"Gwena\u00ebl Carvou"},"url":"https:\/\/www.bcd.bzh\/becedia\/bretagne-celtique\/author\/gcarvou\/"}]}},"_links":{"self":[{"href":"https:\/\/www.bcd.bzh\/becedia\/bretagne-celtique\/wp-json\/wp\/v2\/posts\/232","targetHints":{"allow":["GET"]}}],"collection":[{"href":"https:\/\/www.bcd.bzh\/becedia\/bretagne-celtique\/wp-json\/wp\/v2\/posts"}],"about":[{"href":"https:\/\/www.bcd.bzh\/becedia\/bretagne-celtique\/wp-json\/wp\/v2\/types\/post"}],"author":[{"embeddable":true,"href":"https:\/\/www.bcd.bzh\/becedia\/bretagne-celtique\/wp-json\/wp\/v2\/users\/2"}],"replies":[{"embeddable":true,"href":"https:\/\/www.bcd.bzh\/becedia\/bretagne-celtique\/wp-json\/wp\/v2\/comments?post=232"}],"version-history":[{"count":7,"href":"https:\/\/www.bcd.bzh\/becedia\/bretagne-celtique\/wp-json\/wp\/v2\/posts\/232\/revisions"}],"predecessor-version":[{"id":600,"href":"https:\/\/www.bcd.bzh\/becedia\/bretagne-celtique\/wp-json\/wp\/v2\/posts\/232\/revisions\/600"}],"wp:featuredmedia":[{"embeddable":true,"href":"https:\/\/www.bcd.bzh\/becedia\/bretagne-celtique\/wp-json\/wp\/v2\/media\/234"}],"wp:attachment":[{"href":"https:\/\/www.bcd.bzh\/becedia\/bretagne-celtique\/wp-json\/wp\/v2\/media?parent=232"}],"wp:term":[{"taxonomy":"category","embeddable":true,"href":"https:\/\/www.bcd.bzh\/becedia\/bretagne-celtique\/wp-json\/wp\/v2\/categories?post=232"},{"taxonomy":"post_tag","embeddable":true,"href":"https:\/\/www.bcd.bzh\/becedia\/bretagne-celtique\/wp-json\/wp\/v2\/tags?post=232"}],"curies":[{"name":"wp","href":"https:\/\/api.w.org\/{rel}","templated":true}]}}