{"id":243,"date":"2022-04-13T13:45:46","date_gmt":"2022-04-13T11:45:46","guid":{"rendered":"https:\/\/www.bcd.bzh\/becedia\/bretagne-celtique\/?p=243"},"modified":"2022-04-27T10:22:11","modified_gmt":"2022-04-27T08:22:11","slug":"an-delenn-la-harpe-celtique","status":"publish","type":"post","link":"https:\/\/www.bcd.bzh\/becedia\/bretagne-celtique\/2022\/04\/13\/an-delenn-la-harpe-celtique\/","title":{"rendered":"An delenn &#8211; la harpe celtique"},"content":{"rendered":"\n<p><em>Auteur : Armel Morgant \/ d\u00e9cembre 2016<\/em><\/p>\n\n\n\n<p><strong>Le premier mouvement de renouveau de la musique traditionnelle bretonne des ann\u00e9es 1940 avait pris pour r\u00e9f\u00e9rence le tr\u00e8s embl\u00e9matique couple bombarde-biniou. En pleine p\u00e9riode folk pendant les ann\u00e9es 70, il fut pris pour embl\u00e8me un instrument \u00e0 cordes, alors nouvellement apparu, la harpe dite \u00ab celtique \u00bb.<\/strong><\/p>\n\n\n\n<h3 class=\"wp-block-heading\">Une histoire qui commence avec le romantisme<\/h3>\n\n\n\n<p>C\u2019est v\u00e9ritablement \u00e0 l\u2019aube des ann\u00e9es 1970 que la \u00ab harpe celtique \u00bb s\u2019est popularis\u00e9e en Bretagne. On entend par l\u00e0 un instrument inspir\u00e9 de ceux de l\u2019Irlande et de l\u2019\u00c9cosse d\u2019autrefois, dont nous sont rest\u00e9s quelques rares exemplaires. Longtemps elle fut connue comme \u00ab harpe irlandaise \u00bb ou \u00ab petite harpe \u00bb (avec ses quelque trente cordes) en comparaison avec la \u00ab grande harpe classique \u00bb (avec ses quarante-sept cordes et son syst\u00e8me de p\u00e9dales).<\/p>\n\n\n\n<p>Le ph\u00e9nom\u00e8ne s\u2019est pr\u00e9par\u00e9 pendant pr\u00e8s de deux si\u00e8cles. Il remonte au romantisme, et peut-\u00eatre m\u00eame \u00e0 l\u2019Ossian de l\u2019\u00c9cossais James MacPherson, paru au XVIIIe si\u00e8cle, que son auteur disait \u00eatre l\u2019\u0153uvre d\u2019un tr\u00e8s ancien barde \u00e9cossais. L\u2019un des \u00e9v\u00e9nements d\u00e9terminants dans cette histoire fut certainement la lettre re\u00e7ue par Hersart de La Villemarqu\u00e9 de la part du pasteur gallois Thomas Price lui demandant, comme allant de soi : \u00ab Qu\u2019en est-il aujourd\u2019hui de la harpe en Bretagne ? \u00bb \u00c0 la suite d\u2019un voyage au pays de Galles, au cours duquel l\u2019auteur du Barzaz-Breiz prit contact avec des harpistes, un harpiste gallois, accompagn\u00e9 de sa fille, fut invit\u00e9 \u00e0 l\u2019occasion du congr\u00e8s celtique de 1867. Encore ceux-ci jouaient-ils de la harpe galloise, qui n\u2019a d\u00e9j\u00e0 plus grand-chose \u00e0 voir avec ce qu\u2019on entend aujourd\u2019hui par harpe celtique.<\/p>\n\n\n\n<h3 class=\"wp-block-heading\">Les pionniers de la harpe en Bretagne<\/h3>\n\n\n\n<p>Le premier Breton \u00e0 s\u2019\u00eatre mis \u00e0 une harpe celtique est Paul Diverr\u00e8s. Originaire de Lorient, il avait \u00e9tudi\u00e9 la m\u00e9decine \u00e0 Paris, o\u00f9 il avait pris des cours aupr\u00e8s d\u2019une harpiste classique. Membre et harpiste officiel du gorsedd, assembl\u00e9e des \u00ab druides \u00bb de Bretagne, il \u00e9pousa une harpiste galloise, et finit ses jours outre-Manche. Des photos du d\u00e9but du XXe si\u00e8cle le montrent jouant d\u2019une harpe Egan de fabrication irlandaise lors de manifestations n\u00e9odruidiques. Il ne fit pas \u00e9cole, et Mme de Boisboissel, adepte, elle, de la harpe classique, lui succ\u00e9da \u00e0 ce poste.<\/p>\n\n\n\n<p>Dans les ann\u00e9es 1930, ce m\u00eame gorsedd invita la harpiste \u00e9cossaise Eloise Russell Fergusson \u00e0 se produire en Bretagne. Gildas Jaffrenou en profita pour relever les cotes de l\u2019instrument, et fabriqua la premi\u00e8re harpe \u00ab celtique \u00bb de Bretagne, qui s\u2019av\u00e9ra non jouable.<\/p>\n\n\n\n<h3 class=\"wp-block-heading\">L\u2019invention de la \u00ab harpe celtique \u00bb<\/h3>\n\n\n\n<p>C\u2019est au lendemain de la Seconde Guerre mondiale que tout se concr\u00e9tisa, gr\u00e2ce \u00e0 Georges Cochevelou, Gourinois de Paris. Durant l\u2019Occupation, il \u00e9tait entr\u00e9 en contact avec le professeur de harpe du conservatoire de Clermont-Ferrand, M. Hamonic, propri\u00e9taire d\u2019une harpe irlandaise qui pour lui ne fut jamais qu\u2019un instrument de voyage. Dans l\u2019imm\u00e9diat apr\u00e8s-guerre, G. Cochevelou prit contact avec Gildas Jaffrenou qui, depuis la Grande-Bretagne, lui communiqua des plans d\u2019instruments. Il fabriqua alors sa premi\u00e8re harpe pour laquelle son fils Alain se prit de passion. Apr\u00e8s avoir pris des cours aupr\u00e8s de Denise M\u00e9gevand et s\u2019\u00eatre fait conna\u00eetre dans les milieux bretons, puis dans le monde du folk des ann\u00e9es 1970, celui-ci se lan\u00e7a dans le show-business sous le pseudonyme d\u2019Alan Stivell, popularisant l\u2019instrument au niveau international.<\/p>\n\n\n\n<div class=\"wp-block-columns is-layout-flex wp-container-core-columns-is-layout-9d6595d7 wp-block-columns-is-layout-flex\">\n<div class=\"wp-block-column is-layout-flow wp-block-column-is-layout-flow\">\n<figure class=\"wp-block-image size-full is-resized\"><img loading=\"lazy\" decoding=\"async\" src=\"https:\/\/www.bcd.bzh\/becedia\/bretagne-celtique\/wp-content\/uploads\/2022\/04\/Harpe-Cochevelou.jpg\" alt=\"\" class=\"wp-image-246\" width=\"285\" height=\"380\" srcset=\"https:\/\/www.bcd.bzh\/becedia\/bretagne-celtique\/wp-content\/uploads\/2022\/04\/Harpe-Cochevelou.jpg 624w, https:\/\/www.bcd.bzh\/becedia\/bretagne-celtique\/wp-content\/uploads\/2022\/04\/Harpe-Cochevelou-225x300.jpg 225w\" sizes=\"auto, (max-width: 285px) 100vw, 285px\" \/><figcaption><em>Photo : Les enfants d\u2019Annaig Renault<\/em><\/figcaption><\/figure>\n<\/div>\n\n\n\n<div class=\"wp-block-column is-layout-flow wp-block-column-is-layout-flow\">\n<p><strong>Harpe Cochevelou<br><\/strong><em>On peut lire \u00e0 l\u2019int\u00e9rieur de cette harpe l\u2019inscription laiss\u00e9e par Georges Cochevelou :<br>\u201cIjinet, aozet ha kampennet on bet gant an Ao. Cochevelou e bl 1967 war an amboaz d\u2019an Dim Anaig Renaod. Me a gano ho meleudi war an Delenn, o Doue, va Doue. \u00bb<br>\u00ab J\u2019ai \u00e9t\u00e9 imagin\u00e9e, con\u00e7ue et pr\u00e9par\u00e9e par M. Cochevelou en l\u2019an 1967. A l\u2019intention de mademoiselle Annaig Renault. Je chanterai vos louanges \u00e0 la harpe, \u00f4 Dieu, mon Dieu. \u00bb<\/em><\/p>\n<\/div>\n<\/div>\n\n\n\n<p>Au d\u00e9but des ann\u00e9es 1950 s\u2019\u00e9tait \u00e9galement mont\u00e9 au sein de la communaut\u00e9 scoute bretonne de Paris un ensemble f\u00e9minin de harpes, la Telenn Bleimor (la \u00ab harpe Bleimor \u00bb). La plupart de ses membres se sont fait un nom, qui dans la musique bretonne, qui dans la musique ancienne, voire dans l\u2019enseignement : Mariannig Larc\u2019hantec, Rozenn Guilcher, Kristen Nogu\u00e8s, Fran\u00e7oise Johannel en sont issues. On peut consid\u00e9rer que c\u2019est gr\u00e2ce \u00e0 ce double mouvement, parisien d\u2019origine, que la harpe celtique a v\u00e9ritablement pris son essor.<\/p>\n\n\n\n<div class=\"wp-block-buttons is-content-justification-center is-layout-flex wp-container-core-buttons-is-layout-16018d1d wp-block-buttons-is-layout-flex\">\n<div class=\"wp-block-button\"><a class=\"wp-block-button__link\" href=\"http:\/\/bcd.bzh\/becedia\/fr\/an-delenn-la-harpe-celtique\" target=\"_blank\" rel=\"noreferrer noopener\">Lire la suite sur B\u00e9c\u00e9dia<\/a><\/div>\n<\/div>\n\n\n<ul class=\"wp-block-latest-posts__list is-grid columns-4 wp-block-latest-posts\"><li><div class=\"wp-block-latest-posts__featured-image\"><img loading=\"lazy\" decoding=\"async\" width=\"150\" height=\"150\" src=\"https:\/\/www.bcd.bzh\/becedia\/bretagne-celtique\/wp-content\/uploads\/2022\/04\/Alan-stivell-e1651055397868-150x150.jpg\" class=\"attachment-thumbnail size-thumbnail wp-post-image\" alt=\"\" style=\"width:100%;height:59.93%;max-width:1183px;\" srcset=\"https:\/\/www.bcd.bzh\/becedia\/bretagne-celtique\/wp-content\/uploads\/2022\/04\/Alan-stivell-e1651055397868-150x150.jpg 150w, https:\/\/www.bcd.bzh\/becedia\/bretagne-celtique\/wp-content\/uploads\/2022\/04\/Alan-stivell-e1651055397868-600x600.jpg 600w\" sizes=\"auto, (max-width: 150px) 100vw, 150px\" \/><\/div><a class=\"wp-block-latest-posts__post-title\" href=\"https:\/\/www.bcd.bzh\/becedia\/bretagne-celtique\/2022\/04\/27\/alan-stivell-a-lolympia-en-1972\/\">Alan Stivell \u00e0 l\u2019Olympia en 1972<\/a><\/li>\n<li><div class=\"wp-block-latest-posts__featured-image\"><img loading=\"lazy\" decoding=\"async\" width=\"150\" height=\"150\" src=\"https:\/\/www.bcd.bzh\/becedia\/bretagne-celtique\/wp-content\/uploads\/2022\/04\/fil_c-2019_-_the_international_celtic_pipes_and_drums_pendant_la_grande_parade-e1650034576706-150x150.jpg\" class=\"attachment-thumbnail size-thumbnail wp-post-image\" alt=\"\" style=\"width:100%;height:60%;max-width:800px;\" \/><\/div><a class=\"wp-block-latest-posts__post-title\" href=\"https:\/\/www.bcd.bzh\/becedia\/bretagne-celtique\/2022\/04\/15\/lorient-cinquante-ans-de-fetes-interceltiques\/\">Lorient, cinquante ans de f\u00eates interceltiques<\/a><\/li>\n<li><div class=\"wp-block-latest-posts__featured-image\"><img loading=\"lazy\" decoding=\"async\" width=\"150\" height=\"150\" src=\"https:\/\/www.bcd.bzh\/becedia\/bretagne-celtique\/wp-content\/uploads\/2022\/04\/bagad-e1649937236813-150x150.jpg\" class=\"attachment-thumbnail size-thumbnail wp-post-image\" alt=\"\" style=\"width:100%;height:60.1%;max-width:792px;\" \/><\/div><a class=\"wp-block-latest-posts__post-title\" href=\"https:\/\/www.bcd.bzh\/becedia\/bretagne-celtique\/2022\/04\/14\/les-bagadou\/\">Les Bagado\u00f9<\/a><\/li>\n<li><div class=\"wp-block-latest-posts__featured-image\"><img loading=\"lazy\" decoding=\"async\" width=\"150\" height=\"150\" src=\"https:\/\/www.bcd.bzh\/becedia\/bretagne-celtique\/wp-content\/uploads\/2022\/04\/an-delen-la-harpe-celtique-e1649936723884-150x150.jpg\" class=\"attachment-thumbnail size-thumbnail wp-post-image\" alt=\"\" style=\"width:100%;height:59.97%;max-width:1344px;\" srcset=\"https:\/\/www.bcd.bzh\/becedia\/bretagne-celtique\/wp-content\/uploads\/2022\/04\/an-delen-la-harpe-celtique-e1649936723884-150x150.jpg 150w, https:\/\/www.bcd.bzh\/becedia\/bretagne-celtique\/wp-content\/uploads\/2022\/04\/an-delen-la-harpe-celtique-e1649936723884-600x600.jpg 600w\" sizes=\"auto, (max-width: 150px) 100vw, 150px\" \/><\/div><a class=\"wp-block-latest-posts__post-title\" href=\"https:\/\/www.bcd.bzh\/becedia\/bretagne-celtique\/2022\/04\/13\/an-delenn-la-harpe-celtique\/\">An delenn &#8211; la harpe celtique<\/a><\/li>\n<li><div class=\"wp-block-latest-posts__featured-image\"><img loading=\"lazy\" decoding=\"async\" width=\"150\" height=\"150\" src=\"https:\/\/www.bcd.bzh\/becedia\/bretagne-celtique\/wp-content\/uploads\/2022\/04\/le-gouren-estampe-de-prosper-e1649936203882-150x150.jpg\" class=\"attachment-thumbnail size-thumbnail wp-post-image\" alt=\"\" style=\"width:100%;height:59.97%;max-width:1349px;\" srcset=\"https:\/\/www.bcd.bzh\/becedia\/bretagne-celtique\/wp-content\/uploads\/2022\/04\/le-gouren-estampe-de-prosper-e1649936203882-150x150.jpg 150w, https:\/\/www.bcd.bzh\/becedia\/bretagne-celtique\/wp-content\/uploads\/2022\/04\/le-gouren-estampe-de-prosper-e1649936203882-600x600.jpg 600w\" sizes=\"auto, (max-width: 150px) 100vw, 150px\" \/><\/div><a class=\"wp-block-latest-posts__post-title\" href=\"https:\/\/www.bcd.bzh\/becedia\/bretagne-celtique\/2022\/04\/12\/le-gouren-une-tradition-moderne\/\">Le gouren, une tradition moderne<\/a><\/li>\n<li><div class=\"wp-block-latest-posts__featured-image\"><img loading=\"lazy\" decoding=\"async\" width=\"150\" height=\"150\" src=\"https:\/\/www.bcd.bzh\/becedia\/bretagne-celtique\/wp-content\/uploads\/2022\/04\/Expo_sonerion-e1650034801453-150x150.png\" class=\"attachment-thumbnail size-thumbnail wp-post-image\" alt=\"\" style=\"width:100%;height:60.19%;max-width:932px;\" \/><\/div><a class=\"wp-block-latest-posts__post-title\" href=\"https:\/\/www.bcd.bzh\/becedia\/bretagne-celtique\/2022\/04\/10\/sonerion-une-extraordinaire-aventure\/\">Sonerion, une extraordinaire aventure<\/a><\/li>\n<\/ul>\n\n\n        <div class=\"alignwide nextprev\">\n\n    \n\n\n    \n\n                \n            <a class=\"bcd-lien nextprev__link nextprev__link--prev \" href=\"https:\/\/www.bcd.bzh\/becedia\/bretagne-celtique\/la-construction-recit-regionalisme-nationalisme-interceltisme\/\">\n            <span class=\"arrow\">\n                <svg class=\"icon\" viewBox=\"0 0 20 14\" fill=\"none\" ><path d=\"M7 14L8.41 12.59L3.83 8L20 8L20 6L3.83 6L8.42 1.41L7 -1.1365e-06L6.11959e-07 7L7 14Z\" fill=\"white\"\/><\/svg>    \n            <\/span>\n            <span class=\"link-title\">La construction d\u2019un r\u00e9cit : R\u00e9gionalisme, nationalisme, interceltisme<\/span>\n            \n        <\/a>\n        \n        \n                \n            <a class=\"bcd-lien nextprev__link nextprev__link--next\" href=\"https:\/\/www.bcd.bzh\/becedia\/bretagne-celtique\/les-cliches\/\">Les clich\u00e9s<span class=\"arrow\"> \n                            <svg class=\"icon\" viewBox=\"0 0 20 14\" fill=\"none\"><path d=\"M13 0L11.59 1.41L16.17 6H0V8H16.17L11.58 12.59L13 14L20 7L13 0Z\" fill=\"white\"><\/path><\/svg>\n                        <\/span><\/a>\n        \n            <\/div>\n\n    ","protected":false},"excerpt":{"rendered":"<p>Auteur : Armel Morgant \/ d\u00e9cembre 2016 Le premier mouvement de renouveau de la musique traditionnelle bretonne des ann\u00e9es 1940 avait pris pour r\u00e9f\u00e9rence le tr\u00e8s embl\u00e9matique couple bombarde-biniou. En pleine p\u00e9riode folk pendant les ann\u00e9es 70, il fut pris pour embl\u00e8me un instrument \u00e0 cordes, alors nouvellement apparu, la harpe dite \u00ab celtique \u00bb.&hellip; <a class=\"more-link\" href=\"https:\/\/www.bcd.bzh\/becedia\/bretagne-celtique\/2022\/04\/13\/an-delenn-la-harpe-celtique\/\">Poursuivre la lecture <span class=\"screen-reader-text\">An delenn &#8211; la harpe celtique<\/span><\/a><\/p>\n","protected":false},"author":2,"featured_media":245,"comment_status":"open","ping_status":"open","sticky":false,"template":"","format":"standard","meta":{"_acf_changed":false,"footnotes":""},"categories":[9],"tags":[],"class_list":["post-243","post","type-post","status-publish","format-standard","has-post-thumbnail","hentry","category-celtattitude","entry"],"acf":[],"yoast_head":"<!-- This site is optimized with the Yoast SEO plugin v24.2 - https:\/\/yoast.com\/wordpress\/plugins\/seo\/ -->\n<title>An delenn - la harpe celtique - La Bretagne, terre celtique ?<\/title>\n<meta name=\"robots\" content=\"index, follow, max-snippet:-1, max-image-preview:large, max-video-preview:-1\" \/>\n<link rel=\"canonical\" href=\"https:\/\/www.bcd.bzh\/becedia\/bretagne-celtique\/2022\/04\/13\/an-delenn-la-harpe-celtique\/\" \/>\n<meta property=\"og:locale\" content=\"fr_FR\" \/>\n<meta property=\"og:type\" content=\"article\" \/>\n<meta property=\"og:title\" content=\"An delenn - la harpe celtique - La Bretagne, terre celtique ?\" \/>\n<meta property=\"og:description\" content=\"Auteur : Armel Morgant \/ d\u00e9cembre 2016 Le premier mouvement de renouveau de la musique traditionnelle bretonne des ann\u00e9es 1940 avait pris pour r\u00e9f\u00e9rence le tr\u00e8s embl\u00e9matique couple bombarde-biniou. En pleine p\u00e9riode folk pendant les ann\u00e9es 70, il fut pris pour embl\u00e8me un instrument \u00e0 cordes, alors nouvellement apparu, la harpe dite \u00ab celtique \u00bb.&hellip; Poursuivre la lecture An delenn &#8211; la harpe celtique\" \/>\n<meta property=\"og:url\" content=\"https:\/\/www.bcd.bzh\/becedia\/bretagne-celtique\/2022\/04\/13\/an-delenn-la-harpe-celtique\/\" \/>\n<meta property=\"og:site_name\" content=\"La Bretagne, terre celtique ?\" \/>\n<meta property=\"article:publisher\" content=\"https:\/\/www.facebook.com\/bretagne.culturediversite\" \/>\n<meta property=\"article:published_time\" content=\"2022-04-13T11:45:46+00:00\" \/>\n<meta property=\"article:modified_time\" content=\"2022-04-27T08:22:11+00:00\" \/>\n<meta property=\"og:image\" content=\"https:\/\/www.bcd.bzh\/becedia\/bretagne-celtique\/wp-content\/uploads\/2022\/04\/an-delen-la-harpe-celtique-e1649936723884.jpg\" \/>\n\t<meta property=\"og:image:width\" content=\"1344\" \/>\n\t<meta property=\"og:image:height\" content=\"806\" \/>\n\t<meta property=\"og:image:type\" content=\"image\/jpeg\" \/>\n<meta name=\"author\" content=\"Gwena\u00ebl Carvou\" \/>\n<meta name=\"twitter:card\" content=\"summary_large_image\" \/>\n<meta name=\"twitter:creator\" content=\"@BCDsevenaduriou\" \/>\n<meta name=\"twitter:site\" content=\"@BCDsevenaduriou\" \/>\n<meta name=\"twitter:label1\" content=\"\u00c9crit par\" \/>\n\t<meta name=\"twitter:data1\" content=\"Gwena\u00ebl Carvou\" \/>\n\t<meta name=\"twitter:label2\" content=\"Dur\u00e9e de lecture estim\u00e9e\" \/>\n\t<meta name=\"twitter:data2\" content=\"4 minutes\" \/>\n<script type=\"application\/ld+json\" class=\"yoast-schema-graph\">{\"@context\":\"https:\/\/schema.org\",\"@graph\":[{\"@type\":\"Article\",\"@id\":\"https:\/\/www.bcd.bzh\/becedia\/bretagne-celtique\/2022\/04\/13\/an-delenn-la-harpe-celtique\/#article\",\"isPartOf\":{\"@id\":\"https:\/\/www.bcd.bzh\/becedia\/bretagne-celtique\/2022\/04\/13\/an-delenn-la-harpe-celtique\/\"},\"author\":{\"name\":\"Gwena\u00ebl Carvou\",\"@id\":\"https:\/\/www.bcd.bzh\/becedia\/bretagne-celtique\/#\/schema\/person\/681d3d855ee723e66e00f353b354afb2\"},\"headline\":\"An delenn &#8211; la harpe celtique\",\"datePublished\":\"2022-04-13T11:45:46+00:00\",\"dateModified\":\"2022-04-27T08:22:11+00:00\",\"mainEntityOfPage\":{\"@id\":\"https:\/\/www.bcd.bzh\/becedia\/bretagne-celtique\/2022\/04\/13\/an-delenn-la-harpe-celtique\/\"},\"wordCount\":799,\"commentCount\":0,\"publisher\":{\"@id\":\"https:\/\/www.bcd.bzh\/becedia\/bretagne-celtique\/#organization\"},\"image\":{\"@id\":\"https:\/\/www.bcd.bzh\/becedia\/bretagne-celtique\/2022\/04\/13\/an-delenn-la-harpe-celtique\/#primaryimage\"},\"thumbnailUrl\":\"https:\/\/www.bcd.bzh\/becedia\/bretagne-celtique\/wp-content\/uploads\/2022\/04\/an-delen-la-harpe-celtique-e1649936723884.jpg\",\"articleSection\":[\"Celt'attitude\"],\"inLanguage\":\"fr-FR\",\"potentialAction\":[{\"@type\":\"CommentAction\",\"name\":\"Comment\",\"target\":[\"https:\/\/www.bcd.bzh\/becedia\/bretagne-celtique\/2022\/04\/13\/an-delenn-la-harpe-celtique\/#respond\"]}]},{\"@type\":\"WebPage\",\"@id\":\"https:\/\/www.bcd.bzh\/becedia\/bretagne-celtique\/2022\/04\/13\/an-delenn-la-harpe-celtique\/\",\"url\":\"https:\/\/www.bcd.bzh\/becedia\/bretagne-celtique\/2022\/04\/13\/an-delenn-la-harpe-celtique\/\",\"name\":\"An delenn - la harpe celtique - La Bretagne, terre celtique ?\",\"isPartOf\":{\"@id\":\"https:\/\/www.bcd.bzh\/becedia\/bretagne-celtique\/#website\"},\"primaryImageOfPage\":{\"@id\":\"https:\/\/www.bcd.bzh\/becedia\/bretagne-celtique\/2022\/04\/13\/an-delenn-la-harpe-celtique\/#primaryimage\"},\"image\":{\"@id\":\"https:\/\/www.bcd.bzh\/becedia\/bretagne-celtique\/2022\/04\/13\/an-delenn-la-harpe-celtique\/#primaryimage\"},\"thumbnailUrl\":\"https:\/\/www.bcd.bzh\/becedia\/bretagne-celtique\/wp-content\/uploads\/2022\/04\/an-delen-la-harpe-celtique-e1649936723884.jpg\",\"datePublished\":\"2022-04-13T11:45:46+00:00\",\"dateModified\":\"2022-04-27T08:22:11+00:00\",\"breadcrumb\":{\"@id\":\"https:\/\/www.bcd.bzh\/becedia\/bretagne-celtique\/2022\/04\/13\/an-delenn-la-harpe-celtique\/#breadcrumb\"},\"inLanguage\":\"fr-FR\",\"potentialAction\":[{\"@type\":\"ReadAction\",\"target\":[\"https:\/\/www.bcd.bzh\/becedia\/bretagne-celtique\/2022\/04\/13\/an-delenn-la-harpe-celtique\/\"]}]},{\"@type\":\"ImageObject\",\"inLanguage\":\"fr-FR\",\"@id\":\"https:\/\/www.bcd.bzh\/becedia\/bretagne-celtique\/2022\/04\/13\/an-delenn-la-harpe-celtique\/#primaryimage\",\"url\":\"https:\/\/www.bcd.bzh\/becedia\/bretagne-celtique\/wp-content\/uploads\/2022\/04\/an-delen-la-harpe-celtique-e1649936723884.jpg\",\"contentUrl\":\"https:\/\/www.bcd.bzh\/becedia\/bretagne-celtique\/wp-content\/uploads\/2022\/04\/an-delen-la-harpe-celtique-e1649936723884.jpg\",\"width\":1344,\"height\":806,\"caption\":\"Alan Stivell jouant de la harpe celtique aux Jeudis du port de Brest, 2013 - photo : Kergoulay - Wikimedia\"},{\"@type\":\"BreadcrumbList\",\"@id\":\"https:\/\/www.bcd.bzh\/becedia\/bretagne-celtique\/2022\/04\/13\/an-delenn-la-harpe-celtique\/#breadcrumb\",\"itemListElement\":[{\"@type\":\"ListItem\",\"position\":1,\"name\":\"Accueil\",\"item\":\"https:\/\/www.bcd.bzh\/becedia\/bretagne-celtique\/\"},{\"@type\":\"ListItem\",\"position\":2,\"name\":\"An delenn &#8211; la harpe celtique\"}]},{\"@type\":\"WebSite\",\"@id\":\"https:\/\/www.bcd.bzh\/becedia\/bretagne-celtique\/#website\",\"url\":\"https:\/\/www.bcd.bzh\/becedia\/bretagne-celtique\/\",\"name\":\"La Bretagne, terre celtique ?\",\"description\":\"Bretagne Culture Diversit\u00e9\",\"publisher\":{\"@id\":\"https:\/\/www.bcd.bzh\/becedia\/bretagne-celtique\/#organization\"},\"potentialAction\":[{\"@type\":\"SearchAction\",\"target\":{\"@type\":\"EntryPoint\",\"urlTemplate\":\"https:\/\/www.bcd.bzh\/becedia\/bretagne-celtique\/?s={search_term_string}\"},\"query-input\":{\"@type\":\"PropertyValueSpecification\",\"valueRequired\":true,\"valueName\":\"search_term_string\"}}],\"inLanguage\":\"fr-FR\"},{\"@type\":\"Organization\",\"@id\":\"https:\/\/www.bcd.bzh\/becedia\/bretagne-celtique\/#organization\",\"name\":\"Bretagne Culture Diversit\u00e9\",\"url\":\"https:\/\/www.bcd.bzh\/becedia\/bretagne-celtique\/\",\"logo\":{\"@type\":\"ImageObject\",\"inLanguage\":\"fr-FR\",\"@id\":\"https:\/\/www.bcd.bzh\/becedia\/bretagne-celtique\/#\/schema\/logo\/image\/\",\"url\":\"https:\/\/www.bcd.bzh\/becedia\/bretagne-celtique\/wp-content\/uploads\/2022\/06\/Logo_Bretagne_Culture_Diversite.png\",\"contentUrl\":\"https:\/\/www.bcd.bzh\/becedia\/bretagne-celtique\/wp-content\/uploads\/2022\/06\/Logo_Bretagne_Culture_Diversite.png\",\"width\":400,\"height\":360,\"caption\":\"Bretagne Culture Diversit\u00e9\"},\"image\":{\"@id\":\"https:\/\/www.bcd.bzh\/becedia\/bretagne-celtique\/#\/schema\/logo\/image\/\"},\"sameAs\":[\"https:\/\/www.facebook.com\/bretagne.culturediversite\",\"https:\/\/x.com\/BCDsevenaduriou\"]},{\"@type\":\"Person\",\"@id\":\"https:\/\/www.bcd.bzh\/becedia\/bretagne-celtique\/#\/schema\/person\/681d3d855ee723e66e00f353b354afb2\",\"name\":\"Gwena\u00ebl Carvou\",\"image\":{\"@type\":\"ImageObject\",\"inLanguage\":\"fr-FR\",\"@id\":\"https:\/\/www.bcd.bzh\/becedia\/bretagne-celtique\/#\/schema\/person\/image\/\",\"url\":\"https:\/\/secure.gravatar.com\/avatar\/b8b255636c76cb91ef757e23e27175c6ae32349f6a2a05d1b95a86f3078094c8?s=96&d=mm&r=g\",\"contentUrl\":\"https:\/\/secure.gravatar.com\/avatar\/b8b255636c76cb91ef757e23e27175c6ae32349f6a2a05d1b95a86f3078094c8?s=96&d=mm&r=g\",\"caption\":\"Gwena\u00ebl Carvou\"},\"url\":\"https:\/\/www.bcd.bzh\/becedia\/bretagne-celtique\/author\/gcarvou\/\"}]}<\/script>\n<!-- \/ Yoast SEO plugin. -->","yoast_head_json":{"title":"An delenn - la harpe celtique - La Bretagne, terre celtique ?","robots":{"index":"index","follow":"follow","max-snippet":"max-snippet:-1","max-image-preview":"max-image-preview:large","max-video-preview":"max-video-preview:-1"},"canonical":"https:\/\/www.bcd.bzh\/becedia\/bretagne-celtique\/2022\/04\/13\/an-delenn-la-harpe-celtique\/","og_locale":"fr_FR","og_type":"article","og_title":"An delenn - la harpe celtique - La Bretagne, terre celtique ?","og_description":"Auteur : Armel Morgant \/ d\u00e9cembre 2016 Le premier mouvement de renouveau de la musique traditionnelle bretonne des ann\u00e9es 1940 avait pris pour r\u00e9f\u00e9rence le tr\u00e8s embl\u00e9matique couple bombarde-biniou. En pleine p\u00e9riode folk pendant les ann\u00e9es 70, il fut pris pour embl\u00e8me un instrument \u00e0 cordes, alors nouvellement apparu, la harpe dite \u00ab celtique \u00bb.&hellip; Poursuivre la lecture An delenn &#8211; la harpe celtique","og_url":"https:\/\/www.bcd.bzh\/becedia\/bretagne-celtique\/2022\/04\/13\/an-delenn-la-harpe-celtique\/","og_site_name":"La Bretagne, terre celtique ?","article_publisher":"https:\/\/www.facebook.com\/bretagne.culturediversite","article_published_time":"2022-04-13T11:45:46+00:00","article_modified_time":"2022-04-27T08:22:11+00:00","og_image":[{"width":1344,"height":806,"url":"https:\/\/www.bcd.bzh\/becedia\/bretagne-celtique\/wp-content\/uploads\/2022\/04\/an-delen-la-harpe-celtique-e1649936723884.jpg","type":"image\/jpeg"}],"author":"Gwena\u00ebl Carvou","twitter_card":"summary_large_image","twitter_creator":"@BCDsevenaduriou","twitter_site":"@BCDsevenaduriou","twitter_misc":{"\u00c9crit par":"Gwena\u00ebl Carvou","Dur\u00e9e de lecture estim\u00e9e":"4 minutes"},"schema":{"@context":"https:\/\/schema.org","@graph":[{"@type":"Article","@id":"https:\/\/www.bcd.bzh\/becedia\/bretagne-celtique\/2022\/04\/13\/an-delenn-la-harpe-celtique\/#article","isPartOf":{"@id":"https:\/\/www.bcd.bzh\/becedia\/bretagne-celtique\/2022\/04\/13\/an-delenn-la-harpe-celtique\/"},"author":{"name":"Gwena\u00ebl Carvou","@id":"https:\/\/www.bcd.bzh\/becedia\/bretagne-celtique\/#\/schema\/person\/681d3d855ee723e66e00f353b354afb2"},"headline":"An delenn &#8211; la harpe celtique","datePublished":"2022-04-13T11:45:46+00:00","dateModified":"2022-04-27T08:22:11+00:00","mainEntityOfPage":{"@id":"https:\/\/www.bcd.bzh\/becedia\/bretagne-celtique\/2022\/04\/13\/an-delenn-la-harpe-celtique\/"},"wordCount":799,"commentCount":0,"publisher":{"@id":"https:\/\/www.bcd.bzh\/becedia\/bretagne-celtique\/#organization"},"image":{"@id":"https:\/\/www.bcd.bzh\/becedia\/bretagne-celtique\/2022\/04\/13\/an-delenn-la-harpe-celtique\/#primaryimage"},"thumbnailUrl":"https:\/\/www.bcd.bzh\/becedia\/bretagne-celtique\/wp-content\/uploads\/2022\/04\/an-delen-la-harpe-celtique-e1649936723884.jpg","articleSection":["Celt'attitude"],"inLanguage":"fr-FR","potentialAction":[{"@type":"CommentAction","name":"Comment","target":["https:\/\/www.bcd.bzh\/becedia\/bretagne-celtique\/2022\/04\/13\/an-delenn-la-harpe-celtique\/#respond"]}]},{"@type":"WebPage","@id":"https:\/\/www.bcd.bzh\/becedia\/bretagne-celtique\/2022\/04\/13\/an-delenn-la-harpe-celtique\/","url":"https:\/\/www.bcd.bzh\/becedia\/bretagne-celtique\/2022\/04\/13\/an-delenn-la-harpe-celtique\/","name":"An delenn - la harpe celtique - La Bretagne, terre celtique ?","isPartOf":{"@id":"https:\/\/www.bcd.bzh\/becedia\/bretagne-celtique\/#website"},"primaryImageOfPage":{"@id":"https:\/\/www.bcd.bzh\/becedia\/bretagne-celtique\/2022\/04\/13\/an-delenn-la-harpe-celtique\/#primaryimage"},"image":{"@id":"https:\/\/www.bcd.bzh\/becedia\/bretagne-celtique\/2022\/04\/13\/an-delenn-la-harpe-celtique\/#primaryimage"},"thumbnailUrl":"https:\/\/www.bcd.bzh\/becedia\/bretagne-celtique\/wp-content\/uploads\/2022\/04\/an-delen-la-harpe-celtique-e1649936723884.jpg","datePublished":"2022-04-13T11:45:46+00:00","dateModified":"2022-04-27T08:22:11+00:00","breadcrumb":{"@id":"https:\/\/www.bcd.bzh\/becedia\/bretagne-celtique\/2022\/04\/13\/an-delenn-la-harpe-celtique\/#breadcrumb"},"inLanguage":"fr-FR","potentialAction":[{"@type":"ReadAction","target":["https:\/\/www.bcd.bzh\/becedia\/bretagne-celtique\/2022\/04\/13\/an-delenn-la-harpe-celtique\/"]}]},{"@type":"ImageObject","inLanguage":"fr-FR","@id":"https:\/\/www.bcd.bzh\/becedia\/bretagne-celtique\/2022\/04\/13\/an-delenn-la-harpe-celtique\/#primaryimage","url":"https:\/\/www.bcd.bzh\/becedia\/bretagne-celtique\/wp-content\/uploads\/2022\/04\/an-delen-la-harpe-celtique-e1649936723884.jpg","contentUrl":"https:\/\/www.bcd.bzh\/becedia\/bretagne-celtique\/wp-content\/uploads\/2022\/04\/an-delen-la-harpe-celtique-e1649936723884.jpg","width":1344,"height":806,"caption":"Alan Stivell jouant de la harpe celtique aux Jeudis du port de Brest, 2013 - photo : Kergoulay - Wikimedia"},{"@type":"BreadcrumbList","@id":"https:\/\/www.bcd.bzh\/becedia\/bretagne-celtique\/2022\/04\/13\/an-delenn-la-harpe-celtique\/#breadcrumb","itemListElement":[{"@type":"ListItem","position":1,"name":"Accueil","item":"https:\/\/www.bcd.bzh\/becedia\/bretagne-celtique\/"},{"@type":"ListItem","position":2,"name":"An delenn &#8211; la harpe celtique"}]},{"@type":"WebSite","@id":"https:\/\/www.bcd.bzh\/becedia\/bretagne-celtique\/#website","url":"https:\/\/www.bcd.bzh\/becedia\/bretagne-celtique\/","name":"La Bretagne, terre celtique ?","description":"Bretagne Culture Diversit\u00e9","publisher":{"@id":"https:\/\/www.bcd.bzh\/becedia\/bretagne-celtique\/#organization"},"potentialAction":[{"@type":"SearchAction","target":{"@type":"EntryPoint","urlTemplate":"https:\/\/www.bcd.bzh\/becedia\/bretagne-celtique\/?s={search_term_string}"},"query-input":{"@type":"PropertyValueSpecification","valueRequired":true,"valueName":"search_term_string"}}],"inLanguage":"fr-FR"},{"@type":"Organization","@id":"https:\/\/www.bcd.bzh\/becedia\/bretagne-celtique\/#organization","name":"Bretagne Culture Diversit\u00e9","url":"https:\/\/www.bcd.bzh\/becedia\/bretagne-celtique\/","logo":{"@type":"ImageObject","inLanguage":"fr-FR","@id":"https:\/\/www.bcd.bzh\/becedia\/bretagne-celtique\/#\/schema\/logo\/image\/","url":"https:\/\/www.bcd.bzh\/becedia\/bretagne-celtique\/wp-content\/uploads\/2022\/06\/Logo_Bretagne_Culture_Diversite.png","contentUrl":"https:\/\/www.bcd.bzh\/becedia\/bretagne-celtique\/wp-content\/uploads\/2022\/06\/Logo_Bretagne_Culture_Diversite.png","width":400,"height":360,"caption":"Bretagne Culture Diversit\u00e9"},"image":{"@id":"https:\/\/www.bcd.bzh\/becedia\/bretagne-celtique\/#\/schema\/logo\/image\/"},"sameAs":["https:\/\/www.facebook.com\/bretagne.culturediversite","https:\/\/x.com\/BCDsevenaduriou"]},{"@type":"Person","@id":"https:\/\/www.bcd.bzh\/becedia\/bretagne-celtique\/#\/schema\/person\/681d3d855ee723e66e00f353b354afb2","name":"Gwena\u00ebl Carvou","image":{"@type":"ImageObject","inLanguage":"fr-FR","@id":"https:\/\/www.bcd.bzh\/becedia\/bretagne-celtique\/#\/schema\/person\/image\/","url":"https:\/\/secure.gravatar.com\/avatar\/b8b255636c76cb91ef757e23e27175c6ae32349f6a2a05d1b95a86f3078094c8?s=96&d=mm&r=g","contentUrl":"https:\/\/secure.gravatar.com\/avatar\/b8b255636c76cb91ef757e23e27175c6ae32349f6a2a05d1b95a86f3078094c8?s=96&d=mm&r=g","caption":"Gwena\u00ebl Carvou"},"url":"https:\/\/www.bcd.bzh\/becedia\/bretagne-celtique\/author\/gcarvou\/"}]}},"_links":{"self":[{"href":"https:\/\/www.bcd.bzh\/becedia\/bretagne-celtique\/wp-json\/wp\/v2\/posts\/243","targetHints":{"allow":["GET"]}}],"collection":[{"href":"https:\/\/www.bcd.bzh\/becedia\/bretagne-celtique\/wp-json\/wp\/v2\/posts"}],"about":[{"href":"https:\/\/www.bcd.bzh\/becedia\/bretagne-celtique\/wp-json\/wp\/v2\/types\/post"}],"author":[{"embeddable":true,"href":"https:\/\/www.bcd.bzh\/becedia\/bretagne-celtique\/wp-json\/wp\/v2\/users\/2"}],"replies":[{"embeddable":true,"href":"https:\/\/www.bcd.bzh\/becedia\/bretagne-celtique\/wp-json\/wp\/v2\/comments?post=243"}],"version-history":[{"count":6,"href":"https:\/\/www.bcd.bzh\/becedia\/bretagne-celtique\/wp-json\/wp\/v2\/posts\/243\/revisions"}],"predecessor-version":[{"id":599,"href":"https:\/\/www.bcd.bzh\/becedia\/bretagne-celtique\/wp-json\/wp\/v2\/posts\/243\/revisions\/599"}],"wp:featuredmedia":[{"embeddable":true,"href":"https:\/\/www.bcd.bzh\/becedia\/bretagne-celtique\/wp-json\/wp\/v2\/media\/245"}],"wp:attachment":[{"href":"https:\/\/www.bcd.bzh\/becedia\/bretagne-celtique\/wp-json\/wp\/v2\/media?parent=243"}],"wp:term":[{"taxonomy":"category","embeddable":true,"href":"https:\/\/www.bcd.bzh\/becedia\/bretagne-celtique\/wp-json\/wp\/v2\/categories?post=243"},{"taxonomy":"post_tag","embeddable":true,"href":"https:\/\/www.bcd.bzh\/becedia\/bretagne-celtique\/wp-json\/wp\/v2\/tags?post=243"}],"curies":[{"name":"wp","href":"https:\/\/api.w.org\/{rel}","templated":true}]}}