{"id":252,"date":"2022-04-14T13:54:32","date_gmt":"2022-04-14T11:54:32","guid":{"rendered":"https:\/\/www.bcd.bzh\/becedia\/bretagne-celtique\/?p=252"},"modified":"2022-04-27T10:21:17","modified_gmt":"2022-04-27T08:21:17","slug":"les-bagadou","status":"publish","type":"post","link":"https:\/\/www.bcd.bzh\/becedia\/bretagne-celtique\/2022\/04\/14\/les-bagadou\/","title":{"rendered":"Les Bagado\u00f9"},"content":{"rendered":"\n<p><em>Auteur : Armel Morgant \/ novembre 2016<\/em><\/p>\n\n\n\n<p><strong>Sans nul doute, la musique bretonne ne serait pas ce qu\u2019elle est aujourd\u2019hui si n\u2019\u00e9taient apparus, \u00e0 la fin des ann\u00e9es 1940, les bagado\u00f9, ensembles instrumentaux form\u00e9s \u00e0 l\u2019exemple des pipe bands \u00e9cossais. Non contents d\u2019avoir anim\u00e9 nombre de d\u00e9fil\u00e9s et de f\u00eates en tous genres, les bagado\u00f9 ont form\u00e9 au fil des ans une grande \u00e9cole de musique d\u2019o\u00f9 sont sortis un grand nombre d\u2019acteurs de la sc\u00e8ne musicale bretonne contemporaine.<\/strong><\/p>\n\n\n\n<h3 class=\"wp-block-heading\">Un premier ensemble dans l\u2019entre-deux-guerres<\/h3>\n\n\n\n<p>Le bagad n\u2019aurait certainement jamais fait son apparition en Bretagne si n\u2019y avait \u00e9t\u00e9 import\u00e9 d\u2019\u00c9cosse le bag pipe, la grande cornemuse, dont les pionniers furent entre autres Herv\u00e9 Le Menn et Gildas Jaffrenou.<\/p>\n\n\n\n<p>Le premier ensemble du genre, Kenvreuriez ar Viniouerien, fut fond\u00e9 \u00e0 Paris dans l\u2019entre-deux-guerres, notamment \u00e0 l\u2019instigation de Dorig Le Voyer, l\u2019un des fondateurs, en 1942, de Bodadeg ar Sonerion, association dont l\u2019un des buts \u00e9tait de doter chaque canton de Bretagne d\u2019un couple de sonneurs bombarde-biniou. Ce n\u2019est en effet qu\u2019au sortir de la guerre que furent form\u00e9s les premiers ensembles, nomm\u00e9s originellement \u00ab cliques \u00bb, dans un premier temps associ\u00e9s \u00e0 des harmonies. Ce fut le cas de celui fond\u00e9 dans un cadre militaire \u00e0 Dinan par \u00c9mile Allain, ou encore celui fond\u00e9 par Polig Monjarret \u00e0 Carhaix, sous l\u2019\u00e9gide de la SNCF.<\/p>\n\n\n\n<p>En 1949, les deux bagado\u00f9 existant en Bretagne, Carhaix (Paotred an hent houarn) et Rostrenen (Kevrenn Rostren), se retrouv\u00e8rent \u00e0 Quimper, lors du concours des meilleurs sonneurs de Bretagne, destin\u00e9 aux couples de sonneurs et aux ensembles.<\/p>\n\n\n\n<p>D\u00e8s lors, les bagado\u00f9 se multipli\u00e8rent, tant en Bretagne que dans les grands sites de l\u2019\u00e9migration. Refl\u00e9tant la soci\u00e9t\u00e9 de l\u2019\u00e9poque, on vit appara\u00eetre des bagado\u00f9 scolaires, des bagado\u00f9 f\u00e9minins, des bagado\u00f9 corporatifs, voire des bagado\u00f9 militaires.<\/p>\n\n\n\n<p>Dans les premi\u00e8res ann\u00e9es, ce n\u2019\u00e9tait pas la grande cornemuse qui \u00e9tait employ\u00e9e, mais un succ\u00e9dan\u00e9 de celle-ci, mis au point par Dorig Le Voyer, le \u00ab biniou bras \u00bb. La cornemuse \u00e9cossaise ne fut d\u00e9finitivement adopt\u00e9e qu\u2019au tout d\u00e9but des ann\u00e9es 1950.<\/p>\n\n\n\n<p>La question de la formation musicale et instrumentale se posant, fut cr\u00e9\u00e9, \u00e0 la fin des ann\u00e9es 1950, \u00e0 l\u2019initiative de Herri L\u00e9on \u00ab La Pie \u00bb, de Donatien Laurent et d\u2019Alain Le H\u00e9garat, le Scolaich Beg an Treis de Porspoder, premi\u00e8re v\u00e9ritable \u00e9cole de formation du genre, o\u00f9 se retrouva pendant quelques ann\u00e9es tout ce qui comptait alors dans ce domaine.<\/p>\n\n\n\n<figure class=\"wp-block-image size-full\"><img loading=\"lazy\" decoding=\"async\" width=\"719\" height=\"599\" src=\"https:\/\/www.bcd.bzh\/becedia\/bretagne-celtique\/wp-content\/uploads\/2022\/04\/Championnat_national_des_bagadou_2012.jpg\" alt=\"\" class=\"wp-image-255\" srcset=\"https:\/\/www.bcd.bzh\/becedia\/bretagne-celtique\/wp-content\/uploads\/2022\/04\/Championnat_national_des_bagadou_2012.jpg 719w, https:\/\/www.bcd.bzh\/becedia\/bretagne-celtique\/wp-content\/uploads\/2022\/04\/Championnat_national_des_bagadou_2012-300x250.jpg 300w\" sizes=\"auto, (max-width: 719px) 100vw, 719px\" \/><figcaption>Photos du championnat national des bagado\u00f9 2012. EdouardHue Etiennekd \u2013 wikimedia<\/figcaption><\/figure>\n\n\n\n<h3 class=\"wp-block-heading\">Les concours, grands moments de la vie des bagado\u00f9<\/h3>\n\n\n\n<p>L\u2019histoire des bagado\u00f9 est aussi l\u2019histoire de leurs concours. Le concours des meilleurs sonneurs de Bretagne de Quimper devint le Championnat de Bretagne des Bagado\u00f9, qui fut organis\u00e9 successivement \u00e0 Quimperl\u00e9, Brest, et enfin \u00e0 Lorient \u00e0 partir de 1971, donnant naissance au Festival interceltique.<\/p>\n\n\n\n<p>Dans les ann\u00e9es 1970, le mouvement connut une certaine d\u00e9saffection. Un puissant renouveau eut lieu durant la d\u00e9cennie suivante, gr\u00e2ce notamment \u00e0 la politique de formation mont\u00e9e conjointement avec les conseils g\u00e9n\u00e9raux et le conseil r\u00e9gional de Bretagne. En 2014, il existe plus d\u2019une centaine de bagado\u00f9. Si l\u2019ouest du pays demeure la terre la plus riche en ensembles de ce type, sa partie orientale voit s\u2019en cr\u00e9er de plus en plus, sans parler de ceux de l\u2019\u00e9migration bretonne, hexagonale ou ultramarine. Il est aussi de moins en moins rare qu\u2019un bagad se compose de deux, voire de trois phalanges, dont un bagadig, un bagad-\u00e9cole, o\u00f9 se retrouvent les sonneurs en formation.<\/p>\n\n\n\n<div class=\"wp-block-buttons is-content-justification-center is-layout-flex wp-container-core-buttons-is-layout-16018d1d wp-block-buttons-is-layout-flex\">\n<div class=\"wp-block-button\"><a class=\"wp-block-button__link\" href=\"http:\/\/bcd.bzh\/becedia\/fr\/les-bagadou\" target=\"_blank\" rel=\"noreferrer noopener\">Lire la suite sur B\u00e9c\u00e9dia<\/a><\/div>\n<\/div>\n\n\n<ul class=\"wp-block-latest-posts__list is-grid columns-4 wp-block-latest-posts\"><li><div class=\"wp-block-latest-posts__featured-image\"><img loading=\"lazy\" decoding=\"async\" width=\"150\" height=\"150\" src=\"https:\/\/www.bcd.bzh\/becedia\/bretagne-celtique\/wp-content\/uploads\/2022\/04\/Alan-stivell-e1651055397868-150x150.jpg\" class=\"attachment-thumbnail size-thumbnail wp-post-image\" alt=\"\" style=\"width:100%;height:59.93%;max-width:1183px;\" srcset=\"https:\/\/www.bcd.bzh\/becedia\/bretagne-celtique\/wp-content\/uploads\/2022\/04\/Alan-stivell-e1651055397868-150x150.jpg 150w, https:\/\/www.bcd.bzh\/becedia\/bretagne-celtique\/wp-content\/uploads\/2022\/04\/Alan-stivell-e1651055397868-600x600.jpg 600w\" sizes=\"auto, (max-width: 150px) 100vw, 150px\" \/><\/div><a class=\"wp-block-latest-posts__post-title\" href=\"https:\/\/www.bcd.bzh\/becedia\/bretagne-celtique\/2022\/04\/27\/alan-stivell-a-lolympia-en-1972\/\">Alan Stivell \u00e0 l\u2019Olympia en 1972<\/a><\/li>\n<li><div class=\"wp-block-latest-posts__featured-image\"><img loading=\"lazy\" decoding=\"async\" width=\"150\" height=\"150\" src=\"https:\/\/www.bcd.bzh\/becedia\/bretagne-celtique\/wp-content\/uploads\/2022\/04\/fil_c-2019_-_the_international_celtic_pipes_and_drums_pendant_la_grande_parade-e1650034576706-150x150.jpg\" class=\"attachment-thumbnail size-thumbnail wp-post-image\" alt=\"\" style=\"width:100%;height:60%;max-width:800px;\" \/><\/div><a class=\"wp-block-latest-posts__post-title\" href=\"https:\/\/www.bcd.bzh\/becedia\/bretagne-celtique\/2022\/04\/15\/lorient-cinquante-ans-de-fetes-interceltiques\/\">Lorient, cinquante ans de f\u00eates interceltiques<\/a><\/li>\n<li><div class=\"wp-block-latest-posts__featured-image\"><img loading=\"lazy\" decoding=\"async\" width=\"150\" height=\"150\" src=\"https:\/\/www.bcd.bzh\/becedia\/bretagne-celtique\/wp-content\/uploads\/2022\/04\/bagad-e1649937236813-150x150.jpg\" class=\"attachment-thumbnail size-thumbnail wp-post-image\" alt=\"\" style=\"width:100%;height:60.1%;max-width:792px;\" \/><\/div><a class=\"wp-block-latest-posts__post-title\" href=\"https:\/\/www.bcd.bzh\/becedia\/bretagne-celtique\/2022\/04\/14\/les-bagadou\/\">Les Bagado\u00f9<\/a><\/li>\n<li><div class=\"wp-block-latest-posts__featured-image\"><img loading=\"lazy\" decoding=\"async\" width=\"150\" height=\"150\" src=\"https:\/\/www.bcd.bzh\/becedia\/bretagne-celtique\/wp-content\/uploads\/2022\/04\/an-delen-la-harpe-celtique-e1649936723884-150x150.jpg\" class=\"attachment-thumbnail size-thumbnail wp-post-image\" alt=\"\" style=\"width:100%;height:59.97%;max-width:1344px;\" srcset=\"https:\/\/www.bcd.bzh\/becedia\/bretagne-celtique\/wp-content\/uploads\/2022\/04\/an-delen-la-harpe-celtique-e1649936723884-150x150.jpg 150w, https:\/\/www.bcd.bzh\/becedia\/bretagne-celtique\/wp-content\/uploads\/2022\/04\/an-delen-la-harpe-celtique-e1649936723884-600x600.jpg 600w\" sizes=\"auto, (max-width: 150px) 100vw, 150px\" \/><\/div><a class=\"wp-block-latest-posts__post-title\" href=\"https:\/\/www.bcd.bzh\/becedia\/bretagne-celtique\/2022\/04\/13\/an-delenn-la-harpe-celtique\/\">An delenn &#8211; la harpe celtique<\/a><\/li>\n<li><div class=\"wp-block-latest-posts__featured-image\"><img loading=\"lazy\" decoding=\"async\" width=\"150\" height=\"150\" src=\"https:\/\/www.bcd.bzh\/becedia\/bretagne-celtique\/wp-content\/uploads\/2022\/04\/le-gouren-estampe-de-prosper-e1649936203882-150x150.jpg\" class=\"attachment-thumbnail size-thumbnail wp-post-image\" alt=\"\" style=\"width:100%;height:59.97%;max-width:1349px;\" srcset=\"https:\/\/www.bcd.bzh\/becedia\/bretagne-celtique\/wp-content\/uploads\/2022\/04\/le-gouren-estampe-de-prosper-e1649936203882-150x150.jpg 150w, https:\/\/www.bcd.bzh\/becedia\/bretagne-celtique\/wp-content\/uploads\/2022\/04\/le-gouren-estampe-de-prosper-e1649936203882-600x600.jpg 600w\" sizes=\"auto, (max-width: 150px) 100vw, 150px\" \/><\/div><a class=\"wp-block-latest-posts__post-title\" href=\"https:\/\/www.bcd.bzh\/becedia\/bretagne-celtique\/2022\/04\/12\/le-gouren-une-tradition-moderne\/\">Le gouren, une tradition moderne<\/a><\/li>\n<li><div class=\"wp-block-latest-posts__featured-image\"><img loading=\"lazy\" decoding=\"async\" width=\"150\" height=\"150\" src=\"https:\/\/www.bcd.bzh\/becedia\/bretagne-celtique\/wp-content\/uploads\/2022\/04\/Expo_sonerion-e1650034801453-150x150.png\" class=\"attachment-thumbnail size-thumbnail wp-post-image\" alt=\"\" style=\"width:100%;height:60.19%;max-width:932px;\" \/><\/div><a class=\"wp-block-latest-posts__post-title\" href=\"https:\/\/www.bcd.bzh\/becedia\/bretagne-celtique\/2022\/04\/10\/sonerion-une-extraordinaire-aventure\/\">Sonerion, une extraordinaire aventure<\/a><\/li>\n<\/ul>\n\n\n        <div class=\"alignwide nextprev\">\n\n    \n\n\n    \n\n                \n            <a class=\"bcd-lien nextprev__link nextprev__link--prev \" href=\"https:\/\/www.bcd.bzh\/becedia\/bretagne-celtique\/la-construction-recit-regionalisme-nationalisme-interceltisme\/\">\n            <span class=\"arrow\">\n                <svg class=\"icon\" viewBox=\"0 0 20 14\" fill=\"none\" ><path d=\"M7 14L8.41 12.59L3.83 8L20 8L20 6L3.83 6L8.42 1.41L7 -1.1365e-06L6.11959e-07 7L7 14Z\" fill=\"white\"\/><\/svg>    \n            <\/span>\n            <span class=\"link-title\">La construction d\u2019un r\u00e9cit : R\u00e9gionalisme, nationalisme, interceltisme<\/span>\n            \n        <\/a>\n        \n        \n                \n            <a class=\"bcd-lien nextprev__link nextprev__link--next\" href=\"https:\/\/www.bcd.bzh\/becedia\/bretagne-celtique\/les-cliches\/\">Les clich\u00e9s<span class=\"arrow\"> \n                            <svg class=\"icon\" viewBox=\"0 0 20 14\" fill=\"none\"><path d=\"M13 0L11.59 1.41L16.17 6H0V8H16.17L11.58 12.59L13 14L20 7L13 0Z\" fill=\"white\"><\/path><\/svg>\n                        <\/span><\/a>\n        \n            <\/div>\n\n    ","protected":false},"excerpt":{"rendered":"<p>Auteur : Armel Morgant \/ novembre 2016 Sans nul doute, la musique bretonne ne serait pas ce qu\u2019elle est aujourd\u2019hui si n\u2019\u00e9taient apparus, \u00e0 la fin des ann\u00e9es 1940, les bagado\u00f9, ensembles instrumentaux form\u00e9s \u00e0 l\u2019exemple des pipe bands \u00e9cossais. Non contents d\u2019avoir anim\u00e9 nombre de d\u00e9fil\u00e9s et de f\u00eates en tous genres, les bagado\u00f9&hellip; <a class=\"more-link\" href=\"https:\/\/www.bcd.bzh\/becedia\/bretagne-celtique\/2022\/04\/14\/les-bagadou\/\">Poursuivre la lecture <span class=\"screen-reader-text\">Les Bagado\u00f9<\/span><\/a><\/p>\n","protected":false},"author":2,"featured_media":254,"comment_status":"open","ping_status":"open","sticky":false,"template":"","format":"standard","meta":{"_acf_changed":false,"footnotes":""},"categories":[9],"tags":[],"class_list":["post-252","post","type-post","status-publish","format-standard","has-post-thumbnail","hentry","category-celtattitude","entry"],"acf":[],"yoast_head":"<!-- This site is optimized with the Yoast SEO plugin v24.2 - https:\/\/yoast.com\/wordpress\/plugins\/seo\/ -->\n<title>Les Bagado\u00f9 - La Bretagne, terre celtique ?<\/title>\n<meta name=\"robots\" content=\"index, follow, max-snippet:-1, max-image-preview:large, max-video-preview:-1\" \/>\n<link rel=\"canonical\" href=\"https:\/\/www.bcd.bzh\/becedia\/bretagne-celtique\/2022\/04\/14\/les-bagadou\/\" \/>\n<meta property=\"og:locale\" content=\"fr_FR\" \/>\n<meta property=\"og:type\" content=\"article\" \/>\n<meta property=\"og:title\" content=\"Les Bagado\u00f9 - La Bretagne, terre celtique ?\" \/>\n<meta property=\"og:description\" content=\"Auteur : Armel Morgant \/ novembre 2016 Sans nul doute, la musique bretonne ne serait pas ce qu\u2019elle est aujourd\u2019hui si n\u2019\u00e9taient apparus, \u00e0 la fin des ann\u00e9es 1940, les bagado\u00f9, ensembles instrumentaux form\u00e9s \u00e0 l\u2019exemple des pipe bands \u00e9cossais. Non contents d\u2019avoir anim\u00e9 nombre de d\u00e9fil\u00e9s et de f\u00eates en tous genres, les bagado\u00f9&hellip; Poursuivre la lecture Les Bagado\u00f9\" \/>\n<meta property=\"og:url\" content=\"https:\/\/www.bcd.bzh\/becedia\/bretagne-celtique\/2022\/04\/14\/les-bagadou\/\" \/>\n<meta property=\"og:site_name\" content=\"La Bretagne, terre celtique ?\" \/>\n<meta property=\"article:publisher\" content=\"https:\/\/www.facebook.com\/bretagne.culturediversite\" \/>\n<meta property=\"article:published_time\" content=\"2022-04-14T11:54:32+00:00\" \/>\n<meta property=\"article:modified_time\" content=\"2022-04-27T08:21:17+00:00\" \/>\n<meta property=\"og:image\" content=\"https:\/\/www.bcd.bzh\/becedia\/bretagne-celtique\/wp-content\/uploads\/2022\/04\/bagad-e1649937236813.jpg\" \/>\n\t<meta property=\"og:image:width\" content=\"792\" \/>\n\t<meta property=\"og:image:height\" content=\"476\" \/>\n\t<meta property=\"og:image:type\" content=\"image\/jpeg\" \/>\n<meta name=\"author\" content=\"Gwena\u00ebl Carvou\" \/>\n<meta name=\"twitter:card\" content=\"summary_large_image\" \/>\n<meta name=\"twitter:creator\" content=\"@BCDsevenaduriou\" \/>\n<meta name=\"twitter:site\" content=\"@BCDsevenaduriou\" \/>\n<meta name=\"twitter:label1\" content=\"\u00c9crit par\" \/>\n\t<meta name=\"twitter:data1\" content=\"Gwena\u00ebl Carvou\" \/>\n\t<meta name=\"twitter:label2\" content=\"Dur\u00e9e de lecture estim\u00e9e\" \/>\n\t<meta name=\"twitter:data2\" content=\"3 minutes\" \/>\n<script type=\"application\/ld+json\" class=\"yoast-schema-graph\">{\"@context\":\"https:\/\/schema.org\",\"@graph\":[{\"@type\":\"Article\",\"@id\":\"https:\/\/www.bcd.bzh\/becedia\/bretagne-celtique\/2022\/04\/14\/les-bagadou\/#article\",\"isPartOf\":{\"@id\":\"https:\/\/www.bcd.bzh\/becedia\/bretagne-celtique\/2022\/04\/14\/les-bagadou\/\"},\"author\":{\"name\":\"Gwena\u00ebl Carvou\",\"@id\":\"https:\/\/www.bcd.bzh\/becedia\/bretagne-celtique\/#\/schema\/person\/681d3d855ee723e66e00f353b354afb2\"},\"headline\":\"Les Bagado\u00f9\",\"datePublished\":\"2022-04-14T11:54:32+00:00\",\"dateModified\":\"2022-04-27T08:21:17+00:00\",\"mainEntityOfPage\":{\"@id\":\"https:\/\/www.bcd.bzh\/becedia\/bretagne-celtique\/2022\/04\/14\/les-bagadou\/\"},\"wordCount\":627,\"commentCount\":0,\"publisher\":{\"@id\":\"https:\/\/www.bcd.bzh\/becedia\/bretagne-celtique\/#organization\"},\"image\":{\"@id\":\"https:\/\/www.bcd.bzh\/becedia\/bretagne-celtique\/2022\/04\/14\/les-bagadou\/#primaryimage\"},\"thumbnailUrl\":\"https:\/\/www.bcd.bzh\/becedia\/bretagne-celtique\/wp-content\/uploads\/2022\/04\/bagad-e1649937236813.jpg\",\"articleSection\":[\"Celt'attitude\"],\"inLanguage\":\"fr-FR\",\"potentialAction\":[{\"@type\":\"CommentAction\",\"name\":\"Comment\",\"target\":[\"https:\/\/www.bcd.bzh\/becedia\/bretagne-celtique\/2022\/04\/14\/les-bagadou\/#respond\"]}]},{\"@type\":\"WebPage\",\"@id\":\"https:\/\/www.bcd.bzh\/becedia\/bretagne-celtique\/2022\/04\/14\/les-bagadou\/\",\"url\":\"https:\/\/www.bcd.bzh\/becedia\/bretagne-celtique\/2022\/04\/14\/les-bagadou\/\",\"name\":\"Les Bagado\u00f9 - La Bretagne, terre celtique ?\",\"isPartOf\":{\"@id\":\"https:\/\/www.bcd.bzh\/becedia\/bretagne-celtique\/#website\"},\"primaryImageOfPage\":{\"@id\":\"https:\/\/www.bcd.bzh\/becedia\/bretagne-celtique\/2022\/04\/14\/les-bagadou\/#primaryimage\"},\"image\":{\"@id\":\"https:\/\/www.bcd.bzh\/becedia\/bretagne-celtique\/2022\/04\/14\/les-bagadou\/#primaryimage\"},\"thumbnailUrl\":\"https:\/\/www.bcd.bzh\/becedia\/bretagne-celtique\/wp-content\/uploads\/2022\/04\/bagad-e1649937236813.jpg\",\"datePublished\":\"2022-04-14T11:54:32+00:00\",\"dateModified\":\"2022-04-27T08:21:17+00:00\",\"breadcrumb\":{\"@id\":\"https:\/\/www.bcd.bzh\/becedia\/bretagne-celtique\/2022\/04\/14\/les-bagadou\/#breadcrumb\"},\"inLanguage\":\"fr-FR\",\"potentialAction\":[{\"@type\":\"ReadAction\",\"target\":[\"https:\/\/www.bcd.bzh\/becedia\/bretagne-celtique\/2022\/04\/14\/les-bagadou\/\"]}]},{\"@type\":\"ImageObject\",\"inLanguage\":\"fr-FR\",\"@id\":\"https:\/\/www.bcd.bzh\/becedia\/bretagne-celtique\/2022\/04\/14\/les-bagadou\/#primaryimage\",\"url\":\"https:\/\/www.bcd.bzh\/becedia\/bretagne-celtique\/wp-content\/uploads\/2022\/04\/bagad-e1649937236813.jpg\",\"contentUrl\":\"https:\/\/www.bcd.bzh\/becedia\/bretagne-celtique\/wp-content\/uploads\/2022\/04\/bagad-e1649937236813.jpg\",\"width\":792,\"height\":476,\"caption\":\"Le Bagad Bro Landerne lors de la premi\u00e8re manche du championnat des bagado\u00f9 de 2nde cat\u00e9gorie le 17 mars 2013 au Palais des Arts et des Congr\u00e8s \u00e0 Vannes. Merwann \u2013wikim\u00e9dia\"},{\"@type\":\"BreadcrumbList\",\"@id\":\"https:\/\/www.bcd.bzh\/becedia\/bretagne-celtique\/2022\/04\/14\/les-bagadou\/#breadcrumb\",\"itemListElement\":[{\"@type\":\"ListItem\",\"position\":1,\"name\":\"Accueil\",\"item\":\"https:\/\/www.bcd.bzh\/becedia\/bretagne-celtique\/\"},{\"@type\":\"ListItem\",\"position\":2,\"name\":\"Les Bagado\u00f9\"}]},{\"@type\":\"WebSite\",\"@id\":\"https:\/\/www.bcd.bzh\/becedia\/bretagne-celtique\/#website\",\"url\":\"https:\/\/www.bcd.bzh\/becedia\/bretagne-celtique\/\",\"name\":\"La Bretagne, terre celtique ?\",\"description\":\"Bretagne Culture Diversit\u00e9\",\"publisher\":{\"@id\":\"https:\/\/www.bcd.bzh\/becedia\/bretagne-celtique\/#organization\"},\"potentialAction\":[{\"@type\":\"SearchAction\",\"target\":{\"@type\":\"EntryPoint\",\"urlTemplate\":\"https:\/\/www.bcd.bzh\/becedia\/bretagne-celtique\/?s={search_term_string}\"},\"query-input\":{\"@type\":\"PropertyValueSpecification\",\"valueRequired\":true,\"valueName\":\"search_term_string\"}}],\"inLanguage\":\"fr-FR\"},{\"@type\":\"Organization\",\"@id\":\"https:\/\/www.bcd.bzh\/becedia\/bretagne-celtique\/#organization\",\"name\":\"Bretagne Culture Diversit\u00e9\",\"url\":\"https:\/\/www.bcd.bzh\/becedia\/bretagne-celtique\/\",\"logo\":{\"@type\":\"ImageObject\",\"inLanguage\":\"fr-FR\",\"@id\":\"https:\/\/www.bcd.bzh\/becedia\/bretagne-celtique\/#\/schema\/logo\/image\/\",\"url\":\"https:\/\/www.bcd.bzh\/becedia\/bretagne-celtique\/wp-content\/uploads\/2022\/06\/Logo_Bretagne_Culture_Diversite.png\",\"contentUrl\":\"https:\/\/www.bcd.bzh\/becedia\/bretagne-celtique\/wp-content\/uploads\/2022\/06\/Logo_Bretagne_Culture_Diversite.png\",\"width\":400,\"height\":360,\"caption\":\"Bretagne Culture Diversit\u00e9\"},\"image\":{\"@id\":\"https:\/\/www.bcd.bzh\/becedia\/bretagne-celtique\/#\/schema\/logo\/image\/\"},\"sameAs\":[\"https:\/\/www.facebook.com\/bretagne.culturediversite\",\"https:\/\/x.com\/BCDsevenaduriou\"]},{\"@type\":\"Person\",\"@id\":\"https:\/\/www.bcd.bzh\/becedia\/bretagne-celtique\/#\/schema\/person\/681d3d855ee723e66e00f353b354afb2\",\"name\":\"Gwena\u00ebl Carvou\",\"image\":{\"@type\":\"ImageObject\",\"inLanguage\":\"fr-FR\",\"@id\":\"https:\/\/www.bcd.bzh\/becedia\/bretagne-celtique\/#\/schema\/person\/image\/\",\"url\":\"https:\/\/secure.gravatar.com\/avatar\/b8b255636c76cb91ef757e23e27175c6ae32349f6a2a05d1b95a86f3078094c8?s=96&d=mm&r=g\",\"contentUrl\":\"https:\/\/secure.gravatar.com\/avatar\/b8b255636c76cb91ef757e23e27175c6ae32349f6a2a05d1b95a86f3078094c8?s=96&d=mm&r=g\",\"caption\":\"Gwena\u00ebl Carvou\"},\"url\":\"https:\/\/www.bcd.bzh\/becedia\/bretagne-celtique\/author\/gcarvou\/\"}]}<\/script>\n<!-- \/ Yoast SEO plugin. -->","yoast_head_json":{"title":"Les Bagado\u00f9 - La Bretagne, terre celtique ?","robots":{"index":"index","follow":"follow","max-snippet":"max-snippet:-1","max-image-preview":"max-image-preview:large","max-video-preview":"max-video-preview:-1"},"canonical":"https:\/\/www.bcd.bzh\/becedia\/bretagne-celtique\/2022\/04\/14\/les-bagadou\/","og_locale":"fr_FR","og_type":"article","og_title":"Les Bagado\u00f9 - La Bretagne, terre celtique ?","og_description":"Auteur : Armel Morgant \/ novembre 2016 Sans nul doute, la musique bretonne ne serait pas ce qu\u2019elle est aujourd\u2019hui si n\u2019\u00e9taient apparus, \u00e0 la fin des ann\u00e9es 1940, les bagado\u00f9, ensembles instrumentaux form\u00e9s \u00e0 l\u2019exemple des pipe bands \u00e9cossais. Non contents d\u2019avoir anim\u00e9 nombre de d\u00e9fil\u00e9s et de f\u00eates en tous genres, les bagado\u00f9&hellip; Poursuivre la lecture Les Bagado\u00f9","og_url":"https:\/\/www.bcd.bzh\/becedia\/bretagne-celtique\/2022\/04\/14\/les-bagadou\/","og_site_name":"La Bretagne, terre celtique ?","article_publisher":"https:\/\/www.facebook.com\/bretagne.culturediversite","article_published_time":"2022-04-14T11:54:32+00:00","article_modified_time":"2022-04-27T08:21:17+00:00","og_image":[{"width":792,"height":476,"url":"https:\/\/www.bcd.bzh\/becedia\/bretagne-celtique\/wp-content\/uploads\/2022\/04\/bagad-e1649937236813.jpg","type":"image\/jpeg"}],"author":"Gwena\u00ebl Carvou","twitter_card":"summary_large_image","twitter_creator":"@BCDsevenaduriou","twitter_site":"@BCDsevenaduriou","twitter_misc":{"\u00c9crit par":"Gwena\u00ebl Carvou","Dur\u00e9e de lecture estim\u00e9e":"3 minutes"},"schema":{"@context":"https:\/\/schema.org","@graph":[{"@type":"Article","@id":"https:\/\/www.bcd.bzh\/becedia\/bretagne-celtique\/2022\/04\/14\/les-bagadou\/#article","isPartOf":{"@id":"https:\/\/www.bcd.bzh\/becedia\/bretagne-celtique\/2022\/04\/14\/les-bagadou\/"},"author":{"name":"Gwena\u00ebl Carvou","@id":"https:\/\/www.bcd.bzh\/becedia\/bretagne-celtique\/#\/schema\/person\/681d3d855ee723e66e00f353b354afb2"},"headline":"Les Bagado\u00f9","datePublished":"2022-04-14T11:54:32+00:00","dateModified":"2022-04-27T08:21:17+00:00","mainEntityOfPage":{"@id":"https:\/\/www.bcd.bzh\/becedia\/bretagne-celtique\/2022\/04\/14\/les-bagadou\/"},"wordCount":627,"commentCount":0,"publisher":{"@id":"https:\/\/www.bcd.bzh\/becedia\/bretagne-celtique\/#organization"},"image":{"@id":"https:\/\/www.bcd.bzh\/becedia\/bretagne-celtique\/2022\/04\/14\/les-bagadou\/#primaryimage"},"thumbnailUrl":"https:\/\/www.bcd.bzh\/becedia\/bretagne-celtique\/wp-content\/uploads\/2022\/04\/bagad-e1649937236813.jpg","articleSection":["Celt'attitude"],"inLanguage":"fr-FR","potentialAction":[{"@type":"CommentAction","name":"Comment","target":["https:\/\/www.bcd.bzh\/becedia\/bretagne-celtique\/2022\/04\/14\/les-bagadou\/#respond"]}]},{"@type":"WebPage","@id":"https:\/\/www.bcd.bzh\/becedia\/bretagne-celtique\/2022\/04\/14\/les-bagadou\/","url":"https:\/\/www.bcd.bzh\/becedia\/bretagne-celtique\/2022\/04\/14\/les-bagadou\/","name":"Les Bagado\u00f9 - La Bretagne, terre celtique ?","isPartOf":{"@id":"https:\/\/www.bcd.bzh\/becedia\/bretagne-celtique\/#website"},"primaryImageOfPage":{"@id":"https:\/\/www.bcd.bzh\/becedia\/bretagne-celtique\/2022\/04\/14\/les-bagadou\/#primaryimage"},"image":{"@id":"https:\/\/www.bcd.bzh\/becedia\/bretagne-celtique\/2022\/04\/14\/les-bagadou\/#primaryimage"},"thumbnailUrl":"https:\/\/www.bcd.bzh\/becedia\/bretagne-celtique\/wp-content\/uploads\/2022\/04\/bagad-e1649937236813.jpg","datePublished":"2022-04-14T11:54:32+00:00","dateModified":"2022-04-27T08:21:17+00:00","breadcrumb":{"@id":"https:\/\/www.bcd.bzh\/becedia\/bretagne-celtique\/2022\/04\/14\/les-bagadou\/#breadcrumb"},"inLanguage":"fr-FR","potentialAction":[{"@type":"ReadAction","target":["https:\/\/www.bcd.bzh\/becedia\/bretagne-celtique\/2022\/04\/14\/les-bagadou\/"]}]},{"@type":"ImageObject","inLanguage":"fr-FR","@id":"https:\/\/www.bcd.bzh\/becedia\/bretagne-celtique\/2022\/04\/14\/les-bagadou\/#primaryimage","url":"https:\/\/www.bcd.bzh\/becedia\/bretagne-celtique\/wp-content\/uploads\/2022\/04\/bagad-e1649937236813.jpg","contentUrl":"https:\/\/www.bcd.bzh\/becedia\/bretagne-celtique\/wp-content\/uploads\/2022\/04\/bagad-e1649937236813.jpg","width":792,"height":476,"caption":"Le Bagad Bro Landerne lors de la premi\u00e8re manche du championnat des bagado\u00f9 de 2nde cat\u00e9gorie le 17 mars 2013 au Palais des Arts et des Congr\u00e8s \u00e0 Vannes. Merwann \u2013wikim\u00e9dia"},{"@type":"BreadcrumbList","@id":"https:\/\/www.bcd.bzh\/becedia\/bretagne-celtique\/2022\/04\/14\/les-bagadou\/#breadcrumb","itemListElement":[{"@type":"ListItem","position":1,"name":"Accueil","item":"https:\/\/www.bcd.bzh\/becedia\/bretagne-celtique\/"},{"@type":"ListItem","position":2,"name":"Les Bagado\u00f9"}]},{"@type":"WebSite","@id":"https:\/\/www.bcd.bzh\/becedia\/bretagne-celtique\/#website","url":"https:\/\/www.bcd.bzh\/becedia\/bretagne-celtique\/","name":"La Bretagne, terre celtique ?","description":"Bretagne Culture Diversit\u00e9","publisher":{"@id":"https:\/\/www.bcd.bzh\/becedia\/bretagne-celtique\/#organization"},"potentialAction":[{"@type":"SearchAction","target":{"@type":"EntryPoint","urlTemplate":"https:\/\/www.bcd.bzh\/becedia\/bretagne-celtique\/?s={search_term_string}"},"query-input":{"@type":"PropertyValueSpecification","valueRequired":true,"valueName":"search_term_string"}}],"inLanguage":"fr-FR"},{"@type":"Organization","@id":"https:\/\/www.bcd.bzh\/becedia\/bretagne-celtique\/#organization","name":"Bretagne Culture Diversit\u00e9","url":"https:\/\/www.bcd.bzh\/becedia\/bretagne-celtique\/","logo":{"@type":"ImageObject","inLanguage":"fr-FR","@id":"https:\/\/www.bcd.bzh\/becedia\/bretagne-celtique\/#\/schema\/logo\/image\/","url":"https:\/\/www.bcd.bzh\/becedia\/bretagne-celtique\/wp-content\/uploads\/2022\/06\/Logo_Bretagne_Culture_Diversite.png","contentUrl":"https:\/\/www.bcd.bzh\/becedia\/bretagne-celtique\/wp-content\/uploads\/2022\/06\/Logo_Bretagne_Culture_Diversite.png","width":400,"height":360,"caption":"Bretagne Culture Diversit\u00e9"},"image":{"@id":"https:\/\/www.bcd.bzh\/becedia\/bretagne-celtique\/#\/schema\/logo\/image\/"},"sameAs":["https:\/\/www.facebook.com\/bretagne.culturediversite","https:\/\/x.com\/BCDsevenaduriou"]},{"@type":"Person","@id":"https:\/\/www.bcd.bzh\/becedia\/bretagne-celtique\/#\/schema\/person\/681d3d855ee723e66e00f353b354afb2","name":"Gwena\u00ebl Carvou","image":{"@type":"ImageObject","inLanguage":"fr-FR","@id":"https:\/\/www.bcd.bzh\/becedia\/bretagne-celtique\/#\/schema\/person\/image\/","url":"https:\/\/secure.gravatar.com\/avatar\/b8b255636c76cb91ef757e23e27175c6ae32349f6a2a05d1b95a86f3078094c8?s=96&d=mm&r=g","contentUrl":"https:\/\/secure.gravatar.com\/avatar\/b8b255636c76cb91ef757e23e27175c6ae32349f6a2a05d1b95a86f3078094c8?s=96&d=mm&r=g","caption":"Gwena\u00ebl Carvou"},"url":"https:\/\/www.bcd.bzh\/becedia\/bretagne-celtique\/author\/gcarvou\/"}]}},"_links":{"self":[{"href":"https:\/\/www.bcd.bzh\/becedia\/bretagne-celtique\/wp-json\/wp\/v2\/posts\/252","targetHints":{"allow":["GET"]}}],"collection":[{"href":"https:\/\/www.bcd.bzh\/becedia\/bretagne-celtique\/wp-json\/wp\/v2\/posts"}],"about":[{"href":"https:\/\/www.bcd.bzh\/becedia\/bretagne-celtique\/wp-json\/wp\/v2\/types\/post"}],"author":[{"embeddable":true,"href":"https:\/\/www.bcd.bzh\/becedia\/bretagne-celtique\/wp-json\/wp\/v2\/users\/2"}],"replies":[{"embeddable":true,"href":"https:\/\/www.bcd.bzh\/becedia\/bretagne-celtique\/wp-json\/wp\/v2\/comments?post=252"}],"version-history":[{"count":4,"href":"https:\/\/www.bcd.bzh\/becedia\/bretagne-celtique\/wp-json\/wp\/v2\/posts\/252\/revisions"}],"predecessor-version":[{"id":598,"href":"https:\/\/www.bcd.bzh\/becedia\/bretagne-celtique\/wp-json\/wp\/v2\/posts\/252\/revisions\/598"}],"wp:featuredmedia":[{"embeddable":true,"href":"https:\/\/www.bcd.bzh\/becedia\/bretagne-celtique\/wp-json\/wp\/v2\/media\/254"}],"wp:attachment":[{"href":"https:\/\/www.bcd.bzh\/becedia\/bretagne-celtique\/wp-json\/wp\/v2\/media?parent=252"}],"wp:term":[{"taxonomy":"category","embeddable":true,"href":"https:\/\/www.bcd.bzh\/becedia\/bretagne-celtique\/wp-json\/wp\/v2\/categories?post=252"},{"taxonomy":"post_tag","embeddable":true,"href":"https:\/\/www.bcd.bzh\/becedia\/bretagne-celtique\/wp-json\/wp\/v2\/tags?post=252"}],"curies":[{"name":"wp","href":"https:\/\/api.w.org\/{rel}","templated":true}]}}