{"id":457,"date":"2022-04-15T16:56:50","date_gmt":"2022-04-15T14:56:50","guid":{"rendered":"https:\/\/www.bcd.bzh\/becedia\/bretagne-celtique\/?p=457"},"modified":"2022-04-27T10:20:45","modified_gmt":"2022-04-27T08:20:45","slug":"lorient-cinquante-ans-de-fetes-interceltiques","status":"publish","type":"post","link":"https:\/\/www.bcd.bzh\/becedia\/bretagne-celtique\/2022\/04\/15\/lorient-cinquante-ans-de-fetes-interceltiques\/","title":{"rendered":"Lorient, cinquante ans de f\u00eates interceltiques"},"content":{"rendered":"\n<p><em>Auteur : Erwan Chartier \/ f\u00e9vrier 2022<\/em><\/p>\n\n\n\n<p><strong>Depuis 1971, tous les \u00e9t\u00e9s, Lorient vibre au son des musiques celtiques et fait la f\u00eate gr\u00e2ce au FIL qui l\u2019a rendue c\u00e9l\u00e8bre \u00e0 l\u2019international. Un \u00e9v\u00e9nement qui draine plus d\u2019un demi-million de personnes et qui s\u2019est impos\u00e9 comme la r\u00e9f\u00e9rence et la vitrine de l\u2019interceltisme.<\/strong><\/p>\n\n\n\n<p>S\u2019il est un lieu o\u00f9 s\u2019incarne l\u2019interceltisme depuis un demi-si\u00e8cle, c\u2019est bien entendu le festival de Lorient. La cr\u00e9ation de cet \u00e9v\u00e9nement culturel majeur de l\u2019\u00e9t\u00e9 breton ne s\u2019est pas faite sans al\u00e9as, \u00e0 l\u2019or\u00e9e des ann\u00e9es 1960 et 1970, alors que la vague musicale celtique prenait de l\u2019ampleur. Elle est d\u2019abord li\u00e9e au retour en gr\u00e2ce des instruments de musique traditionnels avec la cr\u00e9ation des bagado\u00f9, \u00e0 la fin des ann\u00e9es 1940, sur le mod\u00e8le des pipe-bands \u00e9cossais.<br>L\u2019organisation de concours de musique bretonne et de cornemuses remonte \u00e0 la fin du XIXe si\u00e8cle, mais sans constance. Il faut donc attendre l\u2019\u00e9mergence d\u2019une organisation structur\u00e9e, la Bodadeg ar sonerion (BAS), pour que l\u2019id\u00e9e d\u2019un concours r\u00e9gulier se fasse jour. La premi\u00e8re \u00e9dition du championnat des cornemuses a lieu \u00e0 Brest, en 1953. Tr\u00e8s vite, la manifestation se transforme en \u00ab festival international des cornemuses \u00bb. Plusieurs \u00c9cossais viennent y faire office de jur\u00e9s et s\u2019y produire. \u00c0 partir des ann\u00e9es 1960, le champion de Bretagne des bagado\u00f9 est d\u00e9sign\u00e9 \u00e0 Brest, lors d\u2019un \u00e9v\u00e9nement qui rencontre rapidement un succ\u00e8s populaire. Des milliers de personnes se pressent sur le cours Dajot, au-dessus du port de commerce, pour entendre r\u00e9sonner bombardes et grandes cornemuses. L\u2019aventure aurait pu rester ancr\u00e9e dans la cit\u00e9 du Ponant mais, \u00e0 la fin des ann\u00e9es 1960, la municipalit\u00e9 Lombard d\u00e9cide de refaire cette promenade. Des travaux qui contrarient fortement les organisateurs et la BAS, au point qu\u2019ils d\u00e9cident de changer de ville. Install\u00e9 \u00e0 Ploemeur, pr\u00e8s de Lorient, Polig Monjarret, alors tr\u00e8s influent \u00e0 la BAS, leur propose de rejoindre le port morbihannais. Et c\u2019est ainsi que Brest perdit son festival des cornemuses et que Lorient y gagna un festival interceltique.<\/p>\n\n\n\n<figure class=\"wp-block-image size-full\"><img loading=\"lazy\" decoding=\"async\" width=\"554\" height=\"800\" src=\"https:\/\/www.bcd.bzh\/becedia\/bretagne-celtique\/wp-content\/uploads\/2022\/04\/affiche_festival.jpg\" alt=\"\" class=\"wp-image-459\" srcset=\"https:\/\/www.bcd.bzh\/becedia\/bretagne-celtique\/wp-content\/uploads\/2022\/04\/affiche_festival.jpg 554w, https:\/\/www.bcd.bzh\/becedia\/bretagne-celtique\/wp-content\/uploads\/2022\/04\/affiche_festival-208x300.jpg 208w\" sizes=\"auto, (max-width: 554px) 100vw, 554px\" \/><figcaption>Affiche BREST FESTIVAL INTERNATIONAL DES CORNEMUSES,1955, Collections du Mus\u00e9e de Bretagne 977.0113.1<\/figcaption><\/figure>\n\n\n\n<h3 class=\"wp-block-heading\">Cornemuses et soir\u00e9e folk<\/h3>\n\n\n\n<p>En 1971, la premi\u00e8re \u00e9dition lorientaise reste modeste, mais comporte les ingr\u00e9dients qui vont faire le succ\u00e8s du festival, avec notamment un d\u00e9fil\u00e9 de sonneurs et de danseurs, un fest-noz et une soir\u00e9e folk. Cette derni\u00e8re est anim\u00e9e par un jeune chanteur breton, Alan Stivell, qui fait craquer le palais des congr\u00e8s, avant de rencontrer le succ\u00e8s que l\u2019on sait suite \u00e0 son passage \u00e0 l\u2019Olympia. Gilles Servat et les s\u0153urs Goadec s\u2019y produisent aussi, avant les Dubliners ou Brenda Wooton. Le journaliste Fa\u00f1ch Gestin, dans ArMen n\u00b0 69 (juillet 1995) se souvenait de cette artiste venue de Cornouailles britanniques : \u00ab Et puis une inconnue dont c\u2019est le premier tour de chant hors de son Cornwall natal\u2026 Elle deviendra le porte-bonheur du festival, elle s\u2019appelle Brenda Wooton. \u00bb<br>En 1972, le festival des cornemuses \u00e9volue en festival interceltique, sous l\u2019influence notamment de Jean-Pierre Pichard qui en prend les commandes. Les organisateurs ont vite compris l\u2019int\u00e9r\u00eat d\u2019\u00e9largir la manifestation \u00e0 l\u2019ensemble du monde celte. Ils peuvent aussi s\u2019appuyer sur les r\u00e9seaux de la BAS qui a d\u00e9j\u00e0 mis en place de nombreux \u00e9changes culturels avec l\u2019Irlande, l\u2019\u00c9cosse, le pays de Galles ou la Galice. Cette ann\u00e9e-l\u00e0, le festival invite ainsi des pipe-bands \u00e9cossais et irlandais. L\u2019affiche officielle, sign\u00e9e Micheau-Vernez, pr\u00e9sente trois sonneurs en costume de ces diff\u00e9rents pays. Des musiciens corniques, gallois ou manxois sont \u00e9galement de la f\u00eate. Tandis que la finale du championnat des bagado\u00f9 prend ses quartiers dans le stade du Moustoir.<\/p>\n\n\n\n<p>\u00c0 partir de 1973, le Kan ar Bobl se greffe \u00e0 l\u2019organisation du FIL. Ce concours de chant, inspir\u00e9 par le Fleadh Cheoil irlandais, vient renforcer la dimension interceltique de Lorient. Les chanteurs s\u00e9lectionn\u00e9s sont en effet invit\u00e9s au concours Celtavision de Killarney. 1974 voit se produire les Chieftains et une partie de la nouvelle vague bretonne : Gweltaz Ar Fur, Bleizi ruz, Diaouled ar Menez ou les Djiboudjep. L\u2019ann\u00e9e 1975 est marqu\u00e9e par la pr\u00e9sence d\u2019une forte d\u00e9l\u00e9gation de l\u2019\u00eele de Man et la victoire du bagad Kemper sur la Kevrenn Sant-Mark. \u00c0 partir de 1976, la Galice est d\u00e9finitivement int\u00e9gr\u00e9e dans la grande famille celte contemporaine. Des ann\u00e9es 1970 bouillonnantes, on retiendra \u00e9galement la venue d\u2019une premi\u00e8re grande star internationale, Joan Baez en 1978. \u00c0 la fin du concert, elle s\u2019initie \u00e0 la gavotte et reviendra r\u00e9guli\u00e8rement \u00e0 Lorient.<\/p>\n\n\n\n<div class=\"wp-block-buttons is-content-justification-center is-layout-flex wp-container-core-buttons-is-layout-16018d1d wp-block-buttons-is-layout-flex\">\n<div class=\"wp-block-button\"><a class=\"wp-block-button__link\" href=\"http:\/\/bcd.bzh\/becedia\/fr\/lorient-cinquante-ans-de-fetes-interceltiques\" target=\"_blank\" rel=\"noreferrer noopener\">Lire la suite sur B\u00e9c\u00e9dia<\/a><\/div>\n<\/div>\n\n\n<ul class=\"wp-block-latest-posts__list is-grid columns-4 wp-block-latest-posts\"><li><div class=\"wp-block-latest-posts__featured-image\"><img loading=\"lazy\" decoding=\"async\" width=\"150\" height=\"150\" src=\"https:\/\/www.bcd.bzh\/becedia\/bretagne-celtique\/wp-content\/uploads\/2022\/04\/Alan-stivell-e1651055397868-150x150.jpg\" class=\"attachment-thumbnail size-thumbnail wp-post-image\" alt=\"\" style=\"width:100%;height:59.93%;max-width:1183px;\" srcset=\"https:\/\/www.bcd.bzh\/becedia\/bretagne-celtique\/wp-content\/uploads\/2022\/04\/Alan-stivell-e1651055397868-150x150.jpg 150w, https:\/\/www.bcd.bzh\/becedia\/bretagne-celtique\/wp-content\/uploads\/2022\/04\/Alan-stivell-e1651055397868-600x600.jpg 600w\" sizes=\"auto, (max-width: 150px) 100vw, 150px\" \/><\/div><a class=\"wp-block-latest-posts__post-title\" href=\"https:\/\/www.bcd.bzh\/becedia\/bretagne-celtique\/2022\/04\/27\/alan-stivell-a-lolympia-en-1972\/\">Alan Stivell \u00e0 l\u2019Olympia en 1972<\/a><\/li>\n<li><div class=\"wp-block-latest-posts__featured-image\"><img loading=\"lazy\" decoding=\"async\" width=\"150\" height=\"150\" src=\"https:\/\/www.bcd.bzh\/becedia\/bretagne-celtique\/wp-content\/uploads\/2022\/04\/fil_c-2019_-_the_international_celtic_pipes_and_drums_pendant_la_grande_parade-e1650034576706-150x150.jpg\" class=\"attachment-thumbnail size-thumbnail wp-post-image\" alt=\"\" style=\"width:100%;height:60%;max-width:800px;\" \/><\/div><a class=\"wp-block-latest-posts__post-title\" href=\"https:\/\/www.bcd.bzh\/becedia\/bretagne-celtique\/2022\/04\/15\/lorient-cinquante-ans-de-fetes-interceltiques\/\">Lorient, cinquante ans de f\u00eates interceltiques<\/a><\/li>\n<li><div class=\"wp-block-latest-posts__featured-image\"><img loading=\"lazy\" decoding=\"async\" width=\"150\" height=\"150\" src=\"https:\/\/www.bcd.bzh\/becedia\/bretagne-celtique\/wp-content\/uploads\/2022\/04\/bagad-e1649937236813-150x150.jpg\" class=\"attachment-thumbnail size-thumbnail wp-post-image\" alt=\"\" style=\"width:100%;height:60.1%;max-width:792px;\" \/><\/div><a class=\"wp-block-latest-posts__post-title\" href=\"https:\/\/www.bcd.bzh\/becedia\/bretagne-celtique\/2022\/04\/14\/les-bagadou\/\">Les Bagado\u00f9<\/a><\/li>\n<li><div class=\"wp-block-latest-posts__featured-image\"><img loading=\"lazy\" decoding=\"async\" width=\"150\" height=\"150\" src=\"https:\/\/www.bcd.bzh\/becedia\/bretagne-celtique\/wp-content\/uploads\/2022\/04\/an-delen-la-harpe-celtique-e1649936723884-150x150.jpg\" class=\"attachment-thumbnail size-thumbnail wp-post-image\" alt=\"\" style=\"width:100%;height:59.97%;max-width:1344px;\" srcset=\"https:\/\/www.bcd.bzh\/becedia\/bretagne-celtique\/wp-content\/uploads\/2022\/04\/an-delen-la-harpe-celtique-e1649936723884-150x150.jpg 150w, https:\/\/www.bcd.bzh\/becedia\/bretagne-celtique\/wp-content\/uploads\/2022\/04\/an-delen-la-harpe-celtique-e1649936723884-600x600.jpg 600w\" sizes=\"auto, (max-width: 150px) 100vw, 150px\" \/><\/div><a class=\"wp-block-latest-posts__post-title\" href=\"https:\/\/www.bcd.bzh\/becedia\/bretagne-celtique\/2022\/04\/13\/an-delenn-la-harpe-celtique\/\">An delenn &#8211; la harpe celtique<\/a><\/li>\n<li><div class=\"wp-block-latest-posts__featured-image\"><img loading=\"lazy\" decoding=\"async\" width=\"150\" height=\"150\" src=\"https:\/\/www.bcd.bzh\/becedia\/bretagne-celtique\/wp-content\/uploads\/2022\/04\/le-gouren-estampe-de-prosper-e1649936203882-150x150.jpg\" class=\"attachment-thumbnail size-thumbnail wp-post-image\" alt=\"\" style=\"width:100%;height:59.97%;max-width:1349px;\" srcset=\"https:\/\/www.bcd.bzh\/becedia\/bretagne-celtique\/wp-content\/uploads\/2022\/04\/le-gouren-estampe-de-prosper-e1649936203882-150x150.jpg 150w, https:\/\/www.bcd.bzh\/becedia\/bretagne-celtique\/wp-content\/uploads\/2022\/04\/le-gouren-estampe-de-prosper-e1649936203882-600x600.jpg 600w\" sizes=\"auto, (max-width: 150px) 100vw, 150px\" \/><\/div><a class=\"wp-block-latest-posts__post-title\" href=\"https:\/\/www.bcd.bzh\/becedia\/bretagne-celtique\/2022\/04\/12\/le-gouren-une-tradition-moderne\/\">Le gouren, une tradition moderne<\/a><\/li>\n<li><div class=\"wp-block-latest-posts__featured-image\"><img loading=\"lazy\" decoding=\"async\" width=\"150\" height=\"150\" src=\"https:\/\/www.bcd.bzh\/becedia\/bretagne-celtique\/wp-content\/uploads\/2022\/04\/Expo_sonerion-e1650034801453-150x150.png\" class=\"attachment-thumbnail size-thumbnail wp-post-image\" alt=\"\" style=\"width:100%;height:60.19%;max-width:932px;\" \/><\/div><a class=\"wp-block-latest-posts__post-title\" href=\"https:\/\/www.bcd.bzh\/becedia\/bretagne-celtique\/2022\/04\/10\/sonerion-une-extraordinaire-aventure\/\">Sonerion, une extraordinaire aventure<\/a><\/li>\n<\/ul>\n\n\n        <div class=\"alignwide nextprev\">\n\n    \n\n\n    \n\n                \n            <a class=\"bcd-lien nextprev__link nextprev__link--prev \" href=\"https:\/\/www.bcd.bzh\/becedia\/bretagne-celtique\/la-construction-recit-regionalisme-nationalisme-interceltisme\/\">\n            <span class=\"arrow\">\n                <svg class=\"icon\" viewBox=\"0 0 20 14\" fill=\"none\" ><path d=\"M7 14L8.41 12.59L3.83 8L20 8L20 6L3.83 6L8.42 1.41L7 -1.1365e-06L6.11959e-07 7L7 14Z\" fill=\"white\"\/><\/svg>    \n            <\/span>\n            <span class=\"link-title\">La construction d\u2019un r\u00e9cit : R\u00e9gionalisme, nationalisme, interceltisme<\/span>\n            \n        <\/a>\n        \n        \n                \n            <a class=\"bcd-lien nextprev__link nextprev__link--next\" href=\"https:\/\/www.bcd.bzh\/becedia\/bretagne-celtique\/les-cliches\/\">Les clich\u00e9s<span class=\"arrow\"> \n                            <svg class=\"icon\" viewBox=\"0 0 20 14\" fill=\"none\"><path d=\"M13 0L11.59 1.41L16.17 6H0V8H16.17L11.58 12.59L13 14L20 7L13 0Z\" fill=\"white\"><\/path><\/svg>\n                        <\/span><\/a>\n        \n            <\/div>\n\n    ","protected":false},"excerpt":{"rendered":"<p>Auteur : Erwan Chartier \/ f\u00e9vrier 2022 Depuis 1971, tous les \u00e9t\u00e9s, Lorient vibre au son des musiques celtiques et fait la f\u00eate gr\u00e2ce au FIL qui l\u2019a rendue c\u00e9l\u00e8bre \u00e0 l\u2019international. Un \u00e9v\u00e9nement qui draine plus d\u2019un demi-million de personnes et qui s\u2019est impos\u00e9 comme la r\u00e9f\u00e9rence et la vitrine de l\u2019interceltisme. S\u2019il est&hellip; <a class=\"more-link\" href=\"https:\/\/www.bcd.bzh\/becedia\/bretagne-celtique\/2022\/04\/15\/lorient-cinquante-ans-de-fetes-interceltiques\/\">Poursuivre la lecture <span class=\"screen-reader-text\">Lorient, cinquante ans de f\u00eates interceltiques<\/span><\/a><\/p>\n","protected":false},"author":2,"featured_media":460,"comment_status":"open","ping_status":"open","sticky":false,"template":"","format":"standard","meta":{"_acf_changed":false,"footnotes":""},"categories":[9],"tags":[],"class_list":["post-457","post","type-post","status-publish","format-standard","has-post-thumbnail","hentry","category-celtattitude","entry"],"acf":[],"yoast_head":"<!-- This site is optimized with the Yoast SEO plugin v24.2 - https:\/\/yoast.com\/wordpress\/plugins\/seo\/ -->\n<title>Lorient, cinquante ans de f\u00eates interceltiques - La Bretagne, terre celtique ?<\/title>\n<meta name=\"robots\" content=\"index, follow, max-snippet:-1, max-image-preview:large, max-video-preview:-1\" \/>\n<link rel=\"canonical\" href=\"https:\/\/www.bcd.bzh\/becedia\/bretagne-celtique\/2022\/04\/15\/lorient-cinquante-ans-de-fetes-interceltiques\/\" \/>\n<meta property=\"og:locale\" content=\"fr_FR\" \/>\n<meta property=\"og:type\" content=\"article\" \/>\n<meta property=\"og:title\" content=\"Lorient, cinquante ans de f\u00eates interceltiques - La Bretagne, terre celtique ?\" \/>\n<meta property=\"og:description\" content=\"Auteur : Erwan Chartier \/ f\u00e9vrier 2022 Depuis 1971, tous les \u00e9t\u00e9s, Lorient vibre au son des musiques celtiques et fait la f\u00eate gr\u00e2ce au FIL qui l\u2019a rendue c\u00e9l\u00e8bre \u00e0 l\u2019international. Un \u00e9v\u00e9nement qui draine plus d\u2019un demi-million de personnes et qui s\u2019est impos\u00e9 comme la r\u00e9f\u00e9rence et la vitrine de l\u2019interceltisme. S\u2019il est&hellip; Poursuivre la lecture Lorient, cinquante ans de f\u00eates interceltiques\" \/>\n<meta property=\"og:url\" content=\"https:\/\/www.bcd.bzh\/becedia\/bretagne-celtique\/2022\/04\/15\/lorient-cinquante-ans-de-fetes-interceltiques\/\" \/>\n<meta property=\"og:site_name\" content=\"La Bretagne, terre celtique ?\" \/>\n<meta property=\"article:publisher\" content=\"https:\/\/www.facebook.com\/bretagne.culturediversite\" \/>\n<meta property=\"article:published_time\" content=\"2022-04-15T14:56:50+00:00\" \/>\n<meta property=\"article:modified_time\" content=\"2022-04-27T08:20:45+00:00\" \/>\n<meta property=\"og:image\" content=\"https:\/\/www.bcd.bzh\/becedia\/bretagne-celtique\/wp-content\/uploads\/2022\/04\/fil_c-2019_-_the_international_celtic_pipes_and_drums_pendant_la_grande_parade-e1650034576706.jpg\" \/>\n\t<meta property=\"og:image:width\" content=\"800\" \/>\n\t<meta property=\"og:image:height\" content=\"480\" \/>\n\t<meta property=\"og:image:type\" content=\"image\/jpeg\" \/>\n<meta name=\"author\" content=\"Gwena\u00ebl Carvou\" \/>\n<meta name=\"twitter:card\" content=\"summary_large_image\" \/>\n<meta name=\"twitter:creator\" content=\"@BCDsevenaduriou\" \/>\n<meta name=\"twitter:site\" content=\"@BCDsevenaduriou\" \/>\n<meta name=\"twitter:label1\" content=\"\u00c9crit par\" \/>\n\t<meta name=\"twitter:data1\" content=\"Gwena\u00ebl Carvou\" \/>\n\t<meta name=\"twitter:label2\" content=\"Dur\u00e9e de lecture estim\u00e9e\" \/>\n\t<meta name=\"twitter:data2\" content=\"4 minutes\" \/>\n<script type=\"application\/ld+json\" class=\"yoast-schema-graph\">{\"@context\":\"https:\/\/schema.org\",\"@graph\":[{\"@type\":\"Article\",\"@id\":\"https:\/\/www.bcd.bzh\/becedia\/bretagne-celtique\/2022\/04\/15\/lorient-cinquante-ans-de-fetes-interceltiques\/#article\",\"isPartOf\":{\"@id\":\"https:\/\/www.bcd.bzh\/becedia\/bretagne-celtique\/2022\/04\/15\/lorient-cinquante-ans-de-fetes-interceltiques\/\"},\"author\":{\"name\":\"Gwena\u00ebl Carvou\",\"@id\":\"https:\/\/www.bcd.bzh\/becedia\/bretagne-celtique\/#\/schema\/person\/681d3d855ee723e66e00f353b354afb2\"},\"headline\":\"Lorient, cinquante ans de f\u00eates interceltiques\",\"datePublished\":\"2022-04-15T14:56:50+00:00\",\"dateModified\":\"2022-04-27T08:20:45+00:00\",\"mainEntityOfPage\":{\"@id\":\"https:\/\/www.bcd.bzh\/becedia\/bretagne-celtique\/2022\/04\/15\/lorient-cinquante-ans-de-fetes-interceltiques\/\"},\"wordCount\":826,\"commentCount\":0,\"publisher\":{\"@id\":\"https:\/\/www.bcd.bzh\/becedia\/bretagne-celtique\/#organization\"},\"image\":{\"@id\":\"https:\/\/www.bcd.bzh\/becedia\/bretagne-celtique\/2022\/04\/15\/lorient-cinquante-ans-de-fetes-interceltiques\/#primaryimage\"},\"thumbnailUrl\":\"https:\/\/www.bcd.bzh\/becedia\/bretagne-celtique\/wp-content\/uploads\/2022\/04\/fil_c-2019_-_the_international_celtic_pipes_and_drums_pendant_la_grande_parade-e1650034576706.jpg\",\"articleSection\":[\"Celt'attitude\"],\"inLanguage\":\"fr-FR\",\"potentialAction\":[{\"@type\":\"CommentAction\",\"name\":\"Comment\",\"target\":[\"https:\/\/www.bcd.bzh\/becedia\/bretagne-celtique\/2022\/04\/15\/lorient-cinquante-ans-de-fetes-interceltiques\/#respond\"]}]},{\"@type\":\"WebPage\",\"@id\":\"https:\/\/www.bcd.bzh\/becedia\/bretagne-celtique\/2022\/04\/15\/lorient-cinquante-ans-de-fetes-interceltiques\/\",\"url\":\"https:\/\/www.bcd.bzh\/becedia\/bretagne-celtique\/2022\/04\/15\/lorient-cinquante-ans-de-fetes-interceltiques\/\",\"name\":\"Lorient, cinquante ans de f\u00eates interceltiques - La Bretagne, terre celtique ?\",\"isPartOf\":{\"@id\":\"https:\/\/www.bcd.bzh\/becedia\/bretagne-celtique\/#website\"},\"primaryImageOfPage\":{\"@id\":\"https:\/\/www.bcd.bzh\/becedia\/bretagne-celtique\/2022\/04\/15\/lorient-cinquante-ans-de-fetes-interceltiques\/#primaryimage\"},\"image\":{\"@id\":\"https:\/\/www.bcd.bzh\/becedia\/bretagne-celtique\/2022\/04\/15\/lorient-cinquante-ans-de-fetes-interceltiques\/#primaryimage\"},\"thumbnailUrl\":\"https:\/\/www.bcd.bzh\/becedia\/bretagne-celtique\/wp-content\/uploads\/2022\/04\/fil_c-2019_-_the_international_celtic_pipes_and_drums_pendant_la_grande_parade-e1650034576706.jpg\",\"datePublished\":\"2022-04-15T14:56:50+00:00\",\"dateModified\":\"2022-04-27T08:20:45+00:00\",\"breadcrumb\":{\"@id\":\"https:\/\/www.bcd.bzh\/becedia\/bretagne-celtique\/2022\/04\/15\/lorient-cinquante-ans-de-fetes-interceltiques\/#breadcrumb\"},\"inLanguage\":\"fr-FR\",\"potentialAction\":[{\"@type\":\"ReadAction\",\"target\":[\"https:\/\/www.bcd.bzh\/becedia\/bretagne-celtique\/2022\/04\/15\/lorient-cinquante-ans-de-fetes-interceltiques\/\"]}]},{\"@type\":\"ImageObject\",\"inLanguage\":\"fr-FR\",\"@id\":\"https:\/\/www.bcd.bzh\/becedia\/bretagne-celtique\/2022\/04\/15\/lorient-cinquante-ans-de-fetes-interceltiques\/#primaryimage\",\"url\":\"https:\/\/www.bcd.bzh\/becedia\/bretagne-celtique\/wp-content\/uploads\/2022\/04\/fil_c-2019_-_the_international_celtic_pipes_and_drums_pendant_la_grande_parade-e1650034576706.jpg\",\"contentUrl\":\"https:\/\/www.bcd.bzh\/becedia\/bretagne-celtique\/wp-content\/uploads\/2022\/04\/fil_c-2019_-_the_international_celtic_pipes_and_drums_pendant_la_grande_parade-e1650034576706.jpg\",\"width\":800,\"height\":480,\"caption\":\"Groupe The International Celtic Pipes and Drums pendant la grande parade du festival interceltique de Lorient 2019. XIIIfromTOKYO, Wikimedia Commons\"},{\"@type\":\"BreadcrumbList\",\"@id\":\"https:\/\/www.bcd.bzh\/becedia\/bretagne-celtique\/2022\/04\/15\/lorient-cinquante-ans-de-fetes-interceltiques\/#breadcrumb\",\"itemListElement\":[{\"@type\":\"ListItem\",\"position\":1,\"name\":\"Accueil\",\"item\":\"https:\/\/www.bcd.bzh\/becedia\/bretagne-celtique\/\"},{\"@type\":\"ListItem\",\"position\":2,\"name\":\"Lorient, cinquante ans de f\u00eates interceltiques\"}]},{\"@type\":\"WebSite\",\"@id\":\"https:\/\/www.bcd.bzh\/becedia\/bretagne-celtique\/#website\",\"url\":\"https:\/\/www.bcd.bzh\/becedia\/bretagne-celtique\/\",\"name\":\"La Bretagne, terre celtique ?\",\"description\":\"Bretagne Culture Diversit\u00e9\",\"publisher\":{\"@id\":\"https:\/\/www.bcd.bzh\/becedia\/bretagne-celtique\/#organization\"},\"potentialAction\":[{\"@type\":\"SearchAction\",\"target\":{\"@type\":\"EntryPoint\",\"urlTemplate\":\"https:\/\/www.bcd.bzh\/becedia\/bretagne-celtique\/?s={search_term_string}\"},\"query-input\":{\"@type\":\"PropertyValueSpecification\",\"valueRequired\":true,\"valueName\":\"search_term_string\"}}],\"inLanguage\":\"fr-FR\"},{\"@type\":\"Organization\",\"@id\":\"https:\/\/www.bcd.bzh\/becedia\/bretagne-celtique\/#organization\",\"name\":\"Bretagne Culture Diversit\u00e9\",\"url\":\"https:\/\/www.bcd.bzh\/becedia\/bretagne-celtique\/\",\"logo\":{\"@type\":\"ImageObject\",\"inLanguage\":\"fr-FR\",\"@id\":\"https:\/\/www.bcd.bzh\/becedia\/bretagne-celtique\/#\/schema\/logo\/image\/\",\"url\":\"https:\/\/www.bcd.bzh\/becedia\/bretagne-celtique\/wp-content\/uploads\/2022\/06\/Logo_Bretagne_Culture_Diversite.png\",\"contentUrl\":\"https:\/\/www.bcd.bzh\/becedia\/bretagne-celtique\/wp-content\/uploads\/2022\/06\/Logo_Bretagne_Culture_Diversite.png\",\"width\":400,\"height\":360,\"caption\":\"Bretagne Culture Diversit\u00e9\"},\"image\":{\"@id\":\"https:\/\/www.bcd.bzh\/becedia\/bretagne-celtique\/#\/schema\/logo\/image\/\"},\"sameAs\":[\"https:\/\/www.facebook.com\/bretagne.culturediversite\",\"https:\/\/x.com\/BCDsevenaduriou\"]},{\"@type\":\"Person\",\"@id\":\"https:\/\/www.bcd.bzh\/becedia\/bretagne-celtique\/#\/schema\/person\/681d3d855ee723e66e00f353b354afb2\",\"name\":\"Gwena\u00ebl Carvou\",\"image\":{\"@type\":\"ImageObject\",\"inLanguage\":\"fr-FR\",\"@id\":\"https:\/\/www.bcd.bzh\/becedia\/bretagne-celtique\/#\/schema\/person\/image\/\",\"url\":\"https:\/\/secure.gravatar.com\/avatar\/b8b255636c76cb91ef757e23e27175c6ae32349f6a2a05d1b95a86f3078094c8?s=96&d=mm&r=g\",\"contentUrl\":\"https:\/\/secure.gravatar.com\/avatar\/b8b255636c76cb91ef757e23e27175c6ae32349f6a2a05d1b95a86f3078094c8?s=96&d=mm&r=g\",\"caption\":\"Gwena\u00ebl Carvou\"},\"url\":\"https:\/\/www.bcd.bzh\/becedia\/bretagne-celtique\/author\/gcarvou\/\"}]}<\/script>\n<!-- \/ Yoast SEO plugin. -->","yoast_head_json":{"title":"Lorient, cinquante ans de f\u00eates interceltiques - La Bretagne, terre celtique ?","robots":{"index":"index","follow":"follow","max-snippet":"max-snippet:-1","max-image-preview":"max-image-preview:large","max-video-preview":"max-video-preview:-1"},"canonical":"https:\/\/www.bcd.bzh\/becedia\/bretagne-celtique\/2022\/04\/15\/lorient-cinquante-ans-de-fetes-interceltiques\/","og_locale":"fr_FR","og_type":"article","og_title":"Lorient, cinquante ans de f\u00eates interceltiques - La Bretagne, terre celtique ?","og_description":"Auteur : Erwan Chartier \/ f\u00e9vrier 2022 Depuis 1971, tous les \u00e9t\u00e9s, Lorient vibre au son des musiques celtiques et fait la f\u00eate gr\u00e2ce au FIL qui l\u2019a rendue c\u00e9l\u00e8bre \u00e0 l\u2019international. Un \u00e9v\u00e9nement qui draine plus d\u2019un demi-million de personnes et qui s\u2019est impos\u00e9 comme la r\u00e9f\u00e9rence et la vitrine de l\u2019interceltisme. S\u2019il est&hellip; Poursuivre la lecture Lorient, cinquante ans de f\u00eates interceltiques","og_url":"https:\/\/www.bcd.bzh\/becedia\/bretagne-celtique\/2022\/04\/15\/lorient-cinquante-ans-de-fetes-interceltiques\/","og_site_name":"La Bretagne, terre celtique ?","article_publisher":"https:\/\/www.facebook.com\/bretagne.culturediversite","article_published_time":"2022-04-15T14:56:50+00:00","article_modified_time":"2022-04-27T08:20:45+00:00","og_image":[{"width":800,"height":480,"url":"https:\/\/www.bcd.bzh\/becedia\/bretagne-celtique\/wp-content\/uploads\/2022\/04\/fil_c-2019_-_the_international_celtic_pipes_and_drums_pendant_la_grande_parade-e1650034576706.jpg","type":"image\/jpeg"}],"author":"Gwena\u00ebl Carvou","twitter_card":"summary_large_image","twitter_creator":"@BCDsevenaduriou","twitter_site":"@BCDsevenaduriou","twitter_misc":{"\u00c9crit par":"Gwena\u00ebl Carvou","Dur\u00e9e de lecture estim\u00e9e":"4 minutes"},"schema":{"@context":"https:\/\/schema.org","@graph":[{"@type":"Article","@id":"https:\/\/www.bcd.bzh\/becedia\/bretagne-celtique\/2022\/04\/15\/lorient-cinquante-ans-de-fetes-interceltiques\/#article","isPartOf":{"@id":"https:\/\/www.bcd.bzh\/becedia\/bretagne-celtique\/2022\/04\/15\/lorient-cinquante-ans-de-fetes-interceltiques\/"},"author":{"name":"Gwena\u00ebl Carvou","@id":"https:\/\/www.bcd.bzh\/becedia\/bretagne-celtique\/#\/schema\/person\/681d3d855ee723e66e00f353b354afb2"},"headline":"Lorient, cinquante ans de f\u00eates interceltiques","datePublished":"2022-04-15T14:56:50+00:00","dateModified":"2022-04-27T08:20:45+00:00","mainEntityOfPage":{"@id":"https:\/\/www.bcd.bzh\/becedia\/bretagne-celtique\/2022\/04\/15\/lorient-cinquante-ans-de-fetes-interceltiques\/"},"wordCount":826,"commentCount":0,"publisher":{"@id":"https:\/\/www.bcd.bzh\/becedia\/bretagne-celtique\/#organization"},"image":{"@id":"https:\/\/www.bcd.bzh\/becedia\/bretagne-celtique\/2022\/04\/15\/lorient-cinquante-ans-de-fetes-interceltiques\/#primaryimage"},"thumbnailUrl":"https:\/\/www.bcd.bzh\/becedia\/bretagne-celtique\/wp-content\/uploads\/2022\/04\/fil_c-2019_-_the_international_celtic_pipes_and_drums_pendant_la_grande_parade-e1650034576706.jpg","articleSection":["Celt'attitude"],"inLanguage":"fr-FR","potentialAction":[{"@type":"CommentAction","name":"Comment","target":["https:\/\/www.bcd.bzh\/becedia\/bretagne-celtique\/2022\/04\/15\/lorient-cinquante-ans-de-fetes-interceltiques\/#respond"]}]},{"@type":"WebPage","@id":"https:\/\/www.bcd.bzh\/becedia\/bretagne-celtique\/2022\/04\/15\/lorient-cinquante-ans-de-fetes-interceltiques\/","url":"https:\/\/www.bcd.bzh\/becedia\/bretagne-celtique\/2022\/04\/15\/lorient-cinquante-ans-de-fetes-interceltiques\/","name":"Lorient, cinquante ans de f\u00eates interceltiques - La Bretagne, terre celtique ?","isPartOf":{"@id":"https:\/\/www.bcd.bzh\/becedia\/bretagne-celtique\/#website"},"primaryImageOfPage":{"@id":"https:\/\/www.bcd.bzh\/becedia\/bretagne-celtique\/2022\/04\/15\/lorient-cinquante-ans-de-fetes-interceltiques\/#primaryimage"},"image":{"@id":"https:\/\/www.bcd.bzh\/becedia\/bretagne-celtique\/2022\/04\/15\/lorient-cinquante-ans-de-fetes-interceltiques\/#primaryimage"},"thumbnailUrl":"https:\/\/www.bcd.bzh\/becedia\/bretagne-celtique\/wp-content\/uploads\/2022\/04\/fil_c-2019_-_the_international_celtic_pipes_and_drums_pendant_la_grande_parade-e1650034576706.jpg","datePublished":"2022-04-15T14:56:50+00:00","dateModified":"2022-04-27T08:20:45+00:00","breadcrumb":{"@id":"https:\/\/www.bcd.bzh\/becedia\/bretagne-celtique\/2022\/04\/15\/lorient-cinquante-ans-de-fetes-interceltiques\/#breadcrumb"},"inLanguage":"fr-FR","potentialAction":[{"@type":"ReadAction","target":["https:\/\/www.bcd.bzh\/becedia\/bretagne-celtique\/2022\/04\/15\/lorient-cinquante-ans-de-fetes-interceltiques\/"]}]},{"@type":"ImageObject","inLanguage":"fr-FR","@id":"https:\/\/www.bcd.bzh\/becedia\/bretagne-celtique\/2022\/04\/15\/lorient-cinquante-ans-de-fetes-interceltiques\/#primaryimage","url":"https:\/\/www.bcd.bzh\/becedia\/bretagne-celtique\/wp-content\/uploads\/2022\/04\/fil_c-2019_-_the_international_celtic_pipes_and_drums_pendant_la_grande_parade-e1650034576706.jpg","contentUrl":"https:\/\/www.bcd.bzh\/becedia\/bretagne-celtique\/wp-content\/uploads\/2022\/04\/fil_c-2019_-_the_international_celtic_pipes_and_drums_pendant_la_grande_parade-e1650034576706.jpg","width":800,"height":480,"caption":"Groupe The International Celtic Pipes and Drums pendant la grande parade du festival interceltique de Lorient 2019. XIIIfromTOKYO, Wikimedia Commons"},{"@type":"BreadcrumbList","@id":"https:\/\/www.bcd.bzh\/becedia\/bretagne-celtique\/2022\/04\/15\/lorient-cinquante-ans-de-fetes-interceltiques\/#breadcrumb","itemListElement":[{"@type":"ListItem","position":1,"name":"Accueil","item":"https:\/\/www.bcd.bzh\/becedia\/bretagne-celtique\/"},{"@type":"ListItem","position":2,"name":"Lorient, cinquante ans de f\u00eates interceltiques"}]},{"@type":"WebSite","@id":"https:\/\/www.bcd.bzh\/becedia\/bretagne-celtique\/#website","url":"https:\/\/www.bcd.bzh\/becedia\/bretagne-celtique\/","name":"La Bretagne, terre celtique ?","description":"Bretagne Culture Diversit\u00e9","publisher":{"@id":"https:\/\/www.bcd.bzh\/becedia\/bretagne-celtique\/#organization"},"potentialAction":[{"@type":"SearchAction","target":{"@type":"EntryPoint","urlTemplate":"https:\/\/www.bcd.bzh\/becedia\/bretagne-celtique\/?s={search_term_string}"},"query-input":{"@type":"PropertyValueSpecification","valueRequired":true,"valueName":"search_term_string"}}],"inLanguage":"fr-FR"},{"@type":"Organization","@id":"https:\/\/www.bcd.bzh\/becedia\/bretagne-celtique\/#organization","name":"Bretagne Culture Diversit\u00e9","url":"https:\/\/www.bcd.bzh\/becedia\/bretagne-celtique\/","logo":{"@type":"ImageObject","inLanguage":"fr-FR","@id":"https:\/\/www.bcd.bzh\/becedia\/bretagne-celtique\/#\/schema\/logo\/image\/","url":"https:\/\/www.bcd.bzh\/becedia\/bretagne-celtique\/wp-content\/uploads\/2022\/06\/Logo_Bretagne_Culture_Diversite.png","contentUrl":"https:\/\/www.bcd.bzh\/becedia\/bretagne-celtique\/wp-content\/uploads\/2022\/06\/Logo_Bretagne_Culture_Diversite.png","width":400,"height":360,"caption":"Bretagne Culture Diversit\u00e9"},"image":{"@id":"https:\/\/www.bcd.bzh\/becedia\/bretagne-celtique\/#\/schema\/logo\/image\/"},"sameAs":["https:\/\/www.facebook.com\/bretagne.culturediversite","https:\/\/x.com\/BCDsevenaduriou"]},{"@type":"Person","@id":"https:\/\/www.bcd.bzh\/becedia\/bretagne-celtique\/#\/schema\/person\/681d3d855ee723e66e00f353b354afb2","name":"Gwena\u00ebl Carvou","image":{"@type":"ImageObject","inLanguage":"fr-FR","@id":"https:\/\/www.bcd.bzh\/becedia\/bretagne-celtique\/#\/schema\/person\/image\/","url":"https:\/\/secure.gravatar.com\/avatar\/b8b255636c76cb91ef757e23e27175c6ae32349f6a2a05d1b95a86f3078094c8?s=96&d=mm&r=g","contentUrl":"https:\/\/secure.gravatar.com\/avatar\/b8b255636c76cb91ef757e23e27175c6ae32349f6a2a05d1b95a86f3078094c8?s=96&d=mm&r=g","caption":"Gwena\u00ebl Carvou"},"url":"https:\/\/www.bcd.bzh\/becedia\/bretagne-celtique\/author\/gcarvou\/"}]}},"_links":{"self":[{"href":"https:\/\/www.bcd.bzh\/becedia\/bretagne-celtique\/wp-json\/wp\/v2\/posts\/457","targetHints":{"allow":["GET"]}}],"collection":[{"href":"https:\/\/www.bcd.bzh\/becedia\/bretagne-celtique\/wp-json\/wp\/v2\/posts"}],"about":[{"href":"https:\/\/www.bcd.bzh\/becedia\/bretagne-celtique\/wp-json\/wp\/v2\/types\/post"}],"author":[{"embeddable":true,"href":"https:\/\/www.bcd.bzh\/becedia\/bretagne-celtique\/wp-json\/wp\/v2\/users\/2"}],"replies":[{"embeddable":true,"href":"https:\/\/www.bcd.bzh\/becedia\/bretagne-celtique\/wp-json\/wp\/v2\/comments?post=457"}],"version-history":[{"count":4,"href":"https:\/\/www.bcd.bzh\/becedia\/bretagne-celtique\/wp-json\/wp\/v2\/posts\/457\/revisions"}],"predecessor-version":[{"id":597,"href":"https:\/\/www.bcd.bzh\/becedia\/bretagne-celtique\/wp-json\/wp\/v2\/posts\/457\/revisions\/597"}],"wp:featuredmedia":[{"embeddable":true,"href":"https:\/\/www.bcd.bzh\/becedia\/bretagne-celtique\/wp-json\/wp\/v2\/media\/460"}],"wp:attachment":[{"href":"https:\/\/www.bcd.bzh\/becedia\/bretagne-celtique\/wp-json\/wp\/v2\/media?parent=457"}],"wp:term":[{"taxonomy":"category","embeddable":true,"href":"https:\/\/www.bcd.bzh\/becedia\/bretagne-celtique\/wp-json\/wp\/v2\/categories?post=457"},{"taxonomy":"post_tag","embeddable":true,"href":"https:\/\/www.bcd.bzh\/becedia\/bretagne-celtique\/wp-json\/wp\/v2\/tags?post=457"}],"curies":[{"name":"wp","href":"https:\/\/api.w.org\/{rel}","templated":true}]}}