{"id":616,"date":"2022-04-27T12:32:25","date_gmt":"2022-04-27T10:32:25","guid":{"rendered":"https:\/\/www.bcd.bzh\/becedia\/bretagne-celtique\/?p=616"},"modified":"2022-04-27T12:32:26","modified_gmt":"2022-04-27T10:32:26","slug":"alan-stivell-a-lolympia-en-1972","status":"publish","type":"post","link":"https:\/\/www.bcd.bzh\/becedia\/bretagne-celtique\/2022\/04\/27\/alan-stivell-a-lolympia-en-1972\/","title":{"rendered":"Alan Stivell \u00e0 l\u2019Olympia en 1972"},"content":{"rendered":"\n<p><em>Auteur : Laurent Bourdelas \/ novembre 2016<\/em><\/p>\n\n\n\n<p><strong>Le lundi 28 f\u00e9vrier 1972, Alan Stivell (n\u00e9 Alain Cochevelou en 1944, fils de Georges, qui r\u00e9-imagina la harpe celtique dans les ann\u00e9es 1950) \u00e9tait \u00e0 l\u2019Olympia pour un concert mythique \u00e0 l\u2019origine de la \u00ab vague \u00bb bretonne et celtique qui allait d\u00e9ferler sur la France et ailleurs.<\/strong><\/p>\n\n\n\n<h3 class=\"wp-block-heading\">La musique bretonne s\u2019invite \u00e0 l\u2019Olympia<\/h3>\n\n\n\n<p>Une foule enthousiaste se pressait \u00e0 l\u2019Olympia, des<em>\u00a0gwenn ha du<\/em>\u00a0furent brandis ; il y avait dans la salle \u00e0 la fois des amateurs de folk et de tr\u00e8s nombreux Bretons de Paris et de la r\u00e9gion parisienne. Sur la sc\u00e8ne, bouillants d\u2019\u00e9nergie, Alan Stivell : chant, harpes celtiques, fl\u00fbte irlandaise, bombarde ; Gabriel Yacoub : guitare,\u00a0<a>dulcimer<\/a>, banjo, chant ; Rene Werneer :\u00a0<a>fiddle<\/a>\u00a0(peut-\u00eatre aussi dulcimer) ; Pascal Stive : claviers ; Gerald Levasseur : basse ; Henri Delagarde : violoncelle ; Dan Ar Bras : guitare \u00e9lectrique et acoustique ; Michel Santangeli : batterie ; Serj Parayre : caisse claire \u00e9cossaise ; Mik Le Biz : bombarde ; Michel Clec\u2019h : fl\u00fbte.<\/p>\n\n\n\n<figure class=\"wp-block-image size-full\"><img loading=\"lazy\" decoding=\"async\" width=\"600\" height=\"569\" src=\"https:\/\/www.bcd.bzh\/becedia\/bretagne-celtique\/wp-content\/uploads\/2022\/04\/le-disque-du-concert-dalan-Stivell-de-72-a-lOlympia.jpg\" alt=\"\" class=\"wp-image-618\" srcset=\"https:\/\/www.bcd.bzh\/becedia\/bretagne-celtique\/wp-content\/uploads\/2022\/04\/le-disque-du-concert-dalan-Stivell-de-72-a-lOlympia.jpg 600w, https:\/\/www.bcd.bzh\/becedia\/bretagne-celtique\/wp-content\/uploads\/2022\/04\/le-disque-du-concert-dalan-Stivell-de-72-a-lOlympia-300x285.jpg 300w\" sizes=\"auto, (max-width: 600px) 100vw, 600px\" \/><figcaption>Alan Stivell \u00e0 L\u2019olympia \u2013 album live de 1972 \u00a9 Universal \u2013 tous droits r\u00e9serv\u00e9s. Sorti en mai 1972, l\u2019album live du concert de Stivell connut un immense succ\u00e8s d\u00e8s sa sortie. Il s\u2019en serait vendu environ 150 000 exemplaires en un an, et plus de 2 millions depuis.<\/figcaption><\/figure>\n\n\n\n<p>Le<em>\u00a0live<\/em>\u00a0enregistr\u00e9 \u00e0 cette occasion rend bien compte du plaisir ressenti ce soir-l\u00e0 par le public, qui applaudit \u00e0 tout rompre, y compris pendant certains airs. Treize titres figurent sur le 33 tours \u2013 ce sont tous, \u00e0 l\u2019exception du premier, des airs traditionnels arrang\u00e9s par Stivell :\u00a0<em>The Wind of Keltia, le tr\u00e8s rock Pop Plinn, An Dro, The Trees They Grow High, An Alarc\u2019h<\/em>\u00a0(chant de guerre en dialecte de Cornouaille issu du\u00a0<em>Barzaz Breiz<\/em>),\u00a0<em>An Durzhunel, Telenn Gwad, The Foggy Dew<\/em>\u00a0(chant en l\u2019honneur des combattants de l\u2019ind\u00e9pendance irlandaise, \u00e9crit en 1919),\u00a0<em>Tha mi sgith, The King of the Fairies, Kost ar c\u2019hoad,<\/em>\u00a0la fameuse Suite<em>\u00a0sudarmoricaine<\/em>\u00a0(introduction musicale suivie de la chanson presque paillarde Pardon Spezed) ; et puis, bien s\u00fbr, c\u2019est lors de cet Olympia que fut chant\u00e9 et enregistr\u00e9 Tri Martolod, devenu un v\u00e9ritable tube par la suite, diffus\u00e9 en radio et chant\u00e9 \u00e0 la t\u00e9l\u00e9vision, souvent demand\u00e9 ou esp\u00e9r\u00e9 par le public des concerts de Stivell. Il s\u2019agit d\u2019une ronde \u00e0 trois pas que l\u2019on rencontre sur toute la c\u00f4te de Bretagne et plus particuli\u00e8rement en Sud-Cornouaille. C\u2019est l\u2019histoire de trois jeunes marins partis vers Terre-Neuve qui se transforme en dialogue amoureux avec une servante avec qui le narrateur, pauvre, souhaite se marier. C\u2019est adolescent que le chanteur a d\u00e9couvert cette chanson, recens\u00e9e par Polig Montjarret sous le titre\u00a0<em>Tri-ugent martolod\u00a0<\/em>(60 marins) dans son recueil d\u2019airs pour cornemuses. Alan l\u2019a adapt\u00e9e avec cette introduction \u00e0 la harpe celtique cord\u00e9e m\u00e9tal si caract\u00e9ristique et la voici interpr\u00e9t\u00e9e face \u00e0 ce public qui se l\u2019approprie imm\u00e9diatement, avec joie.<\/p>\n\n\n\n<div class=\"wp-block-buttons is-content-justification-center is-layout-flex wp-container-core-buttons-is-layout-16018d1d wp-block-buttons-is-layout-flex\">\n<div class=\"wp-block-button\"><a class=\"wp-block-button__link\" href=\"http:\/\/bcd.bzh\/becedia\/fr\/alan-stivell-a-lolympia-en-1972\" target=\"_blank\" rel=\"noreferrer noopener\">Lire la suite sur B\u00e9c\u00e9dia<\/a><\/div>\n<\/div>\n\n\n<ul class=\"wp-block-latest-posts__list is-grid columns-4 wp-block-latest-posts\"><li><div class=\"wp-block-latest-posts__featured-image\"><img loading=\"lazy\" decoding=\"async\" width=\"150\" height=\"150\" src=\"https:\/\/www.bcd.bzh\/becedia\/bretagne-celtique\/wp-content\/uploads\/2022\/04\/Alan-stivell-e1651055397868-150x150.jpg\" class=\"attachment-thumbnail size-thumbnail wp-post-image\" alt=\"\" style=\"width:100%;height:59.93%;max-width:1183px;\" srcset=\"https:\/\/www.bcd.bzh\/becedia\/bretagne-celtique\/wp-content\/uploads\/2022\/04\/Alan-stivell-e1651055397868-150x150.jpg 150w, https:\/\/www.bcd.bzh\/becedia\/bretagne-celtique\/wp-content\/uploads\/2022\/04\/Alan-stivell-e1651055397868-600x600.jpg 600w\" sizes=\"auto, (max-width: 150px) 100vw, 150px\" \/><\/div><a class=\"wp-block-latest-posts__post-title\" href=\"https:\/\/www.bcd.bzh\/becedia\/bretagne-celtique\/2022\/04\/27\/alan-stivell-a-lolympia-en-1972\/\">Alan Stivell \u00e0 l\u2019Olympia en 1972<\/a><\/li>\n<li><div class=\"wp-block-latest-posts__featured-image\"><img loading=\"lazy\" decoding=\"async\" width=\"150\" height=\"150\" src=\"https:\/\/www.bcd.bzh\/becedia\/bretagne-celtique\/wp-content\/uploads\/2022\/04\/fil_c-2019_-_the_international_celtic_pipes_and_drums_pendant_la_grande_parade-e1650034576706-150x150.jpg\" class=\"attachment-thumbnail size-thumbnail wp-post-image\" alt=\"\" style=\"width:100%;height:60%;max-width:800px;\" \/><\/div><a class=\"wp-block-latest-posts__post-title\" href=\"https:\/\/www.bcd.bzh\/becedia\/bretagne-celtique\/2022\/04\/15\/lorient-cinquante-ans-de-fetes-interceltiques\/\">Lorient, cinquante ans de f\u00eates interceltiques<\/a><\/li>\n<li><div class=\"wp-block-latest-posts__featured-image\"><img loading=\"lazy\" decoding=\"async\" width=\"150\" height=\"150\" src=\"https:\/\/www.bcd.bzh\/becedia\/bretagne-celtique\/wp-content\/uploads\/2022\/04\/bagad-e1649937236813-150x150.jpg\" class=\"attachment-thumbnail size-thumbnail wp-post-image\" alt=\"\" style=\"width:100%;height:60.1%;max-width:792px;\" \/><\/div><a class=\"wp-block-latest-posts__post-title\" href=\"https:\/\/www.bcd.bzh\/becedia\/bretagne-celtique\/2022\/04\/14\/les-bagadou\/\">Les Bagado\u00f9<\/a><\/li>\n<li><div class=\"wp-block-latest-posts__featured-image\"><img loading=\"lazy\" decoding=\"async\" width=\"150\" height=\"150\" src=\"https:\/\/www.bcd.bzh\/becedia\/bretagne-celtique\/wp-content\/uploads\/2022\/04\/an-delen-la-harpe-celtique-e1649936723884-150x150.jpg\" class=\"attachment-thumbnail size-thumbnail wp-post-image\" alt=\"\" style=\"width:100%;height:59.97%;max-width:1344px;\" srcset=\"https:\/\/www.bcd.bzh\/becedia\/bretagne-celtique\/wp-content\/uploads\/2022\/04\/an-delen-la-harpe-celtique-e1649936723884-150x150.jpg 150w, https:\/\/www.bcd.bzh\/becedia\/bretagne-celtique\/wp-content\/uploads\/2022\/04\/an-delen-la-harpe-celtique-e1649936723884-600x600.jpg 600w\" sizes=\"auto, (max-width: 150px) 100vw, 150px\" \/><\/div><a class=\"wp-block-latest-posts__post-title\" href=\"https:\/\/www.bcd.bzh\/becedia\/bretagne-celtique\/2022\/04\/13\/an-delenn-la-harpe-celtique\/\">An delenn &#8211; la harpe celtique<\/a><\/li>\n<li><div class=\"wp-block-latest-posts__featured-image\"><img loading=\"lazy\" decoding=\"async\" width=\"150\" height=\"150\" src=\"https:\/\/www.bcd.bzh\/becedia\/bretagne-celtique\/wp-content\/uploads\/2022\/04\/le-gouren-estampe-de-prosper-e1649936203882-150x150.jpg\" class=\"attachment-thumbnail size-thumbnail wp-post-image\" alt=\"\" style=\"width:100%;height:59.97%;max-width:1349px;\" srcset=\"https:\/\/www.bcd.bzh\/becedia\/bretagne-celtique\/wp-content\/uploads\/2022\/04\/le-gouren-estampe-de-prosper-e1649936203882-150x150.jpg 150w, https:\/\/www.bcd.bzh\/becedia\/bretagne-celtique\/wp-content\/uploads\/2022\/04\/le-gouren-estampe-de-prosper-e1649936203882-600x600.jpg 600w\" sizes=\"auto, (max-width: 150px) 100vw, 150px\" \/><\/div><a class=\"wp-block-latest-posts__post-title\" href=\"https:\/\/www.bcd.bzh\/becedia\/bretagne-celtique\/2022\/04\/12\/le-gouren-une-tradition-moderne\/\">Le gouren, une tradition moderne<\/a><\/li>\n<li><div class=\"wp-block-latest-posts__featured-image\"><img loading=\"lazy\" decoding=\"async\" width=\"150\" height=\"150\" src=\"https:\/\/www.bcd.bzh\/becedia\/bretagne-celtique\/wp-content\/uploads\/2022\/04\/Expo_sonerion-e1650034801453-150x150.png\" class=\"attachment-thumbnail size-thumbnail wp-post-image\" alt=\"\" style=\"width:100%;height:60.19%;max-width:932px;\" \/><\/div><a class=\"wp-block-latest-posts__post-title\" href=\"https:\/\/www.bcd.bzh\/becedia\/bretagne-celtique\/2022\/04\/10\/sonerion-une-extraordinaire-aventure\/\">Sonerion, une extraordinaire aventure<\/a><\/li>\n<\/ul>\n\n\n        <div class=\"alignwide nextprev\">\n\n    \n\n\n    \n\n                \n            <a class=\"bcd-lien nextprev__link nextprev__link--prev \" href=\"https:\/\/www.bcd.bzh\/becedia\/bretagne-celtique\/la-construction-recit-regionalisme-nationalisme-interceltisme\/\">\n            <span class=\"arrow\">\n                <svg class=\"icon\" viewBox=\"0 0 20 14\" fill=\"none\" ><path d=\"M7 14L8.41 12.59L3.83 8L20 8L20 6L3.83 6L8.42 1.41L7 -1.1365e-06L6.11959e-07 7L7 14Z\" fill=\"white\"\/><\/svg>    \n            <\/span>\n            <span class=\"link-title\">La construction d\u2019un r\u00e9cit : R\u00e9gionalisme, nationalisme, interceltisme<\/span>\n            \n        <\/a>\n        \n        \n                \n            <a class=\"bcd-lien nextprev__link nextprev__link--next\" href=\"https:\/\/www.bcd.bzh\/becedia\/bretagne-celtique\/les-cliches\/\">Les clich\u00e9s<span class=\"arrow\"> \n                            <svg class=\"icon\" viewBox=\"0 0 20 14\" fill=\"none\"><path d=\"M13 0L11.59 1.41L16.17 6H0V8H16.17L11.58 12.59L13 14L20 7L13 0Z\" fill=\"white\"><\/path><\/svg>\n                        <\/span><\/a>\n        \n            <\/div>\n\n    ","protected":false},"excerpt":{"rendered":"<p>Auteur : Laurent Bourdelas \/ novembre 2016 Le lundi 28 f\u00e9vrier 1972, Alan Stivell (n\u00e9 Alain Cochevelou en 1944, fils de Georges, qui r\u00e9-imagina la harpe celtique dans les ann\u00e9es 1950) \u00e9tait \u00e0 l\u2019Olympia pour un concert mythique \u00e0 l\u2019origine de la \u00ab vague \u00bb bretonne et celtique qui allait d\u00e9ferler sur la France et&hellip; <a class=\"more-link\" href=\"https:\/\/www.bcd.bzh\/becedia\/bretagne-celtique\/2022\/04\/27\/alan-stivell-a-lolympia-en-1972\/\">Poursuivre la lecture <span class=\"screen-reader-text\">Alan Stivell \u00e0 l\u2019Olympia en 1972<\/span><\/a><\/p>\n","protected":false},"author":2,"featured_media":617,"comment_status":"open","ping_status":"open","sticky":false,"template":"","format":"standard","meta":{"_acf_changed":false,"footnotes":""},"categories":[9],"tags":[],"class_list":["post-616","post","type-post","status-publish","format-standard","has-post-thumbnail","hentry","category-celtattitude","entry"],"acf":[],"yoast_head":"<!-- This site is optimized with the Yoast SEO plugin v24.2 - https:\/\/yoast.com\/wordpress\/plugins\/seo\/ -->\n<title>Alan Stivell \u00e0 l\u2019Olympia en 1972 - La Bretagne, terre celtique ?<\/title>\n<meta name=\"robots\" content=\"index, follow, max-snippet:-1, max-image-preview:large, max-video-preview:-1\" \/>\n<link rel=\"canonical\" href=\"https:\/\/www.bcd.bzh\/becedia\/bretagne-celtique\/2022\/04\/27\/alan-stivell-a-lolympia-en-1972\/\" \/>\n<meta property=\"og:locale\" content=\"fr_FR\" \/>\n<meta property=\"og:type\" content=\"article\" \/>\n<meta property=\"og:title\" content=\"Alan Stivell \u00e0 l\u2019Olympia en 1972 - La Bretagne, terre celtique ?\" \/>\n<meta property=\"og:description\" content=\"Auteur : Laurent Bourdelas \/ novembre 2016 Le lundi 28 f\u00e9vrier 1972, Alan Stivell (n\u00e9 Alain Cochevelou en 1944, fils de Georges, qui r\u00e9-imagina la harpe celtique dans les ann\u00e9es 1950) \u00e9tait \u00e0 l\u2019Olympia pour un concert mythique \u00e0 l\u2019origine de la \u00ab vague \u00bb bretonne et celtique qui allait d\u00e9ferler sur la France et&hellip; Poursuivre la lecture Alan Stivell \u00e0 l\u2019Olympia en 1972\" \/>\n<meta property=\"og:url\" content=\"https:\/\/www.bcd.bzh\/becedia\/bretagne-celtique\/2022\/04\/27\/alan-stivell-a-lolympia-en-1972\/\" \/>\n<meta property=\"og:site_name\" content=\"La Bretagne, terre celtique ?\" \/>\n<meta property=\"article:publisher\" content=\"https:\/\/www.facebook.com\/bretagne.culturediversite\" \/>\n<meta property=\"article:published_time\" content=\"2022-04-27T10:32:25+00:00\" \/>\n<meta property=\"article:modified_time\" content=\"2022-04-27T10:32:26+00:00\" \/>\n<meta property=\"og:image\" content=\"https:\/\/www.bcd.bzh\/becedia\/bretagne-celtique\/wp-content\/uploads\/2022\/04\/Alan-stivell-e1651055397868.jpg\" \/>\n\t<meta property=\"og:image:width\" content=\"1183\" \/>\n\t<meta property=\"og:image:height\" content=\"709\" \/>\n\t<meta property=\"og:image:type\" content=\"image\/jpeg\" \/>\n<meta name=\"author\" content=\"Gwena\u00ebl Carvou\" \/>\n<meta name=\"twitter:card\" content=\"summary_large_image\" \/>\n<meta name=\"twitter:creator\" content=\"@BCDsevenaduriou\" \/>\n<meta name=\"twitter:site\" content=\"@BCDsevenaduriou\" \/>\n<meta name=\"twitter:label1\" content=\"\u00c9crit par\" \/>\n\t<meta name=\"twitter:data1\" content=\"Gwena\u00ebl Carvou\" \/>\n\t<meta name=\"twitter:label2\" content=\"Dur\u00e9e de lecture estim\u00e9e\" \/>\n\t<meta name=\"twitter:data2\" content=\"2 minutes\" \/>\n<script type=\"application\/ld+json\" class=\"yoast-schema-graph\">{\"@context\":\"https:\/\/schema.org\",\"@graph\":[{\"@type\":\"Article\",\"@id\":\"https:\/\/www.bcd.bzh\/becedia\/bretagne-celtique\/2022\/04\/27\/alan-stivell-a-lolympia-en-1972\/#article\",\"isPartOf\":{\"@id\":\"https:\/\/www.bcd.bzh\/becedia\/bretagne-celtique\/2022\/04\/27\/alan-stivell-a-lolympia-en-1972\/\"},\"author\":{\"name\":\"Gwena\u00ebl Carvou\",\"@id\":\"https:\/\/www.bcd.bzh\/becedia\/bretagne-celtique\/#\/schema\/person\/681d3d855ee723e66e00f353b354afb2\"},\"headline\":\"Alan Stivell \u00e0 l\u2019Olympia en 1972\",\"datePublished\":\"2022-04-27T10:32:25+00:00\",\"dateModified\":\"2022-04-27T10:32:26+00:00\",\"mainEntityOfPage\":{\"@id\":\"https:\/\/www.bcd.bzh\/becedia\/bretagne-celtique\/2022\/04\/27\/alan-stivell-a-lolympia-en-1972\/\"},\"wordCount\":504,\"commentCount\":0,\"publisher\":{\"@id\":\"https:\/\/www.bcd.bzh\/becedia\/bretagne-celtique\/#organization\"},\"image\":{\"@id\":\"https:\/\/www.bcd.bzh\/becedia\/bretagne-celtique\/2022\/04\/27\/alan-stivell-a-lolympia-en-1972\/#primaryimage\"},\"thumbnailUrl\":\"https:\/\/www.bcd.bzh\/becedia\/bretagne-celtique\/wp-content\/uploads\/2022\/04\/Alan-stivell-e1651055397868.jpg\",\"articleSection\":[\"Celt'attitude\"],\"inLanguage\":\"fr-FR\",\"potentialAction\":[{\"@type\":\"CommentAction\",\"name\":\"Comment\",\"target\":[\"https:\/\/www.bcd.bzh\/becedia\/bretagne-celtique\/2022\/04\/27\/alan-stivell-a-lolympia-en-1972\/#respond\"]}]},{\"@type\":\"WebPage\",\"@id\":\"https:\/\/www.bcd.bzh\/becedia\/bretagne-celtique\/2022\/04\/27\/alan-stivell-a-lolympia-en-1972\/\",\"url\":\"https:\/\/www.bcd.bzh\/becedia\/bretagne-celtique\/2022\/04\/27\/alan-stivell-a-lolympia-en-1972\/\",\"name\":\"Alan Stivell \u00e0 l\u2019Olympia en 1972 - La Bretagne, terre celtique ?\",\"isPartOf\":{\"@id\":\"https:\/\/www.bcd.bzh\/becedia\/bretagne-celtique\/#website\"},\"primaryImageOfPage\":{\"@id\":\"https:\/\/www.bcd.bzh\/becedia\/bretagne-celtique\/2022\/04\/27\/alan-stivell-a-lolympia-en-1972\/#primaryimage\"},\"image\":{\"@id\":\"https:\/\/www.bcd.bzh\/becedia\/bretagne-celtique\/2022\/04\/27\/alan-stivell-a-lolympia-en-1972\/#primaryimage\"},\"thumbnailUrl\":\"https:\/\/www.bcd.bzh\/becedia\/bretagne-celtique\/wp-content\/uploads\/2022\/04\/Alan-stivell-e1651055397868.jpg\",\"datePublished\":\"2022-04-27T10:32:25+00:00\",\"dateModified\":\"2022-04-27T10:32:26+00:00\",\"breadcrumb\":{\"@id\":\"https:\/\/www.bcd.bzh\/becedia\/bretagne-celtique\/2022\/04\/27\/alan-stivell-a-lolympia-en-1972\/#breadcrumb\"},\"inLanguage\":\"fr-FR\",\"potentialAction\":[{\"@type\":\"ReadAction\",\"target\":[\"https:\/\/www.bcd.bzh\/becedia\/bretagne-celtique\/2022\/04\/27\/alan-stivell-a-lolympia-en-1972\/\"]}]},{\"@type\":\"ImageObject\",\"inLanguage\":\"fr-FR\",\"@id\":\"https:\/\/www.bcd.bzh\/becedia\/bretagne-celtique\/2022\/04\/27\/alan-stivell-a-lolympia-en-1972\/#primaryimage\",\"url\":\"https:\/\/www.bcd.bzh\/becedia\/bretagne-celtique\/wp-content\/uploads\/2022\/04\/Alan-stivell-e1651055397868.jpg\",\"contentUrl\":\"https:\/\/www.bcd.bzh\/becedia\/bretagne-celtique\/wp-content\/uploads\/2022\/04\/Alan-stivell-e1651055397868.jpg\",\"width\":1183,\"height\":709,\"caption\":\"Alan Stivell lors de son concert \u00e0 l\u2019Olympia en 1972. \u00a9 Universal \u2013 tous droits r\u00e9serv\u00e9s.\"},{\"@type\":\"BreadcrumbList\",\"@id\":\"https:\/\/www.bcd.bzh\/becedia\/bretagne-celtique\/2022\/04\/27\/alan-stivell-a-lolympia-en-1972\/#breadcrumb\",\"itemListElement\":[{\"@type\":\"ListItem\",\"position\":1,\"name\":\"Accueil\",\"item\":\"https:\/\/www.bcd.bzh\/becedia\/bretagne-celtique\/\"},{\"@type\":\"ListItem\",\"position\":2,\"name\":\"Alan Stivell \u00e0 l\u2019Olympia en 1972\"}]},{\"@type\":\"WebSite\",\"@id\":\"https:\/\/www.bcd.bzh\/becedia\/bretagne-celtique\/#website\",\"url\":\"https:\/\/www.bcd.bzh\/becedia\/bretagne-celtique\/\",\"name\":\"La Bretagne, terre celtique ?\",\"description\":\"Bretagne Culture Diversit\u00e9\",\"publisher\":{\"@id\":\"https:\/\/www.bcd.bzh\/becedia\/bretagne-celtique\/#organization\"},\"potentialAction\":[{\"@type\":\"SearchAction\",\"target\":{\"@type\":\"EntryPoint\",\"urlTemplate\":\"https:\/\/www.bcd.bzh\/becedia\/bretagne-celtique\/?s={search_term_string}\"},\"query-input\":{\"@type\":\"PropertyValueSpecification\",\"valueRequired\":true,\"valueName\":\"search_term_string\"}}],\"inLanguage\":\"fr-FR\"},{\"@type\":\"Organization\",\"@id\":\"https:\/\/www.bcd.bzh\/becedia\/bretagne-celtique\/#organization\",\"name\":\"Bretagne Culture Diversit\u00e9\",\"url\":\"https:\/\/www.bcd.bzh\/becedia\/bretagne-celtique\/\",\"logo\":{\"@type\":\"ImageObject\",\"inLanguage\":\"fr-FR\",\"@id\":\"https:\/\/www.bcd.bzh\/becedia\/bretagne-celtique\/#\/schema\/logo\/image\/\",\"url\":\"https:\/\/www.bcd.bzh\/becedia\/bretagne-celtique\/wp-content\/uploads\/2022\/06\/Logo_Bretagne_Culture_Diversite.png\",\"contentUrl\":\"https:\/\/www.bcd.bzh\/becedia\/bretagne-celtique\/wp-content\/uploads\/2022\/06\/Logo_Bretagne_Culture_Diversite.png\",\"width\":400,\"height\":360,\"caption\":\"Bretagne Culture Diversit\u00e9\"},\"image\":{\"@id\":\"https:\/\/www.bcd.bzh\/becedia\/bretagne-celtique\/#\/schema\/logo\/image\/\"},\"sameAs\":[\"https:\/\/www.facebook.com\/bretagne.culturediversite\",\"https:\/\/x.com\/BCDsevenaduriou\"]},{\"@type\":\"Person\",\"@id\":\"https:\/\/www.bcd.bzh\/becedia\/bretagne-celtique\/#\/schema\/person\/681d3d855ee723e66e00f353b354afb2\",\"name\":\"Gwena\u00ebl Carvou\",\"image\":{\"@type\":\"ImageObject\",\"inLanguage\":\"fr-FR\",\"@id\":\"https:\/\/www.bcd.bzh\/becedia\/bretagne-celtique\/#\/schema\/person\/image\/\",\"url\":\"https:\/\/secure.gravatar.com\/avatar\/b8b255636c76cb91ef757e23e27175c6ae32349f6a2a05d1b95a86f3078094c8?s=96&d=mm&r=g\",\"contentUrl\":\"https:\/\/secure.gravatar.com\/avatar\/b8b255636c76cb91ef757e23e27175c6ae32349f6a2a05d1b95a86f3078094c8?s=96&d=mm&r=g\",\"caption\":\"Gwena\u00ebl Carvou\"},\"url\":\"https:\/\/www.bcd.bzh\/becedia\/bretagne-celtique\/author\/gcarvou\/\"}]}<\/script>\n<!-- \/ Yoast SEO plugin. -->","yoast_head_json":{"title":"Alan Stivell \u00e0 l\u2019Olympia en 1972 - La Bretagne, terre celtique ?","robots":{"index":"index","follow":"follow","max-snippet":"max-snippet:-1","max-image-preview":"max-image-preview:large","max-video-preview":"max-video-preview:-1"},"canonical":"https:\/\/www.bcd.bzh\/becedia\/bretagne-celtique\/2022\/04\/27\/alan-stivell-a-lolympia-en-1972\/","og_locale":"fr_FR","og_type":"article","og_title":"Alan Stivell \u00e0 l\u2019Olympia en 1972 - La Bretagne, terre celtique ?","og_description":"Auteur : Laurent Bourdelas \/ novembre 2016 Le lundi 28 f\u00e9vrier 1972, Alan Stivell (n\u00e9 Alain Cochevelou en 1944, fils de Georges, qui r\u00e9-imagina la harpe celtique dans les ann\u00e9es 1950) \u00e9tait \u00e0 l\u2019Olympia pour un concert mythique \u00e0 l\u2019origine de la \u00ab vague \u00bb bretonne et celtique qui allait d\u00e9ferler sur la France et&hellip; Poursuivre la lecture Alan Stivell \u00e0 l\u2019Olympia en 1972","og_url":"https:\/\/www.bcd.bzh\/becedia\/bretagne-celtique\/2022\/04\/27\/alan-stivell-a-lolympia-en-1972\/","og_site_name":"La Bretagne, terre celtique ?","article_publisher":"https:\/\/www.facebook.com\/bretagne.culturediversite","article_published_time":"2022-04-27T10:32:25+00:00","article_modified_time":"2022-04-27T10:32:26+00:00","og_image":[{"width":1183,"height":709,"url":"https:\/\/www.bcd.bzh\/becedia\/bretagne-celtique\/wp-content\/uploads\/2022\/04\/Alan-stivell-e1651055397868.jpg","type":"image\/jpeg"}],"author":"Gwena\u00ebl Carvou","twitter_card":"summary_large_image","twitter_creator":"@BCDsevenaduriou","twitter_site":"@BCDsevenaduriou","twitter_misc":{"\u00c9crit par":"Gwena\u00ebl Carvou","Dur\u00e9e de lecture estim\u00e9e":"2 minutes"},"schema":{"@context":"https:\/\/schema.org","@graph":[{"@type":"Article","@id":"https:\/\/www.bcd.bzh\/becedia\/bretagne-celtique\/2022\/04\/27\/alan-stivell-a-lolympia-en-1972\/#article","isPartOf":{"@id":"https:\/\/www.bcd.bzh\/becedia\/bretagne-celtique\/2022\/04\/27\/alan-stivell-a-lolympia-en-1972\/"},"author":{"name":"Gwena\u00ebl Carvou","@id":"https:\/\/www.bcd.bzh\/becedia\/bretagne-celtique\/#\/schema\/person\/681d3d855ee723e66e00f353b354afb2"},"headline":"Alan Stivell \u00e0 l\u2019Olympia en 1972","datePublished":"2022-04-27T10:32:25+00:00","dateModified":"2022-04-27T10:32:26+00:00","mainEntityOfPage":{"@id":"https:\/\/www.bcd.bzh\/becedia\/bretagne-celtique\/2022\/04\/27\/alan-stivell-a-lolympia-en-1972\/"},"wordCount":504,"commentCount":0,"publisher":{"@id":"https:\/\/www.bcd.bzh\/becedia\/bretagne-celtique\/#organization"},"image":{"@id":"https:\/\/www.bcd.bzh\/becedia\/bretagne-celtique\/2022\/04\/27\/alan-stivell-a-lolympia-en-1972\/#primaryimage"},"thumbnailUrl":"https:\/\/www.bcd.bzh\/becedia\/bretagne-celtique\/wp-content\/uploads\/2022\/04\/Alan-stivell-e1651055397868.jpg","articleSection":["Celt'attitude"],"inLanguage":"fr-FR","potentialAction":[{"@type":"CommentAction","name":"Comment","target":["https:\/\/www.bcd.bzh\/becedia\/bretagne-celtique\/2022\/04\/27\/alan-stivell-a-lolympia-en-1972\/#respond"]}]},{"@type":"WebPage","@id":"https:\/\/www.bcd.bzh\/becedia\/bretagne-celtique\/2022\/04\/27\/alan-stivell-a-lolympia-en-1972\/","url":"https:\/\/www.bcd.bzh\/becedia\/bretagne-celtique\/2022\/04\/27\/alan-stivell-a-lolympia-en-1972\/","name":"Alan Stivell \u00e0 l\u2019Olympia en 1972 - La Bretagne, terre celtique ?","isPartOf":{"@id":"https:\/\/www.bcd.bzh\/becedia\/bretagne-celtique\/#website"},"primaryImageOfPage":{"@id":"https:\/\/www.bcd.bzh\/becedia\/bretagne-celtique\/2022\/04\/27\/alan-stivell-a-lolympia-en-1972\/#primaryimage"},"image":{"@id":"https:\/\/www.bcd.bzh\/becedia\/bretagne-celtique\/2022\/04\/27\/alan-stivell-a-lolympia-en-1972\/#primaryimage"},"thumbnailUrl":"https:\/\/www.bcd.bzh\/becedia\/bretagne-celtique\/wp-content\/uploads\/2022\/04\/Alan-stivell-e1651055397868.jpg","datePublished":"2022-04-27T10:32:25+00:00","dateModified":"2022-04-27T10:32:26+00:00","breadcrumb":{"@id":"https:\/\/www.bcd.bzh\/becedia\/bretagne-celtique\/2022\/04\/27\/alan-stivell-a-lolympia-en-1972\/#breadcrumb"},"inLanguage":"fr-FR","potentialAction":[{"@type":"ReadAction","target":["https:\/\/www.bcd.bzh\/becedia\/bretagne-celtique\/2022\/04\/27\/alan-stivell-a-lolympia-en-1972\/"]}]},{"@type":"ImageObject","inLanguage":"fr-FR","@id":"https:\/\/www.bcd.bzh\/becedia\/bretagne-celtique\/2022\/04\/27\/alan-stivell-a-lolympia-en-1972\/#primaryimage","url":"https:\/\/www.bcd.bzh\/becedia\/bretagne-celtique\/wp-content\/uploads\/2022\/04\/Alan-stivell-e1651055397868.jpg","contentUrl":"https:\/\/www.bcd.bzh\/becedia\/bretagne-celtique\/wp-content\/uploads\/2022\/04\/Alan-stivell-e1651055397868.jpg","width":1183,"height":709,"caption":"Alan Stivell lors de son concert \u00e0 l\u2019Olympia en 1972. \u00a9 Universal \u2013 tous droits r\u00e9serv\u00e9s."},{"@type":"BreadcrumbList","@id":"https:\/\/www.bcd.bzh\/becedia\/bretagne-celtique\/2022\/04\/27\/alan-stivell-a-lolympia-en-1972\/#breadcrumb","itemListElement":[{"@type":"ListItem","position":1,"name":"Accueil","item":"https:\/\/www.bcd.bzh\/becedia\/bretagne-celtique\/"},{"@type":"ListItem","position":2,"name":"Alan Stivell \u00e0 l\u2019Olympia en 1972"}]},{"@type":"WebSite","@id":"https:\/\/www.bcd.bzh\/becedia\/bretagne-celtique\/#website","url":"https:\/\/www.bcd.bzh\/becedia\/bretagne-celtique\/","name":"La Bretagne, terre celtique ?","description":"Bretagne Culture Diversit\u00e9","publisher":{"@id":"https:\/\/www.bcd.bzh\/becedia\/bretagne-celtique\/#organization"},"potentialAction":[{"@type":"SearchAction","target":{"@type":"EntryPoint","urlTemplate":"https:\/\/www.bcd.bzh\/becedia\/bretagne-celtique\/?s={search_term_string}"},"query-input":{"@type":"PropertyValueSpecification","valueRequired":true,"valueName":"search_term_string"}}],"inLanguage":"fr-FR"},{"@type":"Organization","@id":"https:\/\/www.bcd.bzh\/becedia\/bretagne-celtique\/#organization","name":"Bretagne Culture Diversit\u00e9","url":"https:\/\/www.bcd.bzh\/becedia\/bretagne-celtique\/","logo":{"@type":"ImageObject","inLanguage":"fr-FR","@id":"https:\/\/www.bcd.bzh\/becedia\/bretagne-celtique\/#\/schema\/logo\/image\/","url":"https:\/\/www.bcd.bzh\/becedia\/bretagne-celtique\/wp-content\/uploads\/2022\/06\/Logo_Bretagne_Culture_Diversite.png","contentUrl":"https:\/\/www.bcd.bzh\/becedia\/bretagne-celtique\/wp-content\/uploads\/2022\/06\/Logo_Bretagne_Culture_Diversite.png","width":400,"height":360,"caption":"Bretagne Culture Diversit\u00e9"},"image":{"@id":"https:\/\/www.bcd.bzh\/becedia\/bretagne-celtique\/#\/schema\/logo\/image\/"},"sameAs":["https:\/\/www.facebook.com\/bretagne.culturediversite","https:\/\/x.com\/BCDsevenaduriou"]},{"@type":"Person","@id":"https:\/\/www.bcd.bzh\/becedia\/bretagne-celtique\/#\/schema\/person\/681d3d855ee723e66e00f353b354afb2","name":"Gwena\u00ebl Carvou","image":{"@type":"ImageObject","inLanguage":"fr-FR","@id":"https:\/\/www.bcd.bzh\/becedia\/bretagne-celtique\/#\/schema\/person\/image\/","url":"https:\/\/secure.gravatar.com\/avatar\/b8b255636c76cb91ef757e23e27175c6ae32349f6a2a05d1b95a86f3078094c8?s=96&d=mm&r=g","contentUrl":"https:\/\/secure.gravatar.com\/avatar\/b8b255636c76cb91ef757e23e27175c6ae32349f6a2a05d1b95a86f3078094c8?s=96&d=mm&r=g","caption":"Gwena\u00ebl Carvou"},"url":"https:\/\/www.bcd.bzh\/becedia\/bretagne-celtique\/author\/gcarvou\/"}]}},"_links":{"self":[{"href":"https:\/\/www.bcd.bzh\/becedia\/bretagne-celtique\/wp-json\/wp\/v2\/posts\/616","targetHints":{"allow":["GET"]}}],"collection":[{"href":"https:\/\/www.bcd.bzh\/becedia\/bretagne-celtique\/wp-json\/wp\/v2\/posts"}],"about":[{"href":"https:\/\/www.bcd.bzh\/becedia\/bretagne-celtique\/wp-json\/wp\/v2\/types\/post"}],"author":[{"embeddable":true,"href":"https:\/\/www.bcd.bzh\/becedia\/bretagne-celtique\/wp-json\/wp\/v2\/users\/2"}],"replies":[{"embeddable":true,"href":"https:\/\/www.bcd.bzh\/becedia\/bretagne-celtique\/wp-json\/wp\/v2\/comments?post=616"}],"version-history":[{"count":2,"href":"https:\/\/www.bcd.bzh\/becedia\/bretagne-celtique\/wp-json\/wp\/v2\/posts\/616\/revisions"}],"predecessor-version":[{"id":620,"href":"https:\/\/www.bcd.bzh\/becedia\/bretagne-celtique\/wp-json\/wp\/v2\/posts\/616\/revisions\/620"}],"wp:featuredmedia":[{"embeddable":true,"href":"https:\/\/www.bcd.bzh\/becedia\/bretagne-celtique\/wp-json\/wp\/v2\/media\/617"}],"wp:attachment":[{"href":"https:\/\/www.bcd.bzh\/becedia\/bretagne-celtique\/wp-json\/wp\/v2\/media?parent=616"}],"wp:term":[{"taxonomy":"category","embeddable":true,"href":"https:\/\/www.bcd.bzh\/becedia\/bretagne-celtique\/wp-json\/wp\/v2\/categories?post=616"},{"taxonomy":"post_tag","embeddable":true,"href":"https:\/\/www.bcd.bzh\/becedia\/bretagne-celtique\/wp-json\/wp\/v2\/tags?post=616"}],"curies":[{"name":"wp","href":"https:\/\/api.w.org\/{rel}","templated":true}]}}