{"id":725,"date":"2022-08-24T10:15:39","date_gmt":"2022-08-24T08:15:39","guid":{"rendered":"https:\/\/www.bcd.bzh\/becedia\/bretagne-celtique\/?p=725"},"modified":"2022-08-24T10:15:39","modified_gmt":"2022-08-24T08:15:39","slug":"la-desagregation-de-lempire-romain-en-armorique","status":"publish","type":"post","link":"https:\/\/www.bcd.bzh\/becedia\/bretagne-celtique\/2022\/08\/24\/la-desagregation-de-lempire-romain-en-armorique\/","title":{"rendered":"La d\u00e9sagr\u00e9gation de l\u2019Empire romain en Armorique"},"content":{"rendered":"\n<p><em>Auteur : Patrick Galliou \/ ao\u00fbt 2018<\/em><\/p>\n\n\n\n<p><strong>Comme dans le reste de l\u2019Empire romain, l\u2019Armorique vit \u00e0 partir de la fin du IIIe\u00a0si\u00e8cle une transformation politique, sociale et culturelle. Cette mutation, commune aux r\u00e9gions du nord de la Gaule, est marqu\u00e9e par un abandon des modes de vie n\u00e9s de la conqu\u00eate romaine.<\/strong><\/p>\n\n\n\n<h2 class=\"wp-block-heading\">La crise du Bas-Empire<\/h2>\n\n\n\n<p>La profonde crise politique, militaire, \u00e9conomique et sociale qui affecta une grande partie de l\u2019Empire romain dans le dernier quart du IIIe&nbsp;si\u00e8cle apr. J.-C. mit un terme \u00e0 la p\u00e9riode de paix et de prosp\u00e9rit\u00e9 qu\u2019avait connue la Gaule depuis plus de deux si\u00e8cles.<\/p>\n\n\n\n<p>Les effets en sont partout visibles, dans les capitales des cit\u00e9s romaines, qui souvent s\u2019entour\u00e8rent de murailles afin de prot\u00e9ger une surface bien plus r\u00e9duite que celle de la ville (Rennes, Vannes, Nantes)\u00a0; dans les campagnes, o\u00f9 nombreuses sont ces unit\u00e9s agricoles que l\u2019on appelle villas dont le b\u00e2timent r\u00e9sidentiel montre des traces d\u2019abandon ou de destruction partielle\u00a0; sur les c\u00f4tes enfin, o\u00f9 les \u00e9tablissements de salaison du poisson, nombreux sur les c\u00f4tes de la baie de Douarnenez en particulier, cess\u00e8rent d\u00e9finitivement de fonctionner.<\/p>\n\n\n\n<figure class=\"wp-block-image size-full\"><img loading=\"lazy\" decoding=\"async\" width=\"800\" height=\"533\" src=\"https:\/\/www.bcd.bzh\/becedia\/bretagne-celtique\/wp-content\/uploads\/2022\/08\/Cuves-garum-Douarnenez.jpg\" alt=\"\" class=\"wp-image-726\" srcset=\"https:\/\/www.bcd.bzh\/becedia\/bretagne-celtique\/wp-content\/uploads\/2022\/08\/Cuves-garum-Douarnenez.jpg 800w, https:\/\/www.bcd.bzh\/becedia\/bretagne-celtique\/wp-content\/uploads\/2022\/08\/Cuves-garum-Douarnenez-300x200.jpg 300w, https:\/\/www.bcd.bzh\/becedia\/bretagne-celtique\/wp-content\/uploads\/2022\/08\/Cuves-garum-Douarnenez-768x512.jpg 768w\" sizes=\"auto, (max-width: 800px) 100vw, 800px\" \/><figcaption><em>Cuves de production du garum \u00e0 Douarnenez. Ce condiment rappelant le nuoc-m\u00e2m \u00e9tait confectionn\u00e9 \u00e0 partir de sardines ferment\u00e9es. Construit au 1er si\u00e8cle apr\u00e8s J.-C., le site comprend plus de quinze cuves qui en font la fabrique de garum la plus vaste d&rsquo;Europe et la mieux conserv\u00e9e. Cr\u00e9dit\u00a0: Ville de Douarnenez<\/em><\/figcaption><\/figure>\n\n\n\n<h2 class=\"wp-block-heading\">Les invasions hors de cause<\/h2>\n\n\n\n<p>On ne croit plus que ce ph\u00e9nom\u00e8ne soit d\u00fb \u00e0 des raids germaniques venus par terre ou par mer, les nombreux enfouissements mon\u00e9taires \u2013 improprement qualifi\u00e9s de \u00ab\u00a0tr\u00e9sors \u00bb \u2013 propres \u00e0 cette p\u00e9riode r\u00e9sultant plut\u00f4t d\u2019un sentiment g\u00e9n\u00e9ral d\u2019ins\u00e9curit\u00e9, et de r\u00e9formes de la monnaie qui faisaient perdre toute valeur aux esp\u00e8ces enfouies. De m\u00eame les fortifications dress\u00e9es \u00e0 Alet en Saint-Malo, au\u00a0<a href=\"http:\/\/bcd.bzh\/becedia\/fr\/le-yaudet-8000-ans-d-histoire\">Yaudet en Ploulec\u2019h<\/a>\u00a0(C\u00f4tes-d\u2019Armor) et \u00e0 Brest \u00e0 la fin du IIIe\u00a0si\u00e8cle \u00e9taient-elles principalement destin\u00e9es \u00e0 garantir la s\u00e9curit\u00e9 du commerce maritime plut\u00f4t qu\u2019\u00e0 la lutte contre des \u00ab\u00a0pirates\u00a0\u00bb germaniques.<\/p>\n\n\n\n<div class=\"wp-block-buttons is-content-justification-center is-layout-flex wp-container-core-buttons-is-layout-16018d1d wp-block-buttons-is-layout-flex\">\n<div class=\"wp-block-button\"><a class=\"wp-block-button__link\" href=\"https:\/\/bcd.bzh\/becedia\/fr\/la-desagregation-de-l-empire-romain-en-armorique\">Lire la suite sur B\u00e9c\u00e9dia<\/a><\/div>\n<\/div>\n\n\n<ul class=\"wp-block-latest-posts__list is-grid columns-4 wp-block-latest-posts\"><li><div class=\"wp-block-latest-posts__featured-image\"><img loading=\"lazy\" decoding=\"async\" width=\"150\" height=\"150\" src=\"https:\/\/www.bcd.bzh\/becedia\/bretagne-celtique\/wp-content\/uploads\/2022\/08\/calorguen-france-panneau-150x150.jpg\" class=\"attachment-thumbnail size-thumbnail wp-post-image\" alt=\"\" style=\"width:100%;height:60%;max-width:1000px;\" srcset=\"https:\/\/www.bcd.bzh\/becedia\/bretagne-celtique\/wp-content\/uploads\/2022\/08\/calorguen-france-panneau-150x150.jpg 150w, https:\/\/www.bcd.bzh\/becedia\/bretagne-celtique\/wp-content\/uploads\/2022\/08\/calorguen-france-panneau-600x600.jpg 600w\" sizes=\"auto, (max-width: 150px) 100vw, 150px\" \/><\/div><a class=\"wp-block-latest-posts__post-title\" href=\"https:\/\/www.bcd.bzh\/becedia\/bretagne-celtique\/2022\/08\/24\/limpact-de-lhistoire-sur-la-toponymie-bretonne\/\">L&rsquo;impact de l&rsquo;histoire sur la toponymie bretonne<\/a><\/li>\n<li><div class=\"wp-block-latest-posts__featured-image\"><img loading=\"lazy\" decoding=\"async\" width=\"150\" height=\"150\" src=\"https:\/\/www.bcd.bzh\/becedia\/bretagne-celtique\/wp-content\/uploads\/2022\/08\/Temple-de-Mars-Corseul1-byRundvald-1-150x150.jpg\" class=\"attachment-thumbnail size-thumbnail wp-post-image\" alt=\"\" style=\"width:100%;height:60%;max-width:1000px;\" srcset=\"https:\/\/www.bcd.bzh\/becedia\/bretagne-celtique\/wp-content\/uploads\/2022\/08\/Temple-de-Mars-Corseul1-byRundvald-1-150x150.jpg 150w, https:\/\/www.bcd.bzh\/becedia\/bretagne-celtique\/wp-content\/uploads\/2022\/08\/Temple-de-Mars-Corseul1-byRundvald-1-600x600.jpg 600w\" sizes=\"auto, (max-width: 150px) 100vw, 150px\" \/><\/div><a class=\"wp-block-latest-posts__post-title\" href=\"https:\/\/www.bcd.bzh\/becedia\/bretagne-celtique\/2022\/08\/24\/la-desagregation-de-lempire-romain-en-armorique\/\">La d\u00e9sagr\u00e9gation de l\u2019Empire romain en Armorique<\/a><\/li>\n<li><div class=\"wp-block-latest-posts__featured-image\"><img loading=\"lazy\" decoding=\"async\" width=\"150\" height=\"150\" src=\"https:\/\/www.bcd.bzh\/becedia\/bretagne-celtique\/wp-content\/uploads\/2022\/05\/BAT-logo-abecedaire-C-e1651583985411-150x150.jpg\" class=\"attachment-thumbnail size-thumbnail wp-post-image\" alt=\"\" style=\"width:100%;height:59.95%;max-width:774px;\" \/><\/div><a class=\"wp-block-latest-posts__post-title\" href=\"https:\/\/www.bcd.bzh\/becedia\/bretagne-celtique\/2022\/04\/27\/podcast-c-comme-celtique-avec-manon-six\/\">Podcast &#8211; C comme celtique avec Manon Six<\/a><\/li>\n<li><div class=\"wp-block-latest-posts__featured-image\"><img loading=\"lazy\" decoding=\"async\" width=\"150\" height=\"150\" src=\"https:\/\/www.bcd.bzh\/becedia\/bretagne-celtique\/wp-content\/uploads\/2022\/04\/ferme-celtique-e1650018154339-150x150.jpg\" class=\"attachment-thumbnail size-thumbnail wp-post-image\" alt=\"\" style=\"width:100%;height:60%;max-width:800px;\" \/><\/div><a class=\"wp-block-latest-posts__post-title\" href=\"https:\/\/www.bcd.bzh\/becedia\/bretagne-celtique\/2022\/04\/15\/podcast-lhistoire-du-site-de-paule-residence-celtique\/\">Podcast &#8211; L&rsquo;histoire du site de Paule, r\u00e9sidence celtique<\/a><\/li>\n<li><div class=\"wp-block-latest-posts__featured-image\"><img loading=\"lazy\" decoding=\"async\" width=\"150\" height=\"150\" src=\"https:\/\/www.bcd.bzh\/becedia\/bretagne-celtique\/wp-content\/uploads\/2022\/04\/paule-e1649841320984-150x150.jpg\" class=\"attachment-thumbnail size-thumbnail wp-post-image\" alt=\"\" style=\"width:100%;height:60.04%;max-width:1106px;\" srcset=\"https:\/\/www.bcd.bzh\/becedia\/bretagne-celtique\/wp-content\/uploads\/2022\/04\/paule-e1649841320984-150x150.jpg 150w, https:\/\/www.bcd.bzh\/becedia\/bretagne-celtique\/wp-content\/uploads\/2022\/04\/paule-e1649841320984-600x600.jpg 600w\" sizes=\"auto, (max-width: 150px) 100vw, 150px\" \/><\/div><a class=\"wp-block-latest-posts__post-title\" href=\"https:\/\/www.bcd.bzh\/becedia\/bretagne-celtique\/2022\/04\/13\/une-residence-de-la-noblesse-gauloise-a-paule\/\">Une r\u00e9sidence de la noblesse gauloise \u00e0 Paule<\/a><\/li>\n<li><div class=\"wp-block-latest-posts__featured-image\"><img loading=\"lazy\" decoding=\"async\" width=\"150\" height=\"150\" src=\"https:\/\/www.bcd.bzh\/becedia\/bretagne-celtique\/wp-content\/uploads\/2022\/04\/evocation_de_la_ferme_du_boisanne-e1649841393247-150x150.jpg\" class=\"attachment-thumbnail size-thumbnail wp-post-image\" alt=\"\" style=\"width:100%;height:59.88%;max-width:805px;\" \/><\/div><a class=\"wp-block-latest-posts__post-title\" href=\"https:\/\/www.bcd.bzh\/becedia\/bretagne-celtique\/2022\/04\/13\/lage-du-fer-en-bretagne\/\">L\u2019\u00e2ge du fer en Bretagne<\/a><\/li>\n<\/ul>\n\n\n        <div class=\"alignwide nextprev\">\n\n    \n\n\n    \n\n                \n            <a class=\"bcd-lien nextprev__link nextprev__link--prev \" href=\"https:\/\/www.bcd.bzh\/becedia\/bretagne-celtique\/\">\n            <span class=\"arrow\">\n                <svg class=\"icon\" viewBox=\"0 0 20 14\" fill=\"none\" ><path d=\"M7 14L8.41 12.59L3.83 8L20 8L20 6L3.83 6L8.42 1.41L7 -1.1365e-06L6.11959e-07 7L7 14Z\" fill=\"white\"\/><\/svg>    \n            <\/span>\n            <span class=\"link-title\">Accueil<\/span>\n            \n        <\/a>\n        \n        \n                \n            <a class=\"bcd-lien nextprev__link nextprev__link--next\" href=\"https:\/\/www.bcd.bzh\/becedia\/bretagne-celtique\/aux-origines-haut-moyen-age\/\">Aux origines : Haut moyen \u00c2ge<span class=\"arrow\"> \n                            <svg class=\"icon\" viewBox=\"0 0 20 14\" fill=\"none\"><path d=\"M13 0L11.59 1.41L16.17 6H0V8H16.17L11.58 12.59L13 14L20 7L13 0Z\" fill=\"white\"><\/path><\/svg>\n                        <\/span><\/a>\n        \n            <\/div>\n\n    ","protected":false},"excerpt":{"rendered":"<p>Auteur : Patrick Galliou \/ ao\u00fbt 2018 Comme dans le reste de l\u2019Empire romain, l\u2019Armorique vit \u00e0 partir de la fin du IIIe\u00a0si\u00e8cle une transformation politique, sociale et culturelle. Cette mutation, commune aux r\u00e9gions du nord de la Gaule, est marqu\u00e9e par un abandon des modes de vie n\u00e9s de la conqu\u00eate romaine. La crise&hellip; <a class=\"more-link\" href=\"https:\/\/www.bcd.bzh\/becedia\/bretagne-celtique\/2022\/08\/24\/la-desagregation-de-lempire-romain-en-armorique\/\">Poursuivre la lecture <span class=\"screen-reader-text\">La d\u00e9sagr\u00e9gation de l\u2019Empire romain en Armorique<\/span><\/a><\/p>\n","protected":false},"author":2,"featured_media":724,"comment_status":"open","ping_status":"open","sticky":false,"template":"","format":"standard","meta":{"_acf_changed":false,"footnotes":""},"categories":[5],"tags":[],"class_list":["post-725","post","type-post","status-publish","format-standard","has-post-thumbnail","hentry","category-origines-antiquite","entry"],"acf":[],"yoast_head":"<!-- This site is optimized with the Yoast SEO plugin v24.2 - https:\/\/yoast.com\/wordpress\/plugins\/seo\/ -->\n<title>La d\u00e9sagr\u00e9gation de l\u2019Empire romain en Armorique - La Bretagne, terre celtique ?<\/title>\n<meta name=\"robots\" content=\"index, follow, max-snippet:-1, max-image-preview:large, max-video-preview:-1\" \/>\n<link rel=\"canonical\" href=\"https:\/\/www.bcd.bzh\/becedia\/bretagne-celtique\/2022\/08\/24\/la-desagregation-de-lempire-romain-en-armorique\/\" \/>\n<meta property=\"og:locale\" content=\"fr_FR\" \/>\n<meta property=\"og:type\" content=\"article\" \/>\n<meta property=\"og:title\" content=\"La d\u00e9sagr\u00e9gation de l\u2019Empire romain en Armorique - La Bretagne, terre celtique ?\" \/>\n<meta property=\"og:description\" content=\"Auteur : Patrick Galliou \/ ao\u00fbt 2018 Comme dans le reste de l\u2019Empire romain, l\u2019Armorique vit \u00e0 partir de la fin du IIIe\u00a0si\u00e8cle une transformation politique, sociale et culturelle. Cette mutation, commune aux r\u00e9gions du nord de la Gaule, est marqu\u00e9e par un abandon des modes de vie n\u00e9s de la conqu\u00eate romaine. La crise&hellip; Poursuivre la lecture La d\u00e9sagr\u00e9gation de l\u2019Empire romain en Armorique\" \/>\n<meta property=\"og:url\" content=\"https:\/\/www.bcd.bzh\/becedia\/bretagne-celtique\/2022\/08\/24\/la-desagregation-de-lempire-romain-en-armorique\/\" \/>\n<meta property=\"og:site_name\" content=\"La Bretagne, terre celtique ?\" \/>\n<meta property=\"article:publisher\" content=\"https:\/\/www.facebook.com\/bretagne.culturediversite\" \/>\n<meta property=\"article:published_time\" content=\"2022-08-24T08:15:39+00:00\" \/>\n<meta property=\"og:image\" content=\"https:\/\/www.bcd.bzh\/becedia\/bretagne-celtique\/wp-content\/uploads\/2022\/08\/Temple-de-Mars-Corseul1-byRundvald-1.jpg\" \/>\n\t<meta property=\"og:image:width\" content=\"1000\" \/>\n\t<meta property=\"og:image:height\" content=\"600\" \/>\n\t<meta property=\"og:image:type\" content=\"image\/jpeg\" \/>\n<meta name=\"author\" content=\"Gwena\u00ebl Carvou\" \/>\n<meta name=\"twitter:card\" content=\"summary_large_image\" \/>\n<meta name=\"twitter:creator\" content=\"@BCDsevenaduriou\" \/>\n<meta name=\"twitter:site\" content=\"@BCDsevenaduriou\" \/>\n<meta name=\"twitter:label1\" content=\"\u00c9crit par\" \/>\n\t<meta name=\"twitter:data1\" content=\"Gwena\u00ebl Carvou\" \/>\n\t<meta name=\"twitter:label2\" content=\"Dur\u00e9e de lecture estim\u00e9e\" \/>\n\t<meta name=\"twitter:data2\" content=\"2 minutes\" \/>\n<script type=\"application\/ld+json\" class=\"yoast-schema-graph\">{\"@context\":\"https:\/\/schema.org\",\"@graph\":[{\"@type\":\"Article\",\"@id\":\"https:\/\/www.bcd.bzh\/becedia\/bretagne-celtique\/2022\/08\/24\/la-desagregation-de-lempire-romain-en-armorique\/#article\",\"isPartOf\":{\"@id\":\"https:\/\/www.bcd.bzh\/becedia\/bretagne-celtique\/2022\/08\/24\/la-desagregation-de-lempire-romain-en-armorique\/\"},\"author\":{\"name\":\"Gwena\u00ebl Carvou\",\"@id\":\"https:\/\/www.bcd.bzh\/becedia\/bretagne-celtique\/#\/schema\/person\/681d3d855ee723e66e00f353b354afb2\"},\"headline\":\"La d\u00e9sagr\u00e9gation de l\u2019Empire romain en Armorique\",\"datePublished\":\"2022-08-24T08:15:39+00:00\",\"dateModified\":\"2022-08-24T08:15:39+00:00\",\"mainEntityOfPage\":{\"@id\":\"https:\/\/www.bcd.bzh\/becedia\/bretagne-celtique\/2022\/08\/24\/la-desagregation-de-lempire-romain-en-armorique\/\"},\"wordCount\":400,\"commentCount\":0,\"publisher\":{\"@id\":\"https:\/\/www.bcd.bzh\/becedia\/bretagne-celtique\/#organization\"},\"image\":{\"@id\":\"https:\/\/www.bcd.bzh\/becedia\/bretagne-celtique\/2022\/08\/24\/la-desagregation-de-lempire-romain-en-armorique\/#primaryimage\"},\"thumbnailUrl\":\"https:\/\/www.bcd.bzh\/becedia\/bretagne-celtique\/wp-content\/uploads\/2022\/08\/Temple-de-Mars-Corseul1-byRundvald-1.jpg\",\"articleSection\":[\"Origines -- Antiquit\u00e9\"],\"inLanguage\":\"fr-FR\",\"potentialAction\":[{\"@type\":\"CommentAction\",\"name\":\"Comment\",\"target\":[\"https:\/\/www.bcd.bzh\/becedia\/bretagne-celtique\/2022\/08\/24\/la-desagregation-de-lempire-romain-en-armorique\/#respond\"]}]},{\"@type\":\"WebPage\",\"@id\":\"https:\/\/www.bcd.bzh\/becedia\/bretagne-celtique\/2022\/08\/24\/la-desagregation-de-lempire-romain-en-armorique\/\",\"url\":\"https:\/\/www.bcd.bzh\/becedia\/bretagne-celtique\/2022\/08\/24\/la-desagregation-de-lempire-romain-en-armorique\/\",\"name\":\"La d\u00e9sagr\u00e9gation de l\u2019Empire romain en Armorique - La Bretagne, terre celtique ?\",\"isPartOf\":{\"@id\":\"https:\/\/www.bcd.bzh\/becedia\/bretagne-celtique\/#website\"},\"primaryImageOfPage\":{\"@id\":\"https:\/\/www.bcd.bzh\/becedia\/bretagne-celtique\/2022\/08\/24\/la-desagregation-de-lempire-romain-en-armorique\/#primaryimage\"},\"image\":{\"@id\":\"https:\/\/www.bcd.bzh\/becedia\/bretagne-celtique\/2022\/08\/24\/la-desagregation-de-lempire-romain-en-armorique\/#primaryimage\"},\"thumbnailUrl\":\"https:\/\/www.bcd.bzh\/becedia\/bretagne-celtique\/wp-content\/uploads\/2022\/08\/Temple-de-Mars-Corseul1-byRundvald-1.jpg\",\"datePublished\":\"2022-08-24T08:15:39+00:00\",\"dateModified\":\"2022-08-24T08:15:39+00:00\",\"breadcrumb\":{\"@id\":\"https:\/\/www.bcd.bzh\/becedia\/bretagne-celtique\/2022\/08\/24\/la-desagregation-de-lempire-romain-en-armorique\/#breadcrumb\"},\"inLanguage\":\"fr-FR\",\"potentialAction\":[{\"@type\":\"ReadAction\",\"target\":[\"https:\/\/www.bcd.bzh\/becedia\/bretagne-celtique\/2022\/08\/24\/la-desagregation-de-lempire-romain-en-armorique\/\"]}]},{\"@type\":\"ImageObject\",\"inLanguage\":\"fr-FR\",\"@id\":\"https:\/\/www.bcd.bzh\/becedia\/bretagne-celtique\/2022\/08\/24\/la-desagregation-de-lempire-romain-en-armorique\/#primaryimage\",\"url\":\"https:\/\/www.bcd.bzh\/becedia\/bretagne-celtique\/wp-content\/uploads\/2022\/08\/Temple-de-Mars-Corseul1-byRundvald-1.jpg\",\"contentUrl\":\"https:\/\/www.bcd.bzh\/becedia\/bretagne-celtique\/wp-content\/uploads\/2022\/08\/Temple-de-Mars-Corseul1-byRundvald-1.jpg\",\"width\":1000,\"height\":600,\"caption\":\"Temple romano-celtique du Haut-B\u00e9cherel d\u00e9di\u00e9 \u00e0 Mars (Corseul, 22) - Rundvald pour Wikimedia\"},{\"@type\":\"BreadcrumbList\",\"@id\":\"https:\/\/www.bcd.bzh\/becedia\/bretagne-celtique\/2022\/08\/24\/la-desagregation-de-lempire-romain-en-armorique\/#breadcrumb\",\"itemListElement\":[{\"@type\":\"ListItem\",\"position\":1,\"name\":\"Accueil\",\"item\":\"https:\/\/www.bcd.bzh\/becedia\/bretagne-celtique\/\"},{\"@type\":\"ListItem\",\"position\":2,\"name\":\"La d\u00e9sagr\u00e9gation de l\u2019Empire romain en Armorique\"}]},{\"@type\":\"WebSite\",\"@id\":\"https:\/\/www.bcd.bzh\/becedia\/bretagne-celtique\/#website\",\"url\":\"https:\/\/www.bcd.bzh\/becedia\/bretagne-celtique\/\",\"name\":\"La Bretagne, terre celtique ?\",\"description\":\"Bretagne Culture Diversit\u00e9\",\"publisher\":{\"@id\":\"https:\/\/www.bcd.bzh\/becedia\/bretagne-celtique\/#organization\"},\"potentialAction\":[{\"@type\":\"SearchAction\",\"target\":{\"@type\":\"EntryPoint\",\"urlTemplate\":\"https:\/\/www.bcd.bzh\/becedia\/bretagne-celtique\/?s={search_term_string}\"},\"query-input\":{\"@type\":\"PropertyValueSpecification\",\"valueRequired\":true,\"valueName\":\"search_term_string\"}}],\"inLanguage\":\"fr-FR\"},{\"@type\":\"Organization\",\"@id\":\"https:\/\/www.bcd.bzh\/becedia\/bretagne-celtique\/#organization\",\"name\":\"Bretagne Culture Diversit\u00e9\",\"url\":\"https:\/\/www.bcd.bzh\/becedia\/bretagne-celtique\/\",\"logo\":{\"@type\":\"ImageObject\",\"inLanguage\":\"fr-FR\",\"@id\":\"https:\/\/www.bcd.bzh\/becedia\/bretagne-celtique\/#\/schema\/logo\/image\/\",\"url\":\"https:\/\/www.bcd.bzh\/becedia\/bretagne-celtique\/wp-content\/uploads\/2022\/06\/Logo_Bretagne_Culture_Diversite.png\",\"contentUrl\":\"https:\/\/www.bcd.bzh\/becedia\/bretagne-celtique\/wp-content\/uploads\/2022\/06\/Logo_Bretagne_Culture_Diversite.png\",\"width\":400,\"height\":360,\"caption\":\"Bretagne Culture Diversit\u00e9\"},\"image\":{\"@id\":\"https:\/\/www.bcd.bzh\/becedia\/bretagne-celtique\/#\/schema\/logo\/image\/\"},\"sameAs\":[\"https:\/\/www.facebook.com\/bretagne.culturediversite\",\"https:\/\/x.com\/BCDsevenaduriou\"]},{\"@type\":\"Person\",\"@id\":\"https:\/\/www.bcd.bzh\/becedia\/bretagne-celtique\/#\/schema\/person\/681d3d855ee723e66e00f353b354afb2\",\"name\":\"Gwena\u00ebl Carvou\",\"image\":{\"@type\":\"ImageObject\",\"inLanguage\":\"fr-FR\",\"@id\":\"https:\/\/www.bcd.bzh\/becedia\/bretagne-celtique\/#\/schema\/person\/image\/\",\"url\":\"https:\/\/secure.gravatar.com\/avatar\/b8b255636c76cb91ef757e23e27175c6ae32349f6a2a05d1b95a86f3078094c8?s=96&d=mm&r=g\",\"contentUrl\":\"https:\/\/secure.gravatar.com\/avatar\/b8b255636c76cb91ef757e23e27175c6ae32349f6a2a05d1b95a86f3078094c8?s=96&d=mm&r=g\",\"caption\":\"Gwena\u00ebl Carvou\"},\"url\":\"https:\/\/www.bcd.bzh\/becedia\/bretagne-celtique\/author\/gcarvou\/\"}]}<\/script>\n<!-- \/ Yoast SEO plugin. -->","yoast_head_json":{"title":"La d\u00e9sagr\u00e9gation de l\u2019Empire romain en Armorique - La Bretagne, terre celtique ?","robots":{"index":"index","follow":"follow","max-snippet":"max-snippet:-1","max-image-preview":"max-image-preview:large","max-video-preview":"max-video-preview:-1"},"canonical":"https:\/\/www.bcd.bzh\/becedia\/bretagne-celtique\/2022\/08\/24\/la-desagregation-de-lempire-romain-en-armorique\/","og_locale":"fr_FR","og_type":"article","og_title":"La d\u00e9sagr\u00e9gation de l\u2019Empire romain en Armorique - La Bretagne, terre celtique ?","og_description":"Auteur : Patrick Galliou \/ ao\u00fbt 2018 Comme dans le reste de l\u2019Empire romain, l\u2019Armorique vit \u00e0 partir de la fin du IIIe\u00a0si\u00e8cle une transformation politique, sociale et culturelle. Cette mutation, commune aux r\u00e9gions du nord de la Gaule, est marqu\u00e9e par un abandon des modes de vie n\u00e9s de la conqu\u00eate romaine. La crise&hellip; Poursuivre la lecture La d\u00e9sagr\u00e9gation de l\u2019Empire romain en Armorique","og_url":"https:\/\/www.bcd.bzh\/becedia\/bretagne-celtique\/2022\/08\/24\/la-desagregation-de-lempire-romain-en-armorique\/","og_site_name":"La Bretagne, terre celtique ?","article_publisher":"https:\/\/www.facebook.com\/bretagne.culturediversite","article_published_time":"2022-08-24T08:15:39+00:00","og_image":[{"width":1000,"height":600,"url":"https:\/\/www.bcd.bzh\/becedia\/bretagne-celtique\/wp-content\/uploads\/2022\/08\/Temple-de-Mars-Corseul1-byRundvald-1.jpg","type":"image\/jpeg"}],"author":"Gwena\u00ebl Carvou","twitter_card":"summary_large_image","twitter_creator":"@BCDsevenaduriou","twitter_site":"@BCDsevenaduriou","twitter_misc":{"\u00c9crit par":"Gwena\u00ebl Carvou","Dur\u00e9e de lecture estim\u00e9e":"2 minutes"},"schema":{"@context":"https:\/\/schema.org","@graph":[{"@type":"Article","@id":"https:\/\/www.bcd.bzh\/becedia\/bretagne-celtique\/2022\/08\/24\/la-desagregation-de-lempire-romain-en-armorique\/#article","isPartOf":{"@id":"https:\/\/www.bcd.bzh\/becedia\/bretagne-celtique\/2022\/08\/24\/la-desagregation-de-lempire-romain-en-armorique\/"},"author":{"name":"Gwena\u00ebl Carvou","@id":"https:\/\/www.bcd.bzh\/becedia\/bretagne-celtique\/#\/schema\/person\/681d3d855ee723e66e00f353b354afb2"},"headline":"La d\u00e9sagr\u00e9gation de l\u2019Empire romain en Armorique","datePublished":"2022-08-24T08:15:39+00:00","dateModified":"2022-08-24T08:15:39+00:00","mainEntityOfPage":{"@id":"https:\/\/www.bcd.bzh\/becedia\/bretagne-celtique\/2022\/08\/24\/la-desagregation-de-lempire-romain-en-armorique\/"},"wordCount":400,"commentCount":0,"publisher":{"@id":"https:\/\/www.bcd.bzh\/becedia\/bretagne-celtique\/#organization"},"image":{"@id":"https:\/\/www.bcd.bzh\/becedia\/bretagne-celtique\/2022\/08\/24\/la-desagregation-de-lempire-romain-en-armorique\/#primaryimage"},"thumbnailUrl":"https:\/\/www.bcd.bzh\/becedia\/bretagne-celtique\/wp-content\/uploads\/2022\/08\/Temple-de-Mars-Corseul1-byRundvald-1.jpg","articleSection":["Origines -- Antiquit\u00e9"],"inLanguage":"fr-FR","potentialAction":[{"@type":"CommentAction","name":"Comment","target":["https:\/\/www.bcd.bzh\/becedia\/bretagne-celtique\/2022\/08\/24\/la-desagregation-de-lempire-romain-en-armorique\/#respond"]}]},{"@type":"WebPage","@id":"https:\/\/www.bcd.bzh\/becedia\/bretagne-celtique\/2022\/08\/24\/la-desagregation-de-lempire-romain-en-armorique\/","url":"https:\/\/www.bcd.bzh\/becedia\/bretagne-celtique\/2022\/08\/24\/la-desagregation-de-lempire-romain-en-armorique\/","name":"La d\u00e9sagr\u00e9gation de l\u2019Empire romain en Armorique - La Bretagne, terre celtique ?","isPartOf":{"@id":"https:\/\/www.bcd.bzh\/becedia\/bretagne-celtique\/#website"},"primaryImageOfPage":{"@id":"https:\/\/www.bcd.bzh\/becedia\/bretagne-celtique\/2022\/08\/24\/la-desagregation-de-lempire-romain-en-armorique\/#primaryimage"},"image":{"@id":"https:\/\/www.bcd.bzh\/becedia\/bretagne-celtique\/2022\/08\/24\/la-desagregation-de-lempire-romain-en-armorique\/#primaryimage"},"thumbnailUrl":"https:\/\/www.bcd.bzh\/becedia\/bretagne-celtique\/wp-content\/uploads\/2022\/08\/Temple-de-Mars-Corseul1-byRundvald-1.jpg","datePublished":"2022-08-24T08:15:39+00:00","dateModified":"2022-08-24T08:15:39+00:00","breadcrumb":{"@id":"https:\/\/www.bcd.bzh\/becedia\/bretagne-celtique\/2022\/08\/24\/la-desagregation-de-lempire-romain-en-armorique\/#breadcrumb"},"inLanguage":"fr-FR","potentialAction":[{"@type":"ReadAction","target":["https:\/\/www.bcd.bzh\/becedia\/bretagne-celtique\/2022\/08\/24\/la-desagregation-de-lempire-romain-en-armorique\/"]}]},{"@type":"ImageObject","inLanguage":"fr-FR","@id":"https:\/\/www.bcd.bzh\/becedia\/bretagne-celtique\/2022\/08\/24\/la-desagregation-de-lempire-romain-en-armorique\/#primaryimage","url":"https:\/\/www.bcd.bzh\/becedia\/bretagne-celtique\/wp-content\/uploads\/2022\/08\/Temple-de-Mars-Corseul1-byRundvald-1.jpg","contentUrl":"https:\/\/www.bcd.bzh\/becedia\/bretagne-celtique\/wp-content\/uploads\/2022\/08\/Temple-de-Mars-Corseul1-byRundvald-1.jpg","width":1000,"height":600,"caption":"Temple romano-celtique du Haut-B\u00e9cherel d\u00e9di\u00e9 \u00e0 Mars (Corseul, 22) - Rundvald pour Wikimedia"},{"@type":"BreadcrumbList","@id":"https:\/\/www.bcd.bzh\/becedia\/bretagne-celtique\/2022\/08\/24\/la-desagregation-de-lempire-romain-en-armorique\/#breadcrumb","itemListElement":[{"@type":"ListItem","position":1,"name":"Accueil","item":"https:\/\/www.bcd.bzh\/becedia\/bretagne-celtique\/"},{"@type":"ListItem","position":2,"name":"La d\u00e9sagr\u00e9gation de l\u2019Empire romain en Armorique"}]},{"@type":"WebSite","@id":"https:\/\/www.bcd.bzh\/becedia\/bretagne-celtique\/#website","url":"https:\/\/www.bcd.bzh\/becedia\/bretagne-celtique\/","name":"La Bretagne, terre celtique ?","description":"Bretagne Culture Diversit\u00e9","publisher":{"@id":"https:\/\/www.bcd.bzh\/becedia\/bretagne-celtique\/#organization"},"potentialAction":[{"@type":"SearchAction","target":{"@type":"EntryPoint","urlTemplate":"https:\/\/www.bcd.bzh\/becedia\/bretagne-celtique\/?s={search_term_string}"},"query-input":{"@type":"PropertyValueSpecification","valueRequired":true,"valueName":"search_term_string"}}],"inLanguage":"fr-FR"},{"@type":"Organization","@id":"https:\/\/www.bcd.bzh\/becedia\/bretagne-celtique\/#organization","name":"Bretagne Culture Diversit\u00e9","url":"https:\/\/www.bcd.bzh\/becedia\/bretagne-celtique\/","logo":{"@type":"ImageObject","inLanguage":"fr-FR","@id":"https:\/\/www.bcd.bzh\/becedia\/bretagne-celtique\/#\/schema\/logo\/image\/","url":"https:\/\/www.bcd.bzh\/becedia\/bretagne-celtique\/wp-content\/uploads\/2022\/06\/Logo_Bretagne_Culture_Diversite.png","contentUrl":"https:\/\/www.bcd.bzh\/becedia\/bretagne-celtique\/wp-content\/uploads\/2022\/06\/Logo_Bretagne_Culture_Diversite.png","width":400,"height":360,"caption":"Bretagne Culture Diversit\u00e9"},"image":{"@id":"https:\/\/www.bcd.bzh\/becedia\/bretagne-celtique\/#\/schema\/logo\/image\/"},"sameAs":["https:\/\/www.facebook.com\/bretagne.culturediversite","https:\/\/x.com\/BCDsevenaduriou"]},{"@type":"Person","@id":"https:\/\/www.bcd.bzh\/becedia\/bretagne-celtique\/#\/schema\/person\/681d3d855ee723e66e00f353b354afb2","name":"Gwena\u00ebl Carvou","image":{"@type":"ImageObject","inLanguage":"fr-FR","@id":"https:\/\/www.bcd.bzh\/becedia\/bretagne-celtique\/#\/schema\/person\/image\/","url":"https:\/\/secure.gravatar.com\/avatar\/b8b255636c76cb91ef757e23e27175c6ae32349f6a2a05d1b95a86f3078094c8?s=96&d=mm&r=g","contentUrl":"https:\/\/secure.gravatar.com\/avatar\/b8b255636c76cb91ef757e23e27175c6ae32349f6a2a05d1b95a86f3078094c8?s=96&d=mm&r=g","caption":"Gwena\u00ebl Carvou"},"url":"https:\/\/www.bcd.bzh\/becedia\/bretagne-celtique\/author\/gcarvou\/"}]}},"_links":{"self":[{"href":"https:\/\/www.bcd.bzh\/becedia\/bretagne-celtique\/wp-json\/wp\/v2\/posts\/725","targetHints":{"allow":["GET"]}}],"collection":[{"href":"https:\/\/www.bcd.bzh\/becedia\/bretagne-celtique\/wp-json\/wp\/v2\/posts"}],"about":[{"href":"https:\/\/www.bcd.bzh\/becedia\/bretagne-celtique\/wp-json\/wp\/v2\/types\/post"}],"author":[{"embeddable":true,"href":"https:\/\/www.bcd.bzh\/becedia\/bretagne-celtique\/wp-json\/wp\/v2\/users\/2"}],"replies":[{"embeddable":true,"href":"https:\/\/www.bcd.bzh\/becedia\/bretagne-celtique\/wp-json\/wp\/v2\/comments?post=725"}],"version-history":[{"count":3,"href":"https:\/\/www.bcd.bzh\/becedia\/bretagne-celtique\/wp-json\/wp\/v2\/posts\/725\/revisions"}],"predecessor-version":[{"id":729,"href":"https:\/\/www.bcd.bzh\/becedia\/bretagne-celtique\/wp-json\/wp\/v2\/posts\/725\/revisions\/729"}],"wp:featuredmedia":[{"embeddable":true,"href":"https:\/\/www.bcd.bzh\/becedia\/bretagne-celtique\/wp-json\/wp\/v2\/media\/724"}],"wp:attachment":[{"href":"https:\/\/www.bcd.bzh\/becedia\/bretagne-celtique\/wp-json\/wp\/v2\/media?parent=725"}],"wp:term":[{"taxonomy":"category","embeddable":true,"href":"https:\/\/www.bcd.bzh\/becedia\/bretagne-celtique\/wp-json\/wp\/v2\/categories?post=725"},{"taxonomy":"post_tag","embeddable":true,"href":"https:\/\/www.bcd.bzh\/becedia\/bretagne-celtique\/wp-json\/wp\/v2\/tags?post=725"}],"curies":[{"name":"wp","href":"https:\/\/api.w.org\/{rel}","templated":true}]}}