{"id":2993,"date":"2014-11-17T09:25:18","date_gmt":"2014-11-17T08:25:18","guid":{"rendered":"https:\/\/preprod.bcd.bzh\/uncategorized-br\/04-an-amzer-e-breizh\/"},"modified":"2014-11-17T09:25:18","modified_gmt":"2014-11-17T08:25:18","slug":"04-an-amzer-e-breizh","status":"publish","type":"post","link":"https:\/\/www.bcd.bzh\/br\/non-classifiee\/04-an-amzer-e-breizh\/","title":{"rendered":"04 &#8211; An amzer e Breizh"},"content":{"rendered":"<p><iframe loading=\"lazy\" title=\"04 - An amzer e Breizh\" src=\"https:\/\/player.vimeo.com\/video\/106794939?dnt=1&amp;app_id=122963\" width=\"640\" height=\"360\" frameborder=\"0\" allow=\"autoplay; fullscreen; picture-in-picture; clipboard-write\"><\/iframe><\/p>\n<p>Staga\u00f1 a ra ar so\u00f1j-ma\u00f1 kement hag ar goap : glav a ra dalc&#8217;hmat e Breizh. Gwir pe gaou ? Muioc&#8217;h a c&#8217;hlav a rafe e Breizh evit e Biarritz ? Ha pa gomzer deus ar seizh amzer e-korf un devezh, deus petra zo kaoz ?<\/p>\n","protected":false},"excerpt":{"rendered":"<p>Staga\u00f1 a ra ar so\u00f1j-ma\u00f1 kement hag ar goap : glav a ra dalc&#8217;hmat e Breizh. Gwir pe gaou ? Muioc&#8217;h a c&#8217;hlav a rafe e Breizh evit e Biarritz ? Ha pa gomzer deus ar seizh amzer e-korf un devezh, deus petra zo kaoz ?<\/p>\n","protected":false},"author":1,"featured_media":1886,"comment_status":"closed","ping_status":"open","sticky":false,"template":"","format":"standard","meta":{"_acf_changed":false,"inline_featured_image":false,"footnotes":""},"categories":[1],"tags":[],"class_list":["post-2993","post","type-post","status-publish","format-standard","has-post-thumbnail","hentry","category-non-classifiee"],"acf":[],"yoast_head":"<!-- This site is optimized with the Yoast SEO plugin v24.2 - https:\/\/yoast.com\/wordpress\/plugins\/seo\/ -->\n<title>04 - An amzer e Breizh - Bretagne Culture Diversit\u00e9<\/title>\n<meta name=\"robots\" content=\"index, follow, max-snippet:-1, max-image-preview:large, max-video-preview:-1\" \/>\n<link rel=\"canonical\" href=\"https:\/\/www.bcd.bzh\/br\/non-classifiee\/04-an-amzer-e-breizh\/\" \/>\n<meta property=\"og:locale\" content=\"en_US\" \/>\n<meta property=\"og:type\" content=\"article\" \/>\n<meta property=\"og:title\" content=\"04 - An amzer e Breizh - Bretagne Culture Diversit\u00e9\" \/>\n<meta property=\"og:description\" content=\"Staga\u00f1 a ra ar so\u00f1j-ma\u00f1 kement hag ar goap : glav a ra dalc&#8217;hmat e Breizh. Gwir pe gaou ? Muioc&#8217;h a c&#8217;hlav a rafe e Breizh evit e Biarritz ? Ha pa gomzer deus ar seizh amzer e-korf un devezh, deus petra zo kaoz ?\" \/>\n<meta property=\"og:url\" content=\"https:\/\/www.bcd.bzh\/br\/non-classifiee\/04-an-amzer-e-breizh\/\" \/>\n<meta property=\"og:site_name\" content=\"Bretagne Culture Diversit\u00e9\" \/>\n<meta property=\"article:published_time\" content=\"2014-11-17T08:25:18+00:00\" \/>\n<meta property=\"og:image\" content=\"https:\/\/www.bcd.bzh\/wp-content\/uploads\/2022\/12\/an-amzer-e-breizh.jpg\" \/>\n\t<meta property=\"og:image:width\" content=\"1280\" \/>\n\t<meta property=\"og:image:height\" content=\"720\" \/>\n\t<meta property=\"og:image:type\" content=\"image\/jpeg\" \/>\n<meta name=\"author\" content=\"bcdadmin\" \/>\n<meta name=\"twitter:card\" content=\"summary_large_image\" \/>\n<meta name=\"twitter:label1\" content=\"Written by\" \/>\n\t<meta name=\"twitter:data1\" content=\"bcdadmin\" \/>\n<script type=\"application\/ld+json\" class=\"yoast-schema-graph\">{\"@context\":\"https:\/\/schema.org\",\"@graph\":[{\"@type\":\"WebPage\",\"@id\":\"https:\/\/www.bcd.bzh\/br\/non-classifiee\/04-an-amzer-e-breizh\/\",\"url\":\"https:\/\/www.bcd.bzh\/br\/non-classifiee\/04-an-amzer-e-breizh\/\",\"name\":\"04 - An amzer e Breizh - Bretagne Culture Diversit\u00e9\",\"isPartOf\":{\"@id\":\"https:\/\/www.bcd.bzh\/br\/#website\"},\"primaryImageOfPage\":{\"@id\":\"https:\/\/www.bcd.bzh\/br\/non-classifiee\/04-an-amzer-e-breizh\/#primaryimage\"},\"image\":{\"@id\":\"https:\/\/www.bcd.bzh\/br\/non-classifiee\/04-an-amzer-e-breizh\/#primaryimage\"},\"thumbnailUrl\":\"https:\/\/www.bcd.bzh\/wp-content\/uploads\/2022\/12\/an-amzer-e-breizh.jpg\",\"datePublished\":\"2014-11-17T08:25:18+00:00\",\"dateModified\":\"2014-11-17T08:25:18+00:00\",\"author\":{\"@id\":\"https:\/\/www.bcd.bzh\/br\/#\/schema\/person\/1d926d0c1875bcd45e76e007ab2af99f\"},\"breadcrumb\":{\"@id\":\"https:\/\/www.bcd.bzh\/br\/non-classifiee\/04-an-amzer-e-breizh\/#breadcrumb\"},\"inLanguage\":\"br-BR\",\"potentialAction\":[{\"@type\":\"ReadAction\",\"target\":[\"https:\/\/www.bcd.bzh\/br\/non-classifiee\/04-an-amzer-e-breizh\/\"]}]},{\"@type\":\"ImageObject\",\"inLanguage\":\"br-BR\",\"@id\":\"https:\/\/www.bcd.bzh\/br\/non-classifiee\/04-an-amzer-e-breizh\/#primaryimage\",\"url\":\"https:\/\/www.bcd.bzh\/wp-content\/uploads\/2022\/12\/an-amzer-e-breizh.jpg\",\"contentUrl\":\"https:\/\/www.bcd.bzh\/wp-content\/uploads\/2022\/12\/an-amzer-e-breizh.jpg\",\"width\":1280,\"height\":720},{\"@type\":\"BreadcrumbList\",\"@id\":\"https:\/\/www.bcd.bzh\/br\/non-classifiee\/04-an-amzer-e-breizh\/#breadcrumb\",\"itemListElement\":[{\"@type\":\"ListItem\",\"position\":1,\"name\":\"Accueil\",\"item\":\"https:\/\/www.bcd.bzh\/br\/\"},{\"@type\":\"ListItem\",\"position\":2,\"name\":\"04 &#8211; An amzer e Breizh\"}]},{\"@type\":\"WebSite\",\"@id\":\"https:\/\/www.bcd.bzh\/br\/#website\",\"url\":\"https:\/\/www.bcd.bzh\/br\/\",\"name\":\"Bretagne Culture Diversit\u00e9\",\"description\":\"BCD \/ Sevenadurio\u00f9 Breizh\",\"potentialAction\":[{\"@type\":\"SearchAction\",\"target\":{\"@type\":\"EntryPoint\",\"urlTemplate\":\"https:\/\/www.bcd.bzh\/br\/?s={search_term_string}\"},\"query-input\":{\"@type\":\"PropertyValueSpecification\",\"valueRequired\":true,\"valueName\":\"search_term_string\"}}],\"inLanguage\":\"br-BR\"},{\"@type\":\"Person\",\"@id\":\"https:\/\/www.bcd.bzh\/br\/#\/schema\/person\/1d926d0c1875bcd45e76e007ab2af99f\",\"name\":\"bcdadmin\",\"image\":{\"@type\":\"ImageObject\",\"inLanguage\":\"br-BR\",\"@id\":\"https:\/\/www.bcd.bzh\/br\/#\/schema\/person\/image\/\",\"url\":\"https:\/\/secure.gravatar.com\/avatar\/d21920759bff8844c5dfbdf914df557bcef7dc1afcd74962dacb1a3419cb7e63?s=96&d=mm&r=g\",\"contentUrl\":\"https:\/\/secure.gravatar.com\/avatar\/d21920759bff8844c5dfbdf914df557bcef7dc1afcd74962dacb1a3419cb7e63?s=96&d=mm&r=g\",\"caption\":\"bcdadmin\"},\"sameAs\":[\"https:\/\/www.bcd.bzh\"],\"url\":\"https:\/\/www.bcd.bzh\/br\/author\/bcdadmin\/\"}]}<\/script>\n<!-- \/ Yoast SEO plugin. -->","yoast_head_json":{"title":"04 - An amzer e Breizh - Bretagne Culture Diversit\u00e9","robots":{"index":"index","follow":"follow","max-snippet":"max-snippet:-1","max-image-preview":"max-image-preview:large","max-video-preview":"max-video-preview:-1"},"canonical":"https:\/\/www.bcd.bzh\/br\/non-classifiee\/04-an-amzer-e-breizh\/","og_locale":"en_US","og_type":"article","og_title":"04 - An amzer e Breizh - Bretagne Culture Diversit\u00e9","og_description":"Staga\u00f1 a ra ar so\u00f1j-ma\u00f1 kement hag ar goap : glav a ra dalc&#8217;hmat e Breizh. Gwir pe gaou ? Muioc&#8217;h a c&#8217;hlav a rafe e Breizh evit e Biarritz ? Ha pa gomzer deus ar seizh amzer e-korf un devezh, deus petra zo kaoz ?","og_url":"https:\/\/www.bcd.bzh\/br\/non-classifiee\/04-an-amzer-e-breizh\/","og_site_name":"Bretagne Culture Diversit\u00e9","article_published_time":"2014-11-17T08:25:18+00:00","og_image":[{"width":1280,"height":720,"url":"https:\/\/www.bcd.bzh\/wp-content\/uploads\/2022\/12\/an-amzer-e-breizh.jpg","type":"image\/jpeg"}],"author":"bcdadmin","twitter_card":"summary_large_image","twitter_misc":{"Written by":"bcdadmin"},"schema":{"@context":"https:\/\/schema.org","@graph":[{"@type":"WebPage","@id":"https:\/\/www.bcd.bzh\/br\/non-classifiee\/04-an-amzer-e-breizh\/","url":"https:\/\/www.bcd.bzh\/br\/non-classifiee\/04-an-amzer-e-breizh\/","name":"04 - An amzer e Breizh - Bretagne Culture Diversit\u00e9","isPartOf":{"@id":"https:\/\/www.bcd.bzh\/br\/#website"},"primaryImageOfPage":{"@id":"https:\/\/www.bcd.bzh\/br\/non-classifiee\/04-an-amzer-e-breizh\/#primaryimage"},"image":{"@id":"https:\/\/www.bcd.bzh\/br\/non-classifiee\/04-an-amzer-e-breizh\/#primaryimage"},"thumbnailUrl":"https:\/\/www.bcd.bzh\/wp-content\/uploads\/2022\/12\/an-amzer-e-breizh.jpg","datePublished":"2014-11-17T08:25:18+00:00","dateModified":"2014-11-17T08:25:18+00:00","author":{"@id":"https:\/\/www.bcd.bzh\/br\/#\/schema\/person\/1d926d0c1875bcd45e76e007ab2af99f"},"breadcrumb":{"@id":"https:\/\/www.bcd.bzh\/br\/non-classifiee\/04-an-amzer-e-breizh\/#breadcrumb"},"inLanguage":"br-BR","potentialAction":[{"@type":"ReadAction","target":["https:\/\/www.bcd.bzh\/br\/non-classifiee\/04-an-amzer-e-breizh\/"]}]},{"@type":"ImageObject","inLanguage":"br-BR","@id":"https:\/\/www.bcd.bzh\/br\/non-classifiee\/04-an-amzer-e-breizh\/#primaryimage","url":"https:\/\/www.bcd.bzh\/wp-content\/uploads\/2022\/12\/an-amzer-e-breizh.jpg","contentUrl":"https:\/\/www.bcd.bzh\/wp-content\/uploads\/2022\/12\/an-amzer-e-breizh.jpg","width":1280,"height":720},{"@type":"BreadcrumbList","@id":"https:\/\/www.bcd.bzh\/br\/non-classifiee\/04-an-amzer-e-breizh\/#breadcrumb","itemListElement":[{"@type":"ListItem","position":1,"name":"Accueil","item":"https:\/\/www.bcd.bzh\/br\/"},{"@type":"ListItem","position":2,"name":"04 &#8211; An amzer e Breizh"}]},{"@type":"WebSite","@id":"https:\/\/www.bcd.bzh\/br\/#website","url":"https:\/\/www.bcd.bzh\/br\/","name":"Bretagne Culture Diversit\u00e9","description":"BCD \/ Sevenadurio\u00f9 Breizh","potentialAction":[{"@type":"SearchAction","target":{"@type":"EntryPoint","urlTemplate":"https:\/\/www.bcd.bzh\/br\/?s={search_term_string}"},"query-input":{"@type":"PropertyValueSpecification","valueRequired":true,"valueName":"search_term_string"}}],"inLanguage":"br-BR"},{"@type":"Person","@id":"https:\/\/www.bcd.bzh\/br\/#\/schema\/person\/1d926d0c1875bcd45e76e007ab2af99f","name":"bcdadmin","image":{"@type":"ImageObject","inLanguage":"br-BR","@id":"https:\/\/www.bcd.bzh\/br\/#\/schema\/person\/image\/","url":"https:\/\/secure.gravatar.com\/avatar\/d21920759bff8844c5dfbdf914df557bcef7dc1afcd74962dacb1a3419cb7e63?s=96&d=mm&r=g","contentUrl":"https:\/\/secure.gravatar.com\/avatar\/d21920759bff8844c5dfbdf914df557bcef7dc1afcd74962dacb1a3419cb7e63?s=96&d=mm&r=g","caption":"bcdadmin"},"sameAs":["https:\/\/www.bcd.bzh"],"url":"https:\/\/www.bcd.bzh\/br\/author\/bcdadmin\/"}]}},"_links":{"self":[{"href":"https:\/\/www.bcd.bzh\/br\/wp-json\/wp\/v2\/posts\/2993","targetHints":{"allow":["GET"]}}],"collection":[{"href":"https:\/\/www.bcd.bzh\/br\/wp-json\/wp\/v2\/posts"}],"about":[{"href":"https:\/\/www.bcd.bzh\/br\/wp-json\/wp\/v2\/types\/post"}],"author":[{"embeddable":true,"href":"https:\/\/www.bcd.bzh\/br\/wp-json\/wp\/v2\/users\/1"}],"replies":[{"embeddable":true,"href":"https:\/\/www.bcd.bzh\/br\/wp-json\/wp\/v2\/comments?post=2993"}],"version-history":[{"count":0,"href":"https:\/\/www.bcd.bzh\/br\/wp-json\/wp\/v2\/posts\/2993\/revisions"}],"wp:featuredmedia":[{"embeddable":true,"href":"https:\/\/www.bcd.bzh\/br\/wp-json\/wp\/v2\/media\/1886"}],"wp:attachment":[{"href":"https:\/\/www.bcd.bzh\/br\/wp-json\/wp\/v2\/media?parent=2993"}],"wp:term":[{"taxonomy":"category","embeddable":true,"href":"https:\/\/www.bcd.bzh\/br\/wp-json\/wp\/v2\/categories?post=2993"},{"taxonomy":"post_tag","embeddable":true,"href":"https:\/\/www.bcd.bzh\/br\/wp-json\/wp\/v2\/tags?post=2993"}],"curies":[{"name":"wp","href":"https:\/\/api.w.org\/{rel}","templated":true}]}}