{"id":3008,"date":"2015-09-22T09:10:17","date_gmt":"2015-09-22T07:10:17","guid":{"rendered":"https:\/\/preprod.bcd.bzh\/uncategorized-br\/les-enfants-dapres-deus-bato-cengic-taol-kalon-nevez-war-bed\/"},"modified":"2015-09-22T09:10:17","modified_gmt":"2015-09-22T07:10:17","slug":"les-enfants-dapres-deus-bato-cengic-taol-kalon-nevez-war-bed","status":"publish","type":"post","link":"https:\/\/www.bcd.bzh\/br\/bcd\/les-enfants-dapres-deus-bato-cengic-taol-kalon-nevez-war-bed\/","title":{"rendered":"&#8220;Les enfants d&#8217;apr\u00e8s&#8221; deus Bato \u010cengi\u0107, taol kalon nevez war Bed"},"content":{"rendered":"<p><b>Kavout a reer ur film deus ar re genta\u00f1 e-touez reo\u00f9 ar Balkano\u00f9 lakaet war BED : ur film faltazi sevennet gant <\/b><b>Bato \u010cengi\u0107, ur sevener bosniat aet d\u2019an anaon e 2007.<\/b><\/p>\n<p><a href=\"http:\/\/www.bed.bzh\/fr\/films\/les-enfants-dapres\/\"><i>Les enfants d&#8217;apr\u00e8s<\/i><\/a> eo anv ar film. Pa lenner an titl e saouznege komprener gwelloc&#8217;h deus ar pezh a vez kontet enna\u00f1\u00a0: <em>Playing soldiers<\/em>. Konta\u00f1 a ra pegen don e vez merket ar vugale goude ur prantad brezel. Ar film-ma\u00f1 a oa bet dalc\u2019het e-touez ar re rakdibabet e Cannes e 1968, met nullet e oa bet ar gouel ar bloazh-ma\u00f1, siwazh evit Bato\u00a0!<\/p>\n<p>Ar film, gwenn ha du penn da benn, a zo brav kena\u00f1 da ge\u00f1ver e skeudenn. Ur meskaj etre Fran\u00e7ois Truffautha Chris Marker war un dro\u2026<\/p>\n<p>Pedet e oa bet Bato \u010cengi\u0107 e <a href=\"http:\/\/www.bed.bzh\/fr\/festival-cinema-douarnenez\/balkans-2006\/\">gouel sinema Douarnenez e 2006<\/a>. Hervez lod, morse n\u2019eo bet diskouezet ar film-ma\u00f1 ken abaoe marv Bato \u010cengi\u0107.<\/p>\n","protected":false},"excerpt":{"rendered":"<p>Kavout a reer ur film deus ar re genta\u00f1 e-touez reo\u00f9 ar Balkano\u00f9 lakaet war BED : ur film faltazi sevennet gant Bato \u010cengi\u0107, ur sevener bosniat aet d\u2019an anaon e 2007. Les enfants d&#8217;apr\u00e8s eo anv ar film. Pa lenner an titl e saouznege komprener gwelloc&#8217;h deus ar pezh a vez kontet enna\u00f1\u00a0: Playing [&hellip;]<\/p>\n","protected":false},"author":1,"featured_media":1801,"comment_status":"closed","ping_status":"open","sticky":false,"template":"","format":"standard","meta":{"_acf_changed":false,"inline_featured_image":false,"footnotes":""},"categories":[48,235],"tags":[],"class_list":["post-3008","post","type-post","status-publish","format-standard","has-post-thumbnail","hentry","category-bcd","category-liesseurted-sevenadurel"],"acf":[],"yoast_head":"<!-- This site is optimized with the Yoast SEO plugin v24.2 - https:\/\/yoast.com\/wordpress\/plugins\/seo\/ -->\n<title>&quot;Les enfants d&#039;apr\u00e8s&quot; deus Bato \u010cengi\u0107, taol kalon nevez war Bed - Bretagne Culture Diversit\u00e9<\/title>\n<meta name=\"robots\" content=\"index, follow, max-snippet:-1, max-image-preview:large, max-video-preview:-1\" \/>\n<link rel=\"canonical\" href=\"https:\/\/www.bcd.bzh\/br\/bcd\/les-enfants-dapres-deus-bato-cengic-taol-kalon-nevez-war-bed\/\" \/>\n<meta property=\"og:locale\" content=\"en_US\" \/>\n<meta property=\"og:type\" content=\"article\" \/>\n<meta property=\"og:title\" content=\"&quot;Les enfants d&#039;apr\u00e8s&quot; deus Bato \u010cengi\u0107, taol kalon nevez war Bed - Bretagne Culture Diversit\u00e9\" \/>\n<meta property=\"og:description\" content=\"Kavout a reer ur film deus ar re genta\u00f1 e-touez reo\u00f9 ar Balkano\u00f9 lakaet war BED : ur film faltazi sevennet gant Bato \u010cengi\u0107, ur sevener bosniat aet d\u2019an anaon e 2007. Les enfants d&#8217;apr\u00e8s eo anv ar film. Pa lenner an titl e saouznege komprener gwelloc&#8217;h deus ar pezh a vez kontet enna\u00f1\u00a0: Playing [&hellip;]\" \/>\n<meta property=\"og:url\" content=\"https:\/\/www.bcd.bzh\/br\/bcd\/les-enfants-dapres-deus-bato-cengic-taol-kalon-nevez-war-bed\/\" \/>\n<meta property=\"og:site_name\" content=\"Bretagne Culture Diversit\u00e9\" \/>\n<meta property=\"article:published_time\" content=\"2015-09-22T07:10:17+00:00\" \/>\n<meta property=\"og:image\" content=\"https:\/\/www.bcd.bzh\/wp-content\/uploads\/2022\/12\/Les_enfants_d_apres-74d67a36.png\" \/>\n\t<meta property=\"og:image:width\" content=\"310\" \/>\n\t<meta property=\"og:image:height\" content=\"192\" \/>\n\t<meta property=\"og:image:type\" content=\"image\/png\" \/>\n<meta name=\"author\" content=\"bcdadmin\" \/>\n<meta name=\"twitter:card\" content=\"summary_large_image\" \/>\n<meta name=\"twitter:label1\" content=\"Written by\" \/>\n\t<meta name=\"twitter:data1\" content=\"bcdadmin\" \/>\n\t<meta name=\"twitter:label2\" content=\"Est. reading time\" \/>\n\t<meta name=\"twitter:data2\" content=\"1 minute\" \/>\n<script type=\"application\/ld+json\" class=\"yoast-schema-graph\">{\"@context\":\"https:\/\/schema.org\",\"@graph\":[{\"@type\":\"WebPage\",\"@id\":\"https:\/\/www.bcd.bzh\/br\/bcd\/les-enfants-dapres-deus-bato-cengic-taol-kalon-nevez-war-bed\/\",\"url\":\"https:\/\/www.bcd.bzh\/br\/bcd\/les-enfants-dapres-deus-bato-cengic-taol-kalon-nevez-war-bed\/\",\"name\":\"\\\"Les enfants d'apr\u00e8s\\\" deus Bato \u010cengi\u0107, taol kalon nevez war Bed - Bretagne Culture Diversit\u00e9\",\"isPartOf\":{\"@id\":\"https:\/\/www.bcd.bzh\/br\/#website\"},\"primaryImageOfPage\":{\"@id\":\"https:\/\/www.bcd.bzh\/br\/bcd\/les-enfants-dapres-deus-bato-cengic-taol-kalon-nevez-war-bed\/#primaryimage\"},\"image\":{\"@id\":\"https:\/\/www.bcd.bzh\/br\/bcd\/les-enfants-dapres-deus-bato-cengic-taol-kalon-nevez-war-bed\/#primaryimage\"},\"thumbnailUrl\":\"https:\/\/www.bcd.bzh\/wp-content\/uploads\/2022\/12\/Les_enfants_d_apres-74d67a36.png\",\"datePublished\":\"2015-09-22T07:10:17+00:00\",\"dateModified\":\"2015-09-22T07:10:17+00:00\",\"author\":{\"@id\":\"https:\/\/www.bcd.bzh\/br\/#\/schema\/person\/1d926d0c1875bcd45e76e007ab2af99f\"},\"breadcrumb\":{\"@id\":\"https:\/\/www.bcd.bzh\/br\/bcd\/les-enfants-dapres-deus-bato-cengic-taol-kalon-nevez-war-bed\/#breadcrumb\"},\"inLanguage\":\"br-BR\",\"potentialAction\":[{\"@type\":\"ReadAction\",\"target\":[\"https:\/\/www.bcd.bzh\/br\/bcd\/les-enfants-dapres-deus-bato-cengic-taol-kalon-nevez-war-bed\/\"]}]},{\"@type\":\"ImageObject\",\"inLanguage\":\"br-BR\",\"@id\":\"https:\/\/www.bcd.bzh\/br\/bcd\/les-enfants-dapres-deus-bato-cengic-taol-kalon-nevez-war-bed\/#primaryimage\",\"url\":\"https:\/\/www.bcd.bzh\/wp-content\/uploads\/2022\/12\/Les_enfants_d_apres-74d67a36.png\",\"contentUrl\":\"https:\/\/www.bcd.bzh\/wp-content\/uploads\/2022\/12\/Les_enfants_d_apres-74d67a36.png\",\"width\":310,\"height\":192},{\"@type\":\"BreadcrumbList\",\"@id\":\"https:\/\/www.bcd.bzh\/br\/bcd\/les-enfants-dapres-deus-bato-cengic-taol-kalon-nevez-war-bed\/#breadcrumb\",\"itemListElement\":[{\"@type\":\"ListItem\",\"position\":1,\"name\":\"Accueil\",\"item\":\"https:\/\/www.bcd.bzh\/br\/\"},{\"@type\":\"ListItem\",\"position\":2,\"name\":\"\u00ab\u00a0Les enfants d&rsquo;apr\u00e8s\u00a0\u00bb deus Bato \u010cengi\u0107, taol kalon nevez war Bed\"}]},{\"@type\":\"WebSite\",\"@id\":\"https:\/\/www.bcd.bzh\/br\/#website\",\"url\":\"https:\/\/www.bcd.bzh\/br\/\",\"name\":\"Bretagne Culture Diversit\u00e9\",\"description\":\"BCD \/ Sevenadurio\u00f9 Breizh\",\"potentialAction\":[{\"@type\":\"SearchAction\",\"target\":{\"@type\":\"EntryPoint\",\"urlTemplate\":\"https:\/\/www.bcd.bzh\/br\/?s={search_term_string}\"},\"query-input\":{\"@type\":\"PropertyValueSpecification\",\"valueRequired\":true,\"valueName\":\"search_term_string\"}}],\"inLanguage\":\"br-BR\"},{\"@type\":\"Person\",\"@id\":\"https:\/\/www.bcd.bzh\/br\/#\/schema\/person\/1d926d0c1875bcd45e76e007ab2af99f\",\"name\":\"bcdadmin\",\"image\":{\"@type\":\"ImageObject\",\"inLanguage\":\"br-BR\",\"@id\":\"https:\/\/www.bcd.bzh\/br\/#\/schema\/person\/image\/\",\"url\":\"https:\/\/secure.gravatar.com\/avatar\/d21920759bff8844c5dfbdf914df557bcef7dc1afcd74962dacb1a3419cb7e63?s=96&d=mm&r=g\",\"contentUrl\":\"https:\/\/secure.gravatar.com\/avatar\/d21920759bff8844c5dfbdf914df557bcef7dc1afcd74962dacb1a3419cb7e63?s=96&d=mm&r=g\",\"caption\":\"bcdadmin\"},\"sameAs\":[\"https:\/\/www.bcd.bzh\"],\"url\":\"https:\/\/www.bcd.bzh\/br\/author\/bcdadmin\/\"}]}<\/script>\n<!-- \/ Yoast SEO plugin. -->","yoast_head_json":{"title":"\"Les enfants d'apr\u00e8s\" deus Bato \u010cengi\u0107, taol kalon nevez war Bed - Bretagne Culture Diversit\u00e9","robots":{"index":"index","follow":"follow","max-snippet":"max-snippet:-1","max-image-preview":"max-image-preview:large","max-video-preview":"max-video-preview:-1"},"canonical":"https:\/\/www.bcd.bzh\/br\/bcd\/les-enfants-dapres-deus-bato-cengic-taol-kalon-nevez-war-bed\/","og_locale":"en_US","og_type":"article","og_title":"\"Les enfants d'apr\u00e8s\" deus Bato \u010cengi\u0107, taol kalon nevez war Bed - Bretagne Culture Diversit\u00e9","og_description":"Kavout a reer ur film deus ar re genta\u00f1 e-touez reo\u00f9 ar Balkano\u00f9 lakaet war BED : ur film faltazi sevennet gant Bato \u010cengi\u0107, ur sevener bosniat aet d\u2019an anaon e 2007. Les enfants d&#8217;apr\u00e8s eo anv ar film. Pa lenner an titl e saouznege komprener gwelloc&#8217;h deus ar pezh a vez kontet enna\u00f1\u00a0: Playing [&hellip;]","og_url":"https:\/\/www.bcd.bzh\/br\/bcd\/les-enfants-dapres-deus-bato-cengic-taol-kalon-nevez-war-bed\/","og_site_name":"Bretagne Culture Diversit\u00e9","article_published_time":"2015-09-22T07:10:17+00:00","og_image":[{"width":310,"height":192,"url":"https:\/\/www.bcd.bzh\/wp-content\/uploads\/2022\/12\/Les_enfants_d_apres-74d67a36.png","type":"image\/png"}],"author":"bcdadmin","twitter_card":"summary_large_image","twitter_misc":{"Written by":"bcdadmin","Est. reading time":"1 minute"},"schema":{"@context":"https:\/\/schema.org","@graph":[{"@type":"WebPage","@id":"https:\/\/www.bcd.bzh\/br\/bcd\/les-enfants-dapres-deus-bato-cengic-taol-kalon-nevez-war-bed\/","url":"https:\/\/www.bcd.bzh\/br\/bcd\/les-enfants-dapres-deus-bato-cengic-taol-kalon-nevez-war-bed\/","name":"\"Les enfants d'apr\u00e8s\" deus Bato \u010cengi\u0107, taol kalon nevez war Bed - Bretagne Culture Diversit\u00e9","isPartOf":{"@id":"https:\/\/www.bcd.bzh\/br\/#website"},"primaryImageOfPage":{"@id":"https:\/\/www.bcd.bzh\/br\/bcd\/les-enfants-dapres-deus-bato-cengic-taol-kalon-nevez-war-bed\/#primaryimage"},"image":{"@id":"https:\/\/www.bcd.bzh\/br\/bcd\/les-enfants-dapres-deus-bato-cengic-taol-kalon-nevez-war-bed\/#primaryimage"},"thumbnailUrl":"https:\/\/www.bcd.bzh\/wp-content\/uploads\/2022\/12\/Les_enfants_d_apres-74d67a36.png","datePublished":"2015-09-22T07:10:17+00:00","dateModified":"2015-09-22T07:10:17+00:00","author":{"@id":"https:\/\/www.bcd.bzh\/br\/#\/schema\/person\/1d926d0c1875bcd45e76e007ab2af99f"},"breadcrumb":{"@id":"https:\/\/www.bcd.bzh\/br\/bcd\/les-enfants-dapres-deus-bato-cengic-taol-kalon-nevez-war-bed\/#breadcrumb"},"inLanguage":"br-BR","potentialAction":[{"@type":"ReadAction","target":["https:\/\/www.bcd.bzh\/br\/bcd\/les-enfants-dapres-deus-bato-cengic-taol-kalon-nevez-war-bed\/"]}]},{"@type":"ImageObject","inLanguage":"br-BR","@id":"https:\/\/www.bcd.bzh\/br\/bcd\/les-enfants-dapres-deus-bato-cengic-taol-kalon-nevez-war-bed\/#primaryimage","url":"https:\/\/www.bcd.bzh\/wp-content\/uploads\/2022\/12\/Les_enfants_d_apres-74d67a36.png","contentUrl":"https:\/\/www.bcd.bzh\/wp-content\/uploads\/2022\/12\/Les_enfants_d_apres-74d67a36.png","width":310,"height":192},{"@type":"BreadcrumbList","@id":"https:\/\/www.bcd.bzh\/br\/bcd\/les-enfants-dapres-deus-bato-cengic-taol-kalon-nevez-war-bed\/#breadcrumb","itemListElement":[{"@type":"ListItem","position":1,"name":"Accueil","item":"https:\/\/www.bcd.bzh\/br\/"},{"@type":"ListItem","position":2,"name":"\u00ab\u00a0Les enfants d&rsquo;apr\u00e8s\u00a0\u00bb deus Bato \u010cengi\u0107, taol kalon nevez war Bed"}]},{"@type":"WebSite","@id":"https:\/\/www.bcd.bzh\/br\/#website","url":"https:\/\/www.bcd.bzh\/br\/","name":"Bretagne Culture Diversit\u00e9","description":"BCD \/ Sevenadurio\u00f9 Breizh","potentialAction":[{"@type":"SearchAction","target":{"@type":"EntryPoint","urlTemplate":"https:\/\/www.bcd.bzh\/br\/?s={search_term_string}"},"query-input":{"@type":"PropertyValueSpecification","valueRequired":true,"valueName":"search_term_string"}}],"inLanguage":"br-BR"},{"@type":"Person","@id":"https:\/\/www.bcd.bzh\/br\/#\/schema\/person\/1d926d0c1875bcd45e76e007ab2af99f","name":"bcdadmin","image":{"@type":"ImageObject","inLanguage":"br-BR","@id":"https:\/\/www.bcd.bzh\/br\/#\/schema\/person\/image\/","url":"https:\/\/secure.gravatar.com\/avatar\/d21920759bff8844c5dfbdf914df557bcef7dc1afcd74962dacb1a3419cb7e63?s=96&d=mm&r=g","contentUrl":"https:\/\/secure.gravatar.com\/avatar\/d21920759bff8844c5dfbdf914df557bcef7dc1afcd74962dacb1a3419cb7e63?s=96&d=mm&r=g","caption":"bcdadmin"},"sameAs":["https:\/\/www.bcd.bzh"],"url":"https:\/\/www.bcd.bzh\/br\/author\/bcdadmin\/"}]}},"_links":{"self":[{"href":"https:\/\/www.bcd.bzh\/br\/wp-json\/wp\/v2\/posts\/3008","targetHints":{"allow":["GET"]}}],"collection":[{"href":"https:\/\/www.bcd.bzh\/br\/wp-json\/wp\/v2\/posts"}],"about":[{"href":"https:\/\/www.bcd.bzh\/br\/wp-json\/wp\/v2\/types\/post"}],"author":[{"embeddable":true,"href":"https:\/\/www.bcd.bzh\/br\/wp-json\/wp\/v2\/users\/1"}],"replies":[{"embeddable":true,"href":"https:\/\/www.bcd.bzh\/br\/wp-json\/wp\/v2\/comments?post=3008"}],"version-history":[{"count":0,"href":"https:\/\/www.bcd.bzh\/br\/wp-json\/wp\/v2\/posts\/3008\/revisions"}],"wp:featuredmedia":[{"embeddable":true,"href":"https:\/\/www.bcd.bzh\/br\/wp-json\/wp\/v2\/media\/1801"}],"wp:attachment":[{"href":"https:\/\/www.bcd.bzh\/br\/wp-json\/wp\/v2\/media?parent=3008"}],"wp:term":[{"taxonomy":"category","embeddable":true,"href":"https:\/\/www.bcd.bzh\/br\/wp-json\/wp\/v2\/categories?post=3008"},{"taxonomy":"post_tag","embeddable":true,"href":"https:\/\/www.bcd.bzh\/br\/wp-json\/wp\/v2\/tags?post=3008"}],"curies":[{"name":"wp","href":"https:\/\/api.w.org\/{rel}","templated":true}]}}