{"id":3018,"date":"2013-10-30T14:28:16","date_gmt":"2013-10-30T13:28:16","guid":{"rendered":"https:\/\/preprod.bcd.bzh\/uncategorized-br\/ha-posubl-e-vije-ur-gevredigezh-hep-gouel\/"},"modified":"2013-10-30T14:28:16","modified_gmt":"2013-10-30T13:28:16","slug":"ha-posubl-e-vije-ur-gevredigezh-hep-gouel","status":"publish","type":"post","link":"https:\/\/www.bcd.bzh\/br\/danvez-sevenadurel\/ha-posubl-e-vije-ur-gevredigezh-hep-gouel\/","title":{"rendered":"Ha posubl e vije ur gevredigezh hep gouel ?"},"content":{"rendered":"<h3>Prezegenn d&#8217;ar gwener 8 a viz du 2013 adalek 6e30 noz er Paper timbr, 39 straed Dinan e Roazhon, e-touez ar rummad <a title=\"B\u00e9c\u00e9dia\u2026 Savoir et ignorance partag\u00e9s \u2013 Universit\u00e9 popualire itin\u00e9rante\" href=\"http:\/\/bcd.bzh\/wp-bcd\/actions\/becedia-savoir-et-ignorance-partages-universite-popualire-itinerante\/\">B\u00e9c\u00e9dia<\/a>, skol-veur bobl.<\/h3>\n<p><strong>Ha posubl e vije ur gevredigezh hep gouel ?<br \/>\n<\/strong>Petra eo ober ar gouel ? Perak e vez graet ar gouel ? Peseurt roll sokial a zo gant an emgavio\u00f9 gouel ? Hag evit echui\u00f1 savet e vo ar goulenn \u00ab Ha posubl e vije ur gevredigez hep gouel ? \u00bb .<\/p>\n<p>Evit eskemm war ar goulenno\u00f9-ma\u00f1 pedet e vo : <b>Laurent-S\u00e9bastien Fournier<\/b>, denoniour, <b>Christophe Moreau<\/b>, sokiologour ha <b>Glenn Jegou<\/b>, rener arzel Yaouank. Da heul ar brezegenn e vo komzet, holl asambles.<\/p>\n<p>Digoust, aozet e-touez Gouel Yaouank, gant sikour <a href=\"http:\/\/www.skeudenn.eu\/\">Skeudenn Bro Roazhon<\/a>.<\/p>\n","protected":false},"excerpt":{"rendered":"<p>Prezegenn d&#8217;ar gwener 8 a viz du 2013 adalek 6e30 noz er Paper timbr, 39 straed Dinan e Roazhon, e-touez ar rummad B\u00e9c\u00e9dia, skol-veur bobl. Ha posubl e vije ur gevredigezh hep gouel ? Petra eo ober ar gouel ? Perak e vez graet ar gouel ? Peseurt roll sokial a zo gant an emgavio\u00f9 [&hellip;]<\/p>\n","protected":false},"author":1,"featured_media":526,"comment_status":"closed","ping_status":"open","sticky":false,"template":"","format":"standard","meta":{"_acf_changed":false,"inline_featured_image":false,"footnotes":""},"categories":[233,234],"tags":[],"class_list":["post-3018","post","type-post","status-publish","format-standard","has-post-thumbnail","hentry","category-danvez-sevenadurel","category-glad-dizanvez"],"acf":[],"yoast_head":"<!-- This site is optimized with the Yoast SEO plugin v24.2 - https:\/\/yoast.com\/wordpress\/plugins\/seo\/ -->\n<title>Ha posubl e vije ur gevredigezh hep gouel ? - Bretagne Culture Diversit\u00e9<\/title>\n<meta name=\"robots\" content=\"index, follow, max-snippet:-1, max-image-preview:large, max-video-preview:-1\" \/>\n<link rel=\"canonical\" href=\"https:\/\/www.bcd.bzh\/br\/danvez-sevenadurel\/ha-posubl-e-vije-ur-gevredigezh-hep-gouel\/\" \/>\n<meta property=\"og:locale\" content=\"en_US\" \/>\n<meta property=\"og:type\" content=\"article\" \/>\n<meta property=\"og:title\" content=\"Ha posubl e vije ur gevredigezh hep gouel ? - Bretagne Culture Diversit\u00e9\" \/>\n<meta property=\"og:description\" content=\"Prezegenn d&#8217;ar gwener 8 a viz du 2013 adalek 6e30 noz er Paper timbr, 39 straed Dinan e Roazhon, e-touez ar rummad B\u00e9c\u00e9dia, skol-veur bobl. Ha posubl e vije ur gevredigezh hep gouel ? Petra eo ober ar gouel ? Perak e vez graet ar gouel ? Peseurt roll sokial a zo gant an emgavio\u00f9 [&hellip;]\" \/>\n<meta property=\"og:url\" content=\"https:\/\/www.bcd.bzh\/br\/danvez-sevenadurel\/ha-posubl-e-vije-ur-gevredigezh-hep-gouel\/\" \/>\n<meta property=\"og:site_name\" content=\"Bretagne Culture Diversit\u00e9\" \/>\n<meta property=\"article:published_time\" content=\"2013-10-30T13:28:16+00:00\" \/>\n<meta property=\"og:image\" content=\"https:\/\/www.bcd.bzh\/wp-content\/uploads\/2022\/12\/K53A8168.jpeg\" \/>\n\t<meta property=\"og:image:width\" content=\"1280\" \/>\n\t<meta property=\"og:image:height\" content=\"854\" \/>\n\t<meta property=\"og:image:type\" content=\"image\/jpeg\" \/>\n<meta name=\"author\" content=\"bcdadmin\" \/>\n<meta name=\"twitter:card\" content=\"summary_large_image\" \/>\n<meta name=\"twitter:label1\" content=\"Written by\" \/>\n\t<meta name=\"twitter:data1\" content=\"bcdadmin\" \/>\n\t<meta name=\"twitter:label2\" content=\"Est. reading time\" \/>\n\t<meta name=\"twitter:data2\" content=\"1 minute\" \/>\n<script type=\"application\/ld+json\" class=\"yoast-schema-graph\">{\"@context\":\"https:\/\/schema.org\",\"@graph\":[{\"@type\":\"WebPage\",\"@id\":\"https:\/\/www.bcd.bzh\/br\/danvez-sevenadurel\/ha-posubl-e-vije-ur-gevredigezh-hep-gouel\/\",\"url\":\"https:\/\/www.bcd.bzh\/br\/danvez-sevenadurel\/ha-posubl-e-vije-ur-gevredigezh-hep-gouel\/\",\"name\":\"Ha posubl e vije ur gevredigezh hep gouel ? - Bretagne Culture Diversit\u00e9\",\"isPartOf\":{\"@id\":\"https:\/\/www.bcd.bzh\/br\/#website\"},\"primaryImageOfPage\":{\"@id\":\"https:\/\/www.bcd.bzh\/br\/danvez-sevenadurel\/ha-posubl-e-vije-ur-gevredigezh-hep-gouel\/#primaryimage\"},\"image\":{\"@id\":\"https:\/\/www.bcd.bzh\/br\/danvez-sevenadurel\/ha-posubl-e-vije-ur-gevredigezh-hep-gouel\/#primaryimage\"},\"thumbnailUrl\":\"https:\/\/www.bcd.bzh\/wp-content\/uploads\/2022\/12\/K53A8168.jpeg\",\"datePublished\":\"2013-10-30T13:28:16+00:00\",\"dateModified\":\"2013-10-30T13:28:16+00:00\",\"author\":{\"@id\":\"https:\/\/www.bcd.bzh\/br\/#\/schema\/person\/1d926d0c1875bcd45e76e007ab2af99f\"},\"breadcrumb\":{\"@id\":\"https:\/\/www.bcd.bzh\/br\/danvez-sevenadurel\/ha-posubl-e-vije-ur-gevredigezh-hep-gouel\/#breadcrumb\"},\"inLanguage\":\"br-BR\",\"potentialAction\":[{\"@type\":\"ReadAction\",\"target\":[\"https:\/\/www.bcd.bzh\/br\/danvez-sevenadurel\/ha-posubl-e-vije-ur-gevredigezh-hep-gouel\/\"]}]},{\"@type\":\"ImageObject\",\"inLanguage\":\"br-BR\",\"@id\":\"https:\/\/www.bcd.bzh\/br\/danvez-sevenadurel\/ha-posubl-e-vije-ur-gevredigezh-hep-gouel\/#primaryimage\",\"url\":\"https:\/\/www.bcd.bzh\/wp-content\/uploads\/2022\/12\/K53A8168.jpeg\",\"contentUrl\":\"https:\/\/www.bcd.bzh\/wp-content\/uploads\/2022\/12\/K53A8168.jpeg\",\"width\":1280,\"height\":854},{\"@type\":\"BreadcrumbList\",\"@id\":\"https:\/\/www.bcd.bzh\/br\/danvez-sevenadurel\/ha-posubl-e-vije-ur-gevredigezh-hep-gouel\/#breadcrumb\",\"itemListElement\":[{\"@type\":\"ListItem\",\"position\":1,\"name\":\"Accueil\",\"item\":\"https:\/\/www.bcd.bzh\/br\/\"},{\"@type\":\"ListItem\",\"position\":2,\"name\":\"Ha posubl e vije ur gevredigezh hep gouel ?\"}]},{\"@type\":\"WebSite\",\"@id\":\"https:\/\/www.bcd.bzh\/br\/#website\",\"url\":\"https:\/\/www.bcd.bzh\/br\/\",\"name\":\"Bretagne Culture Diversit\u00e9\",\"description\":\"BCD \/ Sevenadurio\u00f9 Breizh\",\"potentialAction\":[{\"@type\":\"SearchAction\",\"target\":{\"@type\":\"EntryPoint\",\"urlTemplate\":\"https:\/\/www.bcd.bzh\/br\/?s={search_term_string}\"},\"query-input\":{\"@type\":\"PropertyValueSpecification\",\"valueRequired\":true,\"valueName\":\"search_term_string\"}}],\"inLanguage\":\"br-BR\"},{\"@type\":\"Person\",\"@id\":\"https:\/\/www.bcd.bzh\/br\/#\/schema\/person\/1d926d0c1875bcd45e76e007ab2af99f\",\"name\":\"bcdadmin\",\"image\":{\"@type\":\"ImageObject\",\"inLanguage\":\"br-BR\",\"@id\":\"https:\/\/www.bcd.bzh\/br\/#\/schema\/person\/image\/\",\"url\":\"https:\/\/secure.gravatar.com\/avatar\/d21920759bff8844c5dfbdf914df557bcef7dc1afcd74962dacb1a3419cb7e63?s=96&d=mm&r=g\",\"contentUrl\":\"https:\/\/secure.gravatar.com\/avatar\/d21920759bff8844c5dfbdf914df557bcef7dc1afcd74962dacb1a3419cb7e63?s=96&d=mm&r=g\",\"caption\":\"bcdadmin\"},\"sameAs\":[\"https:\/\/www.bcd.bzh\"],\"url\":\"https:\/\/www.bcd.bzh\/br\/author\/bcdadmin\/\"}]}<\/script>\n<!-- \/ Yoast SEO plugin. -->","yoast_head_json":{"title":"Ha posubl e vije ur gevredigezh hep gouel ? - Bretagne Culture Diversit\u00e9","robots":{"index":"index","follow":"follow","max-snippet":"max-snippet:-1","max-image-preview":"max-image-preview:large","max-video-preview":"max-video-preview:-1"},"canonical":"https:\/\/www.bcd.bzh\/br\/danvez-sevenadurel\/ha-posubl-e-vije-ur-gevredigezh-hep-gouel\/","og_locale":"en_US","og_type":"article","og_title":"Ha posubl e vije ur gevredigezh hep gouel ? - Bretagne Culture Diversit\u00e9","og_description":"Prezegenn d&#8217;ar gwener 8 a viz du 2013 adalek 6e30 noz er Paper timbr, 39 straed Dinan e Roazhon, e-touez ar rummad B\u00e9c\u00e9dia, skol-veur bobl. Ha posubl e vije ur gevredigezh hep gouel ? Petra eo ober ar gouel ? Perak e vez graet ar gouel ? Peseurt roll sokial a zo gant an emgavio\u00f9 [&hellip;]","og_url":"https:\/\/www.bcd.bzh\/br\/danvez-sevenadurel\/ha-posubl-e-vije-ur-gevredigezh-hep-gouel\/","og_site_name":"Bretagne Culture Diversit\u00e9","article_published_time":"2013-10-30T13:28:16+00:00","og_image":[{"width":1280,"height":854,"url":"https:\/\/www.bcd.bzh\/wp-content\/uploads\/2022\/12\/K53A8168.jpeg","type":"image\/jpeg"}],"author":"bcdadmin","twitter_card":"summary_large_image","twitter_misc":{"Written by":"bcdadmin","Est. reading time":"1 minute"},"schema":{"@context":"https:\/\/schema.org","@graph":[{"@type":"WebPage","@id":"https:\/\/www.bcd.bzh\/br\/danvez-sevenadurel\/ha-posubl-e-vije-ur-gevredigezh-hep-gouel\/","url":"https:\/\/www.bcd.bzh\/br\/danvez-sevenadurel\/ha-posubl-e-vije-ur-gevredigezh-hep-gouel\/","name":"Ha posubl e vije ur gevredigezh hep gouel ? - Bretagne Culture Diversit\u00e9","isPartOf":{"@id":"https:\/\/www.bcd.bzh\/br\/#website"},"primaryImageOfPage":{"@id":"https:\/\/www.bcd.bzh\/br\/danvez-sevenadurel\/ha-posubl-e-vije-ur-gevredigezh-hep-gouel\/#primaryimage"},"image":{"@id":"https:\/\/www.bcd.bzh\/br\/danvez-sevenadurel\/ha-posubl-e-vije-ur-gevredigezh-hep-gouel\/#primaryimage"},"thumbnailUrl":"https:\/\/www.bcd.bzh\/wp-content\/uploads\/2022\/12\/K53A8168.jpeg","datePublished":"2013-10-30T13:28:16+00:00","dateModified":"2013-10-30T13:28:16+00:00","author":{"@id":"https:\/\/www.bcd.bzh\/br\/#\/schema\/person\/1d926d0c1875bcd45e76e007ab2af99f"},"breadcrumb":{"@id":"https:\/\/www.bcd.bzh\/br\/danvez-sevenadurel\/ha-posubl-e-vije-ur-gevredigezh-hep-gouel\/#breadcrumb"},"inLanguage":"br-BR","potentialAction":[{"@type":"ReadAction","target":["https:\/\/www.bcd.bzh\/br\/danvez-sevenadurel\/ha-posubl-e-vije-ur-gevredigezh-hep-gouel\/"]}]},{"@type":"ImageObject","inLanguage":"br-BR","@id":"https:\/\/www.bcd.bzh\/br\/danvez-sevenadurel\/ha-posubl-e-vije-ur-gevredigezh-hep-gouel\/#primaryimage","url":"https:\/\/www.bcd.bzh\/wp-content\/uploads\/2022\/12\/K53A8168.jpeg","contentUrl":"https:\/\/www.bcd.bzh\/wp-content\/uploads\/2022\/12\/K53A8168.jpeg","width":1280,"height":854},{"@type":"BreadcrumbList","@id":"https:\/\/www.bcd.bzh\/br\/danvez-sevenadurel\/ha-posubl-e-vije-ur-gevredigezh-hep-gouel\/#breadcrumb","itemListElement":[{"@type":"ListItem","position":1,"name":"Accueil","item":"https:\/\/www.bcd.bzh\/br\/"},{"@type":"ListItem","position":2,"name":"Ha posubl e vije ur gevredigezh hep gouel ?"}]},{"@type":"WebSite","@id":"https:\/\/www.bcd.bzh\/br\/#website","url":"https:\/\/www.bcd.bzh\/br\/","name":"Bretagne Culture Diversit\u00e9","description":"BCD \/ Sevenadurio\u00f9 Breizh","potentialAction":[{"@type":"SearchAction","target":{"@type":"EntryPoint","urlTemplate":"https:\/\/www.bcd.bzh\/br\/?s={search_term_string}"},"query-input":{"@type":"PropertyValueSpecification","valueRequired":true,"valueName":"search_term_string"}}],"inLanguage":"br-BR"},{"@type":"Person","@id":"https:\/\/www.bcd.bzh\/br\/#\/schema\/person\/1d926d0c1875bcd45e76e007ab2af99f","name":"bcdadmin","image":{"@type":"ImageObject","inLanguage":"br-BR","@id":"https:\/\/www.bcd.bzh\/br\/#\/schema\/person\/image\/","url":"https:\/\/secure.gravatar.com\/avatar\/d21920759bff8844c5dfbdf914df557bcef7dc1afcd74962dacb1a3419cb7e63?s=96&d=mm&r=g","contentUrl":"https:\/\/secure.gravatar.com\/avatar\/d21920759bff8844c5dfbdf914df557bcef7dc1afcd74962dacb1a3419cb7e63?s=96&d=mm&r=g","caption":"bcdadmin"},"sameAs":["https:\/\/www.bcd.bzh"],"url":"https:\/\/www.bcd.bzh\/br\/author\/bcdadmin\/"}]}},"_links":{"self":[{"href":"https:\/\/www.bcd.bzh\/br\/wp-json\/wp\/v2\/posts\/3018","targetHints":{"allow":["GET"]}}],"collection":[{"href":"https:\/\/www.bcd.bzh\/br\/wp-json\/wp\/v2\/posts"}],"about":[{"href":"https:\/\/www.bcd.bzh\/br\/wp-json\/wp\/v2\/types\/post"}],"author":[{"embeddable":true,"href":"https:\/\/www.bcd.bzh\/br\/wp-json\/wp\/v2\/users\/1"}],"replies":[{"embeddable":true,"href":"https:\/\/www.bcd.bzh\/br\/wp-json\/wp\/v2\/comments?post=3018"}],"version-history":[{"count":0,"href":"https:\/\/www.bcd.bzh\/br\/wp-json\/wp\/v2\/posts\/3018\/revisions"}],"wp:featuredmedia":[{"embeddable":true,"href":"https:\/\/www.bcd.bzh\/br\/wp-json\/wp\/v2\/media\/526"}],"wp:attachment":[{"href":"https:\/\/www.bcd.bzh\/br\/wp-json\/wp\/v2\/media?parent=3018"}],"wp:term":[{"taxonomy":"category","embeddable":true,"href":"https:\/\/www.bcd.bzh\/br\/wp-json\/wp\/v2\/categories?post=3018"},{"taxonomy":"post_tag","embeddable":true,"href":"https:\/\/www.bcd.bzh\/br\/wp-json\/wp\/v2\/tags?post=3018"}],"curies":[{"name":"wp","href":"https:\/\/api.w.org\/{rel}","templated":true}]}}