{"id":3030,"date":"2014-12-02T15:00:14","date_gmt":"2014-12-02T14:00:14","guid":{"rendered":"https:\/\/preprod.bcd.bzh\/uncategorized-br\/kendiviz-minorelezhiou-ha-bedeladur\/"},"modified":"2014-12-02T15:00:14","modified_gmt":"2014-12-02T14:00:14","slug":"kendiviz-minorelezhiou-ha-bedeladur","status":"publish","type":"post","link":"https:\/\/www.bcd.bzh\/br\/bcd\/kendiviz-minorelezhiou-ha-bedeladur\/","title":{"rendered":"Kendiviz Minorelezhio\u00f9 ha bedeladur"},"content":{"rendered":"<h3>Aozet eo bet gant BCD Sevenadurio\u00f9, gant skoazell\u00a0 skipailh enklasko\u00f9 Ermine (CRBC-Roazhon 2), ur c&#8217;hendiviz etrevroadel diwar-benn \u00ab\u00a0 Minorelezhio\u00f9 ha bedeladur\u00a0 \u00bb d&#8217;an 23 ha d&#8217;ar 24 a viz Here 2014 e Roazhon. Kudenno\u00f9 an identelezhio\u00f9 dibar en ur bed troet war-zu ar bedeladur, setu kalon an divizo\u00f9 zo bet dalc&#8217;het.<\/h3>\n<p>\u00ab\u00a0 Gwelet a reer an eskemmo\u00f9 etrevroadel o vont war-raok asambles gant unvanadur an emzalc&#8217;hio\u00f9 sevenadurel, ha dedennus eo menegi\u00f1 e ya war-gresk startijenn ar minorelezhio\u00f9 di-stad\u00bb, eme Ronan Ar C&#8217;hoadig;prezidant BCD\/Sevenadurio\u00f9. Tro &#8216;n eus roet ar c&#8217;hendiviz-ma\u00f1 da rei\u00f1 da berzhidi deuet eus Yakoutia, Katalonia, Kebek pe bro-Skos da eskemm diwar-benn stad an trao\u00f9 en o bro, ha da verzout e kaver \u00ab<em>an hevelep kudenno\u00f9 yezh, an hevelep bec&#8217;h taolet warno, an hevelep diouer a anaoudegezh a zegas responto\u00f9 pe diskoulmo\u00f9 dishe\u00f1vel e pep bro. Penaos e c&#8217;heller falvezout bout Breizhad, Yakout pe Katalan e-skoaz ur vroad brasoc&#8217;h ha\u00a0 mestr warnoc&#8217;h<\/em>\u00bb aze e oa ar goulenn e kalon ar 24 a viz Here.<\/p>\n<p>Kouviadez a-enor evit ar c&#8217;hendiviz kenta\u00f1, Yakoutia a oa e kalon nozvezh an 23 a viz Here e sal an Tambour, lec&#8217;h ma oa aozet un abadenn sinema heuliet gant un diviz kaset en-dro gant Emilie Maj, etnologourez arbennigourez bro-Yakoutia, hag ur sonadeg da heul, sonio\u00f9 yakoutek. An arzourien pedet o oa goulennet digant an arvesterien kemer perzh er c&#8217;han hag en da\u00f1s. Un eil nozvezh a zo bet kaset en-dro e-kerzh Gouel an Dolgenn Aour e Redon d&#8217;ar Sadorn 25 a viz Here.<\/p>\n<p>Bodet e vo an holl pennado\u00f9-kaoz, hag embannet e 2015.<\/p>\n<p>Emgav zo roet deoc&#8217;h a-benn 4 bloaz evit an eil kendiviz.<\/p>\n<p>[bloc-gris]<\/p>\n<p><strong>Un nebeut videoio\u00f9 deus ar c&#8217;hendiviz :<\/strong><\/p>\n<p itemprop=\"name\">Lid bennozh Yakout ar c&#8217;hendiviz &#8220;Minorelezhio\u00f9 ha bedeladur&#8221; d&#8217;ar gwener 24 a viz Here 2014 :<\/p>\n<p><iframe loading=\"lazy\" src=\"\/\/player.vimeo.com\/video\/110144696\" height=\"360\" width=\"640\" allowfullscreen=\"\" frameborder=\"0\"><\/iframe><\/p>\n<p><a href=\"http:\/\/vimeo.com\/110144696\">Rite de b\u00e9n\u00e9diction du colloque &#8220;Minorit\u00e9s et mondialisation&#8221; le vendredi 24 octobre 2014<\/a> from <a href=\"http:\/\/vimeo.com\/bcdsevenaduriou\">BCD Sevenadurio\u00f9<\/a> on <a href=\"https:\/\/vimeo.com\">Vimeo<\/a>.<\/p>\n<p>Prezegenn digeri\u00f1 ar c&#8217;hendiviz gant Jean-Michel Le Boulanger :<br \/>\n<iframe loading=\"lazy\" src=\"\/\/www.youtube.com\/embed\/DLHfU-Ai3Q4?list=UUIuJbcreH7MpAy7q8FocU9g\" height=\"360\" width=\"640\" allowfullscreen=\"\" frameborder=\"0\"><\/iframe><\/p>\n<p>Un tamm deus kan a vro Yakoutia gant ar ganerez Saina o c&#8217;hoari gant ar publik :<br \/>\n<iframe loading=\"lazy\" src=\"\/\/player.vimeo.com\/video\/110144695\" height=\"360\" width=\"640\" allowfullscreen=\"\" frameborder=\"0\"><\/iframe><\/p>\n<p><a href=\"http:\/\/vimeo.com\/110144695\">Extrait de chant Yakoute par la chanteuse Saina avec la participation du public<\/a> from <a href=\"http:\/\/vimeo.com\/bcdsevenaduriou\">BCD Sevenadurio\u00f9<\/a> on <a href=\"https:\/\/vimeo.com\">Vimeo<\/a>.<\/p>\n<p>Da\u00f1s hengounel a vro Yakoutia en Tambour :<br \/>\n<iframe loading=\"lazy\" src=\"\/\/player.vimeo.com\/video\/110137205\" height=\"480\" width=\"640\" allowfullscreen=\"\" frameborder=\"0\"><\/iframe><\/p>\n<p><a href=\"http:\/\/vimeo.com\/110137205\">Danse traditionnelle Yakoute au Tambour<\/a> from <a href=\"http:\/\/vimeo.com\/bcdsevenaduriou\">BCD Sevenadurio\u00f9<\/a> on <a href=\"https:\/\/vimeo.com\">Vimeo<\/a>.<\/p>\n<p>Prezegenn kloza\u00f1 :<br \/>\n<iframe loading=\"lazy\" src=\"\/\/www.youtube.com\/embed\/EGHp-ze384w?list=UUIuJbcreH7MpAy7q8FocU9g\" height=\"360\" width=\"640\" allowfullscreen=\"\" frameborder=\"0\"><\/iframe><br \/>\n[\/bloc-gris]<\/p>\n","protected":false},"excerpt":{"rendered":"<p>Aozet eo bet gant BCD Sevenadurio\u00f9, gant skoazell\u00a0 skipailh enklasko\u00f9 Ermine (CRBC-Roazhon 2), ur c&#8217;hendiviz etrevroadel diwar-benn \u00ab\u00a0 Minorelezhio\u00f9 ha bedeladur\u00a0 \u00bb d&#8217;an 23 ha d&#8217;ar 24 a viz Here 2014 e Roazhon. Kudenno\u00f9 an identelezhio\u00f9 dibar en ur bed troet war-zu ar bedeladur, setu kalon an divizo\u00f9 zo bet dalc&#8217;het. \u00ab\u00a0 Gwelet a reer [&hellip;]<\/p>\n","protected":false},"author":1,"featured_media":1372,"comment_status":"closed","ping_status":"open","sticky":false,"template":"","format":"standard","meta":{"_acf_changed":false,"inline_featured_image":false,"footnotes":""},"categories":[48,235],"tags":[],"class_list":["post-3030","post","type-post","status-publish","format-standard","has-post-thumbnail","hentry","category-bcd","category-liesseurted-sevenadurel"],"acf":[],"yoast_head":"<!-- This site is optimized with the Yoast SEO plugin v24.2 - https:\/\/yoast.com\/wordpress\/plugins\/seo\/ -->\n<title>Kendiviz Minorelezhio\u00f9 ha bedeladur - Bretagne Culture Diversit\u00e9<\/title>\n<meta name=\"robots\" content=\"index, follow, max-snippet:-1, max-image-preview:large, max-video-preview:-1\" \/>\n<link rel=\"canonical\" href=\"https:\/\/www.bcd.bzh\/br\/bcd\/kendiviz-minorelezhiou-ha-bedeladur\/\" \/>\n<meta property=\"og:locale\" content=\"en_US\" \/>\n<meta property=\"og:type\" content=\"article\" \/>\n<meta property=\"og:title\" content=\"Kendiviz Minorelezhio\u00f9 ha bedeladur - Bretagne Culture Diversit\u00e9\" \/>\n<meta property=\"og:description\" content=\"Aozet eo bet gant BCD Sevenadurio\u00f9, gant skoazell\u00a0 skipailh enklasko\u00f9 Ermine (CRBC-Roazhon 2), ur c&#8217;hendiviz etrevroadel diwar-benn \u00ab\u00a0 Minorelezhio\u00f9 ha bedeladur\u00a0 \u00bb d&#8217;an 23 ha d&#8217;ar 24 a viz Here 2014 e Roazhon. Kudenno\u00f9 an identelezhio\u00f9 dibar en ur bed troet war-zu ar bedeladur, setu kalon an divizo\u00f9 zo bet dalc&#8217;het. \u00ab\u00a0 Gwelet a reer [&hellip;]\" \/>\n<meta property=\"og:url\" content=\"https:\/\/www.bcd.bzh\/br\/bcd\/kendiviz-minorelezhiou-ha-bedeladur\/\" \/>\n<meta property=\"og:site_name\" content=\"Bretagne Culture Diversit\u00e9\" \/>\n<meta property=\"article:published_time\" content=\"2014-12-02T14:00:14+00:00\" \/>\n<meta property=\"og:image\" content=\"https:\/\/www.bcd.bzh\/wp-content\/uploads\/2022\/12\/colloque-newsletter.jpg\" \/>\n\t<meta property=\"og:image:width\" content=\"980\" \/>\n\t<meta property=\"og:image:height\" content=\"250\" \/>\n\t<meta property=\"og:image:type\" content=\"image\/jpeg\" \/>\n<meta name=\"author\" content=\"bcdadmin\" \/>\n<meta name=\"twitter:card\" content=\"summary_large_image\" \/>\n<meta name=\"twitter:label1\" content=\"Written by\" \/>\n\t<meta name=\"twitter:data1\" content=\"bcdadmin\" \/>\n\t<meta name=\"twitter:label2\" content=\"Est. reading time\" \/>\n\t<meta name=\"twitter:data2\" content=\"2 minutes\" \/>\n<script type=\"application\/ld+json\" class=\"yoast-schema-graph\">{\"@context\":\"https:\/\/schema.org\",\"@graph\":[{\"@type\":\"WebPage\",\"@id\":\"https:\/\/www.bcd.bzh\/br\/bcd\/kendiviz-minorelezhiou-ha-bedeladur\/\",\"url\":\"https:\/\/www.bcd.bzh\/br\/bcd\/kendiviz-minorelezhiou-ha-bedeladur\/\",\"name\":\"Kendiviz Minorelezhio\u00f9 ha bedeladur - Bretagne Culture Diversit\u00e9\",\"isPartOf\":{\"@id\":\"https:\/\/www.bcd.bzh\/br\/#website\"},\"primaryImageOfPage\":{\"@id\":\"https:\/\/www.bcd.bzh\/br\/bcd\/kendiviz-minorelezhiou-ha-bedeladur\/#primaryimage\"},\"image\":{\"@id\":\"https:\/\/www.bcd.bzh\/br\/bcd\/kendiviz-minorelezhiou-ha-bedeladur\/#primaryimage\"},\"thumbnailUrl\":\"https:\/\/www.bcd.bzh\/wp-content\/uploads\/2022\/12\/colloque-newsletter.jpg\",\"datePublished\":\"2014-12-02T14:00:14+00:00\",\"dateModified\":\"2014-12-02T14:00:14+00:00\",\"author\":{\"@id\":\"https:\/\/www.bcd.bzh\/br\/#\/schema\/person\/1d926d0c1875bcd45e76e007ab2af99f\"},\"breadcrumb\":{\"@id\":\"https:\/\/www.bcd.bzh\/br\/bcd\/kendiviz-minorelezhiou-ha-bedeladur\/#breadcrumb\"},\"inLanguage\":\"br-BR\",\"potentialAction\":[{\"@type\":\"ReadAction\",\"target\":[\"https:\/\/www.bcd.bzh\/br\/bcd\/kendiviz-minorelezhiou-ha-bedeladur\/\"]}]},{\"@type\":\"ImageObject\",\"inLanguage\":\"br-BR\",\"@id\":\"https:\/\/www.bcd.bzh\/br\/bcd\/kendiviz-minorelezhiou-ha-bedeladur\/#primaryimage\",\"url\":\"https:\/\/www.bcd.bzh\/wp-content\/uploads\/2022\/12\/colloque-newsletter.jpg\",\"contentUrl\":\"https:\/\/www.bcd.bzh\/wp-content\/uploads\/2022\/12\/colloque-newsletter.jpg\",\"width\":980,\"height\":250},{\"@type\":\"BreadcrumbList\",\"@id\":\"https:\/\/www.bcd.bzh\/br\/bcd\/kendiviz-minorelezhiou-ha-bedeladur\/#breadcrumb\",\"itemListElement\":[{\"@type\":\"ListItem\",\"position\":1,\"name\":\"Accueil\",\"item\":\"https:\/\/www.bcd.bzh\/br\/\"},{\"@type\":\"ListItem\",\"position\":2,\"name\":\"Kendiviz Minorelezhio\u00f9 ha bedeladur\"}]},{\"@type\":\"WebSite\",\"@id\":\"https:\/\/www.bcd.bzh\/br\/#website\",\"url\":\"https:\/\/www.bcd.bzh\/br\/\",\"name\":\"Bretagne Culture Diversit\u00e9\",\"description\":\"BCD \/ Sevenadurio\u00f9 Breizh\",\"potentialAction\":[{\"@type\":\"SearchAction\",\"target\":{\"@type\":\"EntryPoint\",\"urlTemplate\":\"https:\/\/www.bcd.bzh\/br\/?s={search_term_string}\"},\"query-input\":{\"@type\":\"PropertyValueSpecification\",\"valueRequired\":true,\"valueName\":\"search_term_string\"}}],\"inLanguage\":\"br-BR\"},{\"@type\":\"Person\",\"@id\":\"https:\/\/www.bcd.bzh\/br\/#\/schema\/person\/1d926d0c1875bcd45e76e007ab2af99f\",\"name\":\"bcdadmin\",\"image\":{\"@type\":\"ImageObject\",\"inLanguage\":\"br-BR\",\"@id\":\"https:\/\/www.bcd.bzh\/br\/#\/schema\/person\/image\/\",\"url\":\"https:\/\/secure.gravatar.com\/avatar\/d21920759bff8844c5dfbdf914df557bcef7dc1afcd74962dacb1a3419cb7e63?s=96&d=mm&r=g\",\"contentUrl\":\"https:\/\/secure.gravatar.com\/avatar\/d21920759bff8844c5dfbdf914df557bcef7dc1afcd74962dacb1a3419cb7e63?s=96&d=mm&r=g\",\"caption\":\"bcdadmin\"},\"sameAs\":[\"https:\/\/www.bcd.bzh\"],\"url\":\"https:\/\/www.bcd.bzh\/br\/author\/bcdadmin\/\"}]}<\/script>\n<!-- \/ Yoast SEO plugin. -->","yoast_head_json":{"title":"Kendiviz Minorelezhio\u00f9 ha bedeladur - Bretagne Culture Diversit\u00e9","robots":{"index":"index","follow":"follow","max-snippet":"max-snippet:-1","max-image-preview":"max-image-preview:large","max-video-preview":"max-video-preview:-1"},"canonical":"https:\/\/www.bcd.bzh\/br\/bcd\/kendiviz-minorelezhiou-ha-bedeladur\/","og_locale":"en_US","og_type":"article","og_title":"Kendiviz Minorelezhio\u00f9 ha bedeladur - Bretagne Culture Diversit\u00e9","og_description":"Aozet eo bet gant BCD Sevenadurio\u00f9, gant skoazell\u00a0 skipailh enklasko\u00f9 Ermine (CRBC-Roazhon 2), ur c&#8217;hendiviz etrevroadel diwar-benn \u00ab\u00a0 Minorelezhio\u00f9 ha bedeladur\u00a0 \u00bb d&#8217;an 23 ha d&#8217;ar 24 a viz Here 2014 e Roazhon. Kudenno\u00f9 an identelezhio\u00f9 dibar en ur bed troet war-zu ar bedeladur, setu kalon an divizo\u00f9 zo bet dalc&#8217;het. \u00ab\u00a0 Gwelet a reer [&hellip;]","og_url":"https:\/\/www.bcd.bzh\/br\/bcd\/kendiviz-minorelezhiou-ha-bedeladur\/","og_site_name":"Bretagne Culture Diversit\u00e9","article_published_time":"2014-12-02T14:00:14+00:00","og_image":[{"width":980,"height":250,"url":"https:\/\/www.bcd.bzh\/wp-content\/uploads\/2022\/12\/colloque-newsletter.jpg","type":"image\/jpeg"}],"author":"bcdadmin","twitter_card":"summary_large_image","twitter_misc":{"Written by":"bcdadmin","Est. reading time":"2 minutes"},"schema":{"@context":"https:\/\/schema.org","@graph":[{"@type":"WebPage","@id":"https:\/\/www.bcd.bzh\/br\/bcd\/kendiviz-minorelezhiou-ha-bedeladur\/","url":"https:\/\/www.bcd.bzh\/br\/bcd\/kendiviz-minorelezhiou-ha-bedeladur\/","name":"Kendiviz Minorelezhio\u00f9 ha bedeladur - Bretagne Culture Diversit\u00e9","isPartOf":{"@id":"https:\/\/www.bcd.bzh\/br\/#website"},"primaryImageOfPage":{"@id":"https:\/\/www.bcd.bzh\/br\/bcd\/kendiviz-minorelezhiou-ha-bedeladur\/#primaryimage"},"image":{"@id":"https:\/\/www.bcd.bzh\/br\/bcd\/kendiviz-minorelezhiou-ha-bedeladur\/#primaryimage"},"thumbnailUrl":"https:\/\/www.bcd.bzh\/wp-content\/uploads\/2022\/12\/colloque-newsletter.jpg","datePublished":"2014-12-02T14:00:14+00:00","dateModified":"2014-12-02T14:00:14+00:00","author":{"@id":"https:\/\/www.bcd.bzh\/br\/#\/schema\/person\/1d926d0c1875bcd45e76e007ab2af99f"},"breadcrumb":{"@id":"https:\/\/www.bcd.bzh\/br\/bcd\/kendiviz-minorelezhiou-ha-bedeladur\/#breadcrumb"},"inLanguage":"br-BR","potentialAction":[{"@type":"ReadAction","target":["https:\/\/www.bcd.bzh\/br\/bcd\/kendiviz-minorelezhiou-ha-bedeladur\/"]}]},{"@type":"ImageObject","inLanguage":"br-BR","@id":"https:\/\/www.bcd.bzh\/br\/bcd\/kendiviz-minorelezhiou-ha-bedeladur\/#primaryimage","url":"https:\/\/www.bcd.bzh\/wp-content\/uploads\/2022\/12\/colloque-newsletter.jpg","contentUrl":"https:\/\/www.bcd.bzh\/wp-content\/uploads\/2022\/12\/colloque-newsletter.jpg","width":980,"height":250},{"@type":"BreadcrumbList","@id":"https:\/\/www.bcd.bzh\/br\/bcd\/kendiviz-minorelezhiou-ha-bedeladur\/#breadcrumb","itemListElement":[{"@type":"ListItem","position":1,"name":"Accueil","item":"https:\/\/www.bcd.bzh\/br\/"},{"@type":"ListItem","position":2,"name":"Kendiviz Minorelezhio\u00f9 ha bedeladur"}]},{"@type":"WebSite","@id":"https:\/\/www.bcd.bzh\/br\/#website","url":"https:\/\/www.bcd.bzh\/br\/","name":"Bretagne Culture Diversit\u00e9","description":"BCD \/ Sevenadurio\u00f9 Breizh","potentialAction":[{"@type":"SearchAction","target":{"@type":"EntryPoint","urlTemplate":"https:\/\/www.bcd.bzh\/br\/?s={search_term_string}"},"query-input":{"@type":"PropertyValueSpecification","valueRequired":true,"valueName":"search_term_string"}}],"inLanguage":"br-BR"},{"@type":"Person","@id":"https:\/\/www.bcd.bzh\/br\/#\/schema\/person\/1d926d0c1875bcd45e76e007ab2af99f","name":"bcdadmin","image":{"@type":"ImageObject","inLanguage":"br-BR","@id":"https:\/\/www.bcd.bzh\/br\/#\/schema\/person\/image\/","url":"https:\/\/secure.gravatar.com\/avatar\/d21920759bff8844c5dfbdf914df557bcef7dc1afcd74962dacb1a3419cb7e63?s=96&d=mm&r=g","contentUrl":"https:\/\/secure.gravatar.com\/avatar\/d21920759bff8844c5dfbdf914df557bcef7dc1afcd74962dacb1a3419cb7e63?s=96&d=mm&r=g","caption":"bcdadmin"},"sameAs":["https:\/\/www.bcd.bzh"],"url":"https:\/\/www.bcd.bzh\/br\/author\/bcdadmin\/"}]}},"_links":{"self":[{"href":"https:\/\/www.bcd.bzh\/br\/wp-json\/wp\/v2\/posts\/3030","targetHints":{"allow":["GET"]}}],"collection":[{"href":"https:\/\/www.bcd.bzh\/br\/wp-json\/wp\/v2\/posts"}],"about":[{"href":"https:\/\/www.bcd.bzh\/br\/wp-json\/wp\/v2\/types\/post"}],"author":[{"embeddable":true,"href":"https:\/\/www.bcd.bzh\/br\/wp-json\/wp\/v2\/users\/1"}],"replies":[{"embeddable":true,"href":"https:\/\/www.bcd.bzh\/br\/wp-json\/wp\/v2\/comments?post=3030"}],"version-history":[{"count":0,"href":"https:\/\/www.bcd.bzh\/br\/wp-json\/wp\/v2\/posts\/3030\/revisions"}],"wp:featuredmedia":[{"embeddable":true,"href":"https:\/\/www.bcd.bzh\/br\/wp-json\/wp\/v2\/media\/1372"}],"wp:attachment":[{"href":"https:\/\/www.bcd.bzh\/br\/wp-json\/wp\/v2\/media?parent=3030"}],"wp:term":[{"taxonomy":"category","embeddable":true,"href":"https:\/\/www.bcd.bzh\/br\/wp-json\/wp\/v2\/categories?post=3030"},{"taxonomy":"post_tag","embeddable":true,"href":"https:\/\/www.bcd.bzh\/br\/wp-json\/wp\/v2\/tags?post=3030"}],"curies":[{"name":"wp","href":"https:\/\/api.w.org\/{rel}","templated":true}]}}