{"id":3046,"date":"2014-06-03T12:42:42","date_gmt":"2014-06-03T10:42:42","guid":{"rendered":"https:\/\/preprod.bcd.bzh\/uncategorized-br\/mare-troskol-lakait-breizh-en-ho-obererezhiou\/"},"modified":"2014-06-03T12:42:42","modified_gmt":"2014-06-03T10:42:42","slug":"mare-troskol-lakait-breizh-en-ho-obererezhiou","status":"publish","type":"post","link":"https:\/\/www.bcd.bzh\/br\/bcd\/mare-troskol-lakait-breizh-en-ho-obererezhiou\/","title":{"rendered":"Mare Troskol : Lakait breizh en ho obererezhio\u00f9"},"content":{"rendered":"<h3>Setu boulc&#8217;het gant ar gouarnamant koulz adaoza\u00f1 an implij-amzer skol.<\/h3>\n<h3>D&#8217;ar strollegezhio\u00f9 lec&#8217;hel eo brema\u00f1 da renka\u00f1, hervez o c&#8217;hoanto\u00f9, an doare da zegemer ar vugale a vez dindan o c&#8217;hiriegezh, goude ar prantado\u00f9-skol.<\/h3>\n<p>Diwar intrudu Bretagne Culture Diversit\u00e9 \/ Sevenadurio\u00f9 eo bodet darn vrasa\u00f1 an hentado\u00f9-studi divyezhek, kevredado\u00f9 an da\u00f1s hag ar sonerezh e Breizh, an Tiez-bro, dilennidi ha tud e karg eus kevredigezhio\u00f9, ha ganto holl\u00a0 eo bet so\u00f1jet e vefe ar prantado\u00f9-se un digarez a-zoare da gas danvez Breizh d&#8217;ar skolidi.<\/p>\n<p>Rak e-mesk aozadur nevez an amzer-skol, e vo posupl e gwirionez kinnig stalio\u00f9-labour liammet gant sevenadur Breizh : c&#8217;hoario\u00f9 Breizh, istor, sevenadur, kontadenno\u00f9, da\u00f1so\u00f9, sonerezh, gouren, broderezh, kan, arzo\u00f9 plastek&#8230;<\/p>\n<p>O labourat ema\u00f1 neuze ar strollad TAP Breizh evit kas war-raok sevenadur Breizh e-mesk ar strollegezhio\u00f9. Kinnig a ra neuze BCD Sevenadurio\u00f9 renabli\u00f1 an holl ezhommo\u00f9, da c&#8217;houzout pezh emaint o c&#8217;hortoz kaout a-fed sevenadur Breizh, hag ivez renabli\u00f1 an oberiantizo\u00f9 kinniget, evit ma vefent aesoc&#8217;h da dizhout e pep korn ar vro.<br \/>\n[bloc-noir]<\/p>\n<h3>Dav eo deoc&#8217;h aoza\u00f1 oberiantizo\u00f9 war ar mareo\u00f9 troskol en ho kumun pe ho kumuniezh kumunio\u00f9, da ge\u00f1ver adkempenn al lusko\u00f9-skol.<\/h3>\n<p>Emaoc&#8217;h o klask aozadurio\u00f9 prest da ginnig deoc&#8217;h oberiantizo\u00f9 ober anaoudegezh gant ar sevenadur ar vro, he yezho\u00f9, he glad.<\/p>\n<p>Kinnig a reomp deoc&#8217;h un daolenn e-lec&#8217;h ma vez renablet oberiantizo\u00f9 kinniget e Breizh.<\/p>\n<p><a title=\"TAP Bretagne : rechercher une activit\u00e9\" href=\"http:\/\/bcd.bzh\/bz\/actions\/tap-bretagne\/tap-bretagne-rechercher-une-activite\/\"><img loading=\"lazy\" decoding=\"async\" class=\"alignleft size-full wp-image-1980\" alt=\"bouton_TAP-Klask\" src=\"http:\/\/bcd.bzh\/wp-content\/uploads\/2014\/06\/bouton_TAP-Klask.jpg\" width=\"250\" height=\"100\" \/><\/a><\/p>\n<p>[\/bloc-noir]<\/p>\n<p>[bloc-gris]<\/p>\n<h3>Oberour sevenadurel oc&#8217;h, un den a dra, barregezhio\u00f9 war dachenn ar sevenadur hag ar glad e Breizh zo ganeoc&#8217;h. Prest oc&#8217;h da ginnig oberiantizo\u00f9 war ar mareo\u00f9 troskol, ha c&#8217;hoant zo ganeoc&#8217;h e vefe gouezet.<\/h3>\n<p>Lakaat a reomp en ho kerzh un teul aes da leunia\u00f1. Ha gant an titouro\u00f9 bet dastumet e vo klokaet an daolenn war hol lec&#8217;hienn. <a title=\"TAP Bretagne : proposer une activit\u00e9\" href=\"http:\/\/bcd.bzh\/bz\/actions\/tap-bretagne\/tap-bretagne-proposer-une-activite\/\"><img loading=\"lazy\" decoding=\"async\" class=\"alignleft size-full wp-image-1981\" alt=\"bouton_TAP-Kinnig\" src=\"http:\/\/bcd.bzh\/wp-content\/uploads\/2014\/06\/bouton_TAP-Kinnig.jpg\" width=\"250\" height=\"100\" \/><\/a><\/p>\n<p>[\/bloc-gris]<\/p>\n","protected":false},"excerpt":{"rendered":"<p>Setu boulc&#8217;het gant ar gouarnamant koulz adaoza\u00f1 an implij-amzer skol. D&#8217;ar strollegezhio\u00f9 lec&#8217;hel eo brema\u00f1 da renka\u00f1, hervez o c&#8217;hoanto\u00f9, an doare da zegemer ar vugale a vez dindan o c&#8217;hiriegezh, goude ar prantado\u00f9-skol. Diwar intrudu Bretagne Culture Diversit\u00e9 \/ Sevenadurio\u00f9 eo bodet darn vrasa\u00f1 an hentado\u00f9-studi divyezhek, kevredado\u00f9 an da\u00f1s hag ar sonerezh e [&hellip;]<\/p>\n","protected":false},"author":1,"featured_media":1004,"comment_status":"closed","ping_status":"open","sticky":false,"template":"","format":"standard","meta":{"_acf_changed":false,"inline_featured_image":false,"footnotes":""},"categories":[48,235],"tags":[],"class_list":["post-3046","post","type-post","status-publish","format-standard","has-post-thumbnail","hentry","category-bcd","category-liesseurted-sevenadurel"],"acf":[],"yoast_head":"<!-- This site is optimized with the Yoast SEO plugin v24.2 - https:\/\/yoast.com\/wordpress\/plugins\/seo\/ -->\n<title>Mare Troskol : Lakait breizh en ho obererezhio\u00f9 - Bretagne Culture Diversit\u00e9<\/title>\n<meta name=\"robots\" content=\"index, follow, max-snippet:-1, max-image-preview:large, max-video-preview:-1\" \/>\n<link rel=\"canonical\" href=\"https:\/\/www.bcd.bzh\/br\/bcd\/mare-troskol-lakait-breizh-en-ho-obererezhiou\/\" \/>\n<meta property=\"og:locale\" content=\"en_US\" \/>\n<meta property=\"og:type\" content=\"article\" \/>\n<meta property=\"og:title\" content=\"Mare Troskol : Lakait breizh en ho obererezhio\u00f9 - Bretagne Culture Diversit\u00e9\" \/>\n<meta property=\"og:description\" content=\"Setu boulc&#8217;het gant ar gouarnamant koulz adaoza\u00f1 an implij-amzer skol. D&#8217;ar strollegezhio\u00f9 lec&#8217;hel eo brema\u00f1 da renka\u00f1, hervez o c&#8217;hoanto\u00f9, an doare da zegemer ar vugale a vez dindan o c&#8217;hiriegezh, goude ar prantado\u00f9-skol. Diwar intrudu Bretagne Culture Diversit\u00e9 \/ Sevenadurio\u00f9 eo bodet darn vrasa\u00f1 an hentado\u00f9-studi divyezhek, kevredado\u00f9 an da\u00f1s hag ar sonerezh e [&hellip;]\" \/>\n<meta property=\"og:url\" content=\"https:\/\/www.bcd.bzh\/br\/bcd\/mare-troskol-lakait-breizh-en-ho-obererezhiou\/\" \/>\n<meta property=\"og:site_name\" content=\"Bretagne Culture Diversit\u00e9\" \/>\n<meta property=\"article:published_time\" content=\"2014-06-03T10:42:42+00:00\" \/>\n<meta property=\"og:image\" content=\"https:\/\/www.bcd.bzh\/wp-content\/uploads\/2022\/12\/TAP_IMAGE_Page2.jpg\" \/>\n\t<meta property=\"og:image:width\" content=\"250\" \/>\n\t<meta property=\"og:image:height\" content=\"354\" \/>\n\t<meta property=\"og:image:type\" content=\"image\/jpeg\" \/>\n<meta name=\"author\" content=\"bcdadmin\" \/>\n<meta name=\"twitter:card\" content=\"summary_large_image\" \/>\n<meta name=\"twitter:label1\" content=\"Written by\" \/>\n\t<meta name=\"twitter:data1\" content=\"bcdadmin\" \/>\n\t<meta name=\"twitter:label2\" content=\"Est. reading time\" \/>\n\t<meta name=\"twitter:data2\" content=\"1 minute\" \/>\n<script type=\"application\/ld+json\" class=\"yoast-schema-graph\">{\"@context\":\"https:\/\/schema.org\",\"@graph\":[{\"@type\":\"WebPage\",\"@id\":\"https:\/\/www.bcd.bzh\/br\/bcd\/mare-troskol-lakait-breizh-en-ho-obererezhiou\/\",\"url\":\"https:\/\/www.bcd.bzh\/br\/bcd\/mare-troskol-lakait-breizh-en-ho-obererezhiou\/\",\"name\":\"Mare Troskol : Lakait breizh en ho obererezhio\u00f9 - Bretagne Culture Diversit\u00e9\",\"isPartOf\":{\"@id\":\"https:\/\/www.bcd.bzh\/br\/#website\"},\"primaryImageOfPage\":{\"@id\":\"https:\/\/www.bcd.bzh\/br\/bcd\/mare-troskol-lakait-breizh-en-ho-obererezhiou\/#primaryimage\"},\"image\":{\"@id\":\"https:\/\/www.bcd.bzh\/br\/bcd\/mare-troskol-lakait-breizh-en-ho-obererezhiou\/#primaryimage\"},\"thumbnailUrl\":\"https:\/\/www.bcd.bzh\/wp-content\/uploads\/2022\/12\/TAP_IMAGE_Page2.jpg\",\"datePublished\":\"2014-06-03T10:42:42+00:00\",\"dateModified\":\"2014-06-03T10:42:42+00:00\",\"author\":{\"@id\":\"https:\/\/www.bcd.bzh\/br\/#\/schema\/person\/1d926d0c1875bcd45e76e007ab2af99f\"},\"breadcrumb\":{\"@id\":\"https:\/\/www.bcd.bzh\/br\/bcd\/mare-troskol-lakait-breizh-en-ho-obererezhiou\/#breadcrumb\"},\"inLanguage\":\"br-BR\",\"potentialAction\":[{\"@type\":\"ReadAction\",\"target\":[\"https:\/\/www.bcd.bzh\/br\/bcd\/mare-troskol-lakait-breizh-en-ho-obererezhiou\/\"]}]},{\"@type\":\"ImageObject\",\"inLanguage\":\"br-BR\",\"@id\":\"https:\/\/www.bcd.bzh\/br\/bcd\/mare-troskol-lakait-breizh-en-ho-obererezhiou\/#primaryimage\",\"url\":\"https:\/\/www.bcd.bzh\/wp-content\/uploads\/2022\/12\/TAP_IMAGE_Page2.jpg\",\"contentUrl\":\"https:\/\/www.bcd.bzh\/wp-content\/uploads\/2022\/12\/TAP_IMAGE_Page2.jpg\",\"width\":250,\"height\":354},{\"@type\":\"BreadcrumbList\",\"@id\":\"https:\/\/www.bcd.bzh\/br\/bcd\/mare-troskol-lakait-breizh-en-ho-obererezhiou\/#breadcrumb\",\"itemListElement\":[{\"@type\":\"ListItem\",\"position\":1,\"name\":\"Accueil\",\"item\":\"https:\/\/www.bcd.bzh\/br\/\"},{\"@type\":\"ListItem\",\"position\":2,\"name\":\"Mare Troskol : Lakait breizh en ho obererezhio\u00f9\"}]},{\"@type\":\"WebSite\",\"@id\":\"https:\/\/www.bcd.bzh\/br\/#website\",\"url\":\"https:\/\/www.bcd.bzh\/br\/\",\"name\":\"Bretagne Culture Diversit\u00e9\",\"description\":\"BCD \/ Sevenadurio\u00f9 Breizh\",\"potentialAction\":[{\"@type\":\"SearchAction\",\"target\":{\"@type\":\"EntryPoint\",\"urlTemplate\":\"https:\/\/www.bcd.bzh\/br\/?s={search_term_string}\"},\"query-input\":{\"@type\":\"PropertyValueSpecification\",\"valueRequired\":true,\"valueName\":\"search_term_string\"}}],\"inLanguage\":\"br-BR\"},{\"@type\":\"Person\",\"@id\":\"https:\/\/www.bcd.bzh\/br\/#\/schema\/person\/1d926d0c1875bcd45e76e007ab2af99f\",\"name\":\"bcdadmin\",\"image\":{\"@type\":\"ImageObject\",\"inLanguage\":\"br-BR\",\"@id\":\"https:\/\/www.bcd.bzh\/br\/#\/schema\/person\/image\/\",\"url\":\"https:\/\/secure.gravatar.com\/avatar\/d21920759bff8844c5dfbdf914df557bcef7dc1afcd74962dacb1a3419cb7e63?s=96&d=mm&r=g\",\"contentUrl\":\"https:\/\/secure.gravatar.com\/avatar\/d21920759bff8844c5dfbdf914df557bcef7dc1afcd74962dacb1a3419cb7e63?s=96&d=mm&r=g\",\"caption\":\"bcdadmin\"},\"sameAs\":[\"https:\/\/www.bcd.bzh\"],\"url\":\"https:\/\/www.bcd.bzh\/br\/author\/bcdadmin\/\"}]}<\/script>\n<!-- \/ Yoast SEO plugin. -->","yoast_head_json":{"title":"Mare Troskol : Lakait breizh en ho obererezhio\u00f9 - Bretagne Culture Diversit\u00e9","robots":{"index":"index","follow":"follow","max-snippet":"max-snippet:-1","max-image-preview":"max-image-preview:large","max-video-preview":"max-video-preview:-1"},"canonical":"https:\/\/www.bcd.bzh\/br\/bcd\/mare-troskol-lakait-breizh-en-ho-obererezhiou\/","og_locale":"en_US","og_type":"article","og_title":"Mare Troskol : Lakait breizh en ho obererezhio\u00f9 - Bretagne Culture Diversit\u00e9","og_description":"Setu boulc&#8217;het gant ar gouarnamant koulz adaoza\u00f1 an implij-amzer skol. D&#8217;ar strollegezhio\u00f9 lec&#8217;hel eo brema\u00f1 da renka\u00f1, hervez o c&#8217;hoanto\u00f9, an doare da zegemer ar vugale a vez dindan o c&#8217;hiriegezh, goude ar prantado\u00f9-skol. Diwar intrudu Bretagne Culture Diversit\u00e9 \/ Sevenadurio\u00f9 eo bodet darn vrasa\u00f1 an hentado\u00f9-studi divyezhek, kevredado\u00f9 an da\u00f1s hag ar sonerezh e [&hellip;]","og_url":"https:\/\/www.bcd.bzh\/br\/bcd\/mare-troskol-lakait-breizh-en-ho-obererezhiou\/","og_site_name":"Bretagne Culture Diversit\u00e9","article_published_time":"2014-06-03T10:42:42+00:00","og_image":[{"width":250,"height":354,"url":"https:\/\/www.bcd.bzh\/wp-content\/uploads\/2022\/12\/TAP_IMAGE_Page2.jpg","type":"image\/jpeg"}],"author":"bcdadmin","twitter_card":"summary_large_image","twitter_misc":{"Written by":"bcdadmin","Est. reading time":"1 minute"},"schema":{"@context":"https:\/\/schema.org","@graph":[{"@type":"WebPage","@id":"https:\/\/www.bcd.bzh\/br\/bcd\/mare-troskol-lakait-breizh-en-ho-obererezhiou\/","url":"https:\/\/www.bcd.bzh\/br\/bcd\/mare-troskol-lakait-breizh-en-ho-obererezhiou\/","name":"Mare Troskol : Lakait breizh en ho obererezhio\u00f9 - Bretagne Culture Diversit\u00e9","isPartOf":{"@id":"https:\/\/www.bcd.bzh\/br\/#website"},"primaryImageOfPage":{"@id":"https:\/\/www.bcd.bzh\/br\/bcd\/mare-troskol-lakait-breizh-en-ho-obererezhiou\/#primaryimage"},"image":{"@id":"https:\/\/www.bcd.bzh\/br\/bcd\/mare-troskol-lakait-breizh-en-ho-obererezhiou\/#primaryimage"},"thumbnailUrl":"https:\/\/www.bcd.bzh\/wp-content\/uploads\/2022\/12\/TAP_IMAGE_Page2.jpg","datePublished":"2014-06-03T10:42:42+00:00","dateModified":"2014-06-03T10:42:42+00:00","author":{"@id":"https:\/\/www.bcd.bzh\/br\/#\/schema\/person\/1d926d0c1875bcd45e76e007ab2af99f"},"breadcrumb":{"@id":"https:\/\/www.bcd.bzh\/br\/bcd\/mare-troskol-lakait-breizh-en-ho-obererezhiou\/#breadcrumb"},"inLanguage":"br-BR","potentialAction":[{"@type":"ReadAction","target":["https:\/\/www.bcd.bzh\/br\/bcd\/mare-troskol-lakait-breizh-en-ho-obererezhiou\/"]}]},{"@type":"ImageObject","inLanguage":"br-BR","@id":"https:\/\/www.bcd.bzh\/br\/bcd\/mare-troskol-lakait-breizh-en-ho-obererezhiou\/#primaryimage","url":"https:\/\/www.bcd.bzh\/wp-content\/uploads\/2022\/12\/TAP_IMAGE_Page2.jpg","contentUrl":"https:\/\/www.bcd.bzh\/wp-content\/uploads\/2022\/12\/TAP_IMAGE_Page2.jpg","width":250,"height":354},{"@type":"BreadcrumbList","@id":"https:\/\/www.bcd.bzh\/br\/bcd\/mare-troskol-lakait-breizh-en-ho-obererezhiou\/#breadcrumb","itemListElement":[{"@type":"ListItem","position":1,"name":"Accueil","item":"https:\/\/www.bcd.bzh\/br\/"},{"@type":"ListItem","position":2,"name":"Mare Troskol : Lakait breizh en ho obererezhio\u00f9"}]},{"@type":"WebSite","@id":"https:\/\/www.bcd.bzh\/br\/#website","url":"https:\/\/www.bcd.bzh\/br\/","name":"Bretagne Culture Diversit\u00e9","description":"BCD \/ Sevenadurio\u00f9 Breizh","potentialAction":[{"@type":"SearchAction","target":{"@type":"EntryPoint","urlTemplate":"https:\/\/www.bcd.bzh\/br\/?s={search_term_string}"},"query-input":{"@type":"PropertyValueSpecification","valueRequired":true,"valueName":"search_term_string"}}],"inLanguage":"br-BR"},{"@type":"Person","@id":"https:\/\/www.bcd.bzh\/br\/#\/schema\/person\/1d926d0c1875bcd45e76e007ab2af99f","name":"bcdadmin","image":{"@type":"ImageObject","inLanguage":"br-BR","@id":"https:\/\/www.bcd.bzh\/br\/#\/schema\/person\/image\/","url":"https:\/\/secure.gravatar.com\/avatar\/d21920759bff8844c5dfbdf914df557bcef7dc1afcd74962dacb1a3419cb7e63?s=96&d=mm&r=g","contentUrl":"https:\/\/secure.gravatar.com\/avatar\/d21920759bff8844c5dfbdf914df557bcef7dc1afcd74962dacb1a3419cb7e63?s=96&d=mm&r=g","caption":"bcdadmin"},"sameAs":["https:\/\/www.bcd.bzh"],"url":"https:\/\/www.bcd.bzh\/br\/author\/bcdadmin\/"}]}},"_links":{"self":[{"href":"https:\/\/www.bcd.bzh\/br\/wp-json\/wp\/v2\/posts\/3046","targetHints":{"allow":["GET"]}}],"collection":[{"href":"https:\/\/www.bcd.bzh\/br\/wp-json\/wp\/v2\/posts"}],"about":[{"href":"https:\/\/www.bcd.bzh\/br\/wp-json\/wp\/v2\/types\/post"}],"author":[{"embeddable":true,"href":"https:\/\/www.bcd.bzh\/br\/wp-json\/wp\/v2\/users\/1"}],"replies":[{"embeddable":true,"href":"https:\/\/www.bcd.bzh\/br\/wp-json\/wp\/v2\/comments?post=3046"}],"version-history":[{"count":0,"href":"https:\/\/www.bcd.bzh\/br\/wp-json\/wp\/v2\/posts\/3046\/revisions"}],"wp:featuredmedia":[{"embeddable":true,"href":"https:\/\/www.bcd.bzh\/br\/wp-json\/wp\/v2\/media\/1004"}],"wp:attachment":[{"href":"https:\/\/www.bcd.bzh\/br\/wp-json\/wp\/v2\/media?parent=3046"}],"wp:term":[{"taxonomy":"category","embeddable":true,"href":"https:\/\/www.bcd.bzh\/br\/wp-json\/wp\/v2\/categories?post=3046"},{"taxonomy":"post_tag","embeddable":true,"href":"https:\/\/www.bcd.bzh\/br\/wp-json\/wp\/v2\/tags?post=3046"}],"curies":[{"name":"wp","href":"https:\/\/api.w.org\/{rel}","templated":true}]}}