{"id":3058,"date":"2014-03-18T09:33:42","date_gmt":"2014-03-18T08:33:42","guid":{"rendered":"https:\/\/preprod.bcd.bzh\/uncategorized-br\/ar-gouel-war-evezh\/"},"modified":"2014-03-18T09:33:42","modified_gmt":"2014-03-18T08:33:42","slug":"ar-gouel-war-evezh","status":"publish","type":"post","link":"https:\/\/www.bcd.bzh\/br\/bcd\/ar-gouel-war-evezh\/","title":{"rendered":"Ar gouel war evezh"},"content":{"rendered":"<h3>Pempvet abadenn Becedia, skol-veur war vale savet gant BCD\/S, zo bet dalc\u2019het e Ti ar Vro Treger Gouelo\u00f9 d\u2019ar Sadorn 1<sup>a\u00f1<\/sup> a viz Meurzh e Kawan.<\/h3>\n<p><b>\u00a0<\/b>Displega\u00f1 penaos eo bet mestroniet ar festo\u00f9 gant ar penno\u00f9-bras (politikel ha relijius) a-hed an amzer a oa pal an abadenn.<\/p>\n<p>Gant<b> Marc Cl\u00e9rivet<\/b>, kelenner titlet war ar sonerezh hengounel (kan, da\u00f1so\u00f9 ha sevenadur, ha stummadur war ar sonerezh) e Skolio\u00f9-soni\u00f1 Meurg\u00ear Brest <i>(CRD)<\/i> ha Meurg\u00ear Roazhon <i>(CRR),<\/i> e oa bet boulc\u2019het ar gaoz ha displeget penaos zo bet klasket ingal, gant an dud a iliz, beza\u00f1 mistri war ar festo\u00f9, ha war ar modo\u00f9 da za\u00f1sal peurgetket.<\/p>\n<p>&nbsp;<\/p>\n<p>Gant <b>Patrick Gourlay<\/b>, kelenner war an istor-douaroniezh, zo bet graet anv deus beajo\u00f9 ar brezidanted\u00a0: penaos e veze aozet ar beajo\u00f9-se er broio\u00f9, petra \u2019veze goulennet ober gant tud ar broio\u00f9-se, petra \u2019faote d\u2019ar Stad\u2026 Beaj ar prezidant Edgar Faure e Breizh e 1896 zo bet lakaet da skouer.<\/p>\n<p>&nbsp;<\/p>\n<p>Hirie e tigresk ster lida\u00f1 ar gouelio\u00f9, pa glask muioc\u2019h-mui an dud ur blijadur dezhe o-unan. Sell aze pezh zo bet displeget gant <b>Beno\u00eet Careil, <\/b>rener Adrenaline, ur gevredigezh tud hag a stourm evit ma vije meret gwelloc\u2019h ar festo\u00f9.<\/p>\n<p>Evit echui\u00f1 eo bet <b>Julien Cornic, <\/b>kenurzhier Ti ar Vro Treger Gouelo\u00f9, o konta\u00f1, diwar e skiant-prenet, peseurt diaesterio\u00f9 a zo kement skoilho\u00f9 war hent aozourien ar festo\u00f9\u00a0: reolado\u00f9 ofisiel, redio\u00f9 hervez lezenn, kiriegezhio\u00f9 a-bouez, lezenno\u00f9\u2026<\/p>\n<p>Komzo\u00f9 dedennus-bras zo bet da heul etre ar selaouerien hag ar brezegennerien.<\/p>\n<p>Echuet eo bet an abadenn gant ur fest-noz war pla\u00f1chod sal ar gouelio\u00f9, ha diskouezet zo bet, gant perzhidi zo, e oant kanerien a-feson\u00a0!<\/p>\n","protected":false},"excerpt":{"rendered":"<p>Pempvet abadenn Becedia, skol-veur war vale savet gant BCD\/S, zo bet dalc\u2019het e Ti ar Vro Treger Gouelo\u00f9 d\u2019ar Sadorn 1a\u00f1 a viz Meurzh e Kawan. \u00a0Displega\u00f1 penaos eo bet mestroniet ar festo\u00f9 gant ar penno\u00f9-bras (politikel ha relijius) a-hed an amzer a oa pal an abadenn. Gant Marc Cl\u00e9rivet, kelenner titlet war ar sonerezh [&hellip;]<\/p>\n","protected":false},"author":1,"featured_media":883,"comment_status":"closed","ping_status":"open","sticky":false,"template":"","format":"standard","meta":{"_acf_changed":false,"inline_featured_image":false,"footnotes":""},"categories":[48,233],"tags":[],"class_list":["post-3058","post","type-post","status-publish","format-standard","has-post-thumbnail","hentry","category-bcd","category-danvez-sevenadurel"],"acf":[],"yoast_head":"<!-- This site is optimized with the Yoast SEO plugin v24.2 - https:\/\/yoast.com\/wordpress\/plugins\/seo\/ -->\n<title>Ar gouel war evezh - Bretagne Culture Diversit\u00e9<\/title>\n<meta name=\"robots\" content=\"index, follow, max-snippet:-1, max-image-preview:large, max-video-preview:-1\" \/>\n<link rel=\"canonical\" href=\"https:\/\/www.bcd.bzh\/br\/bcd\/ar-gouel-war-evezh\/\" \/>\n<meta property=\"og:locale\" content=\"en_US\" \/>\n<meta property=\"og:type\" content=\"article\" \/>\n<meta property=\"og:title\" content=\"Ar gouel war evezh - Bretagne Culture Diversit\u00e9\" \/>\n<meta property=\"og:description\" content=\"Pempvet abadenn Becedia, skol-veur war vale savet gant BCD\/S, zo bet dalc\u2019het e Ti ar Vro Treger Gouelo\u00f9 d\u2019ar Sadorn 1a\u00f1 a viz Meurzh e Kawan. \u00a0Displega\u00f1 penaos eo bet mestroniet ar festo\u00f9 gant ar penno\u00f9-bras (politikel ha relijius) a-hed an amzer a oa pal an abadenn. Gant Marc Cl\u00e9rivet, kelenner titlet war ar sonerezh [&hellip;]\" \/>\n<meta property=\"og:url\" content=\"https:\/\/www.bcd.bzh\/br\/bcd\/ar-gouel-war-evezh\/\" \/>\n<meta property=\"og:site_name\" content=\"Bretagne Culture Diversit\u00e9\" \/>\n<meta property=\"article:published_time\" content=\"2014-03-18T08:33:42+00:00\" \/>\n<meta property=\"og:image\" content=\"https:\/\/www.bcd.bzh\/wp-content\/uploads\/2022\/12\/becedia_cavan.jpg\" \/>\n\t<meta property=\"og:image:width\" content=\"980\" \/>\n\t<meta property=\"og:image:height\" content=\"653\" \/>\n\t<meta property=\"og:image:type\" content=\"image\/jpeg\" \/>\n<meta name=\"author\" content=\"bcdadmin\" \/>\n<meta name=\"twitter:card\" content=\"summary_large_image\" \/>\n<meta name=\"twitter:label1\" content=\"Written by\" \/>\n\t<meta name=\"twitter:data1\" content=\"bcdadmin\" \/>\n\t<meta name=\"twitter:label2\" content=\"Est. reading time\" \/>\n\t<meta name=\"twitter:data2\" content=\"1 minute\" \/>\n<script type=\"application\/ld+json\" class=\"yoast-schema-graph\">{\"@context\":\"https:\/\/schema.org\",\"@graph\":[{\"@type\":\"WebPage\",\"@id\":\"https:\/\/www.bcd.bzh\/br\/bcd\/ar-gouel-war-evezh\/\",\"url\":\"https:\/\/www.bcd.bzh\/br\/bcd\/ar-gouel-war-evezh\/\",\"name\":\"Ar gouel war evezh - Bretagne Culture Diversit\u00e9\",\"isPartOf\":{\"@id\":\"https:\/\/www.bcd.bzh\/br\/#website\"},\"primaryImageOfPage\":{\"@id\":\"https:\/\/www.bcd.bzh\/br\/bcd\/ar-gouel-war-evezh\/#primaryimage\"},\"image\":{\"@id\":\"https:\/\/www.bcd.bzh\/br\/bcd\/ar-gouel-war-evezh\/#primaryimage\"},\"thumbnailUrl\":\"https:\/\/www.bcd.bzh\/wp-content\/uploads\/2022\/12\/becedia_cavan.jpg\",\"datePublished\":\"2014-03-18T08:33:42+00:00\",\"dateModified\":\"2014-03-18T08:33:42+00:00\",\"author\":{\"@id\":\"https:\/\/www.bcd.bzh\/br\/#\/schema\/person\/1d926d0c1875bcd45e76e007ab2af99f\"},\"breadcrumb\":{\"@id\":\"https:\/\/www.bcd.bzh\/br\/bcd\/ar-gouel-war-evezh\/#breadcrumb\"},\"inLanguage\":\"br-BR\",\"potentialAction\":[{\"@type\":\"ReadAction\",\"target\":[\"https:\/\/www.bcd.bzh\/br\/bcd\/ar-gouel-war-evezh\/\"]}]},{\"@type\":\"ImageObject\",\"inLanguage\":\"br-BR\",\"@id\":\"https:\/\/www.bcd.bzh\/br\/bcd\/ar-gouel-war-evezh\/#primaryimage\",\"url\":\"https:\/\/www.bcd.bzh\/wp-content\/uploads\/2022\/12\/becedia_cavan.jpg\",\"contentUrl\":\"https:\/\/www.bcd.bzh\/wp-content\/uploads\/2022\/12\/becedia_cavan.jpg\",\"width\":980,\"height\":653},{\"@type\":\"BreadcrumbList\",\"@id\":\"https:\/\/www.bcd.bzh\/br\/bcd\/ar-gouel-war-evezh\/#breadcrumb\",\"itemListElement\":[{\"@type\":\"ListItem\",\"position\":1,\"name\":\"Accueil\",\"item\":\"https:\/\/www.bcd.bzh\/br\/\"},{\"@type\":\"ListItem\",\"position\":2,\"name\":\"Ar gouel war evezh\"}]},{\"@type\":\"WebSite\",\"@id\":\"https:\/\/www.bcd.bzh\/br\/#website\",\"url\":\"https:\/\/www.bcd.bzh\/br\/\",\"name\":\"Bretagne Culture Diversit\u00e9\",\"description\":\"BCD \/ Sevenadurio\u00f9 Breizh\",\"potentialAction\":[{\"@type\":\"SearchAction\",\"target\":{\"@type\":\"EntryPoint\",\"urlTemplate\":\"https:\/\/www.bcd.bzh\/br\/?s={search_term_string}\"},\"query-input\":{\"@type\":\"PropertyValueSpecification\",\"valueRequired\":true,\"valueName\":\"search_term_string\"}}],\"inLanguage\":\"br-BR\"},{\"@type\":\"Person\",\"@id\":\"https:\/\/www.bcd.bzh\/br\/#\/schema\/person\/1d926d0c1875bcd45e76e007ab2af99f\",\"name\":\"bcdadmin\",\"image\":{\"@type\":\"ImageObject\",\"inLanguage\":\"br-BR\",\"@id\":\"https:\/\/www.bcd.bzh\/br\/#\/schema\/person\/image\/\",\"url\":\"https:\/\/secure.gravatar.com\/avatar\/d21920759bff8844c5dfbdf914df557bcef7dc1afcd74962dacb1a3419cb7e63?s=96&d=mm&r=g\",\"contentUrl\":\"https:\/\/secure.gravatar.com\/avatar\/d21920759bff8844c5dfbdf914df557bcef7dc1afcd74962dacb1a3419cb7e63?s=96&d=mm&r=g\",\"caption\":\"bcdadmin\"},\"sameAs\":[\"https:\/\/www.bcd.bzh\"],\"url\":\"https:\/\/www.bcd.bzh\/br\/author\/bcdadmin\/\"}]}<\/script>\n<!-- \/ Yoast SEO plugin. -->","yoast_head_json":{"title":"Ar gouel war evezh - Bretagne Culture Diversit\u00e9","robots":{"index":"index","follow":"follow","max-snippet":"max-snippet:-1","max-image-preview":"max-image-preview:large","max-video-preview":"max-video-preview:-1"},"canonical":"https:\/\/www.bcd.bzh\/br\/bcd\/ar-gouel-war-evezh\/","og_locale":"en_US","og_type":"article","og_title":"Ar gouel war evezh - Bretagne Culture Diversit\u00e9","og_description":"Pempvet abadenn Becedia, skol-veur war vale savet gant BCD\/S, zo bet dalc\u2019het e Ti ar Vro Treger Gouelo\u00f9 d\u2019ar Sadorn 1a\u00f1 a viz Meurzh e Kawan. \u00a0Displega\u00f1 penaos eo bet mestroniet ar festo\u00f9 gant ar penno\u00f9-bras (politikel ha relijius) a-hed an amzer a oa pal an abadenn. Gant Marc Cl\u00e9rivet, kelenner titlet war ar sonerezh [&hellip;]","og_url":"https:\/\/www.bcd.bzh\/br\/bcd\/ar-gouel-war-evezh\/","og_site_name":"Bretagne Culture Diversit\u00e9","article_published_time":"2014-03-18T08:33:42+00:00","og_image":[{"width":980,"height":653,"url":"https:\/\/www.bcd.bzh\/wp-content\/uploads\/2022\/12\/becedia_cavan.jpg","type":"image\/jpeg"}],"author":"bcdadmin","twitter_card":"summary_large_image","twitter_misc":{"Written by":"bcdadmin","Est. reading time":"1 minute"},"schema":{"@context":"https:\/\/schema.org","@graph":[{"@type":"WebPage","@id":"https:\/\/www.bcd.bzh\/br\/bcd\/ar-gouel-war-evezh\/","url":"https:\/\/www.bcd.bzh\/br\/bcd\/ar-gouel-war-evezh\/","name":"Ar gouel war evezh - Bretagne Culture Diversit\u00e9","isPartOf":{"@id":"https:\/\/www.bcd.bzh\/br\/#website"},"primaryImageOfPage":{"@id":"https:\/\/www.bcd.bzh\/br\/bcd\/ar-gouel-war-evezh\/#primaryimage"},"image":{"@id":"https:\/\/www.bcd.bzh\/br\/bcd\/ar-gouel-war-evezh\/#primaryimage"},"thumbnailUrl":"https:\/\/www.bcd.bzh\/wp-content\/uploads\/2022\/12\/becedia_cavan.jpg","datePublished":"2014-03-18T08:33:42+00:00","dateModified":"2014-03-18T08:33:42+00:00","author":{"@id":"https:\/\/www.bcd.bzh\/br\/#\/schema\/person\/1d926d0c1875bcd45e76e007ab2af99f"},"breadcrumb":{"@id":"https:\/\/www.bcd.bzh\/br\/bcd\/ar-gouel-war-evezh\/#breadcrumb"},"inLanguage":"br-BR","potentialAction":[{"@type":"ReadAction","target":["https:\/\/www.bcd.bzh\/br\/bcd\/ar-gouel-war-evezh\/"]}]},{"@type":"ImageObject","inLanguage":"br-BR","@id":"https:\/\/www.bcd.bzh\/br\/bcd\/ar-gouel-war-evezh\/#primaryimage","url":"https:\/\/www.bcd.bzh\/wp-content\/uploads\/2022\/12\/becedia_cavan.jpg","contentUrl":"https:\/\/www.bcd.bzh\/wp-content\/uploads\/2022\/12\/becedia_cavan.jpg","width":980,"height":653},{"@type":"BreadcrumbList","@id":"https:\/\/www.bcd.bzh\/br\/bcd\/ar-gouel-war-evezh\/#breadcrumb","itemListElement":[{"@type":"ListItem","position":1,"name":"Accueil","item":"https:\/\/www.bcd.bzh\/br\/"},{"@type":"ListItem","position":2,"name":"Ar gouel war evezh"}]},{"@type":"WebSite","@id":"https:\/\/www.bcd.bzh\/br\/#website","url":"https:\/\/www.bcd.bzh\/br\/","name":"Bretagne Culture Diversit\u00e9","description":"BCD \/ Sevenadurio\u00f9 Breizh","potentialAction":[{"@type":"SearchAction","target":{"@type":"EntryPoint","urlTemplate":"https:\/\/www.bcd.bzh\/br\/?s={search_term_string}"},"query-input":{"@type":"PropertyValueSpecification","valueRequired":true,"valueName":"search_term_string"}}],"inLanguage":"br-BR"},{"@type":"Person","@id":"https:\/\/www.bcd.bzh\/br\/#\/schema\/person\/1d926d0c1875bcd45e76e007ab2af99f","name":"bcdadmin","image":{"@type":"ImageObject","inLanguage":"br-BR","@id":"https:\/\/www.bcd.bzh\/br\/#\/schema\/person\/image\/","url":"https:\/\/secure.gravatar.com\/avatar\/d21920759bff8844c5dfbdf914df557bcef7dc1afcd74962dacb1a3419cb7e63?s=96&d=mm&r=g","contentUrl":"https:\/\/secure.gravatar.com\/avatar\/d21920759bff8844c5dfbdf914df557bcef7dc1afcd74962dacb1a3419cb7e63?s=96&d=mm&r=g","caption":"bcdadmin"},"sameAs":["https:\/\/www.bcd.bzh"],"url":"https:\/\/www.bcd.bzh\/br\/author\/bcdadmin\/"}]}},"_links":{"self":[{"href":"https:\/\/www.bcd.bzh\/br\/wp-json\/wp\/v2\/posts\/3058","targetHints":{"allow":["GET"]}}],"collection":[{"href":"https:\/\/www.bcd.bzh\/br\/wp-json\/wp\/v2\/posts"}],"about":[{"href":"https:\/\/www.bcd.bzh\/br\/wp-json\/wp\/v2\/types\/post"}],"author":[{"embeddable":true,"href":"https:\/\/www.bcd.bzh\/br\/wp-json\/wp\/v2\/users\/1"}],"replies":[{"embeddable":true,"href":"https:\/\/www.bcd.bzh\/br\/wp-json\/wp\/v2\/comments?post=3058"}],"version-history":[{"count":0,"href":"https:\/\/www.bcd.bzh\/br\/wp-json\/wp\/v2\/posts\/3058\/revisions"}],"wp:featuredmedia":[{"embeddable":true,"href":"https:\/\/www.bcd.bzh\/br\/wp-json\/wp\/v2\/media\/883"}],"wp:attachment":[{"href":"https:\/\/www.bcd.bzh\/br\/wp-json\/wp\/v2\/media?parent=3058"}],"wp:term":[{"taxonomy":"category","embeddable":true,"href":"https:\/\/www.bcd.bzh\/br\/wp-json\/wp\/v2\/categories?post=3058"},{"taxonomy":"post_tag","embeddable":true,"href":"https:\/\/www.bcd.bzh\/br\/wp-json\/wp\/v2\/tags?post=3058"}],"curies":[{"name":"wp","href":"https:\/\/api.w.org\/{rel}","templated":true}]}}