{"id":3064,"date":"2014-03-04T13:13:12","date_gmt":"2014-03-04T12:13:12","guid":{"rendered":"https:\/\/preprod.bcd.bzh\/uncategorized-br\/glav-a-ra-dalcmat-e-breizh-gwir-pe-gaou\/"},"modified":"2014-03-04T13:13:12","modified_gmt":"2014-03-04T12:13:12","slug":"glav-a-ra-dalcmat-e-breizh-gwir-pe-gaou","status":"publish","type":"post","link":"https:\/\/www.bcd.bzh\/br\/bcd\/glav-a-ra-dalcmat-e-breizh-gwir-pe-gaou\/","title":{"rendered":"Glav a ra dalc&#8217;mat e Breizh&#8230; Gwir pe gaou ?"},"content":{"rendered":"<h3>Gant an amzer zo bet er bloaz-ma\u00f1 diouzh ar goa\u00f1v, ne vo ket aezet mont a-enep d\u2019ar c\u2019hliched dalc\u2019hus-se\u2026 ha chom a ra stag evel ar goap \u2019ba Bro-Gerne\u00a0!<\/h3>\n<p>Neuze \u2019ta, gwir pe gaou\u00a0? Muioc\u2019h a c\u2019hlav a ra e Brest evit e Biarritz pe get\u00a0? Ha mojenn ar seizh amzer e-korf un devezh, kliched pe get\u00a0?<\/p>\n<p>Sell aze tem penna\u00f1 pemvet rann ar rummad web \u00ab\u00a0Klichedo\u00f9 Breizh\u00a0\u00bb kenbroduet gant BCD, LB Kroui\u00f1 ha Chadenno\u00f9 skinwel lec\u2019hel Breizh.<\/p>\n<p>Emgav neuze war chadenn web <a href=\"http:\/\/bcd.bzh\/category\/videos\/cliches-bretons\/\">klichedo\u00f9 breizh<\/a> war lec\u2019hienn BCD.<\/p>\n","protected":false},"excerpt":{"rendered":"<p>Gant an amzer zo bet er bloaz-ma\u00f1 diouzh ar goa\u00f1v, ne vo ket aezet mont a-enep d\u2019ar c\u2019hliched dalc\u2019hus-se\u2026 ha chom a ra stag evel ar goap \u2019ba Bro-Gerne\u00a0! Neuze \u2019ta, gwir pe gaou\u00a0? Muioc\u2019h a c\u2019hlav a ra e Brest evit e Biarritz pe get\u00a0? Ha mojenn ar seizh amzer e-korf un devezh, kliched [&hellip;]<\/p>\n","protected":false},"author":1,"featured_media":873,"comment_status":"closed","ping_status":"open","sticky":false,"template":"","format":"standard","meta":{"_acf_changed":false,"inline_featured_image":false,"footnotes":""},"categories":[48,64,233,234,235],"tags":[],"class_list":["post-3064","post","type-post","status-publish","format-standard","has-post-thumbnail","hentry","category-bcd","category-bretania","category-danvez-sevenadurel","category-glad-dizanvez","category-liesseurted-sevenadurel"],"acf":[],"yoast_head":"<!-- This site is optimized with the Yoast SEO plugin v24.2 - https:\/\/yoast.com\/wordpress\/plugins\/seo\/ -->\n<title>Glav a ra dalc&#039;mat e Breizh... Gwir pe gaou ? - Bretagne Culture Diversit\u00e9<\/title>\n<meta name=\"robots\" content=\"index, follow, max-snippet:-1, max-image-preview:large, max-video-preview:-1\" \/>\n<link rel=\"canonical\" href=\"https:\/\/www.bcd.bzh\/br\/bcd\/glav-a-ra-dalcmat-e-breizh-gwir-pe-gaou\/\" \/>\n<meta property=\"og:locale\" content=\"en_US\" \/>\n<meta property=\"og:type\" content=\"article\" \/>\n<meta property=\"og:title\" content=\"Glav a ra dalc&#039;mat e Breizh... Gwir pe gaou ? - Bretagne Culture Diversit\u00e9\" \/>\n<meta property=\"og:description\" content=\"Gant an amzer zo bet er bloaz-ma\u00f1 diouzh ar goa\u00f1v, ne vo ket aezet mont a-enep d\u2019ar c\u2019hliched dalc\u2019hus-se\u2026 ha chom a ra stag evel ar goap \u2019ba Bro-Gerne\u00a0! Neuze \u2019ta, gwir pe gaou\u00a0? Muioc\u2019h a c\u2019hlav a ra e Brest evit e Biarritz pe get\u00a0? Ha mojenn ar seizh amzer e-korf un devezh, kliched [&hellip;]\" \/>\n<meta property=\"og:url\" content=\"https:\/\/www.bcd.bzh\/br\/bcd\/glav-a-ra-dalcmat-e-breizh-gwir-pe-gaou\/\" \/>\n<meta property=\"og:site_name\" content=\"Bretagne Culture Diversit\u00e9\" \/>\n<meta property=\"article:published_time\" content=\"2014-03-04T12:13:12+00:00\" \/>\n<meta property=\"og:image\" content=\"https:\/\/www.bcd.bzh\/wp-content\/uploads\/2022\/12\/Cliches_meteo.jpg\" \/>\n\t<meta property=\"og:image:width\" content=\"1200\" \/>\n\t<meta property=\"og:image:height\" content=\"400\" \/>\n\t<meta property=\"og:image:type\" content=\"image\/jpeg\" \/>\n<meta name=\"author\" content=\"bcdadmin\" \/>\n<meta name=\"twitter:card\" content=\"summary_large_image\" \/>\n<meta name=\"twitter:label1\" content=\"Written by\" \/>\n\t<meta name=\"twitter:data1\" content=\"bcdadmin\" \/>\n<script type=\"application\/ld+json\" class=\"yoast-schema-graph\">{\"@context\":\"https:\/\/schema.org\",\"@graph\":[{\"@type\":\"WebPage\",\"@id\":\"https:\/\/www.bcd.bzh\/br\/bcd\/glav-a-ra-dalcmat-e-breizh-gwir-pe-gaou\/\",\"url\":\"https:\/\/www.bcd.bzh\/br\/bcd\/glav-a-ra-dalcmat-e-breizh-gwir-pe-gaou\/\",\"name\":\"Glav a ra dalc'mat e Breizh... Gwir pe gaou ? - Bretagne Culture Diversit\u00e9\",\"isPartOf\":{\"@id\":\"https:\/\/www.bcd.bzh\/br\/#website\"},\"primaryImageOfPage\":{\"@id\":\"https:\/\/www.bcd.bzh\/br\/bcd\/glav-a-ra-dalcmat-e-breizh-gwir-pe-gaou\/#primaryimage\"},\"image\":{\"@id\":\"https:\/\/www.bcd.bzh\/br\/bcd\/glav-a-ra-dalcmat-e-breizh-gwir-pe-gaou\/#primaryimage\"},\"thumbnailUrl\":\"https:\/\/www.bcd.bzh\/wp-content\/uploads\/2022\/12\/Cliches_meteo.jpg\",\"datePublished\":\"2014-03-04T12:13:12+00:00\",\"dateModified\":\"2014-03-04T12:13:12+00:00\",\"author\":{\"@id\":\"https:\/\/www.bcd.bzh\/br\/#\/schema\/person\/1d926d0c1875bcd45e76e007ab2af99f\"},\"breadcrumb\":{\"@id\":\"https:\/\/www.bcd.bzh\/br\/bcd\/glav-a-ra-dalcmat-e-breizh-gwir-pe-gaou\/#breadcrumb\"},\"inLanguage\":\"br-BR\",\"potentialAction\":[{\"@type\":\"ReadAction\",\"target\":[\"https:\/\/www.bcd.bzh\/br\/bcd\/glav-a-ra-dalcmat-e-breizh-gwir-pe-gaou\/\"]}]},{\"@type\":\"ImageObject\",\"inLanguage\":\"br-BR\",\"@id\":\"https:\/\/www.bcd.bzh\/br\/bcd\/glav-a-ra-dalcmat-e-breizh-gwir-pe-gaou\/#primaryimage\",\"url\":\"https:\/\/www.bcd.bzh\/wp-content\/uploads\/2022\/12\/Cliches_meteo.jpg\",\"contentUrl\":\"https:\/\/www.bcd.bzh\/wp-content\/uploads\/2022\/12\/Cliches_meteo.jpg\",\"width\":1200,\"height\":400},{\"@type\":\"BreadcrumbList\",\"@id\":\"https:\/\/www.bcd.bzh\/br\/bcd\/glav-a-ra-dalcmat-e-breizh-gwir-pe-gaou\/#breadcrumb\",\"itemListElement\":[{\"@type\":\"ListItem\",\"position\":1,\"name\":\"Accueil\",\"item\":\"https:\/\/www.bcd.bzh\/br\/\"},{\"@type\":\"ListItem\",\"position\":2,\"name\":\"Glav a ra dalc&rsquo;mat e Breizh&#8230; Gwir pe gaou ?\"}]},{\"@type\":\"WebSite\",\"@id\":\"https:\/\/www.bcd.bzh\/br\/#website\",\"url\":\"https:\/\/www.bcd.bzh\/br\/\",\"name\":\"Bretagne Culture Diversit\u00e9\",\"description\":\"BCD \/ Sevenadurio\u00f9 Breizh\",\"potentialAction\":[{\"@type\":\"SearchAction\",\"target\":{\"@type\":\"EntryPoint\",\"urlTemplate\":\"https:\/\/www.bcd.bzh\/br\/?s={search_term_string}\"},\"query-input\":{\"@type\":\"PropertyValueSpecification\",\"valueRequired\":true,\"valueName\":\"search_term_string\"}}],\"inLanguage\":\"br-BR\"},{\"@type\":\"Person\",\"@id\":\"https:\/\/www.bcd.bzh\/br\/#\/schema\/person\/1d926d0c1875bcd45e76e007ab2af99f\",\"name\":\"bcdadmin\",\"image\":{\"@type\":\"ImageObject\",\"inLanguage\":\"br-BR\",\"@id\":\"https:\/\/www.bcd.bzh\/br\/#\/schema\/person\/image\/\",\"url\":\"https:\/\/secure.gravatar.com\/avatar\/d21920759bff8844c5dfbdf914df557bcef7dc1afcd74962dacb1a3419cb7e63?s=96&d=mm&r=g\",\"contentUrl\":\"https:\/\/secure.gravatar.com\/avatar\/d21920759bff8844c5dfbdf914df557bcef7dc1afcd74962dacb1a3419cb7e63?s=96&d=mm&r=g\",\"caption\":\"bcdadmin\"},\"sameAs\":[\"https:\/\/www.bcd.bzh\"],\"url\":\"https:\/\/www.bcd.bzh\/br\/author\/bcdadmin\/\"}]}<\/script>\n<!-- \/ Yoast SEO plugin. -->","yoast_head_json":{"title":"Glav a ra dalc'mat e Breizh... Gwir pe gaou ? - Bretagne Culture Diversit\u00e9","robots":{"index":"index","follow":"follow","max-snippet":"max-snippet:-1","max-image-preview":"max-image-preview:large","max-video-preview":"max-video-preview:-1"},"canonical":"https:\/\/www.bcd.bzh\/br\/bcd\/glav-a-ra-dalcmat-e-breizh-gwir-pe-gaou\/","og_locale":"en_US","og_type":"article","og_title":"Glav a ra dalc'mat e Breizh... Gwir pe gaou ? - Bretagne Culture Diversit\u00e9","og_description":"Gant an amzer zo bet er bloaz-ma\u00f1 diouzh ar goa\u00f1v, ne vo ket aezet mont a-enep d\u2019ar c\u2019hliched dalc\u2019hus-se\u2026 ha chom a ra stag evel ar goap \u2019ba Bro-Gerne\u00a0! Neuze \u2019ta, gwir pe gaou\u00a0? Muioc\u2019h a c\u2019hlav a ra e Brest evit e Biarritz pe get\u00a0? Ha mojenn ar seizh amzer e-korf un devezh, kliched [&hellip;]","og_url":"https:\/\/www.bcd.bzh\/br\/bcd\/glav-a-ra-dalcmat-e-breizh-gwir-pe-gaou\/","og_site_name":"Bretagne Culture Diversit\u00e9","article_published_time":"2014-03-04T12:13:12+00:00","og_image":[{"width":1200,"height":400,"url":"https:\/\/www.bcd.bzh\/wp-content\/uploads\/2022\/12\/Cliches_meteo.jpg","type":"image\/jpeg"}],"author":"bcdadmin","twitter_card":"summary_large_image","twitter_misc":{"Written by":"bcdadmin"},"schema":{"@context":"https:\/\/schema.org","@graph":[{"@type":"WebPage","@id":"https:\/\/www.bcd.bzh\/br\/bcd\/glav-a-ra-dalcmat-e-breizh-gwir-pe-gaou\/","url":"https:\/\/www.bcd.bzh\/br\/bcd\/glav-a-ra-dalcmat-e-breizh-gwir-pe-gaou\/","name":"Glav a ra dalc'mat e Breizh... Gwir pe gaou ? - Bretagne Culture Diversit\u00e9","isPartOf":{"@id":"https:\/\/www.bcd.bzh\/br\/#website"},"primaryImageOfPage":{"@id":"https:\/\/www.bcd.bzh\/br\/bcd\/glav-a-ra-dalcmat-e-breizh-gwir-pe-gaou\/#primaryimage"},"image":{"@id":"https:\/\/www.bcd.bzh\/br\/bcd\/glav-a-ra-dalcmat-e-breizh-gwir-pe-gaou\/#primaryimage"},"thumbnailUrl":"https:\/\/www.bcd.bzh\/wp-content\/uploads\/2022\/12\/Cliches_meteo.jpg","datePublished":"2014-03-04T12:13:12+00:00","dateModified":"2014-03-04T12:13:12+00:00","author":{"@id":"https:\/\/www.bcd.bzh\/br\/#\/schema\/person\/1d926d0c1875bcd45e76e007ab2af99f"},"breadcrumb":{"@id":"https:\/\/www.bcd.bzh\/br\/bcd\/glav-a-ra-dalcmat-e-breizh-gwir-pe-gaou\/#breadcrumb"},"inLanguage":"br-BR","potentialAction":[{"@type":"ReadAction","target":["https:\/\/www.bcd.bzh\/br\/bcd\/glav-a-ra-dalcmat-e-breizh-gwir-pe-gaou\/"]}]},{"@type":"ImageObject","inLanguage":"br-BR","@id":"https:\/\/www.bcd.bzh\/br\/bcd\/glav-a-ra-dalcmat-e-breizh-gwir-pe-gaou\/#primaryimage","url":"https:\/\/www.bcd.bzh\/wp-content\/uploads\/2022\/12\/Cliches_meteo.jpg","contentUrl":"https:\/\/www.bcd.bzh\/wp-content\/uploads\/2022\/12\/Cliches_meteo.jpg","width":1200,"height":400},{"@type":"BreadcrumbList","@id":"https:\/\/www.bcd.bzh\/br\/bcd\/glav-a-ra-dalcmat-e-breizh-gwir-pe-gaou\/#breadcrumb","itemListElement":[{"@type":"ListItem","position":1,"name":"Accueil","item":"https:\/\/www.bcd.bzh\/br\/"},{"@type":"ListItem","position":2,"name":"Glav a ra dalc&rsquo;mat e Breizh&#8230; Gwir pe gaou ?"}]},{"@type":"WebSite","@id":"https:\/\/www.bcd.bzh\/br\/#website","url":"https:\/\/www.bcd.bzh\/br\/","name":"Bretagne Culture Diversit\u00e9","description":"BCD \/ Sevenadurio\u00f9 Breizh","potentialAction":[{"@type":"SearchAction","target":{"@type":"EntryPoint","urlTemplate":"https:\/\/www.bcd.bzh\/br\/?s={search_term_string}"},"query-input":{"@type":"PropertyValueSpecification","valueRequired":true,"valueName":"search_term_string"}}],"inLanguage":"br-BR"},{"@type":"Person","@id":"https:\/\/www.bcd.bzh\/br\/#\/schema\/person\/1d926d0c1875bcd45e76e007ab2af99f","name":"bcdadmin","image":{"@type":"ImageObject","inLanguage":"br-BR","@id":"https:\/\/www.bcd.bzh\/br\/#\/schema\/person\/image\/","url":"https:\/\/secure.gravatar.com\/avatar\/d21920759bff8844c5dfbdf914df557bcef7dc1afcd74962dacb1a3419cb7e63?s=96&d=mm&r=g","contentUrl":"https:\/\/secure.gravatar.com\/avatar\/d21920759bff8844c5dfbdf914df557bcef7dc1afcd74962dacb1a3419cb7e63?s=96&d=mm&r=g","caption":"bcdadmin"},"sameAs":["https:\/\/www.bcd.bzh"],"url":"https:\/\/www.bcd.bzh\/br\/author\/bcdadmin\/"}]}},"_links":{"self":[{"href":"https:\/\/www.bcd.bzh\/br\/wp-json\/wp\/v2\/posts\/3064","targetHints":{"allow":["GET"]}}],"collection":[{"href":"https:\/\/www.bcd.bzh\/br\/wp-json\/wp\/v2\/posts"}],"about":[{"href":"https:\/\/www.bcd.bzh\/br\/wp-json\/wp\/v2\/types\/post"}],"author":[{"embeddable":true,"href":"https:\/\/www.bcd.bzh\/br\/wp-json\/wp\/v2\/users\/1"}],"replies":[{"embeddable":true,"href":"https:\/\/www.bcd.bzh\/br\/wp-json\/wp\/v2\/comments?post=3064"}],"version-history":[{"count":0,"href":"https:\/\/www.bcd.bzh\/br\/wp-json\/wp\/v2\/posts\/3064\/revisions"}],"wp:featuredmedia":[{"embeddable":true,"href":"https:\/\/www.bcd.bzh\/br\/wp-json\/wp\/v2\/media\/873"}],"wp:attachment":[{"href":"https:\/\/www.bcd.bzh\/br\/wp-json\/wp\/v2\/media?parent=3064"}],"wp:term":[{"taxonomy":"category","embeddable":true,"href":"https:\/\/www.bcd.bzh\/br\/wp-json\/wp\/v2\/categories?post=3064"},{"taxonomy":"post_tag","embeddable":true,"href":"https:\/\/www.bcd.bzh\/br\/wp-json\/wp\/v2\/tags?post=3064"}],"curies":[{"name":"wp","href":"https:\/\/api.w.org\/{rel}","templated":true}]}}