{"id":3067,"date":"2015-03-03T13:43:17","date_gmt":"2015-03-03T12:43:17","guid":{"rendered":"https:\/\/preprod.bcd.bzh\/uncategorized-br\/diskouezadeg-ar-fest-noz-glad-an-dudelezh\/"},"modified":"2015-03-03T13:43:17","modified_gmt":"2015-03-03T12:43:17","slug":"diskouezadeg-ar-fest-noz-glad-an-dudelezh","status":"publish","type":"post","link":"https:\/\/www.bcd.bzh\/br\/glad-dizanvez\/diskouezadeg-ar-fest-noz-glad-an-dudelezh\/","title":{"rendered":"Diskouezadeg &#8220;Ar fest-noz, glad an dudelezh&#8221;"},"content":{"rendered":"<h3>Grit anaoudegezh gant ar festo\u00f9-noz en diskouezadeg-se, staliet e <i>Maison de la Bretagne<\/i> (ti Breizh) e Pariz hag e Kuzul rannvro Breizh war ar memes tro.<\/h3>\n<p>Hep ar festo\u00f9-noz, Breizh ebet\u00a0! Ul lodenn benna\u00f1 deus idantelezh ar vro zo e-kreiz an diskouezadeg-se, an hini genta\u00f1 diwar deir, a zeu da heul ma vefe bet lakaet ar festo\u00f9-noz war renabl UNESCO Glad sevenadurel dizanvez an dudelezh. Etre penn-kenta\u00f1 festo\u00f9-noz gwechall enebet ouzh ar balio\u00f9 bet aozet er bloavezhio\u00f9 1950, hag ar festo\u00f9-noz o virvidikaat er bloavezhio\u00f9 1970, gwelit pegen che\u00f1ch-diche\u00f1ch eo o doareo\u00f9. Gant Kuzul rannvro Breizh, asambles gant <a href=\"http:\/\/www.dastum.net\" target=\"_blank\" rel=\"noopener\">Dastum<\/a> ha Bretagne Culture Diversit\u00e9\/Sevenadurio\u00f9, eo aozet an diskouezadeg, bet leurennet gant Simon Polign\u00e9.<\/p>\n<p><strong>Pleustrek :<\/strong><b><br \/>\n<\/b><br \/>\n\u2013 Deus ar 17\u00a0a viz C\u2019hwevrer d\u2019an 12 a viz Gwengolo 2014 e ti-penna\u00f1 Kuzul Rannvro Breizh, 283, bali ar Jeneral Patton, Roazhon, deus al Lun d\u2019ar Gwener, etre 8\u00a0eur beure ha 7 eur noz. Digoust.<\/p>\n<p>\u2013 Deus an 10\u00a0a viz C\u2019hwevrer d\u2019ar 26 a viz Gwengolo 2014 e <i>Maison de la Bretagne<\/i> (ti Breizh), 8, ru an Arriv\u00e9e, 75015 Pariz, deus al Lun d\u2019ar Gwener, etre 9\u00a0eur 30 beure ha 6 eur noz. Digoust, nemet m\u2019eo bet feurmet ar sal (titouro\u00f9\u00a0: 01\u00a053\u00a063\u00a011\u00a050).<\/p>\n","protected":false},"excerpt":{"rendered":"<p>Grit anaoudegezh gant ar festo\u00f9-noz en diskouezadeg-se, staliet e Maison de la Bretagne (ti Breizh) e Pariz hag e Kuzul rannvro Breizh war ar memes tro. Hep ar festo\u00f9-noz, Breizh ebet\u00a0! Ul lodenn benna\u00f1 deus idantelezh ar vro zo e-kreiz an diskouezadeg-se, an hini genta\u00f1 diwar deir, a zeu da heul ma vefe bet lakaet [&hellip;]<\/p>\n","protected":false},"author":1,"featured_media":848,"comment_status":"closed","ping_status":"open","sticky":false,"template":"","format":"standard","meta":{"_acf_changed":false,"inline_featured_image":false,"footnotes":""},"categories":[234],"tags":[],"class_list":["post-3067","post","type-post","status-publish","format-standard","has-post-thumbnail","hentry","category-glad-dizanvez"],"acf":[],"yoast_head":"<!-- This site is optimized with the Yoast SEO plugin v24.2 - https:\/\/yoast.com\/wordpress\/plugins\/seo\/ -->\n<title>Diskouezadeg &quot;Ar fest-noz, glad an dudelezh&quot; - Bretagne Culture Diversit\u00e9<\/title>\n<meta name=\"robots\" content=\"index, follow, max-snippet:-1, max-image-preview:large, max-video-preview:-1\" \/>\n<link rel=\"canonical\" href=\"https:\/\/www.bcd.bzh\/br\/glad-dizanvez\/diskouezadeg-ar-fest-noz-glad-an-dudelezh\/\" \/>\n<meta property=\"og:locale\" content=\"en_US\" \/>\n<meta property=\"og:type\" content=\"article\" \/>\n<meta property=\"og:title\" content=\"Diskouezadeg &quot;Ar fest-noz, glad an dudelezh&quot; - Bretagne Culture Diversit\u00e9\" \/>\n<meta property=\"og:description\" content=\"Grit anaoudegezh gant ar festo\u00f9-noz en diskouezadeg-se, staliet e Maison de la Bretagne (ti Breizh) e Pariz hag e Kuzul rannvro Breizh war ar memes tro. Hep ar festo\u00f9-noz, Breizh ebet\u00a0! Ul lodenn benna\u00f1 deus idantelezh ar vro zo e-kreiz an diskouezadeg-se, an hini genta\u00f1 diwar deir, a zeu da heul ma vefe bet lakaet [&hellip;]\" \/>\n<meta property=\"og:url\" content=\"https:\/\/www.bcd.bzh\/br\/glad-dizanvez\/diskouezadeg-ar-fest-noz-glad-an-dudelezh\/\" \/>\n<meta property=\"og:site_name\" content=\"Bretagne Culture Diversit\u00e9\" \/>\n<meta property=\"article:published_time\" content=\"2015-03-03T12:43:17+00:00\" \/>\n<meta property=\"og:image\" content=\"https:\/\/www.bcd.bzh\/wp-content\/uploads\/2022\/12\/th-640x360-expo_fest_noz.jpg\" \/>\n\t<meta property=\"og:image:width\" content=\"640\" \/>\n\t<meta property=\"og:image:height\" content=\"360\" \/>\n\t<meta property=\"og:image:type\" content=\"image\/jpeg\" \/>\n<meta name=\"author\" content=\"bcdadmin\" \/>\n<meta name=\"twitter:card\" content=\"summary_large_image\" \/>\n<meta name=\"twitter:label1\" content=\"Written by\" \/>\n\t<meta name=\"twitter:data1\" content=\"bcdadmin\" \/>\n\t<meta name=\"twitter:label2\" content=\"Est. reading time\" \/>\n\t<meta name=\"twitter:data2\" content=\"1 minute\" \/>\n<script type=\"application\/ld+json\" class=\"yoast-schema-graph\">{\"@context\":\"https:\/\/schema.org\",\"@graph\":[{\"@type\":\"WebPage\",\"@id\":\"https:\/\/www.bcd.bzh\/br\/glad-dizanvez\/diskouezadeg-ar-fest-noz-glad-an-dudelezh\/\",\"url\":\"https:\/\/www.bcd.bzh\/br\/glad-dizanvez\/diskouezadeg-ar-fest-noz-glad-an-dudelezh\/\",\"name\":\"Diskouezadeg \\\"Ar fest-noz, glad an dudelezh\\\" - Bretagne Culture Diversit\u00e9\",\"isPartOf\":{\"@id\":\"https:\/\/www.bcd.bzh\/br\/#website\"},\"primaryImageOfPage\":{\"@id\":\"https:\/\/www.bcd.bzh\/br\/glad-dizanvez\/diskouezadeg-ar-fest-noz-glad-an-dudelezh\/#primaryimage\"},\"image\":{\"@id\":\"https:\/\/www.bcd.bzh\/br\/glad-dizanvez\/diskouezadeg-ar-fest-noz-glad-an-dudelezh\/#primaryimage\"},\"thumbnailUrl\":\"https:\/\/www.bcd.bzh\/wp-content\/uploads\/2022\/12\/th-640x360-expo_fest_noz.jpg\",\"datePublished\":\"2015-03-03T12:43:17+00:00\",\"dateModified\":\"2015-03-03T12:43:17+00:00\",\"author\":{\"@id\":\"https:\/\/www.bcd.bzh\/br\/#\/schema\/person\/1d926d0c1875bcd45e76e007ab2af99f\"},\"breadcrumb\":{\"@id\":\"https:\/\/www.bcd.bzh\/br\/glad-dizanvez\/diskouezadeg-ar-fest-noz-glad-an-dudelezh\/#breadcrumb\"},\"inLanguage\":\"br-BR\",\"potentialAction\":[{\"@type\":\"ReadAction\",\"target\":[\"https:\/\/www.bcd.bzh\/br\/glad-dizanvez\/diskouezadeg-ar-fest-noz-glad-an-dudelezh\/\"]}]},{\"@type\":\"ImageObject\",\"inLanguage\":\"br-BR\",\"@id\":\"https:\/\/www.bcd.bzh\/br\/glad-dizanvez\/diskouezadeg-ar-fest-noz-glad-an-dudelezh\/#primaryimage\",\"url\":\"https:\/\/www.bcd.bzh\/wp-content\/uploads\/2022\/12\/th-640x360-expo_fest_noz.jpg\",\"contentUrl\":\"https:\/\/www.bcd.bzh\/wp-content\/uploads\/2022\/12\/th-640x360-expo_fest_noz.jpg\",\"width\":640,\"height\":360},{\"@type\":\"BreadcrumbList\",\"@id\":\"https:\/\/www.bcd.bzh\/br\/glad-dizanvez\/diskouezadeg-ar-fest-noz-glad-an-dudelezh\/#breadcrumb\",\"itemListElement\":[{\"@type\":\"ListItem\",\"position\":1,\"name\":\"Accueil\",\"item\":\"https:\/\/www.bcd.bzh\/br\/\"},{\"@type\":\"ListItem\",\"position\":2,\"name\":\"Diskouezadeg \u00ab\u00a0Ar fest-noz, glad an dudelezh\u00a0\u00bb\"}]},{\"@type\":\"WebSite\",\"@id\":\"https:\/\/www.bcd.bzh\/br\/#website\",\"url\":\"https:\/\/www.bcd.bzh\/br\/\",\"name\":\"Bretagne Culture Diversit\u00e9\",\"description\":\"BCD \/ Sevenadurio\u00f9 Breizh\",\"potentialAction\":[{\"@type\":\"SearchAction\",\"target\":{\"@type\":\"EntryPoint\",\"urlTemplate\":\"https:\/\/www.bcd.bzh\/br\/?s={search_term_string}\"},\"query-input\":{\"@type\":\"PropertyValueSpecification\",\"valueRequired\":true,\"valueName\":\"search_term_string\"}}],\"inLanguage\":\"br-BR\"},{\"@type\":\"Person\",\"@id\":\"https:\/\/www.bcd.bzh\/br\/#\/schema\/person\/1d926d0c1875bcd45e76e007ab2af99f\",\"name\":\"bcdadmin\",\"image\":{\"@type\":\"ImageObject\",\"inLanguage\":\"br-BR\",\"@id\":\"https:\/\/www.bcd.bzh\/br\/#\/schema\/person\/image\/\",\"url\":\"https:\/\/secure.gravatar.com\/avatar\/d21920759bff8844c5dfbdf914df557bcef7dc1afcd74962dacb1a3419cb7e63?s=96&d=mm&r=g\",\"contentUrl\":\"https:\/\/secure.gravatar.com\/avatar\/d21920759bff8844c5dfbdf914df557bcef7dc1afcd74962dacb1a3419cb7e63?s=96&d=mm&r=g\",\"caption\":\"bcdadmin\"},\"sameAs\":[\"https:\/\/www.bcd.bzh\"],\"url\":\"https:\/\/www.bcd.bzh\/br\/author\/bcdadmin\/\"}]}<\/script>\n<!-- \/ Yoast SEO plugin. -->","yoast_head_json":{"title":"Diskouezadeg \"Ar fest-noz, glad an dudelezh\" - Bretagne Culture Diversit\u00e9","robots":{"index":"index","follow":"follow","max-snippet":"max-snippet:-1","max-image-preview":"max-image-preview:large","max-video-preview":"max-video-preview:-1"},"canonical":"https:\/\/www.bcd.bzh\/br\/glad-dizanvez\/diskouezadeg-ar-fest-noz-glad-an-dudelezh\/","og_locale":"en_US","og_type":"article","og_title":"Diskouezadeg \"Ar fest-noz, glad an dudelezh\" - Bretagne Culture Diversit\u00e9","og_description":"Grit anaoudegezh gant ar festo\u00f9-noz en diskouezadeg-se, staliet e Maison de la Bretagne (ti Breizh) e Pariz hag e Kuzul rannvro Breizh war ar memes tro. Hep ar festo\u00f9-noz, Breizh ebet\u00a0! Ul lodenn benna\u00f1 deus idantelezh ar vro zo e-kreiz an diskouezadeg-se, an hini genta\u00f1 diwar deir, a zeu da heul ma vefe bet lakaet [&hellip;]","og_url":"https:\/\/www.bcd.bzh\/br\/glad-dizanvez\/diskouezadeg-ar-fest-noz-glad-an-dudelezh\/","og_site_name":"Bretagne Culture Diversit\u00e9","article_published_time":"2015-03-03T12:43:17+00:00","og_image":[{"width":640,"height":360,"url":"https:\/\/www.bcd.bzh\/wp-content\/uploads\/2022\/12\/th-640x360-expo_fest_noz.jpg","type":"image\/jpeg"}],"author":"bcdadmin","twitter_card":"summary_large_image","twitter_misc":{"Written by":"bcdadmin","Est. reading time":"1 minute"},"schema":{"@context":"https:\/\/schema.org","@graph":[{"@type":"WebPage","@id":"https:\/\/www.bcd.bzh\/br\/glad-dizanvez\/diskouezadeg-ar-fest-noz-glad-an-dudelezh\/","url":"https:\/\/www.bcd.bzh\/br\/glad-dizanvez\/diskouezadeg-ar-fest-noz-glad-an-dudelezh\/","name":"Diskouezadeg \"Ar fest-noz, glad an dudelezh\" - Bretagne Culture Diversit\u00e9","isPartOf":{"@id":"https:\/\/www.bcd.bzh\/br\/#website"},"primaryImageOfPage":{"@id":"https:\/\/www.bcd.bzh\/br\/glad-dizanvez\/diskouezadeg-ar-fest-noz-glad-an-dudelezh\/#primaryimage"},"image":{"@id":"https:\/\/www.bcd.bzh\/br\/glad-dizanvez\/diskouezadeg-ar-fest-noz-glad-an-dudelezh\/#primaryimage"},"thumbnailUrl":"https:\/\/www.bcd.bzh\/wp-content\/uploads\/2022\/12\/th-640x360-expo_fest_noz.jpg","datePublished":"2015-03-03T12:43:17+00:00","dateModified":"2015-03-03T12:43:17+00:00","author":{"@id":"https:\/\/www.bcd.bzh\/br\/#\/schema\/person\/1d926d0c1875bcd45e76e007ab2af99f"},"breadcrumb":{"@id":"https:\/\/www.bcd.bzh\/br\/glad-dizanvez\/diskouezadeg-ar-fest-noz-glad-an-dudelezh\/#breadcrumb"},"inLanguage":"br-BR","potentialAction":[{"@type":"ReadAction","target":["https:\/\/www.bcd.bzh\/br\/glad-dizanvez\/diskouezadeg-ar-fest-noz-glad-an-dudelezh\/"]}]},{"@type":"ImageObject","inLanguage":"br-BR","@id":"https:\/\/www.bcd.bzh\/br\/glad-dizanvez\/diskouezadeg-ar-fest-noz-glad-an-dudelezh\/#primaryimage","url":"https:\/\/www.bcd.bzh\/wp-content\/uploads\/2022\/12\/th-640x360-expo_fest_noz.jpg","contentUrl":"https:\/\/www.bcd.bzh\/wp-content\/uploads\/2022\/12\/th-640x360-expo_fest_noz.jpg","width":640,"height":360},{"@type":"BreadcrumbList","@id":"https:\/\/www.bcd.bzh\/br\/glad-dizanvez\/diskouezadeg-ar-fest-noz-glad-an-dudelezh\/#breadcrumb","itemListElement":[{"@type":"ListItem","position":1,"name":"Accueil","item":"https:\/\/www.bcd.bzh\/br\/"},{"@type":"ListItem","position":2,"name":"Diskouezadeg \u00ab\u00a0Ar fest-noz, glad an dudelezh\u00a0\u00bb"}]},{"@type":"WebSite","@id":"https:\/\/www.bcd.bzh\/br\/#website","url":"https:\/\/www.bcd.bzh\/br\/","name":"Bretagne Culture Diversit\u00e9","description":"BCD \/ Sevenadurio\u00f9 Breizh","potentialAction":[{"@type":"SearchAction","target":{"@type":"EntryPoint","urlTemplate":"https:\/\/www.bcd.bzh\/br\/?s={search_term_string}"},"query-input":{"@type":"PropertyValueSpecification","valueRequired":true,"valueName":"search_term_string"}}],"inLanguage":"br-BR"},{"@type":"Person","@id":"https:\/\/www.bcd.bzh\/br\/#\/schema\/person\/1d926d0c1875bcd45e76e007ab2af99f","name":"bcdadmin","image":{"@type":"ImageObject","inLanguage":"br-BR","@id":"https:\/\/www.bcd.bzh\/br\/#\/schema\/person\/image\/","url":"https:\/\/secure.gravatar.com\/avatar\/d21920759bff8844c5dfbdf914df557bcef7dc1afcd74962dacb1a3419cb7e63?s=96&d=mm&r=g","contentUrl":"https:\/\/secure.gravatar.com\/avatar\/d21920759bff8844c5dfbdf914df557bcef7dc1afcd74962dacb1a3419cb7e63?s=96&d=mm&r=g","caption":"bcdadmin"},"sameAs":["https:\/\/www.bcd.bzh"],"url":"https:\/\/www.bcd.bzh\/br\/author\/bcdadmin\/"}]}},"_links":{"self":[{"href":"https:\/\/www.bcd.bzh\/br\/wp-json\/wp\/v2\/posts\/3067","targetHints":{"allow":["GET"]}}],"collection":[{"href":"https:\/\/www.bcd.bzh\/br\/wp-json\/wp\/v2\/posts"}],"about":[{"href":"https:\/\/www.bcd.bzh\/br\/wp-json\/wp\/v2\/types\/post"}],"author":[{"embeddable":true,"href":"https:\/\/www.bcd.bzh\/br\/wp-json\/wp\/v2\/users\/1"}],"replies":[{"embeddable":true,"href":"https:\/\/www.bcd.bzh\/br\/wp-json\/wp\/v2\/comments?post=3067"}],"version-history":[{"count":0,"href":"https:\/\/www.bcd.bzh\/br\/wp-json\/wp\/v2\/posts\/3067\/revisions"}],"wp:featuredmedia":[{"embeddable":true,"href":"https:\/\/www.bcd.bzh\/br\/wp-json\/wp\/v2\/media\/848"}],"wp:attachment":[{"href":"https:\/\/www.bcd.bzh\/br\/wp-json\/wp\/v2\/media?parent=3067"}],"wp:term":[{"taxonomy":"category","embeddable":true,"href":"https:\/\/www.bcd.bzh\/br\/wp-json\/wp\/v2\/categories?post=3067"},{"taxonomy":"post_tag","embeddable":true,"href":"https:\/\/www.bcd.bzh\/br\/wp-json\/wp\/v2\/tags?post=3067"}],"curies":[{"name":"wp","href":"https:\/\/api.w.org\/{rel}","templated":true}]}}