{"id":3083,"date":"2015-11-24T15:00:54","date_gmt":"2015-11-24T14:00:54","guid":{"rendered":"https:\/\/preprod.bcd.bzh\/uncategorized-br\/treuzkas-ha-kelenn-sonerezhiou-an-hengouniou-dre-gomz-a-vo-tem-ur-chendiviz-e-brest-2\/"},"modified":"2015-11-24T15:00:54","modified_gmt":"2015-11-24T14:00:54","slug":"treuzkas-ha-kelenn-sonerezhiou-an-hengouniou-dre-gomz-a-vo-tem-ur-chendiviz-e-brest-2","status":"publish","type":"post","link":"https:\/\/www.bcd.bzh\/br\/bcd\/treuzkas-ha-kelenn-sonerezhiou-an-hengouniou-dre-gomz-a-vo-tem-ur-chendiviz-e-brest-2\/","title":{"rendered":"\u201cTreuzkas ha kelenn sonerezhio\u00f9 an hengounio\u00f9 dre gomz\u201d a vo tem ur c\u2019hendiviz e Brest"},"content":{"rendered":"<h3 lang=\"br-FR\">Kemer a raio perzh BCD \/ Sevenadurio\u00f9 Breizh er c&#8217;hendiviz \u00ab\u00a0treuzkas ha kelenn sonerezhio\u00f9 an hengounio\u00f9 dre gomz\u00a0\u00bb aozet gant Drom e-pad festival No Border#5.<\/h3>\n<p lang=\"br-FR\" align=\"left\"><span style=\"font-family: Times New Roman,serif;\"><span style=\"font-size: medium;\">Evit an trede bloavezh da heul e vo aozet, gant kevredigezh Drom, ur c&#8217;hendiviz diwar-benn treuzkas ha kelenn sonerezhio\u00f9 an hengounio\u00f9 dre gomz. Klaskerien, sonerien, pedagogourien a zivizo diwar-benn ar goulenn-ma\u00f1\u00a0: \u00abTreuzkas, kelenn, deski\u00f1, adtaolenni\u00f1, dreveza\u00f1, laerezh\u00a0: peseurt choazo\u00f9 ober ha perak\u00a0? Ar roll-labour, ar skritell hag ar follenn-nij stumm niverel a gavoc&#8217;h ama\u00f1 stag.<\/span><\/span><\/p>\n<p lang=\"br-FR\" align=\"left\"><span style=\"font-family: Times New Roman,serif;\"><span style=\"font-size: medium;\">Ar c&#8217;hendiviz-ma\u00f1 a vo aozet e stern ar festival NOBORDER#5, anezha\u00f1 ur festival sonerezhio\u00f9 pobl ar bed. E Brest e vo, eus an 10 d&#8217;an 13 a viz Kerzu.<\/span><\/span><\/p>\n<p align=\"left\"><span style=\"font-family: Times New Roman,serif;\"><span style=\"font-size: medium;\"><span style=\"color: #0000ff;\"><span style=\"text-decoration: underline;\"><a href=\"http:\/\/www.festivalnoborder.com\/\" target=\"_top\" rel=\"noopener\">http:\/\/www.festivalnoborder.com\/<\/a><\/span><\/span><\/span><\/span><\/p>\n<p lang=\"br-FR\" align=\"left\"><span style=\"font-family: Times New Roman,serif;\"><span style=\"font-size: medium;\">[bloc-gris] Roll-labour\u00a0:<\/span><\/span><\/p>\n<p align=\"left\"><span style=\"font-family: Times New Roman,serif;\"><span style=\"font-size: medium;\"><b>Yaou 10 a viz Kerzu 2015<\/b><\/span><\/span><\/p>\n<p align=\"left\"><span style=\"font-family: Times New Roman,serif;\"><span style=\"font-size: medium;\"><b>Er c&#8217;hQuartz<\/b><\/span><\/span><\/p>\n<p lang=\"br-FR\" align=\"left\"><span style=\"font-family: Times New Roman,serif;\"><span style=\"font-size: medium;\">9e30\u00a0: Banne kafe da zegemer an dud<\/span><\/span><\/p>\n<p lang=\"br-FR\" align=\"left\"><span style=\"font-family: Times New Roman,serif;\"><span style=\"font-size: medium;\">10e00-10e30\u00a0: Prezegenn digeri\u00f1<\/span><\/span><\/p>\n<p lang=\"br-FR\" align=\"left\"><span style=\"font-family: Times New Roman,serif;\"><span style=\"font-size: medium;\">10e30-12e30\u00a0: Trao\u00f9 bet graet\u00a0: peseurt goulenno\u00f9, peseurt responto\u00f9, peseurt suradenno\u00f9 (!), peseurt kantreadenno\u00f9\u00a0?<\/span><\/span><\/p>\n<p lang=\"br-FR\" align=\"left\"><span style=\"font-family: Times New Roman,serif;\"><span style=\"font-size: medium;\">2e00-3e10 g.k.\u00a0: Bannet e vo ar film <i>Growing into music<\/i> gant Lucy Duran. Kevelet gant an FAMDT.<\/span><\/span><\/p>\n<p lang=\"br-FR\" align=\"left\"><span style=\"font-family: Times New Roman,serif;\"><span style=\"font-size: medium;\">3e30-5e00 g.k.\u00a0: En em so\u00f1jal\u00a0: an doareo\u00f9 da dreuzkas.<br \/>\n<\/span><\/span><\/p>\n<p align=\"left\"><span style=\"font-family: Times New Roman,serif;\"><span style=\"font-size: medium;\"><b>Gwener, 11 a viz Kerzu 2015<\/b><\/span><\/span><\/p>\n<p align=\"left\"><span style=\"font-family: Times New Roman,serif;\"><span style=\"font-size: medium;\"><b>Er c&#8217;hQuartz<\/b><\/span><\/span><\/p>\n<p lang=\"br-FR\" align=\"left\"><span style=\"font-family: Times New Roman,serif;\"><span style=\"font-size: medium;\">10e00\u00a0: Banne kafe da zegemer an dud<\/span><\/span><\/p>\n<p lang=\"br-FR\" align=\"left\"><span style=\"font-family: Times New Roman,serif;\"><span style=\"font-size: medium;\">10e30-12e00\u00a0: Peseurt politikerezhio\u00f9 evit treuzkas sonerezhio\u00f9 an hengounio\u00f9 pobl\u00a0? Kevelet gant BCD \/ Sevenadurio\u00f9 Breizh.<\/span><\/span><\/p>\n<p lang=\"br-FR\" align=\"left\"><span style=\"font-family: Times New Roman,serif;\"><span style=\"font-size: medium;\">12e00-12e30\u00a0: Petra &#8216;zo nevez e-ke\u00f1ver an treuzkas.<\/span><\/span><\/p>\n<p align=\"left\"><span style=\"font-family: Times New Roman,serif;\"><span style=\"font-size: medium;\"><em><b>E skol-veur Victor Segalen<\/b><\/em><\/span><\/span><\/p>\n<p lang=\"br-FR\" align=\"left\"><span style=\"font-family: Times New Roman,serif;\"><span style=\"font-size: medium;\">2e00-4e00 g.k.\u00a0: Prezegenn gant Johanni Curtet. Klask, seni\u00f1 ha treuzkas. Un istor dic&#8217;hortoz gant ar c&#8217;han <i>kh\u00f6\u00f6mii<\/i> (kan kendon eus Bro Mongolia).<\/span><\/span><\/p>\n<p lang=\"br-FR\" align=\"left\"><span style=\"font-family: Times New Roman,serif;\"><span style=\"font-size: medium;\">Kevelet gant Skol-Veur Breizh-Izel, UFR Lizhiri, Yezho\u00f9 ha Skia\u00f1to\u00f9 an Dud hag al LABERS.<\/span><\/span><\/p>\n<p align=\"left\"><span style=\"font-family: Times New Roman,serif;\"><span style=\"font-size: medium;\"><em><b>E sinema Les Studios<\/b><\/em><\/span><\/span><\/p>\n<p lang=\"br-FR\" align=\"left\"><span style=\"font-family: Liberation Serif,serif;\"><span style=\"font-size: medium;\">5e00-6e00 g.k.\u00a0: Bannet e vo an teulfilm <i>Quatre saisons<\/i> gant Pauline Burguin. Diviz da heul. [\/bloc-gris]<\/span><\/span><\/p>\n<p lang=\"br-FR\" align=\"left\">Roll No Border e video :<\/p>\n<p lang=\"br-FR\" align=\"left\"><iframe loading=\"lazy\" src=\"https:\/\/player.vimeo.com\/video\/141789219\" width=\"500\" height=\"281\" frameborder=\"0\" allowfullscreen=\"allowfullscreen\"><\/iframe><\/p>\n","protected":false},"excerpt":{"rendered":"<p>Kemer a raio perzh BCD \/ Sevenadurio\u00f9 Breizh er c&#8217;hendiviz \u00ab\u00a0treuzkas ha kelenn sonerezhio\u00f9 an hengounio\u00f9 dre gomz\u00a0\u00bb aozet gant Drom e-pad festival No Border#5. Evit an trede bloavezh da heul e vo aozet, gant kevredigezh Drom, ur c&#8217;hendiviz diwar-benn treuzkas ha kelenn sonerezhio\u00f9 an hengounio\u00f9 dre gomz. Klaskerien, sonerien, pedagogourien a zivizo diwar-benn ar [&hellip;]<\/p>\n","protected":false},"author":1,"featured_media":1908,"comment_status":"closed","ping_status":"open","sticky":false,"template":"","format":"standard","meta":{"_acf_changed":false,"inline_featured_image":false,"footnotes":""},"categories":[48],"tags":[],"class_list":["post-3083","post","type-post","status-publish","format-standard","has-post-thumbnail","hentry","category-bcd"],"acf":[],"yoast_head":"<!-- This site is optimized with the Yoast SEO plugin v24.2 - https:\/\/yoast.com\/wordpress\/plugins\/seo\/ -->\n<title>\u201cTreuzkas ha kelenn sonerezhio\u00f9 an hengounio\u00f9 dre gomz\u201d a vo tem ur c\u2019hendiviz e Brest - Bretagne Culture Diversit\u00e9<\/title>\n<meta name=\"robots\" content=\"index, follow, max-snippet:-1, max-image-preview:large, max-video-preview:-1\" \/>\n<link rel=\"canonical\" href=\"https:\/\/www.bcd.bzh\/br\/bcd\/treuzkas-ha-kelenn-sonerezhiou-an-hengouniou-dre-gomz-a-vo-tem-ur-chendiviz-e-brest-2\/\" \/>\n<meta property=\"og:locale\" content=\"en_US\" \/>\n<meta property=\"og:type\" content=\"article\" \/>\n<meta property=\"og:title\" content=\"\u201cTreuzkas ha kelenn sonerezhio\u00f9 an hengounio\u00f9 dre gomz\u201d a vo tem ur c\u2019hendiviz e Brest - Bretagne Culture Diversit\u00e9\" \/>\n<meta property=\"og:description\" content=\"Kemer a raio perzh BCD \/ Sevenadurio\u00f9 Breizh er c&#8217;hendiviz \u00ab\u00a0treuzkas ha kelenn sonerezhio\u00f9 an hengounio\u00f9 dre gomz\u00a0\u00bb aozet gant Drom e-pad festival No Border#5. Evit an trede bloavezh da heul e vo aozet, gant kevredigezh Drom, ur c&#8217;hendiviz diwar-benn treuzkas ha kelenn sonerezhio\u00f9 an hengounio\u00f9 dre gomz. Klaskerien, sonerien, pedagogourien a zivizo diwar-benn ar [&hellip;]\" \/>\n<meta property=\"og:url\" content=\"https:\/\/www.bcd.bzh\/br\/bcd\/treuzkas-ha-kelenn-sonerezhiou-an-hengouniou-dre-gomz-a-vo-tem-ur-chendiviz-e-brest-2\/\" \/>\n<meta property=\"og:site_name\" content=\"Bretagne Culture Diversit\u00e9\" \/>\n<meta property=\"article:published_time\" content=\"2015-11-24T14:00:54+00:00\" \/>\n<meta property=\"og:image\" content=\"https:\/\/www.bcd.bzh\/wp-content\/uploads\/2022\/12\/colloque.jpg\" \/>\n\t<meta property=\"og:image:width\" content=\"1040\" \/>\n\t<meta property=\"og:image:height\" content=\"400\" \/>\n\t<meta property=\"og:image:type\" content=\"image\/jpeg\" \/>\n<meta name=\"author\" content=\"bcdadmin\" \/>\n<meta name=\"twitter:card\" content=\"summary_large_image\" \/>\n<meta name=\"twitter:label1\" content=\"Written by\" \/>\n\t<meta name=\"twitter:data1\" content=\"bcdadmin\" \/>\n\t<meta name=\"twitter:label2\" content=\"Est. reading time\" \/>\n\t<meta name=\"twitter:data2\" content=\"1 minute\" \/>\n<script type=\"application\/ld+json\" class=\"yoast-schema-graph\">{\"@context\":\"https:\/\/schema.org\",\"@graph\":[{\"@type\":\"WebPage\",\"@id\":\"https:\/\/www.bcd.bzh\/br\/bcd\/treuzkas-ha-kelenn-sonerezhiou-an-hengouniou-dre-gomz-a-vo-tem-ur-chendiviz-e-brest-2\/\",\"url\":\"https:\/\/www.bcd.bzh\/br\/bcd\/treuzkas-ha-kelenn-sonerezhiou-an-hengouniou-dre-gomz-a-vo-tem-ur-chendiviz-e-brest-2\/\",\"name\":\"\u201cTreuzkas ha kelenn sonerezhio\u00f9 an hengounio\u00f9 dre gomz\u201d a vo tem ur c\u2019hendiviz e Brest - Bretagne Culture Diversit\u00e9\",\"isPartOf\":{\"@id\":\"https:\/\/www.bcd.bzh\/br\/#website\"},\"primaryImageOfPage\":{\"@id\":\"https:\/\/www.bcd.bzh\/br\/bcd\/treuzkas-ha-kelenn-sonerezhiou-an-hengouniou-dre-gomz-a-vo-tem-ur-chendiviz-e-brest-2\/#primaryimage\"},\"image\":{\"@id\":\"https:\/\/www.bcd.bzh\/br\/bcd\/treuzkas-ha-kelenn-sonerezhiou-an-hengouniou-dre-gomz-a-vo-tem-ur-chendiviz-e-brest-2\/#primaryimage\"},\"thumbnailUrl\":\"https:\/\/www.bcd.bzh\/wp-content\/uploads\/2022\/12\/colloque.jpg\",\"datePublished\":\"2015-11-24T14:00:54+00:00\",\"dateModified\":\"2015-11-24T14:00:54+00:00\",\"author\":{\"@id\":\"https:\/\/www.bcd.bzh\/br\/#\/schema\/person\/1d926d0c1875bcd45e76e007ab2af99f\"},\"breadcrumb\":{\"@id\":\"https:\/\/www.bcd.bzh\/br\/bcd\/treuzkas-ha-kelenn-sonerezhiou-an-hengouniou-dre-gomz-a-vo-tem-ur-chendiviz-e-brest-2\/#breadcrumb\"},\"inLanguage\":\"br-BR\",\"potentialAction\":[{\"@type\":\"ReadAction\",\"target\":[\"https:\/\/www.bcd.bzh\/br\/bcd\/treuzkas-ha-kelenn-sonerezhiou-an-hengouniou-dre-gomz-a-vo-tem-ur-chendiviz-e-brest-2\/\"]}]},{\"@type\":\"ImageObject\",\"inLanguage\":\"br-BR\",\"@id\":\"https:\/\/www.bcd.bzh\/br\/bcd\/treuzkas-ha-kelenn-sonerezhiou-an-hengouniou-dre-gomz-a-vo-tem-ur-chendiviz-e-brest-2\/#primaryimage\",\"url\":\"https:\/\/www.bcd.bzh\/wp-content\/uploads\/2022\/12\/colloque.jpg\",\"contentUrl\":\"https:\/\/www.bcd.bzh\/wp-content\/uploads\/2022\/12\/colloque.jpg\",\"width\":1040,\"height\":400},{\"@type\":\"BreadcrumbList\",\"@id\":\"https:\/\/www.bcd.bzh\/br\/bcd\/treuzkas-ha-kelenn-sonerezhiou-an-hengouniou-dre-gomz-a-vo-tem-ur-chendiviz-e-brest-2\/#breadcrumb\",\"itemListElement\":[{\"@type\":\"ListItem\",\"position\":1,\"name\":\"Accueil\",\"item\":\"https:\/\/www.bcd.bzh\/br\/\"},{\"@type\":\"ListItem\",\"position\":2,\"name\":\"\u201cTreuzkas ha kelenn sonerezhio\u00f9 an hengounio\u00f9 dre gomz\u201d a vo tem ur c\u2019hendiviz e Brest\"}]},{\"@type\":\"WebSite\",\"@id\":\"https:\/\/www.bcd.bzh\/br\/#website\",\"url\":\"https:\/\/www.bcd.bzh\/br\/\",\"name\":\"Bretagne Culture Diversit\u00e9\",\"description\":\"BCD \/ Sevenadurio\u00f9 Breizh\",\"potentialAction\":[{\"@type\":\"SearchAction\",\"target\":{\"@type\":\"EntryPoint\",\"urlTemplate\":\"https:\/\/www.bcd.bzh\/br\/?s={search_term_string}\"},\"query-input\":{\"@type\":\"PropertyValueSpecification\",\"valueRequired\":true,\"valueName\":\"search_term_string\"}}],\"inLanguage\":\"br-BR\"},{\"@type\":\"Person\",\"@id\":\"https:\/\/www.bcd.bzh\/br\/#\/schema\/person\/1d926d0c1875bcd45e76e007ab2af99f\",\"name\":\"bcdadmin\",\"image\":{\"@type\":\"ImageObject\",\"inLanguage\":\"br-BR\",\"@id\":\"https:\/\/www.bcd.bzh\/br\/#\/schema\/person\/image\/\",\"url\":\"https:\/\/secure.gravatar.com\/avatar\/d21920759bff8844c5dfbdf914df557bcef7dc1afcd74962dacb1a3419cb7e63?s=96&d=mm&r=g\",\"contentUrl\":\"https:\/\/secure.gravatar.com\/avatar\/d21920759bff8844c5dfbdf914df557bcef7dc1afcd74962dacb1a3419cb7e63?s=96&d=mm&r=g\",\"caption\":\"bcdadmin\"},\"sameAs\":[\"https:\/\/www.bcd.bzh\"],\"url\":\"https:\/\/www.bcd.bzh\/br\/author\/bcdadmin\/\"}]}<\/script>\n<!-- \/ Yoast SEO plugin. -->","yoast_head_json":{"title":"\u201cTreuzkas ha kelenn sonerezhio\u00f9 an hengounio\u00f9 dre gomz\u201d a vo tem ur c\u2019hendiviz e Brest - Bretagne Culture Diversit\u00e9","robots":{"index":"index","follow":"follow","max-snippet":"max-snippet:-1","max-image-preview":"max-image-preview:large","max-video-preview":"max-video-preview:-1"},"canonical":"https:\/\/www.bcd.bzh\/br\/bcd\/treuzkas-ha-kelenn-sonerezhiou-an-hengouniou-dre-gomz-a-vo-tem-ur-chendiviz-e-brest-2\/","og_locale":"en_US","og_type":"article","og_title":"\u201cTreuzkas ha kelenn sonerezhio\u00f9 an hengounio\u00f9 dre gomz\u201d a vo tem ur c\u2019hendiviz e Brest - Bretagne Culture Diversit\u00e9","og_description":"Kemer a raio perzh BCD \/ Sevenadurio\u00f9 Breizh er c&#8217;hendiviz \u00ab\u00a0treuzkas ha kelenn sonerezhio\u00f9 an hengounio\u00f9 dre gomz\u00a0\u00bb aozet gant Drom e-pad festival No Border#5. Evit an trede bloavezh da heul e vo aozet, gant kevredigezh Drom, ur c&#8217;hendiviz diwar-benn treuzkas ha kelenn sonerezhio\u00f9 an hengounio\u00f9 dre gomz. Klaskerien, sonerien, pedagogourien a zivizo diwar-benn ar [&hellip;]","og_url":"https:\/\/www.bcd.bzh\/br\/bcd\/treuzkas-ha-kelenn-sonerezhiou-an-hengouniou-dre-gomz-a-vo-tem-ur-chendiviz-e-brest-2\/","og_site_name":"Bretagne Culture Diversit\u00e9","article_published_time":"2015-11-24T14:00:54+00:00","og_image":[{"width":1040,"height":400,"url":"https:\/\/www.bcd.bzh\/wp-content\/uploads\/2022\/12\/colloque.jpg","type":"image\/jpeg"}],"author":"bcdadmin","twitter_card":"summary_large_image","twitter_misc":{"Written by":"bcdadmin","Est. reading time":"1 minute"},"schema":{"@context":"https:\/\/schema.org","@graph":[{"@type":"WebPage","@id":"https:\/\/www.bcd.bzh\/br\/bcd\/treuzkas-ha-kelenn-sonerezhiou-an-hengouniou-dre-gomz-a-vo-tem-ur-chendiviz-e-brest-2\/","url":"https:\/\/www.bcd.bzh\/br\/bcd\/treuzkas-ha-kelenn-sonerezhiou-an-hengouniou-dre-gomz-a-vo-tem-ur-chendiviz-e-brest-2\/","name":"\u201cTreuzkas ha kelenn sonerezhio\u00f9 an hengounio\u00f9 dre gomz\u201d a vo tem ur c\u2019hendiviz e Brest - Bretagne Culture Diversit\u00e9","isPartOf":{"@id":"https:\/\/www.bcd.bzh\/br\/#website"},"primaryImageOfPage":{"@id":"https:\/\/www.bcd.bzh\/br\/bcd\/treuzkas-ha-kelenn-sonerezhiou-an-hengouniou-dre-gomz-a-vo-tem-ur-chendiviz-e-brest-2\/#primaryimage"},"image":{"@id":"https:\/\/www.bcd.bzh\/br\/bcd\/treuzkas-ha-kelenn-sonerezhiou-an-hengouniou-dre-gomz-a-vo-tem-ur-chendiviz-e-brest-2\/#primaryimage"},"thumbnailUrl":"https:\/\/www.bcd.bzh\/wp-content\/uploads\/2022\/12\/colloque.jpg","datePublished":"2015-11-24T14:00:54+00:00","dateModified":"2015-11-24T14:00:54+00:00","author":{"@id":"https:\/\/www.bcd.bzh\/br\/#\/schema\/person\/1d926d0c1875bcd45e76e007ab2af99f"},"breadcrumb":{"@id":"https:\/\/www.bcd.bzh\/br\/bcd\/treuzkas-ha-kelenn-sonerezhiou-an-hengouniou-dre-gomz-a-vo-tem-ur-chendiviz-e-brest-2\/#breadcrumb"},"inLanguage":"br-BR","potentialAction":[{"@type":"ReadAction","target":["https:\/\/www.bcd.bzh\/br\/bcd\/treuzkas-ha-kelenn-sonerezhiou-an-hengouniou-dre-gomz-a-vo-tem-ur-chendiviz-e-brest-2\/"]}]},{"@type":"ImageObject","inLanguage":"br-BR","@id":"https:\/\/www.bcd.bzh\/br\/bcd\/treuzkas-ha-kelenn-sonerezhiou-an-hengouniou-dre-gomz-a-vo-tem-ur-chendiviz-e-brest-2\/#primaryimage","url":"https:\/\/www.bcd.bzh\/wp-content\/uploads\/2022\/12\/colloque.jpg","contentUrl":"https:\/\/www.bcd.bzh\/wp-content\/uploads\/2022\/12\/colloque.jpg","width":1040,"height":400},{"@type":"BreadcrumbList","@id":"https:\/\/www.bcd.bzh\/br\/bcd\/treuzkas-ha-kelenn-sonerezhiou-an-hengouniou-dre-gomz-a-vo-tem-ur-chendiviz-e-brest-2\/#breadcrumb","itemListElement":[{"@type":"ListItem","position":1,"name":"Accueil","item":"https:\/\/www.bcd.bzh\/br\/"},{"@type":"ListItem","position":2,"name":"\u201cTreuzkas ha kelenn sonerezhio\u00f9 an hengounio\u00f9 dre gomz\u201d a vo tem ur c\u2019hendiviz e Brest"}]},{"@type":"WebSite","@id":"https:\/\/www.bcd.bzh\/br\/#website","url":"https:\/\/www.bcd.bzh\/br\/","name":"Bretagne Culture Diversit\u00e9","description":"BCD \/ Sevenadurio\u00f9 Breizh","potentialAction":[{"@type":"SearchAction","target":{"@type":"EntryPoint","urlTemplate":"https:\/\/www.bcd.bzh\/br\/?s={search_term_string}"},"query-input":{"@type":"PropertyValueSpecification","valueRequired":true,"valueName":"search_term_string"}}],"inLanguage":"br-BR"},{"@type":"Person","@id":"https:\/\/www.bcd.bzh\/br\/#\/schema\/person\/1d926d0c1875bcd45e76e007ab2af99f","name":"bcdadmin","image":{"@type":"ImageObject","inLanguage":"br-BR","@id":"https:\/\/www.bcd.bzh\/br\/#\/schema\/person\/image\/","url":"https:\/\/secure.gravatar.com\/avatar\/d21920759bff8844c5dfbdf914df557bcef7dc1afcd74962dacb1a3419cb7e63?s=96&d=mm&r=g","contentUrl":"https:\/\/secure.gravatar.com\/avatar\/d21920759bff8844c5dfbdf914df557bcef7dc1afcd74962dacb1a3419cb7e63?s=96&d=mm&r=g","caption":"bcdadmin"},"sameAs":["https:\/\/www.bcd.bzh"],"url":"https:\/\/www.bcd.bzh\/br\/author\/bcdadmin\/"}]}},"_links":{"self":[{"href":"https:\/\/www.bcd.bzh\/br\/wp-json\/wp\/v2\/posts\/3083","targetHints":{"allow":["GET"]}}],"collection":[{"href":"https:\/\/www.bcd.bzh\/br\/wp-json\/wp\/v2\/posts"}],"about":[{"href":"https:\/\/www.bcd.bzh\/br\/wp-json\/wp\/v2\/types\/post"}],"author":[{"embeddable":true,"href":"https:\/\/www.bcd.bzh\/br\/wp-json\/wp\/v2\/users\/1"}],"replies":[{"embeddable":true,"href":"https:\/\/www.bcd.bzh\/br\/wp-json\/wp\/v2\/comments?post=3083"}],"version-history":[{"count":0,"href":"https:\/\/www.bcd.bzh\/br\/wp-json\/wp\/v2\/posts\/3083\/revisions"}],"wp:featuredmedia":[{"embeddable":true,"href":"https:\/\/www.bcd.bzh\/br\/wp-json\/wp\/v2\/media\/1908"}],"wp:attachment":[{"href":"https:\/\/www.bcd.bzh\/br\/wp-json\/wp\/v2\/media?parent=3083"}],"wp:term":[{"taxonomy":"category","embeddable":true,"href":"https:\/\/www.bcd.bzh\/br\/wp-json\/wp\/v2\/categories?post=3083"},{"taxonomy":"post_tag","embeddable":true,"href":"https:\/\/www.bcd.bzh\/br\/wp-json\/wp\/v2\/tags?post=3083"}],"curies":[{"name":"wp","href":"https:\/\/api.w.org\/{rel}","templated":true}]}}