{"id":3084,"date":"2015-11-23T16:30:32","date_gmt":"2015-11-23T15:30:32","guid":{"rendered":"https:\/\/preprod.bcd.bzh\/uncategorized-br\/samain-barzaz-breizh-ha-kalevala-da-selaou-e-kreiz-abadenn-diwezhan-sevenaduriou\/"},"modified":"2015-11-23T16:30:32","modified_gmt":"2015-11-23T15:30:32","slug":"samain-barzaz-breizh-ha-kalevala-da-selaou-e-kreiz-abadenn-diwezhan-sevenaduriou","status":"publish","type":"post","link":"https:\/\/www.bcd.bzh\/br\/bcd\/samain-barzaz-breizh-ha-kalevala-da-selaou-e-kreiz-abadenn-diwezhan-sevenaduriou\/","title":{"rendered":"Samain, Barzaz Breizh ha Kalevala da selaou e-kreiz abadenn diwezha\u00f1 Sevenadurio\u00f9"},"content":{"rendered":"<p>Abadenn radio diwezha\u00f1 Sevenadurio\u00f9 a zo bet lakaet enlinenn. Gant Brigitte Kloareg ez aimp d&#8217;ober un tamm tro betek Bro gKareli a-benn ober muioc&#8217;h anaoudegezh gant ar <em>C&#8217;halevala<\/em>, un oberenn par d&#8217;ar <em>Barzaz Breiz<\/em> e meur a ge\u00f1ver bet embannet e 1835 gant Elias L\u00f6nnrot. <a title=\"Sevendaurio\u00f9 : Samain, Barzaz Breizh et Kalevala\" href=\"http:\/\/bcd.bzh\/bz\/ressources\/sevenaduriou-samain-barzaz-breizh-et-kalevala\/\" target=\"_blank\" rel=\"noopener\">Da selaou dre ama\u00f1 !<\/a><\/p>\n","protected":false},"excerpt":{"rendered":"<p>Abadenn radio diwezha\u00f1 Sevenadurio\u00f9 a zo bet lakaet enlinenn. Gant Brigitte Kloareg ez aimp d&#8217;ober un tamm tro betek Bro gKareli a-benn ober muioc&#8217;h anaoudegezh gant ar C&#8217;halevala, un oberenn par d&#8217;ar Barzaz Breiz e meur a ge\u00f1ver bet embannet e 1835 gant Elias L\u00f6nnrot. Da selaou dre ama\u00f1 !<\/p>\n","protected":false},"author":1,"featured_media":1856,"comment_status":"closed","ping_status":"open","sticky":false,"template":"","format":"standard","meta":{"_acf_changed":false,"inline_featured_image":false,"footnotes":""},"categories":[48,233],"tags":[],"class_list":["post-3084","post","type-post","status-publish","format-standard","has-post-thumbnail","hentry","category-bcd","category-danvez-sevenadurel"],"acf":[],"yoast_head":"<!-- This site is optimized with the Yoast SEO plugin v24.2 - https:\/\/yoast.com\/wordpress\/plugins\/seo\/ -->\n<title>Samain, Barzaz Breizh ha Kalevala da selaou e-kreiz abadenn diwezha\u00f1 Sevenadurio\u00f9 - Bretagne Culture Diversit\u00e9<\/title>\n<meta name=\"robots\" content=\"index, follow, max-snippet:-1, max-image-preview:large, max-video-preview:-1\" \/>\n<link rel=\"canonical\" href=\"https:\/\/www.bcd.bzh\/br\/bcd\/samain-barzaz-breizh-ha-kalevala-da-selaou-e-kreiz-abadenn-diwezhan-sevenaduriou\/\" \/>\n<meta property=\"og:locale\" content=\"en_US\" \/>\n<meta property=\"og:type\" content=\"article\" \/>\n<meta property=\"og:title\" content=\"Samain, Barzaz Breizh ha Kalevala da selaou e-kreiz abadenn diwezha\u00f1 Sevenadurio\u00f9 - Bretagne Culture Diversit\u00e9\" \/>\n<meta property=\"og:description\" content=\"Abadenn radio diwezha\u00f1 Sevenadurio\u00f9 a zo bet lakaet enlinenn. Gant Brigitte Kloareg ez aimp d&#8217;ober un tamm tro betek Bro gKareli a-benn ober muioc&#8217;h anaoudegezh gant ar C&#8217;halevala, un oberenn par d&#8217;ar Barzaz Breiz e meur a ge\u00f1ver bet embannet e 1835 gant Elias L\u00f6nnrot. Da selaou dre ama\u00f1 !\" \/>\n<meta property=\"og:url\" content=\"https:\/\/www.bcd.bzh\/br\/bcd\/samain-barzaz-breizh-ha-kalevala-da-selaou-e-kreiz-abadenn-diwezhan-sevenaduriou\/\" \/>\n<meta property=\"og:site_name\" content=\"Bretagne Culture Diversit\u00e9\" \/>\n<meta property=\"article:published_time\" content=\"2015-11-23T15:30:32+00:00\" \/>\n<meta property=\"og:image\" content=\"https:\/\/www.bcd.bzh\/wp-content\/uploads\/2022\/12\/samain.jpg\" \/>\n\t<meta property=\"og:image:width\" content=\"1040\" \/>\n\t<meta property=\"og:image:height\" content=\"400\" \/>\n\t<meta property=\"og:image:type\" content=\"image\/jpeg\" \/>\n<meta name=\"author\" content=\"bcdadmin\" \/>\n<meta name=\"twitter:card\" content=\"summary_large_image\" \/>\n<meta name=\"twitter:label1\" content=\"Written by\" \/>\n\t<meta name=\"twitter:data1\" content=\"bcdadmin\" \/>\n<script type=\"application\/ld+json\" class=\"yoast-schema-graph\">{\"@context\":\"https:\/\/schema.org\",\"@graph\":[{\"@type\":\"WebPage\",\"@id\":\"https:\/\/www.bcd.bzh\/br\/bcd\/samain-barzaz-breizh-ha-kalevala-da-selaou-e-kreiz-abadenn-diwezhan-sevenaduriou\/\",\"url\":\"https:\/\/www.bcd.bzh\/br\/bcd\/samain-barzaz-breizh-ha-kalevala-da-selaou-e-kreiz-abadenn-diwezhan-sevenaduriou\/\",\"name\":\"Samain, Barzaz Breizh ha Kalevala da selaou e-kreiz abadenn diwezha\u00f1 Sevenadurio\u00f9 - Bretagne Culture Diversit\u00e9\",\"isPartOf\":{\"@id\":\"https:\/\/www.bcd.bzh\/br\/#website\"},\"primaryImageOfPage\":{\"@id\":\"https:\/\/www.bcd.bzh\/br\/bcd\/samain-barzaz-breizh-ha-kalevala-da-selaou-e-kreiz-abadenn-diwezhan-sevenaduriou\/#primaryimage\"},\"image\":{\"@id\":\"https:\/\/www.bcd.bzh\/br\/bcd\/samain-barzaz-breizh-ha-kalevala-da-selaou-e-kreiz-abadenn-diwezhan-sevenaduriou\/#primaryimage\"},\"thumbnailUrl\":\"https:\/\/www.bcd.bzh\/wp-content\/uploads\/2022\/12\/samain.jpg\",\"datePublished\":\"2015-11-23T15:30:32+00:00\",\"dateModified\":\"2015-11-23T15:30:32+00:00\",\"author\":{\"@id\":\"https:\/\/www.bcd.bzh\/br\/#\/schema\/person\/1d926d0c1875bcd45e76e007ab2af99f\"},\"breadcrumb\":{\"@id\":\"https:\/\/www.bcd.bzh\/br\/bcd\/samain-barzaz-breizh-ha-kalevala-da-selaou-e-kreiz-abadenn-diwezhan-sevenaduriou\/#breadcrumb\"},\"inLanguage\":\"br-BR\",\"potentialAction\":[{\"@type\":\"ReadAction\",\"target\":[\"https:\/\/www.bcd.bzh\/br\/bcd\/samain-barzaz-breizh-ha-kalevala-da-selaou-e-kreiz-abadenn-diwezhan-sevenaduriou\/\"]}]},{\"@type\":\"ImageObject\",\"inLanguage\":\"br-BR\",\"@id\":\"https:\/\/www.bcd.bzh\/br\/bcd\/samain-barzaz-breizh-ha-kalevala-da-selaou-e-kreiz-abadenn-diwezhan-sevenaduriou\/#primaryimage\",\"url\":\"https:\/\/www.bcd.bzh\/wp-content\/uploads\/2022\/12\/samain.jpg\",\"contentUrl\":\"https:\/\/www.bcd.bzh\/wp-content\/uploads\/2022\/12\/samain.jpg\",\"width\":1040,\"height\":400},{\"@type\":\"BreadcrumbList\",\"@id\":\"https:\/\/www.bcd.bzh\/br\/bcd\/samain-barzaz-breizh-ha-kalevala-da-selaou-e-kreiz-abadenn-diwezhan-sevenaduriou\/#breadcrumb\",\"itemListElement\":[{\"@type\":\"ListItem\",\"position\":1,\"name\":\"Accueil\",\"item\":\"https:\/\/www.bcd.bzh\/br\/\"},{\"@type\":\"ListItem\",\"position\":2,\"name\":\"Samain, Barzaz Breizh ha Kalevala da selaou e-kreiz abadenn diwezha\u00f1 Sevenadurio\u00f9\"}]},{\"@type\":\"WebSite\",\"@id\":\"https:\/\/www.bcd.bzh\/br\/#website\",\"url\":\"https:\/\/www.bcd.bzh\/br\/\",\"name\":\"Bretagne Culture Diversit\u00e9\",\"description\":\"BCD \/ Sevenadurio\u00f9 Breizh\",\"potentialAction\":[{\"@type\":\"SearchAction\",\"target\":{\"@type\":\"EntryPoint\",\"urlTemplate\":\"https:\/\/www.bcd.bzh\/br\/?s={search_term_string}\"},\"query-input\":{\"@type\":\"PropertyValueSpecification\",\"valueRequired\":true,\"valueName\":\"search_term_string\"}}],\"inLanguage\":\"br-BR\"},{\"@type\":\"Person\",\"@id\":\"https:\/\/www.bcd.bzh\/br\/#\/schema\/person\/1d926d0c1875bcd45e76e007ab2af99f\",\"name\":\"bcdadmin\",\"image\":{\"@type\":\"ImageObject\",\"inLanguage\":\"br-BR\",\"@id\":\"https:\/\/www.bcd.bzh\/br\/#\/schema\/person\/image\/\",\"url\":\"https:\/\/secure.gravatar.com\/avatar\/d21920759bff8844c5dfbdf914df557bcef7dc1afcd74962dacb1a3419cb7e63?s=96&d=mm&r=g\",\"contentUrl\":\"https:\/\/secure.gravatar.com\/avatar\/d21920759bff8844c5dfbdf914df557bcef7dc1afcd74962dacb1a3419cb7e63?s=96&d=mm&r=g\",\"caption\":\"bcdadmin\"},\"sameAs\":[\"https:\/\/www.bcd.bzh\"],\"url\":\"https:\/\/www.bcd.bzh\/br\/author\/bcdadmin\/\"}]}<\/script>\n<!-- \/ Yoast SEO plugin. -->","yoast_head_json":{"title":"Samain, Barzaz Breizh ha Kalevala da selaou e-kreiz abadenn diwezha\u00f1 Sevenadurio\u00f9 - Bretagne Culture Diversit\u00e9","robots":{"index":"index","follow":"follow","max-snippet":"max-snippet:-1","max-image-preview":"max-image-preview:large","max-video-preview":"max-video-preview:-1"},"canonical":"https:\/\/www.bcd.bzh\/br\/bcd\/samain-barzaz-breizh-ha-kalevala-da-selaou-e-kreiz-abadenn-diwezhan-sevenaduriou\/","og_locale":"en_US","og_type":"article","og_title":"Samain, Barzaz Breizh ha Kalevala da selaou e-kreiz abadenn diwezha\u00f1 Sevenadurio\u00f9 - Bretagne Culture Diversit\u00e9","og_description":"Abadenn radio diwezha\u00f1 Sevenadurio\u00f9 a zo bet lakaet enlinenn. Gant Brigitte Kloareg ez aimp d&#8217;ober un tamm tro betek Bro gKareli a-benn ober muioc&#8217;h anaoudegezh gant ar C&#8217;halevala, un oberenn par d&#8217;ar Barzaz Breiz e meur a ge\u00f1ver bet embannet e 1835 gant Elias L\u00f6nnrot. Da selaou dre ama\u00f1 !","og_url":"https:\/\/www.bcd.bzh\/br\/bcd\/samain-barzaz-breizh-ha-kalevala-da-selaou-e-kreiz-abadenn-diwezhan-sevenaduriou\/","og_site_name":"Bretagne Culture Diversit\u00e9","article_published_time":"2015-11-23T15:30:32+00:00","og_image":[{"width":1040,"height":400,"url":"https:\/\/www.bcd.bzh\/wp-content\/uploads\/2022\/12\/samain.jpg","type":"image\/jpeg"}],"author":"bcdadmin","twitter_card":"summary_large_image","twitter_misc":{"Written by":"bcdadmin"},"schema":{"@context":"https:\/\/schema.org","@graph":[{"@type":"WebPage","@id":"https:\/\/www.bcd.bzh\/br\/bcd\/samain-barzaz-breizh-ha-kalevala-da-selaou-e-kreiz-abadenn-diwezhan-sevenaduriou\/","url":"https:\/\/www.bcd.bzh\/br\/bcd\/samain-barzaz-breizh-ha-kalevala-da-selaou-e-kreiz-abadenn-diwezhan-sevenaduriou\/","name":"Samain, Barzaz Breizh ha Kalevala da selaou e-kreiz abadenn diwezha\u00f1 Sevenadurio\u00f9 - Bretagne Culture Diversit\u00e9","isPartOf":{"@id":"https:\/\/www.bcd.bzh\/br\/#website"},"primaryImageOfPage":{"@id":"https:\/\/www.bcd.bzh\/br\/bcd\/samain-barzaz-breizh-ha-kalevala-da-selaou-e-kreiz-abadenn-diwezhan-sevenaduriou\/#primaryimage"},"image":{"@id":"https:\/\/www.bcd.bzh\/br\/bcd\/samain-barzaz-breizh-ha-kalevala-da-selaou-e-kreiz-abadenn-diwezhan-sevenaduriou\/#primaryimage"},"thumbnailUrl":"https:\/\/www.bcd.bzh\/wp-content\/uploads\/2022\/12\/samain.jpg","datePublished":"2015-11-23T15:30:32+00:00","dateModified":"2015-11-23T15:30:32+00:00","author":{"@id":"https:\/\/www.bcd.bzh\/br\/#\/schema\/person\/1d926d0c1875bcd45e76e007ab2af99f"},"breadcrumb":{"@id":"https:\/\/www.bcd.bzh\/br\/bcd\/samain-barzaz-breizh-ha-kalevala-da-selaou-e-kreiz-abadenn-diwezhan-sevenaduriou\/#breadcrumb"},"inLanguage":"br-BR","potentialAction":[{"@type":"ReadAction","target":["https:\/\/www.bcd.bzh\/br\/bcd\/samain-barzaz-breizh-ha-kalevala-da-selaou-e-kreiz-abadenn-diwezhan-sevenaduriou\/"]}]},{"@type":"ImageObject","inLanguage":"br-BR","@id":"https:\/\/www.bcd.bzh\/br\/bcd\/samain-barzaz-breizh-ha-kalevala-da-selaou-e-kreiz-abadenn-diwezhan-sevenaduriou\/#primaryimage","url":"https:\/\/www.bcd.bzh\/wp-content\/uploads\/2022\/12\/samain.jpg","contentUrl":"https:\/\/www.bcd.bzh\/wp-content\/uploads\/2022\/12\/samain.jpg","width":1040,"height":400},{"@type":"BreadcrumbList","@id":"https:\/\/www.bcd.bzh\/br\/bcd\/samain-barzaz-breizh-ha-kalevala-da-selaou-e-kreiz-abadenn-diwezhan-sevenaduriou\/#breadcrumb","itemListElement":[{"@type":"ListItem","position":1,"name":"Accueil","item":"https:\/\/www.bcd.bzh\/br\/"},{"@type":"ListItem","position":2,"name":"Samain, Barzaz Breizh ha Kalevala da selaou e-kreiz abadenn diwezha\u00f1 Sevenadurio\u00f9"}]},{"@type":"WebSite","@id":"https:\/\/www.bcd.bzh\/br\/#website","url":"https:\/\/www.bcd.bzh\/br\/","name":"Bretagne Culture Diversit\u00e9","description":"BCD \/ Sevenadurio\u00f9 Breizh","potentialAction":[{"@type":"SearchAction","target":{"@type":"EntryPoint","urlTemplate":"https:\/\/www.bcd.bzh\/br\/?s={search_term_string}"},"query-input":{"@type":"PropertyValueSpecification","valueRequired":true,"valueName":"search_term_string"}}],"inLanguage":"br-BR"},{"@type":"Person","@id":"https:\/\/www.bcd.bzh\/br\/#\/schema\/person\/1d926d0c1875bcd45e76e007ab2af99f","name":"bcdadmin","image":{"@type":"ImageObject","inLanguage":"br-BR","@id":"https:\/\/www.bcd.bzh\/br\/#\/schema\/person\/image\/","url":"https:\/\/secure.gravatar.com\/avatar\/d21920759bff8844c5dfbdf914df557bcef7dc1afcd74962dacb1a3419cb7e63?s=96&d=mm&r=g","contentUrl":"https:\/\/secure.gravatar.com\/avatar\/d21920759bff8844c5dfbdf914df557bcef7dc1afcd74962dacb1a3419cb7e63?s=96&d=mm&r=g","caption":"bcdadmin"},"sameAs":["https:\/\/www.bcd.bzh"],"url":"https:\/\/www.bcd.bzh\/br\/author\/bcdadmin\/"}]}},"_links":{"self":[{"href":"https:\/\/www.bcd.bzh\/br\/wp-json\/wp\/v2\/posts\/3084","targetHints":{"allow":["GET"]}}],"collection":[{"href":"https:\/\/www.bcd.bzh\/br\/wp-json\/wp\/v2\/posts"}],"about":[{"href":"https:\/\/www.bcd.bzh\/br\/wp-json\/wp\/v2\/types\/post"}],"author":[{"embeddable":true,"href":"https:\/\/www.bcd.bzh\/br\/wp-json\/wp\/v2\/users\/1"}],"replies":[{"embeddable":true,"href":"https:\/\/www.bcd.bzh\/br\/wp-json\/wp\/v2\/comments?post=3084"}],"version-history":[{"count":0,"href":"https:\/\/www.bcd.bzh\/br\/wp-json\/wp\/v2\/posts\/3084\/revisions"}],"wp:featuredmedia":[{"embeddable":true,"href":"https:\/\/www.bcd.bzh\/br\/wp-json\/wp\/v2\/media\/1856"}],"wp:attachment":[{"href":"https:\/\/www.bcd.bzh\/br\/wp-json\/wp\/v2\/media?parent=3084"}],"wp:term":[{"taxonomy":"category","embeddable":true,"href":"https:\/\/www.bcd.bzh\/br\/wp-json\/wp\/v2\/categories?post=3084"},{"taxonomy":"post_tag","embeddable":true,"href":"https:\/\/www.bcd.bzh\/br\/wp-json\/wp\/v2\/tags?post=3084"}],"curies":[{"name":"wp","href":"https:\/\/api.w.org\/{rel}","templated":true}]}}