{"id":3087,"date":"2015-11-19T10:33:08","date_gmt":"2015-11-19T09:33:08","guid":{"rendered":"https:\/\/preprod.bcd.bzh\/uncategorized-br\/an-istor-hag-an-niverel\/"},"modified":"2015-11-19T10:33:08","modified_gmt":"2015-11-19T09:33:08","slug":"an-istor-hag-an-niverel","status":"publish","type":"post","link":"https:\/\/www.bcd.bzh\/br\/danvez-sevenadurel\/an-istor-hag-an-niverel\/","title":{"rendered":"An istor hag an niverel"},"content":{"rendered":"<h3>An istor hag an niverel a vo talbenn un diviz aozet e\u00a0Skol-veur gatolik ar C&#8217;horn\u00f4g e Arradon d&#8217;ar meurzh 24 a viz du o tont.<\/h3>\n<p>Dre sikour an niverel ez eus tu skiga\u00f1 an danvez istorel d&#8217;ar brasa\u00f1 niver. Aes eo tizhout diello\u00f9 war internet, da dreuzkas danvez prizius pe c&#8217;hoazh da ginnig pennado\u00f9 istorel d&#8217;arv ugale. Ul lec&#8217;hienn evel hini\u00a0 <a href=\"http:\/\/enenvor.fr\/\" target=\"_blank\" rel=\"noopener\">En Envor <\/a>a zo arouezius deus ar pezh a zo tu ober.<\/p>\n<p><a href=\"http:\/\/www.bcd.bzh\/webdoc-14-18\" target=\"_blank\" rel=\"noopener\">An teulfilm web <em>A Bient\u00f4t de vos nouvelles, <\/em>produet gant Bretagne Culture Diversit\u00e9 ha lakaet enlinenn e miz gwengolo 2015 <\/a>a zo ur skouer all. Met daoust hag ez eo ur reveulzi niverel ? Ha kemmet eo bet an doare da skriva\u00f1 an istor gant an niverel ? Peseurt levezon a zo war al labour bedagogel pe war labour an diellour ? Klasket e vo respont d&#8217;ar goulenno\u00f9-ma\u00f1 d&#8217;ar 24 a viz du 2015 gant Erwan Le Gall, Yves-Marie Evanno ha J\u00e9r\u00f4me Cucarull goude ma vo bet kinniget an teulfilm web\u00a0 <a href=\"http:\/\/www.bcd.bzh\/webdoc-14-18\" target=\"_blank\" rel=\"noopener\"><em>A Bient\u00f4t de vos nouvelles<\/em><\/a> gant Philippe Lano\u00eb deus BCD\/Sevenadurio\u00f9 Breizh.<\/p>\n<p>[bloc-gris]<\/p>\n<p><strong>Titouro\u00f9 pleustrek :<\/strong><\/p>\n<p>Meurzh 24 a viz du 2015, 18 h \/ 19h30<\/p>\n<p>A\u00f1fiteatr\u00a0Skol-veur gatolik ar C&#8217;horn\u00f4g<\/p>\n<p>Digoust ha digor d&#8217;an holl.<\/p>\n<p>Titouro\u00f9 : 02.97.46.33.60.<\/p>\n<p>[<a href=\"http:\/\/enenvor.fr\/eeo_actu\/actu\/programme_histoire_et_numerique.pdf\" target=\"_blank\" rel=\"noopener\">Roll da bellgarga\u00f1<\/a>]<\/p>\n<p>[\/bloc-gris]<\/p>\n","protected":false},"excerpt":{"rendered":"<p>An istor hag an niverel a vo talbenn un diviz aozet e\u00a0Skol-veur gatolik ar C&#8217;horn\u00f4g e Arradon d&#8217;ar meurzh 24 a viz du o tont. Dre sikour an niverel ez eus tu skiga\u00f1 an danvez istorel d&#8217;ar brasa\u00f1 niver. Aes eo tizhout diello\u00f9 war internet, da dreuzkas danvez prizius pe c&#8217;hoazh da ginnig pennado\u00f9 istorel [&hellip;]<\/p>\n","protected":false},"author":1,"featured_media":1913,"comment_status":"closed","ping_status":"open","sticky":false,"template":"","format":"standard","meta":{"_acf_changed":false,"inline_featured_image":false,"footnotes":""},"categories":[233],"tags":[],"class_list":["post-3087","post","type-post","status-publish","format-standard","has-post-thumbnail","hentry","category-danvez-sevenadurel"],"acf":[],"yoast_head":"<!-- This site is optimized with the Yoast SEO plugin v24.2 - https:\/\/yoast.com\/wordpress\/plugins\/seo\/ -->\n<title>An istor hag an niverel - Bretagne Culture Diversit\u00e9<\/title>\n<meta name=\"robots\" content=\"index, follow, max-snippet:-1, max-image-preview:large, max-video-preview:-1\" \/>\n<link rel=\"canonical\" href=\"https:\/\/www.bcd.bzh\/br\/danvez-sevenadurel\/an-istor-hag-an-niverel\/\" \/>\n<meta property=\"og:locale\" content=\"en_US\" \/>\n<meta property=\"og:type\" content=\"article\" \/>\n<meta property=\"og:title\" content=\"An istor hag an niverel - Bretagne Culture Diversit\u00e9\" \/>\n<meta property=\"og:description\" content=\"An istor hag an niverel a vo talbenn un diviz aozet e\u00a0Skol-veur gatolik ar C&#8217;horn\u00f4g e Arradon d&#8217;ar meurzh 24 a viz du o tont. Dre sikour an niverel ez eus tu skiga\u00f1 an danvez istorel d&#8217;ar brasa\u00f1 niver. Aes eo tizhout diello\u00f9 war internet, da dreuzkas danvez prizius pe c&#8217;hoazh da ginnig pennado\u00f9 istorel [&hellip;]\" \/>\n<meta property=\"og:url\" content=\"https:\/\/www.bcd.bzh\/br\/danvez-sevenadurel\/an-istor-hag-an-niverel\/\" \/>\n<meta property=\"og:site_name\" content=\"Bretagne Culture Diversit\u00e9\" \/>\n<meta property=\"article:published_time\" content=\"2015-11-19T09:33:08+00:00\" \/>\n<meta property=\"og:image\" content=\"https:\/\/www.bcd.bzh\/wp-content\/uploads\/2022\/12\/archives.jpg\" \/>\n\t<meta property=\"og:image:width\" content=\"1040\" \/>\n\t<meta property=\"og:image:height\" content=\"400\" \/>\n\t<meta property=\"og:image:type\" content=\"image\/jpeg\" \/>\n<meta name=\"author\" content=\"bcdadmin\" \/>\n<meta name=\"twitter:card\" content=\"summary_large_image\" \/>\n<meta name=\"twitter:label1\" content=\"Written by\" \/>\n\t<meta name=\"twitter:data1\" content=\"bcdadmin\" \/>\n\t<meta name=\"twitter:label2\" content=\"Est. reading time\" \/>\n\t<meta name=\"twitter:data2\" content=\"1 minute\" \/>\n<script type=\"application\/ld+json\" class=\"yoast-schema-graph\">{\"@context\":\"https:\/\/schema.org\",\"@graph\":[{\"@type\":\"WebPage\",\"@id\":\"https:\/\/www.bcd.bzh\/br\/danvez-sevenadurel\/an-istor-hag-an-niverel\/\",\"url\":\"https:\/\/www.bcd.bzh\/br\/danvez-sevenadurel\/an-istor-hag-an-niverel\/\",\"name\":\"An istor hag an niverel - Bretagne Culture Diversit\u00e9\",\"isPartOf\":{\"@id\":\"https:\/\/www.bcd.bzh\/br\/#website\"},\"primaryImageOfPage\":{\"@id\":\"https:\/\/www.bcd.bzh\/br\/danvez-sevenadurel\/an-istor-hag-an-niverel\/#primaryimage\"},\"image\":{\"@id\":\"https:\/\/www.bcd.bzh\/br\/danvez-sevenadurel\/an-istor-hag-an-niverel\/#primaryimage\"},\"thumbnailUrl\":\"https:\/\/www.bcd.bzh\/wp-content\/uploads\/2022\/12\/archives.jpg\",\"datePublished\":\"2015-11-19T09:33:08+00:00\",\"dateModified\":\"2015-11-19T09:33:08+00:00\",\"author\":{\"@id\":\"https:\/\/www.bcd.bzh\/br\/#\/schema\/person\/1d926d0c1875bcd45e76e007ab2af99f\"},\"breadcrumb\":{\"@id\":\"https:\/\/www.bcd.bzh\/br\/danvez-sevenadurel\/an-istor-hag-an-niverel\/#breadcrumb\"},\"inLanguage\":\"br-BR\",\"potentialAction\":[{\"@type\":\"ReadAction\",\"target\":[\"https:\/\/www.bcd.bzh\/br\/danvez-sevenadurel\/an-istor-hag-an-niverel\/\"]}]},{\"@type\":\"ImageObject\",\"inLanguage\":\"br-BR\",\"@id\":\"https:\/\/www.bcd.bzh\/br\/danvez-sevenadurel\/an-istor-hag-an-niverel\/#primaryimage\",\"url\":\"https:\/\/www.bcd.bzh\/wp-content\/uploads\/2022\/12\/archives.jpg\",\"contentUrl\":\"https:\/\/www.bcd.bzh\/wp-content\/uploads\/2022\/12\/archives.jpg\",\"width\":1040,\"height\":400},{\"@type\":\"BreadcrumbList\",\"@id\":\"https:\/\/www.bcd.bzh\/br\/danvez-sevenadurel\/an-istor-hag-an-niverel\/#breadcrumb\",\"itemListElement\":[{\"@type\":\"ListItem\",\"position\":1,\"name\":\"Accueil\",\"item\":\"https:\/\/www.bcd.bzh\/br\/\"},{\"@type\":\"ListItem\",\"position\":2,\"name\":\"An istor hag an niverel\"}]},{\"@type\":\"WebSite\",\"@id\":\"https:\/\/www.bcd.bzh\/br\/#website\",\"url\":\"https:\/\/www.bcd.bzh\/br\/\",\"name\":\"Bretagne Culture Diversit\u00e9\",\"description\":\"BCD \/ Sevenadurio\u00f9 Breizh\",\"potentialAction\":[{\"@type\":\"SearchAction\",\"target\":{\"@type\":\"EntryPoint\",\"urlTemplate\":\"https:\/\/www.bcd.bzh\/br\/?s={search_term_string}\"},\"query-input\":{\"@type\":\"PropertyValueSpecification\",\"valueRequired\":true,\"valueName\":\"search_term_string\"}}],\"inLanguage\":\"br-BR\"},{\"@type\":\"Person\",\"@id\":\"https:\/\/www.bcd.bzh\/br\/#\/schema\/person\/1d926d0c1875bcd45e76e007ab2af99f\",\"name\":\"bcdadmin\",\"image\":{\"@type\":\"ImageObject\",\"inLanguage\":\"br-BR\",\"@id\":\"https:\/\/www.bcd.bzh\/br\/#\/schema\/person\/image\/\",\"url\":\"https:\/\/secure.gravatar.com\/avatar\/d21920759bff8844c5dfbdf914df557bcef7dc1afcd74962dacb1a3419cb7e63?s=96&d=mm&r=g\",\"contentUrl\":\"https:\/\/secure.gravatar.com\/avatar\/d21920759bff8844c5dfbdf914df557bcef7dc1afcd74962dacb1a3419cb7e63?s=96&d=mm&r=g\",\"caption\":\"bcdadmin\"},\"sameAs\":[\"https:\/\/www.bcd.bzh\"],\"url\":\"https:\/\/www.bcd.bzh\/br\/author\/bcdadmin\/\"}]}<\/script>\n<!-- \/ Yoast SEO plugin. -->","yoast_head_json":{"title":"An istor hag an niverel - Bretagne Culture Diversit\u00e9","robots":{"index":"index","follow":"follow","max-snippet":"max-snippet:-1","max-image-preview":"max-image-preview:large","max-video-preview":"max-video-preview:-1"},"canonical":"https:\/\/www.bcd.bzh\/br\/danvez-sevenadurel\/an-istor-hag-an-niverel\/","og_locale":"en_US","og_type":"article","og_title":"An istor hag an niverel - Bretagne Culture Diversit\u00e9","og_description":"An istor hag an niverel a vo talbenn un diviz aozet e\u00a0Skol-veur gatolik ar C&#8217;horn\u00f4g e Arradon d&#8217;ar meurzh 24 a viz du o tont. Dre sikour an niverel ez eus tu skiga\u00f1 an danvez istorel d&#8217;ar brasa\u00f1 niver. Aes eo tizhout diello\u00f9 war internet, da dreuzkas danvez prizius pe c&#8217;hoazh da ginnig pennado\u00f9 istorel [&hellip;]","og_url":"https:\/\/www.bcd.bzh\/br\/danvez-sevenadurel\/an-istor-hag-an-niverel\/","og_site_name":"Bretagne Culture Diversit\u00e9","article_published_time":"2015-11-19T09:33:08+00:00","og_image":[{"width":1040,"height":400,"url":"https:\/\/www.bcd.bzh\/wp-content\/uploads\/2022\/12\/archives.jpg","type":"image\/jpeg"}],"author":"bcdadmin","twitter_card":"summary_large_image","twitter_misc":{"Written by":"bcdadmin","Est. reading time":"1 minute"},"schema":{"@context":"https:\/\/schema.org","@graph":[{"@type":"WebPage","@id":"https:\/\/www.bcd.bzh\/br\/danvez-sevenadurel\/an-istor-hag-an-niverel\/","url":"https:\/\/www.bcd.bzh\/br\/danvez-sevenadurel\/an-istor-hag-an-niverel\/","name":"An istor hag an niverel - Bretagne Culture Diversit\u00e9","isPartOf":{"@id":"https:\/\/www.bcd.bzh\/br\/#website"},"primaryImageOfPage":{"@id":"https:\/\/www.bcd.bzh\/br\/danvez-sevenadurel\/an-istor-hag-an-niverel\/#primaryimage"},"image":{"@id":"https:\/\/www.bcd.bzh\/br\/danvez-sevenadurel\/an-istor-hag-an-niverel\/#primaryimage"},"thumbnailUrl":"https:\/\/www.bcd.bzh\/wp-content\/uploads\/2022\/12\/archives.jpg","datePublished":"2015-11-19T09:33:08+00:00","dateModified":"2015-11-19T09:33:08+00:00","author":{"@id":"https:\/\/www.bcd.bzh\/br\/#\/schema\/person\/1d926d0c1875bcd45e76e007ab2af99f"},"breadcrumb":{"@id":"https:\/\/www.bcd.bzh\/br\/danvez-sevenadurel\/an-istor-hag-an-niverel\/#breadcrumb"},"inLanguage":"br-BR","potentialAction":[{"@type":"ReadAction","target":["https:\/\/www.bcd.bzh\/br\/danvez-sevenadurel\/an-istor-hag-an-niverel\/"]}]},{"@type":"ImageObject","inLanguage":"br-BR","@id":"https:\/\/www.bcd.bzh\/br\/danvez-sevenadurel\/an-istor-hag-an-niverel\/#primaryimage","url":"https:\/\/www.bcd.bzh\/wp-content\/uploads\/2022\/12\/archives.jpg","contentUrl":"https:\/\/www.bcd.bzh\/wp-content\/uploads\/2022\/12\/archives.jpg","width":1040,"height":400},{"@type":"BreadcrumbList","@id":"https:\/\/www.bcd.bzh\/br\/danvez-sevenadurel\/an-istor-hag-an-niverel\/#breadcrumb","itemListElement":[{"@type":"ListItem","position":1,"name":"Accueil","item":"https:\/\/www.bcd.bzh\/br\/"},{"@type":"ListItem","position":2,"name":"An istor hag an niverel"}]},{"@type":"WebSite","@id":"https:\/\/www.bcd.bzh\/br\/#website","url":"https:\/\/www.bcd.bzh\/br\/","name":"Bretagne Culture Diversit\u00e9","description":"BCD \/ Sevenadurio\u00f9 Breizh","potentialAction":[{"@type":"SearchAction","target":{"@type":"EntryPoint","urlTemplate":"https:\/\/www.bcd.bzh\/br\/?s={search_term_string}"},"query-input":{"@type":"PropertyValueSpecification","valueRequired":true,"valueName":"search_term_string"}}],"inLanguage":"br-BR"},{"@type":"Person","@id":"https:\/\/www.bcd.bzh\/br\/#\/schema\/person\/1d926d0c1875bcd45e76e007ab2af99f","name":"bcdadmin","image":{"@type":"ImageObject","inLanguage":"br-BR","@id":"https:\/\/www.bcd.bzh\/br\/#\/schema\/person\/image\/","url":"https:\/\/secure.gravatar.com\/avatar\/d21920759bff8844c5dfbdf914df557bcef7dc1afcd74962dacb1a3419cb7e63?s=96&d=mm&r=g","contentUrl":"https:\/\/secure.gravatar.com\/avatar\/d21920759bff8844c5dfbdf914df557bcef7dc1afcd74962dacb1a3419cb7e63?s=96&d=mm&r=g","caption":"bcdadmin"},"sameAs":["https:\/\/www.bcd.bzh"],"url":"https:\/\/www.bcd.bzh\/br\/author\/bcdadmin\/"}]}},"_links":{"self":[{"href":"https:\/\/www.bcd.bzh\/br\/wp-json\/wp\/v2\/posts\/3087","targetHints":{"allow":["GET"]}}],"collection":[{"href":"https:\/\/www.bcd.bzh\/br\/wp-json\/wp\/v2\/posts"}],"about":[{"href":"https:\/\/www.bcd.bzh\/br\/wp-json\/wp\/v2\/types\/post"}],"author":[{"embeddable":true,"href":"https:\/\/www.bcd.bzh\/br\/wp-json\/wp\/v2\/users\/1"}],"replies":[{"embeddable":true,"href":"https:\/\/www.bcd.bzh\/br\/wp-json\/wp\/v2\/comments?post=3087"}],"version-history":[{"count":0,"href":"https:\/\/www.bcd.bzh\/br\/wp-json\/wp\/v2\/posts\/3087\/revisions"}],"wp:featuredmedia":[{"embeddable":true,"href":"https:\/\/www.bcd.bzh\/br\/wp-json\/wp\/v2\/media\/1913"}],"wp:attachment":[{"href":"https:\/\/www.bcd.bzh\/br\/wp-json\/wp\/v2\/media?parent=3087"}],"wp:term":[{"taxonomy":"category","embeddable":true,"href":"https:\/\/www.bcd.bzh\/br\/wp-json\/wp\/v2\/categories?post=3087"},{"taxonomy":"post_tag","embeddable":true,"href":"https:\/\/www.bcd.bzh\/br\/wp-json\/wp\/v2\/tags?post=3087"}],"curies":[{"name":"wp","href":"https:\/\/api.w.org\/{rel}","templated":true}]}}