{"id":3088,"date":"2015-10-30T11:28:38","date_gmt":"2015-10-30T10:28:38","guid":{"rendered":"https:\/\/preprod.bcd.bzh\/uncategorized-br\/emgaviou-aktourien-sevenadur-breizh-el-liger-atlantel-e-miz-du-ha-kerzu\/"},"modified":"2015-10-30T11:28:38","modified_gmt":"2015-10-30T10:28:38","slug":"emgaviou-aktourien-sevenadur-breizh-el-liger-atlantel-e-miz-du-ha-kerzu","status":"publish","type":"post","link":"https:\/\/www.bcd.bzh\/br\/bcd\/emgaviou-aktourien-sevenadur-breizh-el-liger-atlantel-e-miz-du-ha-kerzu\/","title":{"rendered":"Emgavio\u00f9 aktourien sevenadur Breizh el Liger Atlantel e miz du ha kerzu"},"content":{"rendered":"<p>Pedi\u00f1 a ra Aja\u00f1s sevenadurel breizhek Morvan Lebesque aktourien sevenadur breizh departamant al Liger Atlantel da 6vet \u00ab Emgavio\u00f9 aktourien sevenadur Breizh \u00bb. Aozet e miz du ha kerzu 2015, an emgavio\u00f9-se a zo aozet evit kinnig sevenadur Breizh el Liger Atlantel hag al labour a vez graet gant an aja\u00f1s evit bruda\u00f1 ha diorroi\u00f1\u00a0 hon sevenadur. Un diagrez e vo evit eskemm mennozhio\u00f9 ha sevel raktreso\u00f9 a-gevret.<\/p>\n<p align=\"center\">\u00a0<strong>Emgavio\u00f9 sevenadur Breizh a zo digor d&#8217;an holl.<br \/>\n<\/strong><\/p>\n<p>Ar bloazh-ma\u00f1 an emgavio\u00f9 a zo aozet gant sikour Kentelio\u00f9 An Noz (e Loroux-Bottereau), Koria (e Cou\u00ebron), Diwan Sant-Nazer (e Sant-Nazer), Pouevr\u2019 et Seu (e Saffr\u00e9) ha Les Amis du Pays de Retz (e Bourgneuf-en-Retz).<\/p>\n<p>Titouro\u00f9 : <b>Aja\u00f1s Sevenadurel Breizhek al Liger-Atlantel<\/b><br \/>\n24 kae ar Fos &#8211; 44000 Naoned<br \/>\n02.51.84.16.07. &#8211; <a href=\"mailto:degemer@acb44.com\">degemer@acb44.com<\/a> &#8211; <a href=\"http:\/\/291n.mj.am\/link\/291n\/xlpm84l92xww\/7\/yKL5u9FpulyGfaUET5SgwQ\/aHR0cDovL3d3dy5hY2I0NC5iemg\">www.acb44.bzh<\/a><\/p>\n<p>[bloc-gris]<\/p>\n<p><strong>Setu ar pemp emgav aozet e 2015 :<\/strong><\/p>\n<ul>\n<li><strong>Yaou 19 a viz Du<\/strong>, da 20e, Sal Meuniers, kreizenn La Tannerie, e <strong>Loroux-\u00a0Bottereau<\/strong><\/li>\n<li><strong>Yaou 26 a viz Du<\/strong>, da 20e, Sal Fraternit\u00e9, Plasenn kumun Pariz e <strong>Cou\u00ebron<\/strong><\/li>\n<li><strong>Sadorn 5 a viz Kerzu<\/strong>, da 10e, e Maner liorzh ar planto\u00f9, 50 straed Pornichet e <strong>Saint-Nazer<\/strong><\/li>\n<li><strong>Yaou 10 <strong>a viz Kerzu<\/strong><\/strong>, da 20e, Sal Gwer, Ti-k\u00ear, cour du S\u00e9quoia e <strong>Saffr\u00e9<\/strong><\/li>\n<li><strong>Sadorn 12 <strong>a viz Kerzu<\/strong><\/strong>, da 10e, Mirdi Bro-Retz, 6 straer Moines e <strong>Bourgneuf-en-Retz<\/strong><\/li>\n<\/ul>\n<p>[\/bloc-gris]<\/p>\n","protected":false},"excerpt":{"rendered":"<p>Pedi\u00f1 a ra Aja\u00f1s sevenadurel breizhek Morvan Lebesque aktourien sevenadur breizh departamant al Liger Atlantel da 6vet \u00ab Emgavio\u00f9 aktourien sevenadur Breizh \u00bb. Aozet e miz du ha kerzu 2015, an emgavio\u00f9-se a zo aozet evit kinnig sevenadur Breizh el Liger Atlantel hag al labour a vez graet gant an aja\u00f1s evit bruda\u00f1 ha diorroi\u00f1\u00a0 [&hellip;]<\/p>\n","protected":false},"author":1,"featured_media":0,"comment_status":"closed","ping_status":"open","sticky":false,"template":"","format":"standard","meta":{"_acf_changed":false,"inline_featured_image":false,"footnotes":""},"categories":[48,233],"tags":[],"class_list":["post-3088","post","type-post","status-publish","format-standard","hentry","category-bcd","category-danvez-sevenadurel"],"acf":[],"yoast_head":"<!-- This site is optimized with the Yoast SEO plugin v24.2 - https:\/\/yoast.com\/wordpress\/plugins\/seo\/ -->\n<title>Emgavio\u00f9 aktourien sevenadur Breizh el Liger Atlantel e miz du ha kerzu - Bretagne Culture Diversit\u00e9<\/title>\n<meta name=\"robots\" content=\"index, follow, max-snippet:-1, max-image-preview:large, max-video-preview:-1\" \/>\n<link rel=\"canonical\" href=\"https:\/\/www.bcd.bzh\/br\/bcd\/emgaviou-aktourien-sevenadur-breizh-el-liger-atlantel-e-miz-du-ha-kerzu\/\" \/>\n<meta property=\"og:locale\" content=\"en_US\" \/>\n<meta property=\"og:type\" content=\"article\" \/>\n<meta property=\"og:title\" content=\"Emgavio\u00f9 aktourien sevenadur Breizh el Liger Atlantel e miz du ha kerzu - Bretagne Culture Diversit\u00e9\" \/>\n<meta property=\"og:description\" content=\"Pedi\u00f1 a ra Aja\u00f1s sevenadurel breizhek Morvan Lebesque aktourien sevenadur breizh departamant al Liger Atlantel da 6vet \u00ab Emgavio\u00f9 aktourien sevenadur Breizh \u00bb. Aozet e miz du ha kerzu 2015, an emgavio\u00f9-se a zo aozet evit kinnig sevenadur Breizh el Liger Atlantel hag al labour a vez graet gant an aja\u00f1s evit bruda\u00f1 ha diorroi\u00f1\u00a0 [&hellip;]\" \/>\n<meta property=\"og:url\" content=\"https:\/\/www.bcd.bzh\/br\/bcd\/emgaviou-aktourien-sevenadur-breizh-el-liger-atlantel-e-miz-du-ha-kerzu\/\" \/>\n<meta property=\"og:site_name\" content=\"Bretagne Culture Diversit\u00e9\" \/>\n<meta property=\"article:published_time\" content=\"2015-10-30T10:28:38+00:00\" \/>\n<meta name=\"author\" content=\"bcdadmin\" \/>\n<meta name=\"twitter:card\" content=\"summary_large_image\" \/>\n<meta name=\"twitter:label1\" content=\"Written by\" \/>\n\t<meta name=\"twitter:data1\" content=\"bcdadmin\" \/>\n\t<meta name=\"twitter:label2\" content=\"Est. reading time\" \/>\n\t<meta name=\"twitter:data2\" content=\"1 minute\" \/>\n<script type=\"application\/ld+json\" class=\"yoast-schema-graph\">{\"@context\":\"https:\/\/schema.org\",\"@graph\":[{\"@type\":\"WebPage\",\"@id\":\"https:\/\/www.bcd.bzh\/br\/bcd\/emgaviou-aktourien-sevenadur-breizh-el-liger-atlantel-e-miz-du-ha-kerzu\/\",\"url\":\"https:\/\/www.bcd.bzh\/br\/bcd\/emgaviou-aktourien-sevenadur-breizh-el-liger-atlantel-e-miz-du-ha-kerzu\/\",\"name\":\"Emgavio\u00f9 aktourien sevenadur Breizh el Liger Atlantel e miz du ha kerzu - Bretagne Culture Diversit\u00e9\",\"isPartOf\":{\"@id\":\"https:\/\/www.bcd.bzh\/br\/#website\"},\"datePublished\":\"2015-10-30T10:28:38+00:00\",\"dateModified\":\"2015-10-30T10:28:38+00:00\",\"author\":{\"@id\":\"https:\/\/www.bcd.bzh\/br\/#\/schema\/person\/1d926d0c1875bcd45e76e007ab2af99f\"},\"breadcrumb\":{\"@id\":\"https:\/\/www.bcd.bzh\/br\/bcd\/emgaviou-aktourien-sevenadur-breizh-el-liger-atlantel-e-miz-du-ha-kerzu\/#breadcrumb\"},\"inLanguage\":\"br-BR\",\"potentialAction\":[{\"@type\":\"ReadAction\",\"target\":[\"https:\/\/www.bcd.bzh\/br\/bcd\/emgaviou-aktourien-sevenadur-breizh-el-liger-atlantel-e-miz-du-ha-kerzu\/\"]}]},{\"@type\":\"BreadcrumbList\",\"@id\":\"https:\/\/www.bcd.bzh\/br\/bcd\/emgaviou-aktourien-sevenadur-breizh-el-liger-atlantel-e-miz-du-ha-kerzu\/#breadcrumb\",\"itemListElement\":[{\"@type\":\"ListItem\",\"position\":1,\"name\":\"Accueil\",\"item\":\"https:\/\/www.bcd.bzh\/br\/\"},{\"@type\":\"ListItem\",\"position\":2,\"name\":\"Emgavio\u00f9 aktourien sevenadur Breizh el Liger Atlantel e miz du ha kerzu\"}]},{\"@type\":\"WebSite\",\"@id\":\"https:\/\/www.bcd.bzh\/br\/#website\",\"url\":\"https:\/\/www.bcd.bzh\/br\/\",\"name\":\"Bretagne Culture Diversit\u00e9\",\"description\":\"BCD \/ Sevenadurio\u00f9 Breizh\",\"potentialAction\":[{\"@type\":\"SearchAction\",\"target\":{\"@type\":\"EntryPoint\",\"urlTemplate\":\"https:\/\/www.bcd.bzh\/br\/?s={search_term_string}\"},\"query-input\":{\"@type\":\"PropertyValueSpecification\",\"valueRequired\":true,\"valueName\":\"search_term_string\"}}],\"inLanguage\":\"br-BR\"},{\"@type\":\"Person\",\"@id\":\"https:\/\/www.bcd.bzh\/br\/#\/schema\/person\/1d926d0c1875bcd45e76e007ab2af99f\",\"name\":\"bcdadmin\",\"image\":{\"@type\":\"ImageObject\",\"inLanguage\":\"br-BR\",\"@id\":\"https:\/\/www.bcd.bzh\/br\/#\/schema\/person\/image\/\",\"url\":\"https:\/\/secure.gravatar.com\/avatar\/d21920759bff8844c5dfbdf914df557bcef7dc1afcd74962dacb1a3419cb7e63?s=96&d=mm&r=g\",\"contentUrl\":\"https:\/\/secure.gravatar.com\/avatar\/d21920759bff8844c5dfbdf914df557bcef7dc1afcd74962dacb1a3419cb7e63?s=96&d=mm&r=g\",\"caption\":\"bcdadmin\"},\"sameAs\":[\"https:\/\/www.bcd.bzh\"],\"url\":\"https:\/\/www.bcd.bzh\/br\/author\/bcdadmin\/\"}]}<\/script>\n<!-- \/ Yoast SEO plugin. -->","yoast_head_json":{"title":"Emgavio\u00f9 aktourien sevenadur Breizh el Liger Atlantel e miz du ha kerzu - Bretagne Culture Diversit\u00e9","robots":{"index":"index","follow":"follow","max-snippet":"max-snippet:-1","max-image-preview":"max-image-preview:large","max-video-preview":"max-video-preview:-1"},"canonical":"https:\/\/www.bcd.bzh\/br\/bcd\/emgaviou-aktourien-sevenadur-breizh-el-liger-atlantel-e-miz-du-ha-kerzu\/","og_locale":"en_US","og_type":"article","og_title":"Emgavio\u00f9 aktourien sevenadur Breizh el Liger Atlantel e miz du ha kerzu - Bretagne Culture Diversit\u00e9","og_description":"Pedi\u00f1 a ra Aja\u00f1s sevenadurel breizhek Morvan Lebesque aktourien sevenadur breizh departamant al Liger Atlantel da 6vet \u00ab Emgavio\u00f9 aktourien sevenadur Breizh \u00bb. Aozet e miz du ha kerzu 2015, an emgavio\u00f9-se a zo aozet evit kinnig sevenadur Breizh el Liger Atlantel hag al labour a vez graet gant an aja\u00f1s evit bruda\u00f1 ha diorroi\u00f1\u00a0 [&hellip;]","og_url":"https:\/\/www.bcd.bzh\/br\/bcd\/emgaviou-aktourien-sevenadur-breizh-el-liger-atlantel-e-miz-du-ha-kerzu\/","og_site_name":"Bretagne Culture Diversit\u00e9","article_published_time":"2015-10-30T10:28:38+00:00","author":"bcdadmin","twitter_card":"summary_large_image","twitter_misc":{"Written by":"bcdadmin","Est. reading time":"1 minute"},"schema":{"@context":"https:\/\/schema.org","@graph":[{"@type":"WebPage","@id":"https:\/\/www.bcd.bzh\/br\/bcd\/emgaviou-aktourien-sevenadur-breizh-el-liger-atlantel-e-miz-du-ha-kerzu\/","url":"https:\/\/www.bcd.bzh\/br\/bcd\/emgaviou-aktourien-sevenadur-breizh-el-liger-atlantel-e-miz-du-ha-kerzu\/","name":"Emgavio\u00f9 aktourien sevenadur Breizh el Liger Atlantel e miz du ha kerzu - Bretagne Culture Diversit\u00e9","isPartOf":{"@id":"https:\/\/www.bcd.bzh\/br\/#website"},"datePublished":"2015-10-30T10:28:38+00:00","dateModified":"2015-10-30T10:28:38+00:00","author":{"@id":"https:\/\/www.bcd.bzh\/br\/#\/schema\/person\/1d926d0c1875bcd45e76e007ab2af99f"},"breadcrumb":{"@id":"https:\/\/www.bcd.bzh\/br\/bcd\/emgaviou-aktourien-sevenadur-breizh-el-liger-atlantel-e-miz-du-ha-kerzu\/#breadcrumb"},"inLanguage":"br-BR","potentialAction":[{"@type":"ReadAction","target":["https:\/\/www.bcd.bzh\/br\/bcd\/emgaviou-aktourien-sevenadur-breizh-el-liger-atlantel-e-miz-du-ha-kerzu\/"]}]},{"@type":"BreadcrumbList","@id":"https:\/\/www.bcd.bzh\/br\/bcd\/emgaviou-aktourien-sevenadur-breizh-el-liger-atlantel-e-miz-du-ha-kerzu\/#breadcrumb","itemListElement":[{"@type":"ListItem","position":1,"name":"Accueil","item":"https:\/\/www.bcd.bzh\/br\/"},{"@type":"ListItem","position":2,"name":"Emgavio\u00f9 aktourien sevenadur Breizh el Liger Atlantel e miz du ha kerzu"}]},{"@type":"WebSite","@id":"https:\/\/www.bcd.bzh\/br\/#website","url":"https:\/\/www.bcd.bzh\/br\/","name":"Bretagne Culture Diversit\u00e9","description":"BCD \/ Sevenadurio\u00f9 Breizh","potentialAction":[{"@type":"SearchAction","target":{"@type":"EntryPoint","urlTemplate":"https:\/\/www.bcd.bzh\/br\/?s={search_term_string}"},"query-input":{"@type":"PropertyValueSpecification","valueRequired":true,"valueName":"search_term_string"}}],"inLanguage":"br-BR"},{"@type":"Person","@id":"https:\/\/www.bcd.bzh\/br\/#\/schema\/person\/1d926d0c1875bcd45e76e007ab2af99f","name":"bcdadmin","image":{"@type":"ImageObject","inLanguage":"br-BR","@id":"https:\/\/www.bcd.bzh\/br\/#\/schema\/person\/image\/","url":"https:\/\/secure.gravatar.com\/avatar\/d21920759bff8844c5dfbdf914df557bcef7dc1afcd74962dacb1a3419cb7e63?s=96&d=mm&r=g","contentUrl":"https:\/\/secure.gravatar.com\/avatar\/d21920759bff8844c5dfbdf914df557bcef7dc1afcd74962dacb1a3419cb7e63?s=96&d=mm&r=g","caption":"bcdadmin"},"sameAs":["https:\/\/www.bcd.bzh"],"url":"https:\/\/www.bcd.bzh\/br\/author\/bcdadmin\/"}]}},"_links":{"self":[{"href":"https:\/\/www.bcd.bzh\/br\/wp-json\/wp\/v2\/posts\/3088","targetHints":{"allow":["GET"]}}],"collection":[{"href":"https:\/\/www.bcd.bzh\/br\/wp-json\/wp\/v2\/posts"}],"about":[{"href":"https:\/\/www.bcd.bzh\/br\/wp-json\/wp\/v2\/types\/post"}],"author":[{"embeddable":true,"href":"https:\/\/www.bcd.bzh\/br\/wp-json\/wp\/v2\/users\/1"}],"replies":[{"embeddable":true,"href":"https:\/\/www.bcd.bzh\/br\/wp-json\/wp\/v2\/comments?post=3088"}],"version-history":[{"count":0,"href":"https:\/\/www.bcd.bzh\/br\/wp-json\/wp\/v2\/posts\/3088\/revisions"}],"wp:attachment":[{"href":"https:\/\/www.bcd.bzh\/br\/wp-json\/wp\/v2\/media?parent=3088"}],"wp:term":[{"taxonomy":"category","embeddable":true,"href":"https:\/\/www.bcd.bzh\/br\/wp-json\/wp\/v2\/categories?post=3088"},{"taxonomy":"post_tag","embeddable":true,"href":"https:\/\/www.bcd.bzh\/br\/wp-json\/wp\/v2\/tags?post=3088"}],"curies":[{"name":"wp","href":"https:\/\/api.w.org\/{rel}","templated":true}]}}