{"id":3101,"date":"2016-06-17T12:42:24","date_gmt":"2016-06-17T10:42:24","guid":{"rendered":"https:\/\/preprod.bcd.bzh\/uncategorized-br\/emvod-publik-war-renabl-ar-gsd-e-bro-kornog-kreiz-breizh-dar-4-a-viz-gouere-e-lokeoret\/"},"modified":"2016-06-17T12:42:24","modified_gmt":"2016-06-17T10:42:24","slug":"emvod-publik-war-renabl-ar-gsd-e-bro-kornog-kreiz-breizh-dar-4-a-viz-gouere-e-lokeoret","status":"publish","type":"post","link":"https:\/\/www.bcd.bzh\/br\/bcd\/emvod-publik-war-renabl-ar-gsd-e-bro-kornog-kreiz-breizh-dar-4-a-viz-gouere-e-lokeoret\/","title":{"rendered":"Emvod publik war renabl ar GSD e Bro Korn\u00f4g Kreiz Breizh d&#8217;ar 4 a viz Gouere e Lokeoret"},"content":{"rendered":"<h3>Un emvod publik a zo aozet d&#8217;ar 4 a viz Gouere e Lokeoret evit displega\u00f1 d&#8217;ar bobla\u00f1s palio\u00f9 ha mod implij renabl ar glad sevenadurel dizanvezel e Bro Korn\u00f4g Kreiz Breizh.<\/h3>\n<p>Krog eo BCD\/Sevenadurio\u00f9 Breizh da sevel renabl glad sevenadurel dizanvezel Bro Korn\u00f4g kreiz Breizh gant sikour ar bodad Sevenadur Kuzul diorroi\u00f1 ar Vro ha dilennidi kumunio\u00f9 ar vro. Holl lodenno\u00f9 ar glad sevenadurel a vez taolet pled outo war an dachenn etrevroadel gant ar Feuremglev evit gwarez ar glad sevenadurel dizanvezel skrivet e 2003 gant an Unesco.<\/p>\n<p>Fellout a ra d\u2019an holl aktourien-se labourat asambles gant ar bobla\u00f1s evit nevesaat ar ouiziegezh a zo war glado\u00f9 ar vro, penaos int bevet ha penaos e tegasont fouge ha peseurt skeudenn pozitivel ha dedennus e roont d&#8217;ar vro.<\/p>\n<p>Padout a raio ar renabl e-pad pevar bloazh hanter ha meur a zarvoud a vo aozet a \u2013hed an oberiadenn (kenstrivadeg, stalio\u00f9-labour evit ar skolidi ha liseidi, prezegenno\u00f9, emvodo\u00f9 publik\u2026).<\/p>\n<p><strong>Penaos e vo aozet ar renabl-ma\u00f1\u00a0?<\/strong><\/p>\n<p>Renabli\u00f1 ar glad sevenadurel dizanvezel a zo studia\u00f1 ar pleustro\u00f9 bev c&#8217;hoazh hiziv e meur a zachenn\u00a0: an artizanerezh hengounel (kantennerezh, gwiskamanto\u00f9)\u00a0; an anaoudegezhio\u00f9 liammet ouzh an natur\u00a0 (implij ar planto\u00f9 gant perzhio\u00f9 mezhegel, disko\u00f1terien, skianto\u00f9-prenet war an endro)\u00a0; al lido\u00f9 ha gouelio\u00f9 (pardonio\u00f9, meurlarjez, fest-noz, kenstrivadeg sonerezh)\u00a0; ar binvio\u00f9 sonerezh (klarinetenn \/ treujenn gaol, violo\u00f1s, biniou, bombard, akordeo\u00f1s)\u00a0; ar glad dre gomz (sonio\u00f9 ha gwerzio\u00f9, kontadenno\u00f9, rimadello\u00f9, mojenno\u00f9\u2026)\u00a0; ar yezh.<\/p>\n<p>Ur wech renablet an holl elfenno\u00f9-se e labourimp da warezi\u00f1 ha da vruda\u00f1 anezhe.<\/p>\n<p><strong>D&#8217;an holl eo da gemer perzh e renabl glad sevenadurel ho pro<\/strong><\/p>\n<p>Pedet eo an holl da gemer perzh er renabl-ma\u00f1, da lavarout eo pep prantad deus ar raktres-ma\u00f1 a sell diouzh pep anezad deus ar vro. Da bep hini eo neuze da lavarout deomp petra a zo glad pe h\u00earezh sevenadurel hervezha\u00f1, ha penaos e fell dezha\u00f1 bruda\u00f1 ha skigna\u00f1 anezho.<\/p>\n<p>[bloc-gris]<\/p>\n<h3>Evit kompren gwelloc&#8217;h palio\u00f9 ha mod implij ar renabl ez oc&#8217;h pedet d&#8217;un emvod publik a vo aozet e Lokeoret d\u2019al lun 4 a viz Gouere e sal ar gumuniezh-kumunio\u00f9 da 8 eur noz. Pedet oc\u2019h da zont da gemer perzh d\u2019an devezh-ma\u00f1 ! Deuit niverus !<\/h3>\n<p>[\/bloc-gris]<\/p>\n<p>&nbsp;<\/p>\n","protected":false},"excerpt":{"rendered":"<p>Un emvod publik a zo aozet d&#8217;ar 4 a viz Gouere e Lokeoret evit displega\u00f1 d&#8217;ar bobla\u00f1s palio\u00f9 ha mod implij renabl ar glad sevenadurel dizanvezel e Bro Korn\u00f4g Kreiz Breizh. Krog eo BCD\/Sevenadurio\u00f9 Breizh da sevel renabl glad sevenadurel dizanvezel Bro Korn\u00f4g kreiz Breizh gant sikour ar bodad Sevenadur Kuzul diorroi\u00f1 ar Vro ha [&hellip;]<\/p>\n","protected":false},"author":1,"featured_media":2057,"comment_status":"closed","ping_status":"open","sticky":false,"template":"","format":"standard","meta":{"_acf_changed":false,"inline_featured_image":false,"footnotes":""},"categories":[48,234],"tags":[241,242,243,244],"class_list":["post-3101","post","type-post","status-publish","format-standard","has-post-thumbnail","hentry","category-bcd","category-glad-dizanvez","tag-emvod","tag-poblans","tag-renabl-cob","tag-strollad-gsd-e-breizh"],"acf":[],"yoast_head":"<!-- This site is optimized with the Yoast SEO plugin v24.2 - https:\/\/yoast.com\/wordpress\/plugins\/seo\/ -->\n<title>Emvod publik war renabl ar GSD e Bro Korn\u00f4g Kreiz Breizh d&#039;ar 4 a viz Gouere e Lokeoret - Bretagne Culture Diversit\u00e9<\/title>\n<meta name=\"robots\" content=\"index, follow, max-snippet:-1, max-image-preview:large, max-video-preview:-1\" \/>\n<link rel=\"canonical\" href=\"https:\/\/www.bcd.bzh\/br\/bcd\/emvod-publik-war-renabl-ar-gsd-e-bro-kornog-kreiz-breizh-dar-4-a-viz-gouere-e-lokeoret\/\" \/>\n<meta property=\"og:locale\" content=\"en_US\" \/>\n<meta property=\"og:type\" content=\"article\" \/>\n<meta property=\"og:title\" content=\"Emvod publik war renabl ar GSD e Bro Korn\u00f4g Kreiz Breizh d&#039;ar 4 a viz Gouere e Lokeoret - Bretagne Culture Diversit\u00e9\" \/>\n<meta property=\"og:description\" content=\"Un emvod publik a zo aozet d&#8217;ar 4 a viz Gouere e Lokeoret evit displega\u00f1 d&#8217;ar bobla\u00f1s palio\u00f9 ha mod implij renabl ar glad sevenadurel dizanvezel e Bro Korn\u00f4g Kreiz Breizh. Krog eo BCD\/Sevenadurio\u00f9 Breizh da sevel renabl glad sevenadurel dizanvezel Bro Korn\u00f4g kreiz Breizh gant sikour ar bodad Sevenadur Kuzul diorroi\u00f1 ar Vro ha [&hellip;]\" \/>\n<meta property=\"og:url\" content=\"https:\/\/www.bcd.bzh\/br\/bcd\/emvod-publik-war-renabl-ar-gsd-e-bro-kornog-kreiz-breizh-dar-4-a-viz-gouere-e-lokeoret\/\" \/>\n<meta property=\"og:site_name\" content=\"Bretagne Culture Diversit\u00e9\" \/>\n<meta property=\"article:published_time\" content=\"2016-06-17T10:42:24+00:00\" \/>\n<meta property=\"og:image\" content=\"https:\/\/www.bcd.bzh\/wp-content\/uploads\/2022\/12\/05-Gouren-photo-Eric-Legret.jpg\" \/>\n\t<meta property=\"og:image:width\" content=\"1063\" \/>\n\t<meta property=\"og:image:height\" content=\"709\" \/>\n\t<meta property=\"og:image:type\" content=\"image\/jpeg\" \/>\n<meta name=\"author\" content=\"bcdadmin\" \/>\n<meta name=\"twitter:card\" content=\"summary_large_image\" \/>\n<meta name=\"twitter:label1\" content=\"Written by\" \/>\n\t<meta name=\"twitter:data1\" content=\"bcdadmin\" \/>\n\t<meta name=\"twitter:label2\" content=\"Est. reading time\" \/>\n\t<meta name=\"twitter:data2\" content=\"2 minutes\" \/>\n<script type=\"application\/ld+json\" class=\"yoast-schema-graph\">{\"@context\":\"https:\/\/schema.org\",\"@graph\":[{\"@type\":\"WebPage\",\"@id\":\"https:\/\/www.bcd.bzh\/br\/bcd\/emvod-publik-war-renabl-ar-gsd-e-bro-kornog-kreiz-breizh-dar-4-a-viz-gouere-e-lokeoret\/\",\"url\":\"https:\/\/www.bcd.bzh\/br\/bcd\/emvod-publik-war-renabl-ar-gsd-e-bro-kornog-kreiz-breizh-dar-4-a-viz-gouere-e-lokeoret\/\",\"name\":\"Emvod publik war renabl ar GSD e Bro Korn\u00f4g Kreiz Breizh d'ar 4 a viz Gouere e Lokeoret - Bretagne Culture Diversit\u00e9\",\"isPartOf\":{\"@id\":\"https:\/\/www.bcd.bzh\/br\/#website\"},\"primaryImageOfPage\":{\"@id\":\"https:\/\/www.bcd.bzh\/br\/bcd\/emvod-publik-war-renabl-ar-gsd-e-bro-kornog-kreiz-breizh-dar-4-a-viz-gouere-e-lokeoret\/#primaryimage\"},\"image\":{\"@id\":\"https:\/\/www.bcd.bzh\/br\/bcd\/emvod-publik-war-renabl-ar-gsd-e-bro-kornog-kreiz-breizh-dar-4-a-viz-gouere-e-lokeoret\/#primaryimage\"},\"thumbnailUrl\":\"https:\/\/www.bcd.bzh\/wp-content\/uploads\/2022\/12\/05-Gouren-photo-Eric-Legret.jpg\",\"datePublished\":\"2016-06-17T10:42:24+00:00\",\"dateModified\":\"2016-06-17T10:42:24+00:00\",\"author\":{\"@id\":\"https:\/\/www.bcd.bzh\/br\/#\/schema\/person\/1d926d0c1875bcd45e76e007ab2af99f\"},\"breadcrumb\":{\"@id\":\"https:\/\/www.bcd.bzh\/br\/bcd\/emvod-publik-war-renabl-ar-gsd-e-bro-kornog-kreiz-breizh-dar-4-a-viz-gouere-e-lokeoret\/#breadcrumb\"},\"inLanguage\":\"br-BR\",\"potentialAction\":[{\"@type\":\"ReadAction\",\"target\":[\"https:\/\/www.bcd.bzh\/br\/bcd\/emvod-publik-war-renabl-ar-gsd-e-bro-kornog-kreiz-breizh-dar-4-a-viz-gouere-e-lokeoret\/\"]}]},{\"@type\":\"ImageObject\",\"inLanguage\":\"br-BR\",\"@id\":\"https:\/\/www.bcd.bzh\/br\/bcd\/emvod-publik-war-renabl-ar-gsd-e-bro-kornog-kreiz-breizh-dar-4-a-viz-gouere-e-lokeoret\/#primaryimage\",\"url\":\"https:\/\/www.bcd.bzh\/wp-content\/uploads\/2022\/12\/05-Gouren-photo-Eric-Legret.jpg\",\"contentUrl\":\"https:\/\/www.bcd.bzh\/wp-content\/uploads\/2022\/12\/05-Gouren-photo-Eric-Legret.jpg\",\"width\":1063,\"height\":709},{\"@type\":\"BreadcrumbList\",\"@id\":\"https:\/\/www.bcd.bzh\/br\/bcd\/emvod-publik-war-renabl-ar-gsd-e-bro-kornog-kreiz-breizh-dar-4-a-viz-gouere-e-lokeoret\/#breadcrumb\",\"itemListElement\":[{\"@type\":\"ListItem\",\"position\":1,\"name\":\"Accueil\",\"item\":\"https:\/\/www.bcd.bzh\/br\/\"},{\"@type\":\"ListItem\",\"position\":2,\"name\":\"Emvod publik war renabl ar GSD e Bro Korn\u00f4g Kreiz Breizh d&rsquo;ar 4 a viz Gouere e Lokeoret\"}]},{\"@type\":\"WebSite\",\"@id\":\"https:\/\/www.bcd.bzh\/br\/#website\",\"url\":\"https:\/\/www.bcd.bzh\/br\/\",\"name\":\"Bretagne Culture Diversit\u00e9\",\"description\":\"BCD \/ Sevenadurio\u00f9 Breizh\",\"potentialAction\":[{\"@type\":\"SearchAction\",\"target\":{\"@type\":\"EntryPoint\",\"urlTemplate\":\"https:\/\/www.bcd.bzh\/br\/?s={search_term_string}\"},\"query-input\":{\"@type\":\"PropertyValueSpecification\",\"valueRequired\":true,\"valueName\":\"search_term_string\"}}],\"inLanguage\":\"br-BR\"},{\"@type\":\"Person\",\"@id\":\"https:\/\/www.bcd.bzh\/br\/#\/schema\/person\/1d926d0c1875bcd45e76e007ab2af99f\",\"name\":\"bcdadmin\",\"image\":{\"@type\":\"ImageObject\",\"inLanguage\":\"br-BR\",\"@id\":\"https:\/\/www.bcd.bzh\/br\/#\/schema\/person\/image\/\",\"url\":\"https:\/\/secure.gravatar.com\/avatar\/d21920759bff8844c5dfbdf914df557bcef7dc1afcd74962dacb1a3419cb7e63?s=96&d=mm&r=g\",\"contentUrl\":\"https:\/\/secure.gravatar.com\/avatar\/d21920759bff8844c5dfbdf914df557bcef7dc1afcd74962dacb1a3419cb7e63?s=96&d=mm&r=g\",\"caption\":\"bcdadmin\"},\"sameAs\":[\"https:\/\/www.bcd.bzh\"],\"url\":\"https:\/\/www.bcd.bzh\/br\/author\/bcdadmin\/\"}]}<\/script>\n<!-- \/ Yoast SEO plugin. -->","yoast_head_json":{"title":"Emvod publik war renabl ar GSD e Bro Korn\u00f4g Kreiz Breizh d'ar 4 a viz Gouere e Lokeoret - Bretagne Culture Diversit\u00e9","robots":{"index":"index","follow":"follow","max-snippet":"max-snippet:-1","max-image-preview":"max-image-preview:large","max-video-preview":"max-video-preview:-1"},"canonical":"https:\/\/www.bcd.bzh\/br\/bcd\/emvod-publik-war-renabl-ar-gsd-e-bro-kornog-kreiz-breizh-dar-4-a-viz-gouere-e-lokeoret\/","og_locale":"en_US","og_type":"article","og_title":"Emvod publik war renabl ar GSD e Bro Korn\u00f4g Kreiz Breizh d'ar 4 a viz Gouere e Lokeoret - Bretagne Culture Diversit\u00e9","og_description":"Un emvod publik a zo aozet d&#8217;ar 4 a viz Gouere e Lokeoret evit displega\u00f1 d&#8217;ar bobla\u00f1s palio\u00f9 ha mod implij renabl ar glad sevenadurel dizanvezel e Bro Korn\u00f4g Kreiz Breizh. Krog eo BCD\/Sevenadurio\u00f9 Breizh da sevel renabl glad sevenadurel dizanvezel Bro Korn\u00f4g kreiz Breizh gant sikour ar bodad Sevenadur Kuzul diorroi\u00f1 ar Vro ha [&hellip;]","og_url":"https:\/\/www.bcd.bzh\/br\/bcd\/emvod-publik-war-renabl-ar-gsd-e-bro-kornog-kreiz-breizh-dar-4-a-viz-gouere-e-lokeoret\/","og_site_name":"Bretagne Culture Diversit\u00e9","article_published_time":"2016-06-17T10:42:24+00:00","og_image":[{"width":1063,"height":709,"url":"https:\/\/www.bcd.bzh\/wp-content\/uploads\/2022\/12\/05-Gouren-photo-Eric-Legret.jpg","type":"image\/jpeg"}],"author":"bcdadmin","twitter_card":"summary_large_image","twitter_misc":{"Written by":"bcdadmin","Est. reading time":"2 minutes"},"schema":{"@context":"https:\/\/schema.org","@graph":[{"@type":"WebPage","@id":"https:\/\/www.bcd.bzh\/br\/bcd\/emvod-publik-war-renabl-ar-gsd-e-bro-kornog-kreiz-breizh-dar-4-a-viz-gouere-e-lokeoret\/","url":"https:\/\/www.bcd.bzh\/br\/bcd\/emvod-publik-war-renabl-ar-gsd-e-bro-kornog-kreiz-breizh-dar-4-a-viz-gouere-e-lokeoret\/","name":"Emvod publik war renabl ar GSD e Bro Korn\u00f4g Kreiz Breizh d'ar 4 a viz Gouere e Lokeoret - Bretagne Culture Diversit\u00e9","isPartOf":{"@id":"https:\/\/www.bcd.bzh\/br\/#website"},"primaryImageOfPage":{"@id":"https:\/\/www.bcd.bzh\/br\/bcd\/emvod-publik-war-renabl-ar-gsd-e-bro-kornog-kreiz-breizh-dar-4-a-viz-gouere-e-lokeoret\/#primaryimage"},"image":{"@id":"https:\/\/www.bcd.bzh\/br\/bcd\/emvod-publik-war-renabl-ar-gsd-e-bro-kornog-kreiz-breizh-dar-4-a-viz-gouere-e-lokeoret\/#primaryimage"},"thumbnailUrl":"https:\/\/www.bcd.bzh\/wp-content\/uploads\/2022\/12\/05-Gouren-photo-Eric-Legret.jpg","datePublished":"2016-06-17T10:42:24+00:00","dateModified":"2016-06-17T10:42:24+00:00","author":{"@id":"https:\/\/www.bcd.bzh\/br\/#\/schema\/person\/1d926d0c1875bcd45e76e007ab2af99f"},"breadcrumb":{"@id":"https:\/\/www.bcd.bzh\/br\/bcd\/emvod-publik-war-renabl-ar-gsd-e-bro-kornog-kreiz-breizh-dar-4-a-viz-gouere-e-lokeoret\/#breadcrumb"},"inLanguage":"br-BR","potentialAction":[{"@type":"ReadAction","target":["https:\/\/www.bcd.bzh\/br\/bcd\/emvod-publik-war-renabl-ar-gsd-e-bro-kornog-kreiz-breizh-dar-4-a-viz-gouere-e-lokeoret\/"]}]},{"@type":"ImageObject","inLanguage":"br-BR","@id":"https:\/\/www.bcd.bzh\/br\/bcd\/emvod-publik-war-renabl-ar-gsd-e-bro-kornog-kreiz-breizh-dar-4-a-viz-gouere-e-lokeoret\/#primaryimage","url":"https:\/\/www.bcd.bzh\/wp-content\/uploads\/2022\/12\/05-Gouren-photo-Eric-Legret.jpg","contentUrl":"https:\/\/www.bcd.bzh\/wp-content\/uploads\/2022\/12\/05-Gouren-photo-Eric-Legret.jpg","width":1063,"height":709},{"@type":"BreadcrumbList","@id":"https:\/\/www.bcd.bzh\/br\/bcd\/emvod-publik-war-renabl-ar-gsd-e-bro-kornog-kreiz-breizh-dar-4-a-viz-gouere-e-lokeoret\/#breadcrumb","itemListElement":[{"@type":"ListItem","position":1,"name":"Accueil","item":"https:\/\/www.bcd.bzh\/br\/"},{"@type":"ListItem","position":2,"name":"Emvod publik war renabl ar GSD e Bro Korn\u00f4g Kreiz Breizh d&rsquo;ar 4 a viz Gouere e Lokeoret"}]},{"@type":"WebSite","@id":"https:\/\/www.bcd.bzh\/br\/#website","url":"https:\/\/www.bcd.bzh\/br\/","name":"Bretagne Culture Diversit\u00e9","description":"BCD \/ Sevenadurio\u00f9 Breizh","potentialAction":[{"@type":"SearchAction","target":{"@type":"EntryPoint","urlTemplate":"https:\/\/www.bcd.bzh\/br\/?s={search_term_string}"},"query-input":{"@type":"PropertyValueSpecification","valueRequired":true,"valueName":"search_term_string"}}],"inLanguage":"br-BR"},{"@type":"Person","@id":"https:\/\/www.bcd.bzh\/br\/#\/schema\/person\/1d926d0c1875bcd45e76e007ab2af99f","name":"bcdadmin","image":{"@type":"ImageObject","inLanguage":"br-BR","@id":"https:\/\/www.bcd.bzh\/br\/#\/schema\/person\/image\/","url":"https:\/\/secure.gravatar.com\/avatar\/d21920759bff8844c5dfbdf914df557bcef7dc1afcd74962dacb1a3419cb7e63?s=96&d=mm&r=g","contentUrl":"https:\/\/secure.gravatar.com\/avatar\/d21920759bff8844c5dfbdf914df557bcef7dc1afcd74962dacb1a3419cb7e63?s=96&d=mm&r=g","caption":"bcdadmin"},"sameAs":["https:\/\/www.bcd.bzh"],"url":"https:\/\/www.bcd.bzh\/br\/author\/bcdadmin\/"}]}},"_links":{"self":[{"href":"https:\/\/www.bcd.bzh\/br\/wp-json\/wp\/v2\/posts\/3101","targetHints":{"allow":["GET"]}}],"collection":[{"href":"https:\/\/www.bcd.bzh\/br\/wp-json\/wp\/v2\/posts"}],"about":[{"href":"https:\/\/www.bcd.bzh\/br\/wp-json\/wp\/v2\/types\/post"}],"author":[{"embeddable":true,"href":"https:\/\/www.bcd.bzh\/br\/wp-json\/wp\/v2\/users\/1"}],"replies":[{"embeddable":true,"href":"https:\/\/www.bcd.bzh\/br\/wp-json\/wp\/v2\/comments?post=3101"}],"version-history":[{"count":0,"href":"https:\/\/www.bcd.bzh\/br\/wp-json\/wp\/v2\/posts\/3101\/revisions"}],"wp:featuredmedia":[{"embeddable":true,"href":"https:\/\/www.bcd.bzh\/br\/wp-json\/wp\/v2\/media\/2057"}],"wp:attachment":[{"href":"https:\/\/www.bcd.bzh\/br\/wp-json\/wp\/v2\/media?parent=3101"}],"wp:term":[{"taxonomy":"category","embeddable":true,"href":"https:\/\/www.bcd.bzh\/br\/wp-json\/wp\/v2\/categories?post=3101"},{"taxonomy":"post_tag","embeddable":true,"href":"https:\/\/www.bcd.bzh\/br\/wp-json\/wp\/v2\/tags?post=3101"}],"curies":[{"name":"wp","href":"https:\/\/api.w.org\/{rel}","templated":true}]}}