{"id":3103,"date":"2016-07-06T13:59:09","date_gmt":"2016-07-06T11:59:09","guid":{"rendered":"https:\/\/preprod.bcd.bzh\/uncategorized-br\/abadenn-sevenaduriou-diwezhan-ar-choulz-amzer-2015-2016-gouestlet-dan-dour\/"},"modified":"2016-07-06T13:59:09","modified_gmt":"2016-07-06T11:59:09","slug":"abadenn-sevenaduriou-diwezhan-ar-choulz-amzer-2015-2016-gouestlet-dan-dour","status":"publish","type":"post","link":"https:\/\/www.bcd.bzh\/br\/non-classifiee\/abadenn-sevenaduriou-diwezhan-ar-choulz-amzer-2015-2016-gouestlet-dan-dour\/","title":{"rendered":"Abadenn &#8220;Sevenadurio\u00f9&#8221; diwezha\u00f1 ar c&#8217;houlz-amzer 2015\/2016 gouestlet d&#8217;an dour"},"content":{"rendered":"<h3>An dour vez evet, an dour vez implijet evit al labour, an dour benniget hag all : puilh eo an tem pa vez studiet talvoudegezh an dour er gevredigezh hengounel hag an holl gredenno\u00f9 ha brizhkredenno\u00f9 tro dro d&#8217;ar feunteunio\u00f9.<\/h3>\n<p>Laurent Gall, ethnolouzaouer, hon eus bet ar blijadur da zegemer evit lakaat ar gaoz war ar prado\u00f9 dourek hag ivez war ar beler pe kressen-dour.<\/p>\n<p><a href=\"http:\/\/radiobreizh.bzh\/bzh\/emission.php?emid=311\">[Da selaou en-dro dre ama\u00f1]<\/a><\/p>\n<p><a href=\"http:\/\/radiobreizh.bzh\/bzh\/emission.php?emid=311\"><img loading=\"lazy\" decoding=\"async\" class=\"alignleft size-medium wp-image-5027\" src=\"http:\/\/bcd.bzh\/wp-content\/uploads\/2016\/01\/slide-radio-fildeleau-425x142.jpg\" alt=\"slide-radio-fildeleau\" width=\"425\" height=\"142\" \/><\/a><\/p>\n","protected":false},"excerpt":{"rendered":"<p>An dour vez evet, an dour vez implijet evit al labour, an dour benniget hag all : puilh eo an tem pa vez studiet talvoudegezh an dour er gevredigezh hengounel hag an holl gredenno\u00f9 ha brizhkredenno\u00f9 tro dro d&#8217;ar feunteunio\u00f9. Laurent Gall, ethnolouzaouer, hon eus bet ar blijadur da zegemer evit lakaat ar gaoz war [&hellip;]<\/p>\n","protected":false},"author":1,"featured_media":2072,"comment_status":"closed","ping_status":"open","sticky":false,"template":"","format":"standard","meta":{"_acf_changed":false,"inline_featured_image":false,"footnotes":""},"categories":[1],"tags":[246,176],"class_list":["post-3103","post","type-post","status-publish","format-standard","has-post-thumbnail","hentry","category-non-classifiee","tag-mojennou","tag-radio"],"acf":[],"yoast_head":"<!-- This site is optimized with the Yoast SEO plugin v24.2 - https:\/\/yoast.com\/wordpress\/plugins\/seo\/ -->\n<title>Abadenn &quot;Sevenadurio\u00f9&quot; diwezha\u00f1 ar c&#039;houlz-amzer 2015\/2016 gouestlet d&#039;an dour - Bretagne Culture Diversit\u00e9<\/title>\n<meta name=\"robots\" content=\"index, follow, max-snippet:-1, max-image-preview:large, max-video-preview:-1\" \/>\n<link rel=\"canonical\" href=\"https:\/\/www.bcd.bzh\/br\/non-classifiee\/abadenn-sevenaduriou-diwezhan-ar-choulz-amzer-2015-2016-gouestlet-dan-dour\/\" \/>\n<meta property=\"og:locale\" content=\"en_US\" \/>\n<meta property=\"og:type\" content=\"article\" \/>\n<meta property=\"og:title\" content=\"Abadenn &quot;Sevenadurio\u00f9&quot; diwezha\u00f1 ar c&#039;houlz-amzer 2015\/2016 gouestlet d&#039;an dour - Bretagne Culture Diversit\u00e9\" \/>\n<meta property=\"og:description\" content=\"An dour vez evet, an dour vez implijet evit al labour, an dour benniget hag all : puilh eo an tem pa vez studiet talvoudegezh an dour er gevredigezh hengounel hag an holl gredenno\u00f9 ha brizhkredenno\u00f9 tro dro d&#8217;ar feunteunio\u00f9. Laurent Gall, ethnolouzaouer, hon eus bet ar blijadur da zegemer evit lakaat ar gaoz war [&hellip;]\" \/>\n<meta property=\"og:url\" content=\"https:\/\/www.bcd.bzh\/br\/non-classifiee\/abadenn-sevenaduriou-diwezhan-ar-choulz-amzer-2015-2016-gouestlet-dan-dour\/\" \/>\n<meta property=\"og:site_name\" content=\"Bretagne Culture Diversit\u00e9\" \/>\n<meta property=\"article:published_time\" content=\"2016-07-06T11:59:09+00:00\" \/>\n<meta property=\"og:image\" content=\"https:\/\/www.bcd.bzh\/wp-content\/uploads\/2022\/12\/slide-radio-fildeleau.jpg\" \/>\n\t<meta property=\"og:image:width\" content=\"1200\" \/>\n\t<meta property=\"og:image:height\" content=\"400\" \/>\n\t<meta property=\"og:image:type\" content=\"image\/jpeg\" \/>\n<meta name=\"author\" content=\"bcdadmin\" \/>\n<meta name=\"twitter:card\" content=\"summary_large_image\" \/>\n<meta name=\"twitter:label1\" content=\"Written by\" \/>\n\t<meta name=\"twitter:data1\" content=\"bcdadmin\" \/>\n<script type=\"application\/ld+json\" class=\"yoast-schema-graph\">{\"@context\":\"https:\/\/schema.org\",\"@graph\":[{\"@type\":\"WebPage\",\"@id\":\"https:\/\/www.bcd.bzh\/br\/non-classifiee\/abadenn-sevenaduriou-diwezhan-ar-choulz-amzer-2015-2016-gouestlet-dan-dour\/\",\"url\":\"https:\/\/www.bcd.bzh\/br\/non-classifiee\/abadenn-sevenaduriou-diwezhan-ar-choulz-amzer-2015-2016-gouestlet-dan-dour\/\",\"name\":\"Abadenn \\\"Sevenadurio\u00f9\\\" diwezha\u00f1 ar c'houlz-amzer 2015\/2016 gouestlet d'an dour - Bretagne Culture Diversit\u00e9\",\"isPartOf\":{\"@id\":\"https:\/\/www.bcd.bzh\/br\/#website\"},\"primaryImageOfPage\":{\"@id\":\"https:\/\/www.bcd.bzh\/br\/non-classifiee\/abadenn-sevenaduriou-diwezhan-ar-choulz-amzer-2015-2016-gouestlet-dan-dour\/#primaryimage\"},\"image\":{\"@id\":\"https:\/\/www.bcd.bzh\/br\/non-classifiee\/abadenn-sevenaduriou-diwezhan-ar-choulz-amzer-2015-2016-gouestlet-dan-dour\/#primaryimage\"},\"thumbnailUrl\":\"https:\/\/www.bcd.bzh\/wp-content\/uploads\/2022\/12\/slide-radio-fildeleau.jpg\",\"datePublished\":\"2016-07-06T11:59:09+00:00\",\"dateModified\":\"2016-07-06T11:59:09+00:00\",\"author\":{\"@id\":\"https:\/\/www.bcd.bzh\/br\/#\/schema\/person\/1d926d0c1875bcd45e76e007ab2af99f\"},\"breadcrumb\":{\"@id\":\"https:\/\/www.bcd.bzh\/br\/non-classifiee\/abadenn-sevenaduriou-diwezhan-ar-choulz-amzer-2015-2016-gouestlet-dan-dour\/#breadcrumb\"},\"inLanguage\":\"br-BR\",\"potentialAction\":[{\"@type\":\"ReadAction\",\"target\":[\"https:\/\/www.bcd.bzh\/br\/non-classifiee\/abadenn-sevenaduriou-diwezhan-ar-choulz-amzer-2015-2016-gouestlet-dan-dour\/\"]}]},{\"@type\":\"ImageObject\",\"inLanguage\":\"br-BR\",\"@id\":\"https:\/\/www.bcd.bzh\/br\/non-classifiee\/abadenn-sevenaduriou-diwezhan-ar-choulz-amzer-2015-2016-gouestlet-dan-dour\/#primaryimage\",\"url\":\"https:\/\/www.bcd.bzh\/wp-content\/uploads\/2022\/12\/slide-radio-fildeleau.jpg\",\"contentUrl\":\"https:\/\/www.bcd.bzh\/wp-content\/uploads\/2022\/12\/slide-radio-fildeleau.jpg\",\"width\":1200,\"height\":400},{\"@type\":\"BreadcrumbList\",\"@id\":\"https:\/\/www.bcd.bzh\/br\/non-classifiee\/abadenn-sevenaduriou-diwezhan-ar-choulz-amzer-2015-2016-gouestlet-dan-dour\/#breadcrumb\",\"itemListElement\":[{\"@type\":\"ListItem\",\"position\":1,\"name\":\"Accueil\",\"item\":\"https:\/\/www.bcd.bzh\/br\/\"},{\"@type\":\"ListItem\",\"position\":2,\"name\":\"Abadenn \u00ab\u00a0Sevenadurio\u00f9\u00a0\u00bb diwezha\u00f1 ar c&rsquo;houlz-amzer 2015\/2016 gouestlet d&rsquo;an dour\"}]},{\"@type\":\"WebSite\",\"@id\":\"https:\/\/www.bcd.bzh\/br\/#website\",\"url\":\"https:\/\/www.bcd.bzh\/br\/\",\"name\":\"Bretagne Culture Diversit\u00e9\",\"description\":\"BCD \/ Sevenadurio\u00f9 Breizh\",\"potentialAction\":[{\"@type\":\"SearchAction\",\"target\":{\"@type\":\"EntryPoint\",\"urlTemplate\":\"https:\/\/www.bcd.bzh\/br\/?s={search_term_string}\"},\"query-input\":{\"@type\":\"PropertyValueSpecification\",\"valueRequired\":true,\"valueName\":\"search_term_string\"}}],\"inLanguage\":\"br-BR\"},{\"@type\":\"Person\",\"@id\":\"https:\/\/www.bcd.bzh\/br\/#\/schema\/person\/1d926d0c1875bcd45e76e007ab2af99f\",\"name\":\"bcdadmin\",\"image\":{\"@type\":\"ImageObject\",\"inLanguage\":\"br-BR\",\"@id\":\"https:\/\/www.bcd.bzh\/br\/#\/schema\/person\/image\/\",\"url\":\"https:\/\/secure.gravatar.com\/avatar\/d21920759bff8844c5dfbdf914df557bcef7dc1afcd74962dacb1a3419cb7e63?s=96&d=mm&r=g\",\"contentUrl\":\"https:\/\/secure.gravatar.com\/avatar\/d21920759bff8844c5dfbdf914df557bcef7dc1afcd74962dacb1a3419cb7e63?s=96&d=mm&r=g\",\"caption\":\"bcdadmin\"},\"sameAs\":[\"https:\/\/www.bcd.bzh\"],\"url\":\"https:\/\/www.bcd.bzh\/br\/author\/bcdadmin\/\"}]}<\/script>\n<!-- \/ Yoast SEO plugin. -->","yoast_head_json":{"title":"Abadenn \"Sevenadurio\u00f9\" diwezha\u00f1 ar c'houlz-amzer 2015\/2016 gouestlet d'an dour - Bretagne Culture Diversit\u00e9","robots":{"index":"index","follow":"follow","max-snippet":"max-snippet:-1","max-image-preview":"max-image-preview:large","max-video-preview":"max-video-preview:-1"},"canonical":"https:\/\/www.bcd.bzh\/br\/non-classifiee\/abadenn-sevenaduriou-diwezhan-ar-choulz-amzer-2015-2016-gouestlet-dan-dour\/","og_locale":"en_US","og_type":"article","og_title":"Abadenn \"Sevenadurio\u00f9\" diwezha\u00f1 ar c'houlz-amzer 2015\/2016 gouestlet d'an dour - Bretagne Culture Diversit\u00e9","og_description":"An dour vez evet, an dour vez implijet evit al labour, an dour benniget hag all : puilh eo an tem pa vez studiet talvoudegezh an dour er gevredigezh hengounel hag an holl gredenno\u00f9 ha brizhkredenno\u00f9 tro dro d&#8217;ar feunteunio\u00f9. Laurent Gall, ethnolouzaouer, hon eus bet ar blijadur da zegemer evit lakaat ar gaoz war [&hellip;]","og_url":"https:\/\/www.bcd.bzh\/br\/non-classifiee\/abadenn-sevenaduriou-diwezhan-ar-choulz-amzer-2015-2016-gouestlet-dan-dour\/","og_site_name":"Bretagne Culture Diversit\u00e9","article_published_time":"2016-07-06T11:59:09+00:00","og_image":[{"width":1200,"height":400,"url":"https:\/\/www.bcd.bzh\/wp-content\/uploads\/2022\/12\/slide-radio-fildeleau.jpg","type":"image\/jpeg"}],"author":"bcdadmin","twitter_card":"summary_large_image","twitter_misc":{"Written by":"bcdadmin"},"schema":{"@context":"https:\/\/schema.org","@graph":[{"@type":"WebPage","@id":"https:\/\/www.bcd.bzh\/br\/non-classifiee\/abadenn-sevenaduriou-diwezhan-ar-choulz-amzer-2015-2016-gouestlet-dan-dour\/","url":"https:\/\/www.bcd.bzh\/br\/non-classifiee\/abadenn-sevenaduriou-diwezhan-ar-choulz-amzer-2015-2016-gouestlet-dan-dour\/","name":"Abadenn \"Sevenadurio\u00f9\" diwezha\u00f1 ar c'houlz-amzer 2015\/2016 gouestlet d'an dour - Bretagne Culture Diversit\u00e9","isPartOf":{"@id":"https:\/\/www.bcd.bzh\/br\/#website"},"primaryImageOfPage":{"@id":"https:\/\/www.bcd.bzh\/br\/non-classifiee\/abadenn-sevenaduriou-diwezhan-ar-choulz-amzer-2015-2016-gouestlet-dan-dour\/#primaryimage"},"image":{"@id":"https:\/\/www.bcd.bzh\/br\/non-classifiee\/abadenn-sevenaduriou-diwezhan-ar-choulz-amzer-2015-2016-gouestlet-dan-dour\/#primaryimage"},"thumbnailUrl":"https:\/\/www.bcd.bzh\/wp-content\/uploads\/2022\/12\/slide-radio-fildeleau.jpg","datePublished":"2016-07-06T11:59:09+00:00","dateModified":"2016-07-06T11:59:09+00:00","author":{"@id":"https:\/\/www.bcd.bzh\/br\/#\/schema\/person\/1d926d0c1875bcd45e76e007ab2af99f"},"breadcrumb":{"@id":"https:\/\/www.bcd.bzh\/br\/non-classifiee\/abadenn-sevenaduriou-diwezhan-ar-choulz-amzer-2015-2016-gouestlet-dan-dour\/#breadcrumb"},"inLanguage":"br-BR","potentialAction":[{"@type":"ReadAction","target":["https:\/\/www.bcd.bzh\/br\/non-classifiee\/abadenn-sevenaduriou-diwezhan-ar-choulz-amzer-2015-2016-gouestlet-dan-dour\/"]}]},{"@type":"ImageObject","inLanguage":"br-BR","@id":"https:\/\/www.bcd.bzh\/br\/non-classifiee\/abadenn-sevenaduriou-diwezhan-ar-choulz-amzer-2015-2016-gouestlet-dan-dour\/#primaryimage","url":"https:\/\/www.bcd.bzh\/wp-content\/uploads\/2022\/12\/slide-radio-fildeleau.jpg","contentUrl":"https:\/\/www.bcd.bzh\/wp-content\/uploads\/2022\/12\/slide-radio-fildeleau.jpg","width":1200,"height":400},{"@type":"BreadcrumbList","@id":"https:\/\/www.bcd.bzh\/br\/non-classifiee\/abadenn-sevenaduriou-diwezhan-ar-choulz-amzer-2015-2016-gouestlet-dan-dour\/#breadcrumb","itemListElement":[{"@type":"ListItem","position":1,"name":"Accueil","item":"https:\/\/www.bcd.bzh\/br\/"},{"@type":"ListItem","position":2,"name":"Abadenn \u00ab\u00a0Sevenadurio\u00f9\u00a0\u00bb diwezha\u00f1 ar c&rsquo;houlz-amzer 2015\/2016 gouestlet d&rsquo;an dour"}]},{"@type":"WebSite","@id":"https:\/\/www.bcd.bzh\/br\/#website","url":"https:\/\/www.bcd.bzh\/br\/","name":"Bretagne Culture Diversit\u00e9","description":"BCD \/ Sevenadurio\u00f9 Breizh","potentialAction":[{"@type":"SearchAction","target":{"@type":"EntryPoint","urlTemplate":"https:\/\/www.bcd.bzh\/br\/?s={search_term_string}"},"query-input":{"@type":"PropertyValueSpecification","valueRequired":true,"valueName":"search_term_string"}}],"inLanguage":"br-BR"},{"@type":"Person","@id":"https:\/\/www.bcd.bzh\/br\/#\/schema\/person\/1d926d0c1875bcd45e76e007ab2af99f","name":"bcdadmin","image":{"@type":"ImageObject","inLanguage":"br-BR","@id":"https:\/\/www.bcd.bzh\/br\/#\/schema\/person\/image\/","url":"https:\/\/secure.gravatar.com\/avatar\/d21920759bff8844c5dfbdf914df557bcef7dc1afcd74962dacb1a3419cb7e63?s=96&d=mm&r=g","contentUrl":"https:\/\/secure.gravatar.com\/avatar\/d21920759bff8844c5dfbdf914df557bcef7dc1afcd74962dacb1a3419cb7e63?s=96&d=mm&r=g","caption":"bcdadmin"},"sameAs":["https:\/\/www.bcd.bzh"],"url":"https:\/\/www.bcd.bzh\/br\/author\/bcdadmin\/"}]}},"_links":{"self":[{"href":"https:\/\/www.bcd.bzh\/br\/wp-json\/wp\/v2\/posts\/3103","targetHints":{"allow":["GET"]}}],"collection":[{"href":"https:\/\/www.bcd.bzh\/br\/wp-json\/wp\/v2\/posts"}],"about":[{"href":"https:\/\/www.bcd.bzh\/br\/wp-json\/wp\/v2\/types\/post"}],"author":[{"embeddable":true,"href":"https:\/\/www.bcd.bzh\/br\/wp-json\/wp\/v2\/users\/1"}],"replies":[{"embeddable":true,"href":"https:\/\/www.bcd.bzh\/br\/wp-json\/wp\/v2\/comments?post=3103"}],"version-history":[{"count":0,"href":"https:\/\/www.bcd.bzh\/br\/wp-json\/wp\/v2\/posts\/3103\/revisions"}],"wp:featuredmedia":[{"embeddable":true,"href":"https:\/\/www.bcd.bzh\/br\/wp-json\/wp\/v2\/media\/2072"}],"wp:attachment":[{"href":"https:\/\/www.bcd.bzh\/br\/wp-json\/wp\/v2\/media?parent=3103"}],"wp:term":[{"taxonomy":"category","embeddable":true,"href":"https:\/\/www.bcd.bzh\/br\/wp-json\/wp\/v2\/categories?post=3103"},{"taxonomy":"post_tag","embeddable":true,"href":"https:\/\/www.bcd.bzh\/br\/wp-json\/wp\/v2\/tags?post=3103"}],"curies":[{"name":"wp","href":"https:\/\/api.w.org\/{rel}","templated":true}]}}