{"id":5181,"date":"2025-07-15T08:30:00","date_gmt":"2025-07-15T06:30:00","guid":{"rendered":"https:\/\/www.bcd.bzh\/?p=5181"},"modified":"2025-06-30T10:57:55","modified_gmt":"2025-06-30T08:57:55","slug":"priz-levr-istor-breizh-2025","status":"publish","type":"post","link":"https:\/\/www.bcd.bzh\/br\/bcd-2\/priz-levr-istor-breizh-2025\/","title":{"rendered":"Priz levr istor Breizh 2025"},"content":{"rendered":"\n<p class=\"has-text-align-center\"><strong>Gant BCD\/Sevenadurio\u00f9, Gouel al Levrio\u00f9 e Breizh ha Mirdi Breizh e vez aozet Priz levr istor Breizh, a vo deroet da-ge\u00f1ver Gouel al Levrio\u00f9 e Breizh, e Karaez, d&#8217;ar 25 ha 26 a viz Here 2025.<\/strong><\/p>\n\n\n\n<p>Da genta\u00f1 penn, sellit kerkent ha brema\u00f1 ouzh roll an holl levrio\u00f9 bet embannet war an danvez-se etre miz Gouere 2024 ha miz Even 2025.<\/p>\n\n\n\n<div class=\"wp-block-buttons is-content-justification-center is-layout-flex wp-container-core-buttons-is-layout-16018d1d wp-block-buttons-is-layout-flex\">\n<div class=\"wp-block-button\"><a class=\"wp-block-button__link wp-element-button\" href=\"https:\/\/www.bcd.bzh\/livres-dhistoire-de-bretagne-2024-2025\/\" target=\"_blank\" rel=\"noreferrer noopener\">Sellit ouzh ar roll<\/a><\/div>\n<\/div>\n\n\n\n<p>E-touez al levrio\u00f9-se e vo dibabet gant ar juri etre 5 ha 9 levr a vo war ar renk evit priz levr istor Breizh 2025.<\/p>\n\n\n\n<p>Grit anaoudegezh gant al loreidi gent dre&nbsp;<a href=\"https:\/\/www.bcd.bzh\/concours-prix-du-livre-dhistoire-de-bretagne\/\" target=\"_blank\" rel=\"noreferrer noopener\">glika\u00f1 ama\u00f1<\/a>.<\/p>\n","protected":false},"excerpt":{"rendered":"<p>Gant BCD\/Sevenadurio\u00f9, Gouel al Levrio\u00f9 e Breizh ha Mirdi Breizh e vez aozet Priz levr istor Breizh, a vo deroet da-ge\u00f1ver Gouel al Levrio\u00f9 e Breizh, e Karaez, d&#8217;ar 25 ha 26 a viz Here 2025. Da genta\u00f1 penn, sellit kerkent ha brema\u00f1 ouzh roll an holl levrio\u00f9 bet embannet war an danvez-se etre miz [&hellip;]<\/p>\n","protected":false},"author":1,"featured_media":5113,"comment_status":"closed","ping_status":"open","sticky":false,"template":"","format":"standard","meta":{"_acf_changed":false,"inline_featured_image":false,"footnotes":""},"categories":[265],"tags":[],"class_list":["post-5181","post","type-post","status-publish","format-standard","has-post-thumbnail","hentry","category-bcd-2"],"acf":[],"yoast_head":"<!-- This site is optimized with the Yoast SEO plugin v24.2 - https:\/\/yoast.com\/wordpress\/plugins\/seo\/ -->\n<title>Priz levr istor Breizh 2025 - Bretagne Culture Diversit\u00e9<\/title>\n<meta name=\"robots\" content=\"index, follow, max-snippet:-1, max-image-preview:large, max-video-preview:-1\" \/>\n<link rel=\"canonical\" href=\"https:\/\/www.bcd.bzh\/br\/bcd-2\/priz-levr-istor-breizh-2025\/\" \/>\n<meta property=\"og:locale\" content=\"en_US\" \/>\n<meta property=\"og:type\" content=\"article\" \/>\n<meta property=\"og:title\" content=\"Priz levr istor Breizh 2025 - Bretagne Culture Diversit\u00e9\" \/>\n<meta property=\"og:description\" content=\"Gant BCD\/Sevenadurio\u00f9, Gouel al Levrio\u00f9 e Breizh ha Mirdi Breizh e vez aozet Priz levr istor Breizh, a vo deroet da-ge\u00f1ver Gouel al Levrio\u00f9 e Breizh, e Karaez, d&#8217;ar 25 ha 26 a viz Here 2025. Da genta\u00f1 penn, sellit kerkent ha brema\u00f1 ouzh roll an holl levrio\u00f9 bet embannet war an danvez-se etre miz [&hellip;]\" \/>\n<meta property=\"og:url\" content=\"https:\/\/www.bcd.bzh\/br\/bcd-2\/priz-levr-istor-breizh-2025\/\" \/>\n<meta property=\"og:site_name\" content=\"Bretagne Culture Diversit\u00e9\" \/>\n<meta property=\"article:published_time\" content=\"2025-07-15T06:30:00+00:00\" \/>\n<meta property=\"article:modified_time\" content=\"2025-06-30T08:57:55+00:00\" \/>\n<meta property=\"og:image\" content=\"https:\/\/www.bcd.bzh\/wp-content\/uploads\/2025\/06\/Prix-du-livre-2025.png\" \/>\n\t<meta property=\"og:image:width\" content=\"730\" \/>\n\t<meta property=\"og:image:height\" content=\"460\" \/>\n\t<meta property=\"og:image:type\" content=\"image\/png\" \/>\n<meta name=\"author\" content=\"bcdadmin\" \/>\n<meta name=\"twitter:card\" content=\"summary_large_image\" \/>\n<meta name=\"twitter:label1\" content=\"Written by\" \/>\n\t<meta name=\"twitter:data1\" content=\"bcdadmin\" \/>\n\t<meta name=\"twitter:label2\" content=\"Est. reading time\" \/>\n\t<meta name=\"twitter:data2\" content=\"1 minute\" \/>\n<script type=\"application\/ld+json\" class=\"yoast-schema-graph\">{\"@context\":\"https:\/\/schema.org\",\"@graph\":[{\"@type\":\"WebPage\",\"@id\":\"https:\/\/www.bcd.bzh\/br\/bcd-2\/priz-levr-istor-breizh-2025\/\",\"url\":\"https:\/\/www.bcd.bzh\/br\/bcd-2\/priz-levr-istor-breizh-2025\/\",\"name\":\"Priz levr istor Breizh 2025 - Bretagne Culture Diversit\u00e9\",\"isPartOf\":{\"@id\":\"https:\/\/www.bcd.bzh\/br\/#website\"},\"primaryImageOfPage\":{\"@id\":\"https:\/\/www.bcd.bzh\/br\/bcd-2\/priz-levr-istor-breizh-2025\/#primaryimage\"},\"image\":{\"@id\":\"https:\/\/www.bcd.bzh\/br\/bcd-2\/priz-levr-istor-breizh-2025\/#primaryimage\"},\"thumbnailUrl\":\"https:\/\/www.bcd.bzh\/wp-content\/uploads\/2025\/06\/Prix-du-livre-2025.png\",\"datePublished\":\"2025-07-15T06:30:00+00:00\",\"dateModified\":\"2025-06-30T08:57:55+00:00\",\"author\":{\"@id\":\"https:\/\/www.bcd.bzh\/br\/#\/schema\/person\/1d926d0c1875bcd45e76e007ab2af99f\"},\"breadcrumb\":{\"@id\":\"https:\/\/www.bcd.bzh\/br\/bcd-2\/priz-levr-istor-breizh-2025\/#breadcrumb\"},\"inLanguage\":\"br-BR\",\"potentialAction\":[{\"@type\":\"ReadAction\",\"target\":[\"https:\/\/www.bcd.bzh\/br\/bcd-2\/priz-levr-istor-breizh-2025\/\"]}]},{\"@type\":\"ImageObject\",\"inLanguage\":\"br-BR\",\"@id\":\"https:\/\/www.bcd.bzh\/br\/bcd-2\/priz-levr-istor-breizh-2025\/#primaryimage\",\"url\":\"https:\/\/www.bcd.bzh\/wp-content\/uploads\/2025\/06\/Prix-du-livre-2025.png\",\"contentUrl\":\"https:\/\/www.bcd.bzh\/wp-content\/uploads\/2025\/06\/Prix-du-livre-2025.png\",\"width\":730,\"height\":460},{\"@type\":\"BreadcrumbList\",\"@id\":\"https:\/\/www.bcd.bzh\/br\/bcd-2\/priz-levr-istor-breizh-2025\/#breadcrumb\",\"itemListElement\":[{\"@type\":\"ListItem\",\"position\":1,\"name\":\"Accueil\",\"item\":\"https:\/\/www.bcd.bzh\/br\/\"},{\"@type\":\"ListItem\",\"position\":2,\"name\":\"Priz levr istor Breizh 2025\"}]},{\"@type\":\"WebSite\",\"@id\":\"https:\/\/www.bcd.bzh\/br\/#website\",\"url\":\"https:\/\/www.bcd.bzh\/br\/\",\"name\":\"Bretagne Culture Diversit\u00e9\",\"description\":\"BCD \/ Sevenadurio\u00f9 Breizh\",\"potentialAction\":[{\"@type\":\"SearchAction\",\"target\":{\"@type\":\"EntryPoint\",\"urlTemplate\":\"https:\/\/www.bcd.bzh\/br\/?s={search_term_string}\"},\"query-input\":{\"@type\":\"PropertyValueSpecification\",\"valueRequired\":true,\"valueName\":\"search_term_string\"}}],\"inLanguage\":\"br-BR\"},{\"@type\":\"Person\",\"@id\":\"https:\/\/www.bcd.bzh\/br\/#\/schema\/person\/1d926d0c1875bcd45e76e007ab2af99f\",\"name\":\"bcdadmin\",\"image\":{\"@type\":\"ImageObject\",\"inLanguage\":\"br-BR\",\"@id\":\"https:\/\/www.bcd.bzh\/br\/#\/schema\/person\/image\/\",\"url\":\"https:\/\/secure.gravatar.com\/avatar\/d21920759bff8844c5dfbdf914df557bcef7dc1afcd74962dacb1a3419cb7e63?s=96&d=mm&r=g\",\"contentUrl\":\"https:\/\/secure.gravatar.com\/avatar\/d21920759bff8844c5dfbdf914df557bcef7dc1afcd74962dacb1a3419cb7e63?s=96&d=mm&r=g\",\"caption\":\"bcdadmin\"},\"sameAs\":[\"https:\/\/www.bcd.bzh\"],\"url\":\"https:\/\/www.bcd.bzh\/br\/author\/bcdadmin\/\"}]}<\/script>\n<!-- \/ Yoast SEO plugin. -->","yoast_head_json":{"title":"Priz levr istor Breizh 2025 - Bretagne Culture Diversit\u00e9","robots":{"index":"index","follow":"follow","max-snippet":"max-snippet:-1","max-image-preview":"max-image-preview:large","max-video-preview":"max-video-preview:-1"},"canonical":"https:\/\/www.bcd.bzh\/br\/bcd-2\/priz-levr-istor-breizh-2025\/","og_locale":"en_US","og_type":"article","og_title":"Priz levr istor Breizh 2025 - Bretagne Culture Diversit\u00e9","og_description":"Gant BCD\/Sevenadurio\u00f9, Gouel al Levrio\u00f9 e Breizh ha Mirdi Breizh e vez aozet Priz levr istor Breizh, a vo deroet da-ge\u00f1ver Gouel al Levrio\u00f9 e Breizh, e Karaez, d&#8217;ar 25 ha 26 a viz Here 2025. Da genta\u00f1 penn, sellit kerkent ha brema\u00f1 ouzh roll an holl levrio\u00f9 bet embannet war an danvez-se etre miz [&hellip;]","og_url":"https:\/\/www.bcd.bzh\/br\/bcd-2\/priz-levr-istor-breizh-2025\/","og_site_name":"Bretagne Culture Diversit\u00e9","article_published_time":"2025-07-15T06:30:00+00:00","article_modified_time":"2025-06-30T08:57:55+00:00","og_image":[{"width":730,"height":460,"url":"https:\/\/www.bcd.bzh\/wp-content\/uploads\/2025\/06\/Prix-du-livre-2025.png","type":"image\/png"}],"author":"bcdadmin","twitter_card":"summary_large_image","twitter_misc":{"Written by":"bcdadmin","Est. reading time":"1 minute"},"schema":{"@context":"https:\/\/schema.org","@graph":[{"@type":"WebPage","@id":"https:\/\/www.bcd.bzh\/br\/bcd-2\/priz-levr-istor-breizh-2025\/","url":"https:\/\/www.bcd.bzh\/br\/bcd-2\/priz-levr-istor-breizh-2025\/","name":"Priz levr istor Breizh 2025 - Bretagne Culture Diversit\u00e9","isPartOf":{"@id":"https:\/\/www.bcd.bzh\/br\/#website"},"primaryImageOfPage":{"@id":"https:\/\/www.bcd.bzh\/br\/bcd-2\/priz-levr-istor-breizh-2025\/#primaryimage"},"image":{"@id":"https:\/\/www.bcd.bzh\/br\/bcd-2\/priz-levr-istor-breizh-2025\/#primaryimage"},"thumbnailUrl":"https:\/\/www.bcd.bzh\/wp-content\/uploads\/2025\/06\/Prix-du-livre-2025.png","datePublished":"2025-07-15T06:30:00+00:00","dateModified":"2025-06-30T08:57:55+00:00","author":{"@id":"https:\/\/www.bcd.bzh\/br\/#\/schema\/person\/1d926d0c1875bcd45e76e007ab2af99f"},"breadcrumb":{"@id":"https:\/\/www.bcd.bzh\/br\/bcd-2\/priz-levr-istor-breizh-2025\/#breadcrumb"},"inLanguage":"br-BR","potentialAction":[{"@type":"ReadAction","target":["https:\/\/www.bcd.bzh\/br\/bcd-2\/priz-levr-istor-breizh-2025\/"]}]},{"@type":"ImageObject","inLanguage":"br-BR","@id":"https:\/\/www.bcd.bzh\/br\/bcd-2\/priz-levr-istor-breizh-2025\/#primaryimage","url":"https:\/\/www.bcd.bzh\/wp-content\/uploads\/2025\/06\/Prix-du-livre-2025.png","contentUrl":"https:\/\/www.bcd.bzh\/wp-content\/uploads\/2025\/06\/Prix-du-livre-2025.png","width":730,"height":460},{"@type":"BreadcrumbList","@id":"https:\/\/www.bcd.bzh\/br\/bcd-2\/priz-levr-istor-breizh-2025\/#breadcrumb","itemListElement":[{"@type":"ListItem","position":1,"name":"Accueil","item":"https:\/\/www.bcd.bzh\/br\/"},{"@type":"ListItem","position":2,"name":"Priz levr istor Breizh 2025"}]},{"@type":"WebSite","@id":"https:\/\/www.bcd.bzh\/br\/#website","url":"https:\/\/www.bcd.bzh\/br\/","name":"Bretagne Culture Diversit\u00e9","description":"BCD \/ Sevenadurio\u00f9 Breizh","potentialAction":[{"@type":"SearchAction","target":{"@type":"EntryPoint","urlTemplate":"https:\/\/www.bcd.bzh\/br\/?s={search_term_string}"},"query-input":{"@type":"PropertyValueSpecification","valueRequired":true,"valueName":"search_term_string"}}],"inLanguage":"br-BR"},{"@type":"Person","@id":"https:\/\/www.bcd.bzh\/br\/#\/schema\/person\/1d926d0c1875bcd45e76e007ab2af99f","name":"bcdadmin","image":{"@type":"ImageObject","inLanguage":"br-BR","@id":"https:\/\/www.bcd.bzh\/br\/#\/schema\/person\/image\/","url":"https:\/\/secure.gravatar.com\/avatar\/d21920759bff8844c5dfbdf914df557bcef7dc1afcd74962dacb1a3419cb7e63?s=96&d=mm&r=g","contentUrl":"https:\/\/secure.gravatar.com\/avatar\/d21920759bff8844c5dfbdf914df557bcef7dc1afcd74962dacb1a3419cb7e63?s=96&d=mm&r=g","caption":"bcdadmin"},"sameAs":["https:\/\/www.bcd.bzh"],"url":"https:\/\/www.bcd.bzh\/br\/author\/bcdadmin\/"}]}},"_links":{"self":[{"href":"https:\/\/www.bcd.bzh\/br\/wp-json\/wp\/v2\/posts\/5181","targetHints":{"allow":["GET"]}}],"collection":[{"href":"https:\/\/www.bcd.bzh\/br\/wp-json\/wp\/v2\/posts"}],"about":[{"href":"https:\/\/www.bcd.bzh\/br\/wp-json\/wp\/v2\/types\/post"}],"author":[{"embeddable":true,"href":"https:\/\/www.bcd.bzh\/br\/wp-json\/wp\/v2\/users\/1"}],"replies":[{"embeddable":true,"href":"https:\/\/www.bcd.bzh\/br\/wp-json\/wp\/v2\/comments?post=5181"}],"version-history":[{"count":1,"href":"https:\/\/www.bcd.bzh\/br\/wp-json\/wp\/v2\/posts\/5181\/revisions"}],"predecessor-version":[{"id":5182,"href":"https:\/\/www.bcd.bzh\/br\/wp-json\/wp\/v2\/posts\/5181\/revisions\/5182"}],"wp:featuredmedia":[{"embeddable":true,"href":"https:\/\/www.bcd.bzh\/br\/wp-json\/wp\/v2\/media\/5113"}],"wp:attachment":[{"href":"https:\/\/www.bcd.bzh\/br\/wp-json\/wp\/v2\/media?parent=5181"}],"wp:term":[{"taxonomy":"category","embeddable":true,"href":"https:\/\/www.bcd.bzh\/br\/wp-json\/wp\/v2\/categories?post=5181"},{"taxonomy":"post_tag","embeddable":true,"href":"https:\/\/www.bcd.bzh\/br\/wp-json\/wp\/v2\/tags?post=5181"}],"curies":[{"name":"wp","href":"https:\/\/api.w.org\/{rel}","templated":true}]}}