{"id":5279,"date":"2025-08-21T08:30:00","date_gmt":"2025-08-21T06:30:00","guid":{"rendered":"https:\/\/www.bcd.bzh\/?p=5279"},"modified":"2025-09-01T15:15:54","modified_gmt":"2025-09-01T13:15:54","slug":"podkast-nevez-a-benn-nebeut","status":"publish","type":"post","link":"https:\/\/www.bcd.bzh\/br\/bcd-2\/podkast-nevez-a-benn-nebeut\/","title":{"rendered":"Ur podkast nevez a-benn nebeut\u00a0 !"},"content":{"rendered":"\n<p><strong>Ur podkast nevez a-benn nebeut\u00a0 !<\/strong><\/p>\n\n\n\n<p>En ha\u00f1v 1982 e oa bet ur buhezour radio oc&#8217;h ober e atersadenn genta\u00f1 e brezhoneg, er vro vigoudenn, e enroller Nagra ganta\u00f1. Ar paotr yaouank-se a oa Daniel Jequel e anv. Brezhoneger arroutet anezha\u00f1, sot gant sevenadur Breizh, n&#8217;en doa labouret biskoazh en ur radio en e vuhez. Met foeta\u00f1 bro a reas dizale e Breizh-Izel a-bezh evit enrolla\u00f1 brezhonegerezed ha brezhonegerien. E-pad un dek vloaz bennak e teuas mouezh Daniel Jequel da veza\u00f1 anavezet mat gant selaouerien Radio Breizh Izel, ar skingomz nevez-flamm digreizennet eus Radio Fra\u00f1s e Kemper.<\/p>\n\n\n\n<div class=\"wp-block-columns is-layout-flex wp-container-core-columns-is-layout-9d6595d7 wp-block-columns-is-layout-flex\">\n<div class=\"wp-block-column is-layout-flow wp-block-column-is-layout-flow\" style=\"flex-basis:25%\"><\/div>\n\n\n\n<div class=\"wp-block-column is-layout-flow wp-block-column-is-layout-flow\" style=\"flex-basis:50%\">\n<figure class=\"wp-block-embed aligncenter is-type-rich is-provider-soundcloud wp-block-embed-soundcloud\"><div class=\"wp-block-embed__wrapper\">\n<iframe loading=\"lazy\" title=\"Daniel J\u00e9quel, la m\u00e9moire vive d\u2019une langue by BCD\/Sevenadurio\u00f9\" width=\"640\" height=\"400\" scrolling=\"no\" frameborder=\"no\" src=\"https:\/\/w.soundcloud.com\/player\/?visual=true&#038;url=https%3A%2F%2Fapi.soundcloud.com%2Ftracks%2F2156252172&#038;show_artwork=true&#038;maxheight=960&#038;maxwidth=640\"><\/iframe>\n<\/div><\/figure>\n<\/div>\n\n\n\n<div class=\"wp-block-column is-layout-flow wp-block-column-is-layout-flow\" style=\"flex-basis:25%\"><\/div>\n<\/div>\n\n\n\n<div style=\"height:19px\" aria-hidden=\"true\" class=\"wp-block-spacer\"><\/div>\n\n\n\n<p>Mont a ra an enrolladenno\u00f9-se d&#8217;ober ur pennad espar eus memor klevet Breizh. Gant ur podkast e 4 rann, produet gant Bretagne Culture Diversit\u00e9\/Sevenadurio\u00f9, e vez kontet an avantur dibar-se, war-fed ar yezh hag an darempredo\u00f9 etre an dud, gant diello\u00f9, atersadenno\u00f9 klaskerien ha testeni ar buhezour, 40 vloaz diwezhatoc&#8217;h.<\/p>\n\n\n\n<div style=\"height:25px\" aria-hidden=\"true\" class=\"wp-block-spacer\"><\/div>\n\n\n\n<hr class=\"wp-block-separator has-alpha-channel-opacity\"\/>\n\n\n\n<div class=\"wp-block-buttons is-content-justification-center is-layout-flex wp-container-core-buttons-is-layout-16018d1d wp-block-buttons-is-layout-flex\">\n<div class=\"wp-block-button\"><a class=\"wp-block-button__link wp-element-button\" href=\"https:\/\/bcd.bzh\/becedia\/fr\/podcast-daniel-jequel-la-memoire-vive-d-une-langue\" target=\"_blank\" rel=\"noreferrer noopener\">B\u00e9c\u00e9dia<\/a><\/div>\n<\/div>\n","protected":false},"excerpt":{"rendered":"<p>Ur podkast nevez a-benn nebeut\u00a0 ! En ha\u00f1v 1982 e oa bet ur buhezour radio oc&#8217;h ober e atersadenn genta\u00f1 e brezhoneg, er vro vigoudenn, e enroller Nagra ganta\u00f1. Ar paotr yaouank-se a oa Daniel Jequel e anv. Brezhoneger arroutet anezha\u00f1, sot gant sevenadur Breizh, n&#8217;en doa labouret biskoazh en ur radio en e vuhez. [&hellip;]<\/p>\n","protected":false},"author":1,"featured_media":5280,"comment_status":"closed","ping_status":"open","sticky":false,"template":"","format":"standard","meta":{"_acf_changed":false,"inline_featured_image":false,"footnotes":""},"categories":[265,264],"tags":[],"class_list":["post-5279","post","type-post","status-publish","format-standard","has-post-thumbnail","hentry","category-bcd-2","category-becedia-2"],"acf":[],"yoast_head":"<!-- This site is optimized with the Yoast SEO plugin v24.2 - https:\/\/yoast.com\/wordpress\/plugins\/seo\/ -->\n<title>Ur podkast nevez a-benn nebeut\u00a0 ! - Bretagne Culture Diversit\u00e9<\/title>\n<meta name=\"robots\" content=\"index, follow, max-snippet:-1, max-image-preview:large, max-video-preview:-1\" \/>\n<link rel=\"canonical\" href=\"https:\/\/www.bcd.bzh\/br\/bcd-2\/podkast-nevez-a-benn-nebeut\/\" \/>\n<meta property=\"og:locale\" content=\"en_US\" \/>\n<meta property=\"og:type\" content=\"article\" \/>\n<meta property=\"og:title\" content=\"Ur podkast nevez a-benn nebeut\u00a0 ! - Bretagne Culture Diversit\u00e9\" \/>\n<meta property=\"og:description\" content=\"Ur podkast nevez a-benn nebeut\u00a0 ! En ha\u00f1v 1982 e oa bet ur buhezour radio oc&#8217;h ober e atersadenn genta\u00f1 e brezhoneg, er vro vigoudenn, e enroller Nagra ganta\u00f1. Ar paotr yaouank-se a oa Daniel Jequel e anv. Brezhoneger arroutet anezha\u00f1, sot gant sevenadur Breizh, n&#8217;en doa labouret biskoazh en ur radio en e vuhez. [&hellip;]\" \/>\n<meta property=\"og:url\" content=\"https:\/\/www.bcd.bzh\/br\/bcd-2\/podkast-nevez-a-benn-nebeut\/\" \/>\n<meta property=\"og:site_name\" content=\"Bretagne Culture Diversit\u00e9\" \/>\n<meta property=\"article:published_time\" content=\"2025-08-21T06:30:00+00:00\" \/>\n<meta property=\"article:modified_time\" content=\"2025-09-01T13:15:54+00:00\" \/>\n<meta property=\"og:image\" content=\"https:\/\/www.bcd.bzh\/wp-content\/uploads\/2025\/08\/podcast_840x560_bdx_site_nouveau.png\" \/>\n\t<meta property=\"og:image:width\" content=\"840\" \/>\n\t<meta property=\"og:image:height\" content=\"560\" \/>\n\t<meta property=\"og:image:type\" content=\"image\/png\" \/>\n<meta name=\"author\" content=\"bcdadmin\" \/>\n<meta name=\"twitter:card\" content=\"summary_large_image\" \/>\n<meta name=\"twitter:label1\" content=\"Written by\" \/>\n\t<meta name=\"twitter:data1\" content=\"bcdadmin\" \/>\n\t<meta name=\"twitter:label2\" content=\"Est. reading time\" \/>\n\t<meta name=\"twitter:data2\" content=\"2 minutes\" \/>\n<script type=\"application\/ld+json\" class=\"yoast-schema-graph\">{\"@context\":\"https:\/\/schema.org\",\"@graph\":[{\"@type\":\"WebPage\",\"@id\":\"https:\/\/www.bcd.bzh\/br\/bcd-2\/podkast-nevez-a-benn-nebeut\/\",\"url\":\"https:\/\/www.bcd.bzh\/br\/bcd-2\/podkast-nevez-a-benn-nebeut\/\",\"name\":\"Ur podkast nevez a-benn nebeut\u00a0 ! - Bretagne Culture Diversit\u00e9\",\"isPartOf\":{\"@id\":\"https:\/\/www.bcd.bzh\/br\/#website\"},\"primaryImageOfPage\":{\"@id\":\"https:\/\/www.bcd.bzh\/br\/bcd-2\/podkast-nevez-a-benn-nebeut\/#primaryimage\"},\"image\":{\"@id\":\"https:\/\/www.bcd.bzh\/br\/bcd-2\/podkast-nevez-a-benn-nebeut\/#primaryimage\"},\"thumbnailUrl\":\"https:\/\/www.bcd.bzh\/wp-content\/uploads\/2025\/08\/podcast_840x560_bdx_site_nouveau.png\",\"datePublished\":\"2025-08-21T06:30:00+00:00\",\"dateModified\":\"2025-09-01T13:15:54+00:00\",\"author\":{\"@id\":\"https:\/\/www.bcd.bzh\/br\/#\/schema\/person\/1d926d0c1875bcd45e76e007ab2af99f\"},\"breadcrumb\":{\"@id\":\"https:\/\/www.bcd.bzh\/br\/bcd-2\/podkast-nevez-a-benn-nebeut\/#breadcrumb\"},\"inLanguage\":\"br-BR\",\"potentialAction\":[{\"@type\":\"ReadAction\",\"target\":[\"https:\/\/www.bcd.bzh\/br\/bcd-2\/podkast-nevez-a-benn-nebeut\/\"]}]},{\"@type\":\"ImageObject\",\"inLanguage\":\"br-BR\",\"@id\":\"https:\/\/www.bcd.bzh\/br\/bcd-2\/podkast-nevez-a-benn-nebeut\/#primaryimage\",\"url\":\"https:\/\/www.bcd.bzh\/wp-content\/uploads\/2025\/08\/podcast_840x560_bdx_site_nouveau.png\",\"contentUrl\":\"https:\/\/www.bcd.bzh\/wp-content\/uploads\/2025\/08\/podcast_840x560_bdx_site_nouveau.png\",\"width\":840,\"height\":560},{\"@type\":\"BreadcrumbList\",\"@id\":\"https:\/\/www.bcd.bzh\/br\/bcd-2\/podkast-nevez-a-benn-nebeut\/#breadcrumb\",\"itemListElement\":[{\"@type\":\"ListItem\",\"position\":1,\"name\":\"Accueil\",\"item\":\"https:\/\/www.bcd.bzh\/br\/\"},{\"@type\":\"ListItem\",\"position\":2,\"name\":\"Ur podkast nevez a-benn nebeut\u00a0 !\"}]},{\"@type\":\"WebSite\",\"@id\":\"https:\/\/www.bcd.bzh\/br\/#website\",\"url\":\"https:\/\/www.bcd.bzh\/br\/\",\"name\":\"Bretagne Culture Diversit\u00e9\",\"description\":\"BCD \/ Sevenadurio\u00f9 Breizh\",\"potentialAction\":[{\"@type\":\"SearchAction\",\"target\":{\"@type\":\"EntryPoint\",\"urlTemplate\":\"https:\/\/www.bcd.bzh\/br\/?s={search_term_string}\"},\"query-input\":{\"@type\":\"PropertyValueSpecification\",\"valueRequired\":true,\"valueName\":\"search_term_string\"}}],\"inLanguage\":\"br-BR\"},{\"@type\":\"Person\",\"@id\":\"https:\/\/www.bcd.bzh\/br\/#\/schema\/person\/1d926d0c1875bcd45e76e007ab2af99f\",\"name\":\"bcdadmin\",\"image\":{\"@type\":\"ImageObject\",\"inLanguage\":\"br-BR\",\"@id\":\"https:\/\/www.bcd.bzh\/br\/#\/schema\/person\/image\/\",\"url\":\"https:\/\/secure.gravatar.com\/avatar\/d21920759bff8844c5dfbdf914df557bcef7dc1afcd74962dacb1a3419cb7e63?s=96&d=mm&r=g\",\"contentUrl\":\"https:\/\/secure.gravatar.com\/avatar\/d21920759bff8844c5dfbdf914df557bcef7dc1afcd74962dacb1a3419cb7e63?s=96&d=mm&r=g\",\"caption\":\"bcdadmin\"},\"sameAs\":[\"https:\/\/www.bcd.bzh\"],\"url\":\"https:\/\/www.bcd.bzh\/br\/author\/bcdadmin\/\"}]}<\/script>\n<!-- \/ Yoast SEO plugin. -->","yoast_head_json":{"title":"Ur podkast nevez a-benn nebeut\u00a0 ! - Bretagne Culture Diversit\u00e9","robots":{"index":"index","follow":"follow","max-snippet":"max-snippet:-1","max-image-preview":"max-image-preview:large","max-video-preview":"max-video-preview:-1"},"canonical":"https:\/\/www.bcd.bzh\/br\/bcd-2\/podkast-nevez-a-benn-nebeut\/","og_locale":"en_US","og_type":"article","og_title":"Ur podkast nevez a-benn nebeut\u00a0 ! - Bretagne Culture Diversit\u00e9","og_description":"Ur podkast nevez a-benn nebeut\u00a0 ! En ha\u00f1v 1982 e oa bet ur buhezour radio oc&#8217;h ober e atersadenn genta\u00f1 e brezhoneg, er vro vigoudenn, e enroller Nagra ganta\u00f1. Ar paotr yaouank-se a oa Daniel Jequel e anv. Brezhoneger arroutet anezha\u00f1, sot gant sevenadur Breizh, n&#8217;en doa labouret biskoazh en ur radio en e vuhez. [&hellip;]","og_url":"https:\/\/www.bcd.bzh\/br\/bcd-2\/podkast-nevez-a-benn-nebeut\/","og_site_name":"Bretagne Culture Diversit\u00e9","article_published_time":"2025-08-21T06:30:00+00:00","article_modified_time":"2025-09-01T13:15:54+00:00","og_image":[{"width":840,"height":560,"url":"https:\/\/www.bcd.bzh\/wp-content\/uploads\/2025\/08\/podcast_840x560_bdx_site_nouveau.png","type":"image\/png"}],"author":"bcdadmin","twitter_card":"summary_large_image","twitter_misc":{"Written by":"bcdadmin","Est. reading time":"2 minutes"},"schema":{"@context":"https:\/\/schema.org","@graph":[{"@type":"WebPage","@id":"https:\/\/www.bcd.bzh\/br\/bcd-2\/podkast-nevez-a-benn-nebeut\/","url":"https:\/\/www.bcd.bzh\/br\/bcd-2\/podkast-nevez-a-benn-nebeut\/","name":"Ur podkast nevez a-benn nebeut\u00a0 ! - Bretagne Culture Diversit\u00e9","isPartOf":{"@id":"https:\/\/www.bcd.bzh\/br\/#website"},"primaryImageOfPage":{"@id":"https:\/\/www.bcd.bzh\/br\/bcd-2\/podkast-nevez-a-benn-nebeut\/#primaryimage"},"image":{"@id":"https:\/\/www.bcd.bzh\/br\/bcd-2\/podkast-nevez-a-benn-nebeut\/#primaryimage"},"thumbnailUrl":"https:\/\/www.bcd.bzh\/wp-content\/uploads\/2025\/08\/podcast_840x560_bdx_site_nouveau.png","datePublished":"2025-08-21T06:30:00+00:00","dateModified":"2025-09-01T13:15:54+00:00","author":{"@id":"https:\/\/www.bcd.bzh\/br\/#\/schema\/person\/1d926d0c1875bcd45e76e007ab2af99f"},"breadcrumb":{"@id":"https:\/\/www.bcd.bzh\/br\/bcd-2\/podkast-nevez-a-benn-nebeut\/#breadcrumb"},"inLanguage":"br-BR","potentialAction":[{"@type":"ReadAction","target":["https:\/\/www.bcd.bzh\/br\/bcd-2\/podkast-nevez-a-benn-nebeut\/"]}]},{"@type":"ImageObject","inLanguage":"br-BR","@id":"https:\/\/www.bcd.bzh\/br\/bcd-2\/podkast-nevez-a-benn-nebeut\/#primaryimage","url":"https:\/\/www.bcd.bzh\/wp-content\/uploads\/2025\/08\/podcast_840x560_bdx_site_nouveau.png","contentUrl":"https:\/\/www.bcd.bzh\/wp-content\/uploads\/2025\/08\/podcast_840x560_bdx_site_nouveau.png","width":840,"height":560},{"@type":"BreadcrumbList","@id":"https:\/\/www.bcd.bzh\/br\/bcd-2\/podkast-nevez-a-benn-nebeut\/#breadcrumb","itemListElement":[{"@type":"ListItem","position":1,"name":"Accueil","item":"https:\/\/www.bcd.bzh\/br\/"},{"@type":"ListItem","position":2,"name":"Ur podkast nevez a-benn nebeut\u00a0 !"}]},{"@type":"WebSite","@id":"https:\/\/www.bcd.bzh\/br\/#website","url":"https:\/\/www.bcd.bzh\/br\/","name":"Bretagne Culture Diversit\u00e9","description":"BCD \/ Sevenadurio\u00f9 Breizh","potentialAction":[{"@type":"SearchAction","target":{"@type":"EntryPoint","urlTemplate":"https:\/\/www.bcd.bzh\/br\/?s={search_term_string}"},"query-input":{"@type":"PropertyValueSpecification","valueRequired":true,"valueName":"search_term_string"}}],"inLanguage":"br-BR"},{"@type":"Person","@id":"https:\/\/www.bcd.bzh\/br\/#\/schema\/person\/1d926d0c1875bcd45e76e007ab2af99f","name":"bcdadmin","image":{"@type":"ImageObject","inLanguage":"br-BR","@id":"https:\/\/www.bcd.bzh\/br\/#\/schema\/person\/image\/","url":"https:\/\/secure.gravatar.com\/avatar\/d21920759bff8844c5dfbdf914df557bcef7dc1afcd74962dacb1a3419cb7e63?s=96&d=mm&r=g","contentUrl":"https:\/\/secure.gravatar.com\/avatar\/d21920759bff8844c5dfbdf914df557bcef7dc1afcd74962dacb1a3419cb7e63?s=96&d=mm&r=g","caption":"bcdadmin"},"sameAs":["https:\/\/www.bcd.bzh"],"url":"https:\/\/www.bcd.bzh\/br\/author\/bcdadmin\/"}]}},"_links":{"self":[{"href":"https:\/\/www.bcd.bzh\/br\/wp-json\/wp\/v2\/posts\/5279","targetHints":{"allow":["GET"]}}],"collection":[{"href":"https:\/\/www.bcd.bzh\/br\/wp-json\/wp\/v2\/posts"}],"about":[{"href":"https:\/\/www.bcd.bzh\/br\/wp-json\/wp\/v2\/types\/post"}],"author":[{"embeddable":true,"href":"https:\/\/www.bcd.bzh\/br\/wp-json\/wp\/v2\/users\/1"}],"replies":[{"embeddable":true,"href":"https:\/\/www.bcd.bzh\/br\/wp-json\/wp\/v2\/comments?post=5279"}],"version-history":[{"count":3,"href":"https:\/\/www.bcd.bzh\/br\/wp-json\/wp\/v2\/posts\/5279\/revisions"}],"predecessor-version":[{"id":5292,"href":"https:\/\/www.bcd.bzh\/br\/wp-json\/wp\/v2\/posts\/5279\/revisions\/5292"}],"wp:featuredmedia":[{"embeddable":true,"href":"https:\/\/www.bcd.bzh\/br\/wp-json\/wp\/v2\/media\/5280"}],"wp:attachment":[{"href":"https:\/\/www.bcd.bzh\/br\/wp-json\/wp\/v2\/media?parent=5279"}],"wp:term":[{"taxonomy":"category","embeddable":true,"href":"https:\/\/www.bcd.bzh\/br\/wp-json\/wp\/v2\/categories?post=5279"},{"taxonomy":"post_tag","embeddable":true,"href":"https:\/\/www.bcd.bzh\/br\/wp-json\/wp\/v2\/tags?post=5279"}],"curies":[{"name":"wp","href":"https:\/\/api.w.org\/{rel}","templated":true}]}}